{"id":7251,"date":"2021-03-30T18:02:30","date_gmt":"2021-03-30T16:02:30","guid":{"rendered":"http:\/\/iumotril.org\/sitio\/?p=7251"},"modified":"2021-03-30T18:02:30","modified_gmt":"2021-03-30T16:02:30","slug":"el-gobierno-local-esta-utilizando-la-convocatoria-de-bolsas-de-trabajo-para-camuflar-la-falta-de-actuaciones-frente-al-desempleo-en-motril","status":"publish","type":"post","link":"https:\/\/iumotril.org\/sitio\/el-gobierno-local-esta-utilizando-la-convocatoria-de-bolsas-de-trabajo-para-camuflar-la-falta-de-actuaciones-frente-al-desempleo-en-motril\/","title":{"rendered":"El gobierno local est\u00e1 utilizando la convocatoria de bolsas de trabajo para camuflar la falta de actuaciones frente al desempleo en Motril"},"content":{"rendered":"<p style=\"text-align: justify; padding-left: 40px;\"><span style=\"color: #993300;\">En el a\u00f1o 2020, 387 personas solicitaron formar parte de alguna de las tres bolsas de empleo municipales convocadas. S\u00f3lo 9 de ellas fueron llamadas para su contrataci\u00f3n temporal.<\/span><\/p>\r\n<p style=\"text-align: justify; padding-left: 40px;\"><span style=\"color: #993300;\">En los tres primeros meses de 2021 se han convocado siete bolsas de trabajo municipales que han recibido cerca de mil solicitudes de participaci\u00f3n y que se encuentran en fase de resoluci\u00f3n.<\/span><\/p>\r\n<p style=\"text-align: justify; padding-left: 40px;\"><span style=\"color: #993300;\">IU-Equo denuncia la utilizaci\u00f3n propagand\u00edstica de las bolsas de trabajo por parte del gobierno municipal y reclama, una vez m\u00e1s, la puesta en marcha de pol\u00edticas activas de empleo y la convocatoria de la Oferta P\u00fablica de Empleo municipal.<\/span><\/p>\r\n<p style=\"text-align: justify;\">Tras el an\u00e1lisis de los datos y de los resultados de las 10 bolsas de empleo municipales que el Ayuntamiento ha convocado a lo largo de los a\u00f1os 2020 y 2021, el Grupo Municipal de IU-Equo ha concluido que \u00e9stas <strong>carecen de operatividad<\/strong>, ya que se recurre raramente a ellas para realizar contrataciones temporales.\u00a0<\/p>\r\n<p style=\"text-align: justify;\">Seg\u00fan la portavoz del Grupo municipal de IU-Equo, en la situaci\u00f3n actual de alt\u00edsimo desempleo en nuestra ciudad, la convocatoria de bolsas de trabajo municipales genera importantes expectativas que, si no se cumplen m\u00ednimamente, producen <strong>frustraci\u00f3n<\/strong> en los aspirantes y <strong>desconfianza<\/strong> hacia la instituci\u00f3n municipal.<\/p>\r\n<figure id=\"attachment_7266\" aria-describedby=\"caption-attachment-7266\" style=\"width: 640px\" class=\"wp-caption aligncenter\"><img loading=\"lazy\" decoding=\"async\" data-attachment-id=\"7266\" data-permalink=\"https:\/\/iumotril.org\/sitio\/el-gobierno-local-esta-utilizando-la-convocatoria-de-bolsas-de-trabajo-para-camuflar-la-falta-de-actuaciones-frente-al-desempleo-en-motril\/inma-omiste_30-marzo\/\" data-orig-file=\"https:\/\/iumotril.org\/sitio\/wp-content\/uploads\/2021\/03\/Inma-Omiste_30-marzo-scaled.jpg\" data-orig-size=\"2560,1920\" data-comments-opened=\"1\" data-image-meta=\"{&quot;aperture&quot;:&quot;2.2&quot;,&quot;credit&quot;:&quot;&quot;,&quot;camera&quot;:&quot;iPhone 6&quot;,&quot;caption&quot;:&quot;&quot;,&quot;created_timestamp&quot;:&quot;1617093267&quot;,&quot;copyright&quot;:&quot;&quot;,&quot;focal_length&quot;:&quot;4.15&quot;,&quot;iso&quot;:&quot;40&quot;,&quot;shutter_speed&quot;:&quot;0.03030303030303&quot;,&quot;title&quot;:&quot;&quot;,&quot;orientation&quot;:&quot;1&quot;}\" data-image-title=\"Inma Omiste_30 marzo\" data-image-description=\"\" data-image-caption=\"\" data-large-file=\"https:\/\/iumotril.org\/sitio\/wp-content\/uploads\/2021\/03\/Inma-Omiste_30-marzo-1024x768.jpg\" class=\"wp-image-7266 size-large\" src=\"https:\/\/iumotril.org\/sitio\/wp-content\/uploads\/2021\/03\/Inma-Omiste_30-marzo-1024x768.jpg\" alt=\"\" width=\"640\" height=\"480\" srcset=\"https:\/\/iumotril.org\/sitio\/wp-content\/uploads\/2021\/03\/Inma-Omiste_30-marzo-1024x768.jpg 1024w, https:\/\/iumotril.org\/sitio\/wp-content\/uploads\/2021\/03\/Inma-Omiste_30-marzo-300x225.jpg 300w, https:\/\/iumotril.org\/sitio\/wp-content\/uploads\/2021\/03\/Inma-Omiste_30-marzo-768x576.jpg 768w, https:\/\/iumotril.org\/sitio\/wp-content\/uploads\/2021\/03\/Inma-Omiste_30-marzo-1536x1152.jpg 1536w, https:\/\/iumotril.org\/sitio\/wp-content\/uploads\/2021\/03\/Inma-Omiste_30-marzo-2048x1536.jpg 2048w\" sizes=\"auto, (max-width: 640px) 100vw, 640px\" \/><figcaption id=\"caption-attachment-7266\" class=\"wp-caption-text\">Inma Omiste, portavoz del Grupo municipal de IU-Equo.<\/figcaption><\/figure>\r\n<p style=\"text-align: justify;\">En el a\u00f1o 2020, fueron <strong>387<\/strong> los<strong> motrile\u00f1os y motrile\u00f1as<\/strong> que solicitaron formar parte de alguna de las<strong> tres bolsas de trabajo convocadas<\/strong> (conductores del servicio limpieza, peones de limpieza y personal de limpieza de edificios). Sin embargo, <strong>s\u00f3lo se llevaron a cabo 9 contrataciones <\/strong>finalmente.<\/p>\r\n<p style=\"text-align: justify;\">Omiste ha informado de que el Ayuntamiento de Motril recaud\u00f3 por concepto de <strong>tasas para el acceso al empleo p\u00fablico<\/strong> abonadas por los aspirantes a formar parte de estas bolsas <strong>3.498 euros.<\/strong><\/p>\r\n<p style=\"text-align: justify;\">El proceso de convocatoria y resoluci\u00f3n de bolsas de trabajo es costoso en recursos para el Ayuntamiento y requiere, adem\u00e1s, un esfuerzo econ\u00f3mico y de dedicaci\u00f3n por parte de los aspirantes, que deben realizar un <strong>desembolso en pago de tasas<\/strong> y superar diversas pruebas de car\u00e1cter te\u00f3rico y pr\u00e1ctico que requieren el <strong>estudio de un temario y tiempo de preparaci\u00f3n<\/strong>.<\/p>\r\n<p style=\"text-align: justify;\">Izquierda Unida-Equo ha vuelto a reclamar al gobierno local el mayor esfuerzo posible para atajar la grav\u00edsima situaci\u00f3n de desempleo que padece Motril donde, en el mes de febrero de 2021, <strong>m\u00e1s de 6.700 personas se encontraban registradas en las oficinas del paro<\/strong>.<\/p>\r\n<p style=\"text-align: justify;\">Motril tiene muchas necesidades de mejora, la plantilla municipal est\u00e1 bajo m\u00ednimos y son muchas las personas desempleadas que necesitan un trabajo. Por ello es imprescindible articular <strong>pol\u00edticas activas de empleo<\/strong> que permitan atajar en la medida de lo posible esta situaci\u00f3n. Sin embargo, el gobierno de Garc\u00eda Chamorro se ha desentendido de ello, sostiene la portavoz de IU-Equo.<\/p>\r\n<p style=\"text-align: justify;\">Inma Omiste ha reclamado al gobierno municipal la<a href=\"http:\/\/www.motril.es\/index.php?id=88\"><strong> publicaci\u00f3n de la Oferta P\u00fablica de Empleo<\/strong><\/a>, que en los \u00faltimos a\u00f1os ha tenido un car\u00e1cter residual, a pesar de las importantes carencias de personal de los servicios municipales.<\/p>\r\n<p style=\"text-align: justify;\">Ha denunciado que, en sus casi dos a\u00f1os al frente del Ayuntamiento, el gobierno local no ha puesto en marcha <strong>ninguna estrategia a favor del empleo<\/strong>, ni en cuanto a pol\u00edticas activas ni en cuanto a fomento de la contrataci\u00f3n. Los datos y la informaci\u00f3n est\u00e1n ah\u00ed y son <a href=\"https:\/\/iumotril.org\/sitio\/el-gobierno-de-garcia-chamorro-se-ha-desentendido-del-gravisimo-problema-del-paro-en-motril\/\">incontestables<\/a>, ha se\u00f1alado.<\/p>\r\n<p style=\"text-align: justify;\">El gobierno de Garc\u00eda Chamorro ha elegido el<strong> \u201cembellecimiento de la ciudad\u201d<\/strong> apostando por la imagen y la est\u00e9tica en vez de actuar a favor de las personas, de los m\u00e1s desfavorecidos y necesitados a los que est\u00e1 dejando abandonados a su suerte, ha criticado la portavoz de IU-Equo.<\/p>\r\n<p style=\"text-align: justify;\">Embellecer la ciudad est\u00e9ticamente, por fuera, como si se blanqueara la fachada mientras que, en el interior de las casas, sus vecinos y vecinas lo est\u00e1n pasando realmente mal, viviendo en los umbrales de la precariedad y de la pobreza es, a nuestro juicio, totalmente <strong>indigno e inaceptable.<\/strong><\/p>\r\n<p style=\"text-align: justify;\">A la ausencia de iniciativas municipales a favor del empleo y de los m\u00e1s desfavorecidos se suma la <strong>falta de actuaciones del gobierno andaluz<\/strong> de Moreno Bonilla que, en tres a\u00f1os, \u00fanicamente ha destinado al fomento del empleo y la contrataci\u00f3n en Motril 904 mil euros para la contrataci\u00f3n de 101 personas.\u00a0<\/p>\r\n<p style=\"text-align: justify;\">En el mes de septiembre, se anunci\u00f3 la realizaci\u00f3n de <strong>29 contratos de seis meses<\/strong> en el marco de la <a href=\"https:\/\/iumotril.org\/sitio\/iu-equo-reclama-mas-recursos-economicos-para-la-creacion-de-empleo-en-motril\/\">iniciativa AIR<\/a>E, el plan de empleo de la Junta. De los 72 contratos restantes el gobierno municipal no ha informado acerca de si ya se han llevado a cabo.<\/p>\r\n<p style=\"text-align: justify;\">Una inversi\u00f3n y un n\u00famero de contratos claramente insuficiente a la vista del imparable <strong>crecimiento del desempleo en nuestra ciudad<\/strong> a lo largo de los dos \u00faltimos a\u00f1os, los de Luisa Garc\u00eda Chamorro y su equipo de gobierno al frente del Ayuntamiento de Motril.\u00a0<\/p>\r\n<p style=\"text-align: justify;\">En julio de 2019, cuando la se\u00f1ora Garc\u00eda Chamorro lleg\u00f3 a la alcald\u00eda, el n\u00famero de personas paradas registradas en Motril era de 5.276. El pasado mes de febrero de este a\u00f1o, veinte meses despu\u00e9s, los parados y paradas ya eran 6.742, 1.466 personas m\u00e1s. <strong>Todo un logro hist\u00f3rico del gobierno local del PP, Ciudadanos y Esc\u00e1mez<\/strong>; este s\u00ed, ha afirmado Inma Omiste.<\/p>\r\n","protected":false},"excerpt":{"rendered":"<p>En el a\u00f1o 2020, fueron 387 los motrile\u00f1os y motrile\u00f1as que solicitaron formar parte de alguna de las tres bolsas de trabajo convocadas (conductores del servicio limpieza, peones de limpieza y personal de limpieza de edificios). Sin embargo, s\u00f3lo se llevaron a cabo 9 contrataciones finalmente.<br \/>\nIzquierda Unida-Equo ha vuelto a reclamar al gobierno local el mayor esfuerzo posible para atajar la grav\u00edsima situaci\u00f3n de desempleo que padece Motril donde, en el mes de febrero de 2021, m\u00e1s de 6.700 personas se encontraban registradas en las oficinas del paro.<\/p>\n<p>Motril tiene muchas necesidades de mejora, la plantilla municipal est\u00e1 bajo m\u00ednimos y son muchas las personas desempleadas que necesitan un trabajo. Por ello es imprescindible articular pol\u00edticas activas de empleo que permitan atajar en la medida de lo posible esta situaci\u00f3n. Sin embargo, el gobierno de Garc\u00eda Chamorro se ha desentendido de ello, sostiene la portavoz de IU-Equo.<\/p>\n","protected":false},"author":1,"featured_media":0,"comment_status":"open","ping_status":"open","sticky":false,"template":"","format":"standard","meta":{"cybocfi_hide_featured_image":"","_jetpack_newsletter_access":"","_jetpack_dont_email_post_to_subs":false,"_jetpack_newsletter_tier_id":0,"_jetpack_memberships_contains_paywalled_content":false,"_jetpack_memberships_contains_paid_content":false,"footnotes":""},"categories":[265],"tags":[1609,323,1610,951],"class_list":["post-7251","post","type-post","status-publish","format-standard","hentry","category-esta-pasando","tag-bolsas-de-trabajo","tag-desempleo","tag-oferta-publica-de-empleo","tag-politicas-activas"],"jetpack_featured_media_url":"","jetpack_sharing_enabled":true,"jetpack_shortlink":"https:\/\/wp.me\/p4QsU5-1SX","jetpack-related-posts":[{"id":7049,"url":"https:\/\/iumotril.org\/sitio\/iu-equo-reclama-que-las-bolsas-de-empleo-municipales-sean-operativas\/","url_meta":{"origin":7251,"position":0},"title":"IU-Equo reclama que las bolsas de empleo municipales sean operativas","author":"Izquierda Unida Motril","date":"14 enero, 2021","format":false,"excerpt":"El Grupo Municipal de Izquierda Unida-Equo ha pedido al gobierno local, ante el anuncio de una nueva convocatoria de bolsa de empleo para administrativos, que no utilice propagand\u00edsticamente estas convocatorias como en ocasiones anteriores, que han servido \u00fanicamente para generar falsas expectativas y recaudar tasas municipales. Desde IU-Equo se vuelve\u2026","rel":"","context":"En \u00abEST\u00c1 PASANDO\u00bb","block_context":{"text":"EST\u00c1 PASANDO","link":"https:\/\/iumotril.org\/sitio\/category\/esta-pasando\/"},"img":{"alt_text":"","src":"https:\/\/i0.wp.com\/iumotril.org\/sitio\/wp-content\/uploads\/2020\/10\/Jose-e-Inma-27-octubre_2-1024x768.jpg?resize=350%2C200","width":350,"height":200,"srcset":"https:\/\/i0.wp.com\/iumotril.org\/sitio\/wp-content\/uploads\/2020\/10\/Jose-e-Inma-27-octubre_2-1024x768.jpg?resize=350%2C200 1x, https:\/\/i0.wp.com\/iumotril.org\/sitio\/wp-content\/uploads\/2020\/10\/Jose-e-Inma-27-octubre_2-1024x768.jpg?resize=525%2C300 1.5x"},"classes":[]},{"id":3457,"url":"https:\/\/iumotril.org\/sitio\/izquierda-unida-exige-actuaciones-para-combatir-el-paro-en-motril\/","url_meta":{"origin":7251,"position":1},"title":"Izquierda Unida exige actuaciones para combatir el paro en Motril","author":"Izquierda Unida Motril","date":"6 abril, 2018","format":false,"excerpt":"Desde Izquierda Unida se entiende que en la gesti\u00f3n de los asuntos municipales hay espacio suficiente para articular pol\u00edticas y medidas a favor de la mayor\u00eda social, dirigidas a las personas m\u00e1s desfavorecidas y no s\u00f3lo para llevar a cabo actuaciones especulativas que benefician a las grandes empresas y a\u2026","rel":"","context":"En \u00abempleo\u00bb","block_context":{"text":"empleo","link":"https:\/\/iumotril.org\/sitio\/category\/empleo\/"},"img":{"alt_text":"","src":"https:\/\/i0.wp.com\/iumotril.org\/sitio\/wp-content\/uploads\/2018\/04\/Daniela-Paqu%C3%A9-Inma-Omiste-denuncian-privatizacion-servicios-municipales_abril.jpg?resize=350%2C200&ssl=1","width":350,"height":200,"srcset":"https:\/\/i0.wp.com\/iumotril.org\/sitio\/wp-content\/uploads\/2018\/04\/Daniela-Paqu%C3%A9-Inma-Omiste-denuncian-privatizacion-servicios-municipales_abril.jpg?resize=350%2C200&ssl=1 1x, https:\/\/i0.wp.com\/iumotril.org\/sitio\/wp-content\/uploads\/2018\/04\/Daniela-Paqu%C3%A9-Inma-Omiste-denuncian-privatizacion-servicios-municipales_abril.jpg?resize=525%2C300&ssl=1 1.5x, https:\/\/i0.wp.com\/iumotril.org\/sitio\/wp-content\/uploads\/2018\/04\/Daniela-Paqu%C3%A9-Inma-Omiste-denuncian-privatizacion-servicios-municipales_abril.jpg?resize=700%2C400&ssl=1 2x, https:\/\/i0.wp.com\/iumotril.org\/sitio\/wp-content\/uploads\/2018\/04\/Daniela-Paqu%C3%A9-Inma-Omiste-denuncian-privatizacion-servicios-municipales_abril.jpg?resize=1050%2C600&ssl=1 3x, https:\/\/i0.wp.com\/iumotril.org\/sitio\/wp-content\/uploads\/2018\/04\/Daniela-Paqu%C3%A9-Inma-Omiste-denuncian-privatizacion-servicios-municipales_abril.jpg?resize=1400%2C800&ssl=1 4x"},"classes":[]},{"id":4678,"url":"https:\/\/iumotril.org\/sitio\/motril-necesita-politicas-activas-de-empleo-y-formacion\/","url_meta":{"origin":7251,"position":2},"title":"Motril necesita pol\u00edticas activas de empleo y formaci\u00f3n","author":"Izquierda Unida Motril","date":"6 febrero, 2019","format":false,"excerpt":"Hay que ser serios cuando se aborda cualquier aspecto relacionado con la creaci\u00f3n de empleo, ha afirmado. Detr\u00e1s de los n\u00fameros y de los porcentajes hay personas, hombres y mujeres, j\u00f3venes, familias que est\u00e1n viviendo un drama cotidiano, que tienen dificultades para subsistir y para sacar adelante en condiciones dignas\u2026","rel":"","context":"En \u00abAyuntamiento\u00bb","block_context":{"text":"Ayuntamiento","link":"https:\/\/iumotril.org\/sitio\/category\/ayuntamiento\/"},"img":{"alt_text":"","src":"https:\/\/i0.wp.com\/iumotril.org\/sitio\/wp-content\/uploads\/2019\/02\/Inma-Dani-y-Jose_6-febrero-1024x497.jpg?resize=350%2C200","width":350,"height":200},"classes":[]},{"id":7302,"url":"https:\/\/iumotril.org\/sitio\/la-situacion-de-desempleo-en-motril-es-inaceptable-y-exige-actuaciones-urgentes\/","url_meta":{"origin":7251,"position":3},"title":"La situaci\u00f3n de desempleo en Motril es inaceptable y exige actuaciones urgentes","author":"Izquierda Unida Motril","date":"8 abril, 2021","format":false,"excerpt":"El gobierno de Garc\u00eda Chamorro ha apostado por la realizaci\u00f3n de grandes proyectos en el medio y largo plazo y por el \u201cembellecimiento\u201d de la ciudad, confiando la creaci\u00f3n de empleo a estas actuaciones. Se pretende vender a los vecinos una ciudad de colores que no se corresponde con la\u2026","rel":"","context":"En \u00abEST\u00c1 PASANDO\u00bb","block_context":{"text":"EST\u00c1 PASANDO","link":"https:\/\/iumotril.org\/sitio\/category\/esta-pasando\/"},"img":{"alt_text":"","src":"https:\/\/i0.wp.com\/iumotril.org\/sitio\/wp-content\/uploads\/2021\/04\/Inma-Omiste-8-de-abril-2021-768x1024.jpg?resize=350%2C200","width":350,"height":200,"srcset":"https:\/\/i0.wp.com\/iumotril.org\/sitio\/wp-content\/uploads\/2021\/04\/Inma-Omiste-8-de-abril-2021-768x1024.jpg?resize=350%2C200 1x, https:\/\/i0.wp.com\/iumotril.org\/sitio\/wp-content\/uploads\/2021\/04\/Inma-Omiste-8-de-abril-2021-768x1024.jpg?resize=525%2C300 1.5x"},"classes":[]},{"id":7173,"url":"https:\/\/iumotril.org\/sitio\/iu-equo-pide-el-cambio-de-los-criterios-de-seleccion-en-las-convocatorias-municipales-de-empleo-temporal\/","url_meta":{"origin":7251,"position":4},"title":"IU-Equo pide el cambio de los criterios de selecci\u00f3n en las convocatorias municipales de empleo temporal","author":"Izquierda Unida Motril","date":"18 febrero, 2021","format":false,"excerpt":"El Grupo Municipal de Izquierda Unida-Equo ha presentado una moci\u00f3n al pr\u00f3ximo pleno municipal en la que propone la modificaci\u00f3n de determinados apartados de las bases de selecci\u00f3n actuales, como la valoraci\u00f3n de los cursos de formaci\u00f3n, las caracter\u00edsticas de las pruebas te\u00f3rico-pr\u00e1cticas que se llevan a cabo y de\u2026","rel":"","context":"En \u00abEST\u00c1 PASANDO\u00bb","block_context":{"text":"EST\u00c1 PASANDO","link":"https:\/\/iumotril.org\/sitio\/category\/esta-pasando\/"},"img":{"alt_text":"","src":"https:\/\/i0.wp.com\/iumotril.org\/sitio\/wp-content\/uploads\/2021\/02\/Jose-e-Inma-18-febrero-1024x768.jpg?resize=350%2C200","width":350,"height":200,"srcset":"https:\/\/i0.wp.com\/iumotril.org\/sitio\/wp-content\/uploads\/2021\/02\/Jose-e-Inma-18-febrero-1024x768.jpg?resize=350%2C200 1x, https:\/\/i0.wp.com\/iumotril.org\/sitio\/wp-content\/uploads\/2021\/02\/Jose-e-Inma-18-febrero-1024x768.jpg?resize=525%2C300 1.5x"},"classes":[]},{"id":7679,"url":"https:\/\/iumotril.org\/sitio\/iu-equo-reclama-al-gobierno-local-una-oferta-de-empleo-publico-para-recuperar-los-servicios-municipales\/","url_meta":{"origin":7251,"position":5},"title":"IU-Equo reclama al gobierno local una oferta de empleo p\u00fablico para recuperar los servicios municipales","author":"Izquierda Unida Motril","date":"9 septiembre, 2021","format":false,"excerpt":"Desde IU-Equo se critica el abandono por parte de Garc\u00eda Chamorro y de su equipo de los servicios municipales, que se encuentran funcionando bajo m\u00ednimos y en situaci\u00f3n de evidente deterioro. Ha reclamado a Garc\u00eda Chamorro que los servicios t\u00e9cnicos municipales se pongan a trabajar para que pueda elaborarse una\u2026","rel":"","context":"En \u00abAyuntamiento\u00bb","block_context":{"text":"Ayuntamiento","link":"https:\/\/iumotril.org\/sitio\/category\/ayuntamiento\/"},"img":{"alt_text":"","src":"https:\/\/i0.wp.com\/iumotril.org\/sitio\/wp-content\/uploads\/2021\/07\/Inma-28-julio-300x225.jpg?resize=350%2C200","width":350,"height":200},"classes":[]}],"jetpack_likes_enabled":true,"_links":{"self":[{"href":"https:\/\/iumotril.org\/sitio\/wp-json\/wp\/v2\/posts\/7251","targetHints":{"allow":["GET"]}}],"collection":[{"href":"https:\/\/iumotril.org\/sitio\/wp-json\/wp\/v2\/posts"}],"about":[{"href":"https:\/\/iumotril.org\/sitio\/wp-json\/wp\/v2\/types\/post"}],"author":[{"embeddable":true,"href":"https:\/\/iumotril.org\/sitio\/wp-json\/wp\/v2\/users\/1"}],"replies":[{"embeddable":true,"href":"https:\/\/iumotril.org\/sitio\/wp-json\/wp\/v2\/comments?post=7251"}],"version-history":[{"count":5,"href":"https:\/\/iumotril.org\/sitio\/wp-json\/wp\/v2\/posts\/7251\/revisions"}],"predecessor-version":[{"id":7269,"href":"https:\/\/iumotril.org\/sitio\/wp-json\/wp\/v2\/posts\/7251\/revisions\/7269"}],"wp:attachment":[{"href":"https:\/\/iumotril.org\/sitio\/wp-json\/wp\/v2\/media?parent=7251"}],"wp:term":[{"taxonomy":"category","embeddable":true,"href":"https:\/\/iumotril.org\/sitio\/wp-json\/wp\/v2\/categories?post=7251"},{"taxonomy":"post_tag","embeddable":true,"href":"https:\/\/iumotril.org\/sitio\/wp-json\/wp\/v2\/tags?post=7251"}],"curies":[{"name":"wp","href":"https:\/\/api.w.org\/{rel}","templated":true}]}}