{"id":7234,"date":"2021-03-26T19:27:32","date_gmt":"2021-03-26T18:27:32","guid":{"rendered":"http:\/\/iumotril.org\/sitio\/?p=7234"},"modified":"2021-03-26T19:27:32","modified_gmt":"2021-03-26T18:27:32","slug":"motril-actualizara-la-ordenanza-de-proteccion-animal-para-que-responda-a-criterios-de-regulacion-eticos","status":"publish","type":"post","link":"https:\/\/iumotril.org\/sitio\/motril-actualizara-la-ordenanza-de-proteccion-animal-para-que-responda-a-criterios-de-regulacion-eticos\/","title":{"rendered":"Motril actualizar\u00e1 la ordenanza de protecci\u00f3n animal para que responda a criterios de regulaci\u00f3n \u00e9ticos"},"content":{"rendered":"<p style=\"text-align: justify;\"><span style=\"color: #993300;\"><strong>A propuesta de IU-Equo, el pleno ha aprobado una moci\u00f3n para el bienestar animal y la protecci\u00f3n de las colonias felinas.<\/strong><\/span><\/p>\r\n<p style=\"text-align: justify;\"><span style=\"color: #993300;\"><strong>En la moci\u00f3n, presentada a iniciativa de Podemos Motril, ambas formaciones se suman a las propuestas de colectivo animalista para contribuir al bienestar animal y garantizar su protecci\u00f3n<\/strong><\/span><\/p>\r\n<p style=\"text-align: justify;\">La Corporaci\u00f3n en pleno ha dado su apoyo a la moci\u00f3n presentada, que propone una normativa m\u00e1s proteccionista en el \u00e1mbito local, de acuerdo con la mayor sensibilidad de la ciudadan\u00eda respecto de los animales.<\/p>\r\n<p><img loading=\"lazy\" decoding=\"async\" data-attachment-id=\"7253\" data-permalink=\"https:\/\/iumotril.org\/sitio\/motril-actualizara-la-ordenanza-de-proteccion-animal-para-que-responda-a-criterios-de-regulacion-eticos\/colonias-felinas\/\" data-orig-file=\"https:\/\/iumotril.org\/sitio\/wp-content\/uploads\/2021\/03\/Colonias-felinas.jpg\" data-orig-size=\"512,171\" data-comments-opened=\"1\" data-image-meta=\"{&quot;aperture&quot;:&quot;0&quot;,&quot;credit&quot;:&quot;&quot;,&quot;camera&quot;:&quot;&quot;,&quot;caption&quot;:&quot;&quot;,&quot;created_timestamp&quot;:&quot;0&quot;,&quot;copyright&quot;:&quot;&quot;,&quot;focal_length&quot;:&quot;0&quot;,&quot;iso&quot;:&quot;0&quot;,&quot;shutter_speed&quot;:&quot;0&quot;,&quot;title&quot;:&quot;&quot;,&quot;orientation&quot;:&quot;0&quot;}\" data-image-title=\"Colonias felinas\" data-image-description=\"\" data-image-caption=\"\" data-large-file=\"https:\/\/iumotril.org\/sitio\/wp-content\/uploads\/2021\/03\/Colonias-felinas.jpg\" class=\"aligncenter wp-image-7253 size-full\" src=\"https:\/\/iumotril.org\/sitio\/wp-content\/uploads\/2021\/03\/Colonias-felinas.jpg\" alt=\"\" width=\"512\" height=\"171\" srcset=\"https:\/\/iumotril.org\/sitio\/wp-content\/uploads\/2021\/03\/Colonias-felinas.jpg 512w, https:\/\/iumotril.org\/sitio\/wp-content\/uploads\/2021\/03\/Colonias-felinas-300x100.jpg 300w\" sizes=\"auto, (max-width: 512px) 100vw, 512px\" \/><\/p>\r\n<p style=\"text-align: justify;\">La propuesta aprobada supone, entre otras medidas, la adopci\u00f3n de un plan integral de regulaci\u00f3n, protecci\u00f3n y gesti\u00f3n de las colonias felinas que, seg\u00fan Jos\u00e9 Llorente, edil de IU-Equo, aportar\u00e1 diversos beneficios al municipio y un mejor equilibro entre los animales dom\u00e9sticos y las personas.<\/p>\r\n","protected":false},"excerpt":{"rendered":"<p>La propuesta aprobada supone, entre otras medidas, la adopci\u00f3n de un plan integral de regulaci\u00f3n, protecci\u00f3n y gesti\u00f3n de las colonias felinas que aportar\u00e1 diversos beneficios al municipio y un mejor equilibro entre los animales dom\u00e9sticos y las personas.<\/p>\n","protected":false},"author":1,"featured_media":0,"comment_status":"open","ping_status":"open","sticky":false,"template":"","format":"standard","meta":{"cybocfi_hide_featured_image":"","_jetpack_newsletter_access":"","_jetpack_dont_email_post_to_subs":false,"_jetpack_newsletter_tier_id":0,"_jetpack_memberships_contains_paywalled_content":false,"_jetpack_memberships_contains_paid_content":false,"footnotes":""},"categories":[265,36],"tags":[1333,1605,1607],"class_list":["post-7234","post","type-post","status-publish","format-standard","hentry","category-esta-pasando","category-mociones-pleno","tag-bienestar-animal","tag-colonias-felinas","tag-proteccion-animal"],"jetpack_featured_media_url":"","jetpack_sharing_enabled":true,"jetpack_shortlink":"https:\/\/wp.me\/p4QsU5-1SG","jetpack-related-posts":[{"id":7236,"url":"https:\/\/iumotril.org\/sitio\/iu-equo-y-podemos-motril-se-suman-a-las-propuestas-del-colectivo-animalista-para-promover-un-plan-integral-de-control-de-las-colonias-felinas\/","url_meta":{"origin":7234,"position":0},"title":"IU-Equo y Podemos Motril se suman a las propuestas del colectivo animalista para promover un plan integral de control de las colonias felinas","author":"Izquierda Unida Motril","date":"24 marzo, 2021","format":false,"excerpt":"Actualmente, en el municipio de Motril existen colonias felinas que est\u00e1n siendo gestionadas por asociaciones y por voluntarias que, debido a su falta de regulaci\u00f3n y a la inexistencia de protocolos, ocasionan diversos inconvenientes, entre otros, la proliferaci\u00f3n de animales sin control, as\u00ed como problemas de conveniencia vecinal y de\u2026","rel":"","context":"En \u00abEST\u00c1 PASANDO\u00bb","block_context":{"text":"EST\u00c1 PASANDO","link":"https:\/\/iumotril.org\/sitio\/category\/esta-pasando\/"},"img":{"alt_text":"","src":"https:\/\/i0.wp.com\/iumotril.org\/sitio\/wp-content\/uploads\/2021\/03\/Carmen-e-Inma_24-marzo-1024x768.jpg?resize=350%2C200","width":350,"height":200,"srcset":"https:\/\/i0.wp.com\/iumotril.org\/sitio\/wp-content\/uploads\/2021\/03\/Carmen-e-Inma_24-marzo-1024x768.jpg?resize=350%2C200 1x, https:\/\/i0.wp.com\/iumotril.org\/sitio\/wp-content\/uploads\/2021\/03\/Carmen-e-Inma_24-marzo-1024x768.jpg?resize=525%2C300 1.5x"},"classes":[]},{"id":2161,"url":"https:\/\/iumotril.org\/sitio\/aprobada-la-mocion-de-izquierda-unida-para-que-se-contraten-desempleados-para-tareas-de-apoyo-en-jornadas-electorales-en-motril\/","url_meta":{"origin":7234,"position":1},"title":"Aprobada la moci\u00f3n de Izquierda Unida para que se contraten desempleados para tareas de apoyo en jornadas electorales en Motril","author":"Izquierda Unida Motril","date":"1 junio, 2016","format":false,"excerpt":"El pleno del Ayuntamiento de Motril ha dado su apoyo un\u00e1nime a la propuesta de Izquierda Unida para que sean personas desempleadas las que se encarguen de realizar las tareas administrativas que requiere el desarrollo de las jornadas electorales en Motril. El pleno tambi\u00e9n ha aprobado por unanimidad la moci\u00f3n\u2026","rel":"","context":"En \u00abEST\u00c1 PASANDO\u00bb","block_context":{"text":"EST\u00c1 PASANDO","link":"https:\/\/iumotril.org\/sitio\/category\/esta-pasando\/"},"img":{"alt_text":"Pleno 1 de junio","src":"https:\/\/i0.wp.com\/iumotril.org\/sitio\/wp-content\/uploads\/2016\/06\/Pleno-1-de-junio-1024x768.jpg?resize=350%2C200","width":350,"height":200},"classes":[]},{"id":1148,"url":"https:\/\/iumotril.org\/sitio\/aprobada-la-declaracion-de-motril-municipio-libre-de-desahucios\/","url_meta":{"origin":7234,"position":2},"title":"APROBADA LA DECLARACI\u00d3N DE MOTRIL MUNICIPIO LIBRE DE DESAHUCIOS","author":"Izquierda Unida Motril","date":"30 julio, 2015","format":false,"excerpt":"La moci\u00f3n aprobada determina, entre otras cuestiones, la creaci\u00f3n de una Oficina antidesahucios que articule y coordine las medidas necesarias para cubrir las demandas de emergencia habitacional que hay en nuestra ciudad. Entre las actuaciones que tendr\u00e1 encomendada est\u00e1 la creaci\u00f3n de un parque de viviendas en r\u00e9gimen de alquiler\u2026","rel":"","context":"En \u00abAyuntamiento\u00bb","block_context":{"text":"Ayuntamiento","link":"https:\/\/iumotril.org\/sitio\/category\/ayuntamiento\/"},"img":{"alt_text":"Motril libre desahucios Pleno 3007","src":"https:\/\/i0.wp.com\/iumotril.org\/sitio\/wp-content\/uploads\/2015\/07\/Motril-libre-desahucios-Pleno-3007-225x300.jpg?resize=350%2C200","width":350,"height":200},"classes":[]},{"id":5303,"url":"https:\/\/iumotril.org\/sitio\/motril-apoya-la-declaracion-de-emergencia-climatica\/","url_meta":{"origin":7234,"position":3},"title":"Motril apoya la Declaraci\u00f3n de Emergencia Clim\u00e1tica","author":"Izquierda Unida Motril","date":"30 septiembre, 2019","format":false,"excerpt":"El Pleno del Ayuntamiento de Motril ha apoyado, con el voto en contra de la extrema derecha, la declaraci\u00f3n de emergencia clim\u00e1tica. La propuesta, presentada por el Grupo Municipal de IU-Equo, fue aprobada por mayor\u00eda\u00a0 a pesar de las reticencias iniciales de los concejales del gobierno local que consideran que\u2026","rel":"","context":"En \u00abEST\u00c1 PASANDO\u00bb","block_context":{"text":"EST\u00c1 PASANDO","link":"https:\/\/iumotril.org\/sitio\/category\/esta-pasando\/"},"img":{"alt_text":"","src":"https:\/\/i0.wp.com\/iumotril.org\/sitio\/wp-content\/uploads\/2019\/09\/Inma-Omiste-y-Jose-Llorente-_18-septiembre-1024x768.jpg?resize=350%2C200","width":350,"height":200,"srcset":"https:\/\/i0.wp.com\/iumotril.org\/sitio\/wp-content\/uploads\/2019\/09\/Inma-Omiste-y-Jose-Llorente-_18-septiembre-1024x768.jpg?resize=350%2C200 1x, https:\/\/i0.wp.com\/iumotril.org\/sitio\/wp-content\/uploads\/2019\/09\/Inma-Omiste-y-Jose-Llorente-_18-septiembre-1024x768.jpg?resize=525%2C300 1.5x"},"classes":[]},{"id":2855,"url":"https:\/\/iumotril.org\/sitio\/ya-tenemos-triple-alianza-en-version-motrilena\/","url_meta":{"origin":7234,"position":4},"title":"YA TENEMOS TRIPLE ALIANZA EN VERSI\u00d3N MOTRILE\u00d1A","author":"Izquierda Unida Motril","date":"5 mayo, 2017","format":false,"excerpt":"Izquierda Unida ha sido el \u00fanico grupo pol\u00edtico con representaci\u00f3n municipal que se ha opuesto a la privatizaci\u00f3n del servicio de recogida, traslado y dep\u00f3sito de veh\u00edculos, denunciando que se trata del primer paso en el proceso de privatizaci\u00f3n de LIMDECO. La triple alianza motrile\u00f1a aprueba una modificaci\u00f3n de la\u2026","rel":"","context":"En \u00abEST\u00c1 PASANDO\u00bb","block_context":{"text":"EST\u00c1 PASANDO","link":"https:\/\/iumotril.org\/sitio\/category\/esta-pasando\/"},"img":{"alt_text":"","src":"https:\/\/i0.wp.com\/iumotril.org\/sitio\/wp-content\/uploads\/2017\/05\/File_000-1024x768.jpeg?resize=350%2C200","width":350,"height":200,"srcset":"https:\/\/i0.wp.com\/iumotril.org\/sitio\/wp-content\/uploads\/2017\/05\/File_000-1024x768.jpeg?resize=350%2C200 1x, https:\/\/i0.wp.com\/iumotril.org\/sitio\/wp-content\/uploads\/2017\/05\/File_000-1024x768.jpeg?resize=525%2C300 1.5x"},"classes":[]},{"id":2685,"url":"https:\/\/iumotril.org\/sitio\/a-propuesta-de-iu-el-ayuntamiento-aplicara-criterios-sociales-en-sus-contrataciones\/","url_meta":{"origin":7234,"position":5},"title":"A PROPUESTA DE IU, EL AYUNTAMIENTO APLICAR\u00c1 CRITERIOS SOCIALES EN SUS CONTRATACIONES","author":"Izquierda Unida Motril","date":"31 enero, 2017","format":false,"excerpt":"A propuesta de Izquierda Unida, el Pleno del Ayuntamiento de Motril ha acordado la inclusi\u00f3n de criterios sociales y medioambientales en sus contrataciones. La moci\u00f3n acordada pretende que en los contratos que lleva a cabo el Ayuntamiento no se tengan en cuenta, principalmente, criterios econ\u00f3micos, sino que se valoren otros\u2026","rel":"","context":"En \u00abEST\u00c1 PASANDO\u00bb","block_context":{"text":"EST\u00c1 PASANDO","link":"https:\/\/iumotril.org\/sitio\/category\/esta-pasando\/"},"img":{"alt_text":"","src":"https:\/\/i0.wp.com\/iumotril.org\/sitio\/wp-content\/uploads\/2017\/01\/Pleno-31-enero-300x225.jpeg?resize=350%2C200","width":350,"height":200},"classes":[]}],"jetpack_likes_enabled":true,"_links":{"self":[{"href":"https:\/\/iumotril.org\/sitio\/wp-json\/wp\/v2\/posts\/7234","targetHints":{"allow":["GET"]}}],"collection":[{"href":"https:\/\/iumotril.org\/sitio\/wp-json\/wp\/v2\/posts"}],"about":[{"href":"https:\/\/iumotril.org\/sitio\/wp-json\/wp\/v2\/types\/post"}],"author":[{"embeddable":true,"href":"https:\/\/iumotril.org\/sitio\/wp-json\/wp\/v2\/users\/1"}],"replies":[{"embeddable":true,"href":"https:\/\/iumotril.org\/sitio\/wp-json\/wp\/v2\/comments?post=7234"}],"version-history":[{"count":4,"href":"https:\/\/iumotril.org\/sitio\/wp-json\/wp\/v2\/posts\/7234\/revisions"}],"predecessor-version":[{"id":7255,"href":"https:\/\/iumotril.org\/sitio\/wp-json\/wp\/v2\/posts\/7234\/revisions\/7255"}],"wp:attachment":[{"href":"https:\/\/iumotril.org\/sitio\/wp-json\/wp\/v2\/media?parent=7234"}],"wp:term":[{"taxonomy":"category","embeddable":true,"href":"https:\/\/iumotril.org\/sitio\/wp-json\/wp\/v2\/categories?post=7234"},{"taxonomy":"post_tag","embeddable":true,"href":"https:\/\/iumotril.org\/sitio\/wp-json\/wp\/v2\/tags?post=7234"}],"curies":[{"name":"wp","href":"https:\/\/api.w.org\/{rel}","templated":true}]}}