{"id":7085,"date":"2021-01-29T13:17:08","date_gmt":"2021-01-29T12:17:08","guid":{"rendered":"http:\/\/iumotril.org\/sitio\/?p=7085"},"modified":"2021-02-02T17:15:43","modified_gmt":"2021-02-02T16:15:43","slug":"la-alcaldesa-pide-responsabilidad-a-los-vecinos-pero-ella-no-cumple-con-la-suya","status":"publish","type":"post","link":"https:\/\/iumotril.org\/sitio\/la-alcaldesa-pide-responsabilidad-a-los-vecinos-pero-ella-no-cumple-con-la-suya\/","title":{"rendered":"La Alcaldesa pide responsabilidad a los vecinos, pero ella no cumple con la suya"},"content":{"rendered":"<p style=\"text-align: justify;\"><span style=\"font-weight: 400; color: #993300;\">IU-Equo denuncia las malas condiciones de prevenci\u00f3n y seguridad de la Oficina de Informaci\u00f3n y Registro municipal y falta de personal, lo que est\u00e1 causando riesgos para la salud de los empleados p\u00fablicos y los usuarios, adem\u00e1s de una mala atenci\u00f3n a la ciudadan\u00eda.<\/span><\/p>\r\n<p style=\"text-align: justify;\"><span style=\"font-weight: 400; color: #993300;\">Ante la ausencia de informaci\u00f3n y la falta de transparencia, solicita a la Alcaldesa que informe p\u00fablicamente de la incidencia actual de la Covid-19 entre la plantilla municipal.<\/span><\/p>\r\n<p style=\"text-align: justify;\"><span style=\"font-weight: 400;\">IU-Equo ha reprochado a la Alcaldesa de Motril\u00a0 que reclame la actuaci\u00f3n responsable de los vecinos y vecinas para contener la pandemia, mientras que hay dependencias municipales que no cuentan con las <strong>necesarias medidas de seguridad y protecci\u00f3n<\/strong> con el consiguiente riesgo para los empleados p\u00fablicos y los usuarios.<\/span><\/p>\r\n<figure id=\"attachment_7096\" aria-describedby=\"caption-attachment-7096\" style=\"width: 640px\" class=\"wp-caption aligncenter\"><img loading=\"lazy\" decoding=\"async\" data-attachment-id=\"7096\" data-permalink=\"https:\/\/iumotril.org\/sitio\/la-alcaldesa-pide-responsabilidad-a-los-vecinos-pero-ella-no-cumple-con-la-suya\/oficina-atencion-municipal_29-enero\/\" data-orig-file=\"https:\/\/iumotril.org\/sitio\/wp-content\/uploads\/2021\/01\/Oficina-atencion-municipal_29-enero-scaled.jpg\" data-orig-size=\"2560,1920\" data-comments-opened=\"1\" data-image-meta=\"{&quot;aperture&quot;:&quot;2.2&quot;,&quot;credit&quot;:&quot;&quot;,&quot;camera&quot;:&quot;iPhone 6&quot;,&quot;caption&quot;:&quot;&quot;,&quot;created_timestamp&quot;:&quot;1611917713&quot;,&quot;copyright&quot;:&quot;&quot;,&quot;focal_length&quot;:&quot;4.15&quot;,&quot;iso&quot;:&quot;32&quot;,&quot;shutter_speed&quot;:&quot;0.0016949152542373&quot;,&quot;title&quot;:&quot;&quot;,&quot;orientation&quot;:&quot;0&quot;}\" data-image-title=\"Oficina atenci\u00f3n municipal_29 enero\" data-image-description=\"\" data-image-caption=\"\" data-large-file=\"https:\/\/iumotril.org\/sitio\/wp-content\/uploads\/2021\/01\/Oficina-atencion-municipal_29-enero-1024x768.jpg\" class=\"wp-image-7096 size-large\" src=\"https:\/\/iumotril.org\/sitio\/wp-content\/uploads\/2021\/01\/Oficina-atencion-municipal_29-enero-1024x768.jpg\" alt=\"\" width=\"640\" height=\"480\" srcset=\"https:\/\/iumotril.org\/sitio\/wp-content\/uploads\/2021\/01\/Oficina-atencion-municipal_29-enero-1024x768.jpg 1024w, https:\/\/iumotril.org\/sitio\/wp-content\/uploads\/2021\/01\/Oficina-atencion-municipal_29-enero-300x225.jpg 300w, https:\/\/iumotril.org\/sitio\/wp-content\/uploads\/2021\/01\/Oficina-atencion-municipal_29-enero-768x576.jpg 768w, https:\/\/iumotril.org\/sitio\/wp-content\/uploads\/2021\/01\/Oficina-atencion-municipal_29-enero-1536x1152.jpg 1536w, https:\/\/iumotril.org\/sitio\/wp-content\/uploads\/2021\/01\/Oficina-atencion-municipal_29-enero-2048x1536.jpg 2048w\" sizes=\"auto, (max-width: 640px) 100vw, 640px\" \/><figcaption id=\"caption-attachment-7096\" class=\"wp-caption-text\">Oficina de Atenci\u00f3n municipal<\/figcaption><\/figure>\r\n<p style=\"text-align: justify;\"><span style=\"font-weight: 400;\">Ha apuntado que la <strong>Oficina de Atenci\u00f3n municipal <\/strong>\u00a0que centraliza tareas de informaci\u00f3n y otras, como las relacionadas con el padr\u00f3n municipal, est\u00e1 funcionando bajo m\u00ednimos debido a que varios de sus trabajadores y trabajadoras se encuentran de baja relacionada con los <strong>protocolos Covid-19<\/strong>.<\/span><\/p>\r\n<p style=\"text-align: justify;\"><span style=\"font-weight: 400;\">En momentos tan graves como el actual, la <strong>ejemplaridad de las instituciones<\/strong> y de los responsables p\u00fablicos es esencial si se pretende concienciar a la ciudadan\u00eda. El Ayuntamiento de Motril no est\u00e1 dando un buen ejemplo y la <strong>gesti\u00f3n personalista<\/strong> y propagand\u00edstica de la Alcaldesa no ayuda mucho en este sentido, ha se\u00f1alado su portavoz municipal.<\/span><\/p>\r\n<p style=\"text-align: justify;\"><span style=\"font-weight: 400;\">Inma Omiste ha declarado que no es de recibo se\u00f1alar el mal comportamiento de los dem\u00e1s, cuando hay <a href=\"https:\/\/iumotril.org\/sitio\/iu-equo-destaca-la-labor-de-los-empleados-y-empleadas-municipales-para-mantener-los-servicios-publicos\/\">dependencias municipales<\/a> donde las cosas no se est\u00e1n haciendo bien. Cualquier llamamiento a la responsabilidad ciudadana queda invalidado y <strong>carece de credibilidad<\/strong> cuando no se asume la propia.<\/span><\/p>\r\n<p style=\"text-align: justify;\"><span style=\"font-weight: 400;\">Los empleados de esta Oficina, que atienden presencialmente al p\u00fablico, han reclamado sin \u00e9xito que se cubran los puestos de trabajo de los empleados que se encuentran actualmente de baja y que se doten todos los puestos de atenci\u00f3n de <strong>medidas de seguridad adecuadas<\/strong>, como pantallas protectoras, de las que actualmente carecen. Asimismo, han denunciado deficiencias en la limpieza y desinfecci\u00f3n de la Oficina.<\/span><\/p>\r\n<p style=\"text-align: justify;\"><span style=\"font-weight: 400;\">Como consecuencia de estas circunstancias, la atenci\u00f3n al p\u00fablico se est\u00e1 resintiendo y se incrementan los<strong> riesgos para la salud<\/strong>, ya que los ciudadanos que acuden con cita previa a realizar tr\u00e1mites y gestiones tienen que esperar fuera de las instalaciones, en la calle, a la espera de su turno, reuni\u00e9ndose, en ocasiones, un grupo numeroso de personas.<\/span><\/p>\r\n<p style=\"text-align: justify;\"><span style=\"font-weight: 400;\">A pesar de ello, desde el gobierno local de Motril no se est\u00e1n adoptando las medidas necesarias para solucionar adecuadamente esta situaci\u00f3n, que se repite diariamente. <\/span><\/p>\r\n<p style=\"text-align: justify;\"><span style=\"font-weight: 400;\">Desde IU-Equo se ha recordado que, recientemente el equipo de gobierno rechazaba su propuesta\u00a0 para <strong>reforzar el servicio de atenci\u00f3n telef\u00f3nica<\/strong> municipal.<\/span><\/p>\r\n<div style=\"width: 640px;\" class=\"wp-video\"><video class=\"wp-video-shortcode\" id=\"video-7085-1\" width=\"640\" height=\"427\" preload=\"metadata\" controls=\"controls\"><source type=\"video\/mp4\" src=\"https:\/\/iumotril.org\/sitio\/wp-content\/uploads\/2021\/01\/IU-ATENCIO\u0301N-CIUDADANO.mp4?_=1\" \/><a href=\"https:\/\/iumotril.org\/sitio\/wp-content\/uploads\/2021\/01\/IU-ATENCIO\u0301N-CIUDADANO.mp4\">https:\/\/iumotril.org\/sitio\/wp-content\/uploads\/2021\/01\/IU-ATENCIO\u0301N-CIUDADANO.mp4<\/a><\/video><\/div>\r\n","protected":false},"excerpt":{"rendered":"<p>IU-Equo ha reprochado a la Alcaldesa de Motril\u00a0 que reclame la actuaci\u00f3n responsable de los vecinos y vecinas para contener la pandemia, mientras que hay dependencias municipales que no cuentan con las necesarias medidas de seguridad y protecci\u00f3n con el consiguiente riesgo para los empleados p\u00fablicos y los usuarios.<br \/>\nEn momentos tan graves como el actual, la ejemplaridad de las instituciones y de los responsables p\u00fablicos es esencial si se pretende concienciar a la ciudadan\u00eda. El Ayuntamiento de Motril no est\u00e1 dando un buen ejemplo y la gesti\u00f3n personalista y propagand\u00edstica de la Alcaldesa no ayuda mucho en este sentido.<br \/>\nLa Oficina de Atenci\u00f3n municipal que centraliza tareas de informaci\u00f3n, registro y otras, como las relacionadas con el padr\u00f3n municipal, est\u00e1 funcionando bajo m\u00ednimos debido a que varios de sus trabajadores y trabajadoras se encuentran de baja relacionada con los protocolos Covid-19.<\/p>\n","protected":false},"author":1,"featured_media":0,"comment_status":"open","ping_status":"open","sticky":false,"template":"","format":"standard","meta":{"cybocfi_hide_featured_image":"","_jetpack_newsletter_access":"","_jetpack_dont_email_post_to_subs":false,"_jetpack_newsletter_tier_id":0,"_jetpack_memberships_contains_paywalled_content":false,"_jetpack_memberships_contains_paid_content":false,"footnotes":""},"categories":[7,1421,265],"tags":[50,1416,1576,1573,1575,1498,1574],"class_list":["post-7085","post","type-post","status-publish","format-standard","hentry","category-ayuntamiento","category-covid_19","category-esta-pasando","tag-alcaldesa","tag-covid-19","tag-ejemplaridad","tag-ofiina-informacion-y-registro","tag-prevencion","tag-protocolos","tag-salud"],"jetpack_featured_media_url":"","jetpack_sharing_enabled":true,"jetpack_shortlink":"https:\/\/wp.me\/p4QsU5-1Qh","jetpack-related-posts":[{"id":9067,"url":"https:\/\/iumotril.org\/sitio\/iu-equo-critica-la-manipulacion-interesada-de-su-gestion-por-parte-de-la-alcaldesa-de-motril\/","url_meta":{"origin":7085,"position":0},"title":"IU-EQUO critica la manipulaci\u00f3n interesada de su gesti\u00f3n por parte de la alcaldesa de Motril","author":"Izquierda Unida Motril","date":"27 abril, 2023","format":false,"excerpt":"Entre otros asuntos que ilustran esta estrategia, han se\u00f1alado la utilizaci\u00f3n de m\u00e1s 150 mil euros de subvenciones p\u00fablicas nominativas, asignadas a dedo, a entidades y asociaciones empresariales y de car\u00e1cter religioso, el anuncio de la construcci\u00f3n de un nuevo centro de recepci\u00f3n de visitantes en la Charca de Su\u00e1rez,\u2026","rel":"","context":"En \u00abAyuntamiento\u00bb","block_context":{"text":"Ayuntamiento","link":"https:\/\/iumotril.org\/sitio\/category\/ayuntamiento\/"},"img":{"alt_text":"","src":"https:\/\/i0.wp.com\/iumotril.org\/sitio\/wp-content\/uploads\/2023\/04\/Charca-cierres.jpg?resize=350%2C200&ssl=1","width":350,"height":200,"srcset":"https:\/\/i0.wp.com\/iumotril.org\/sitio\/wp-content\/uploads\/2023\/04\/Charca-cierres.jpg?resize=350%2C200&ssl=1 1x, https:\/\/i0.wp.com\/iumotril.org\/sitio\/wp-content\/uploads\/2023\/04\/Charca-cierres.jpg?resize=525%2C300&ssl=1 1.5x, https:\/\/i0.wp.com\/iumotril.org\/sitio\/wp-content\/uploads\/2023\/04\/Charca-cierres.jpg?resize=700%2C400&ssl=1 2x, https:\/\/i0.wp.com\/iumotril.org\/sitio\/wp-content\/uploads\/2023\/04\/Charca-cierres.jpg?resize=1050%2C600&ssl=1 3x"},"classes":[]},{"id":6668,"url":"https:\/\/iumotril.org\/sitio\/iu-equo-traslada-a-la-alcaldesa-su-preocupacion-por-la-vuelta-a-las-aulas-en-motril\/","url_meta":{"origin":7085,"position":1},"title":"IU-Equo traslada a la alcaldesa su preocupaci\u00f3n por la vuelta a las aulas en Motril","author":"Izquierda Unida Motril","date":"8 septiembre, 2020","format":false,"excerpt":"La portavoz de IU-Equo ha manifestado que si, tal y como deseamos todos y todas, la vuelta a las aulas se lleva a cabo sin excesivos problemas, el principal m\u00e9rito ser\u00e1 de la direcci\u00f3n de los Centros y de la comunidad educativa principalmente, dada la inadecuada actuaci\u00f3n de las diferentes\u2026","rel":"","context":"En \u00abCovid_19\u00bb","block_context":{"text":"Covid_19","link":"https:\/\/iumotril.org\/sitio\/category\/covid_19\/"},"img":{"alt_text":"","src":"https:\/\/i0.wp.com\/iumotril.org\/sitio\/wp-content\/uploads\/2020\/08\/Inma-Omiste-26-agosto-1024x768.jpg?resize=350%2C200","width":350,"height":200,"srcset":"https:\/\/i0.wp.com\/iumotril.org\/sitio\/wp-content\/uploads\/2020\/08\/Inma-Omiste-26-agosto-1024x768.jpg?resize=350%2C200 1x, https:\/\/i0.wp.com\/iumotril.org\/sitio\/wp-content\/uploads\/2020\/08\/Inma-Omiste-26-agosto-1024x768.jpg?resize=525%2C300 1.5x"},"classes":[]},{"id":8291,"url":"https:\/\/iumotril.org\/sitio\/la-arrogancia-de-la-alcaldesa-esta-poniendo-en-riesgo-la-seguridad-ciudadana-en-motril\/","url_meta":{"origin":7085,"position":2},"title":"La arrogancia de la alcaldesa est\u00e1 poniendo en riesgo la seguridad ciudadana en Motril","author":"Izquierda Unida Motril","date":"22 julio, 2022","format":false,"excerpt":"La negativa de la alcaldesa a negociar con la representaci\u00f3n legal de los trabajadores de la Polic\u00eda local es un desprecio al cuerpo policial, provocando adem\u00e1s una situaci\u00f3n insostenible en la plantilla y un clima de crispaci\u00f3n y estr\u00e9s laboral entre los trabajadores, que consideran que se est\u00e1n cuestionando sus\u2026","rel":"","context":"En \u00abAyuntamiento\u00bb","block_context":{"text":"Ayuntamiento","link":"https:\/\/iumotril.org\/sitio\/category\/ayuntamiento\/"},"img":{"alt_text":"","src":"https:\/\/i0.wp.com\/iumotril.org\/sitio\/wp-content\/uploads\/2022\/07\/Inma-22-julio-scaled.jpg?resize=350%2C200","width":350,"height":200,"srcset":"https:\/\/i0.wp.com\/iumotril.org\/sitio\/wp-content\/uploads\/2022\/07\/Inma-22-julio-scaled.jpg?resize=350%2C200 1x, https:\/\/i0.wp.com\/iumotril.org\/sitio\/wp-content\/uploads\/2022\/07\/Inma-22-julio-scaled.jpg?resize=525%2C300 1.5x, https:\/\/i0.wp.com\/iumotril.org\/sitio\/wp-content\/uploads\/2022\/07\/Inma-22-julio-scaled.jpg?resize=700%2C400 2x, https:\/\/i0.wp.com\/iumotril.org\/sitio\/wp-content\/uploads\/2022\/07\/Inma-22-julio-scaled.jpg?resize=1050%2C600 3x, https:\/\/i0.wp.com\/iumotril.org\/sitio\/wp-content\/uploads\/2022\/07\/Inma-22-julio-scaled.jpg?resize=1400%2C800 4x"},"classes":[]},{"id":7772,"url":"https:\/\/iumotril.org\/sitio\/iu-equo-pide-a-la-alcaldesa-que-asuma-sus-responsabilidades-politicas-por-respeto-a-la-ciudad-y-a-los-motrilenos\/","url_meta":{"origin":7085,"position":3},"title":"IU-Equo pide a la alcaldesa que asuma sus responsabilidades pol\u00edticas por respeto a la ciudad y a los motrile\u00f1os","author":"Izquierda Unida Motril","date":"20 octubre, 2021","format":false,"excerpt":"Desde el Grupo Municipal de IU-Equo se pone en duda que la alcaldesa de Motril haya actuado de buena fe y con transparencia en todo este asunto, teniendo en cuenta que ha retenido durante seis d\u00edas el Informe de la Intervenci\u00f3n municipal que deja fuera de cualquier duda que el\u2026","rel":"","context":"En \u00abAyuntamiento\u00bb","block_context":{"text":"Ayuntamiento","link":"https:\/\/iumotril.org\/sitio\/category\/ayuntamiento\/"},"img":{"alt_text":"","src":"https:\/\/i0.wp.com\/iumotril.org\/sitio\/wp-content\/uploads\/2021\/10\/PHOTO-2021-10-20-12-23-02-300x254.jpg?resize=350%2C200","width":350,"height":200},"classes":[]},{"id":5884,"url":"https:\/\/iumotril.org\/sitio\/iu-equo-destaca-la-labor-de-los-empleados-y-empleadas-municipales-para-mantener-los-servicios-publicos\/","url_meta":{"origin":7085,"position":4},"title":"IU-Equo destaca la labor de los empleados y empleadas municipales para mantener los servicios p\u00fablicos","author":"Izquierda Unida Motril","date":"27 marzo, 2020","format":false,"excerpt":"Pedimos al equipo de gobierno que asegure y garantice las medidas de seguridad y protecci\u00f3n individual a todos los colectivos municipales que est\u00e1n en primera l\u00ednea de las actuaciones para\u00a0 atender las necesidades de la ciudad y de los vecinos y vecinos, como personal de mantenimiento y limpieza, conserjes, bomberos,\u2026","rel":"","context":"En \u00abAyuntamiento\u00bb","block_context":{"text":"Ayuntamiento","link":"https:\/\/iumotril.org\/sitio\/category\/ayuntamiento\/"},"img":{"alt_text":"","src":"https:\/\/i0.wp.com\/iumotril.org\/sitio\/wp-content\/uploads\/2020\/03\/963E1BB6-54CE-4F26-BBB1-BACB744BADF5-1024x762.jpeg?resize=350%2C200","width":350,"height":200,"srcset":"https:\/\/i0.wp.com\/iumotril.org\/sitio\/wp-content\/uploads\/2020\/03\/963E1BB6-54CE-4F26-BBB1-BACB744BADF5-1024x762.jpeg?resize=350%2C200 1x, https:\/\/i0.wp.com\/iumotril.org\/sitio\/wp-content\/uploads\/2020\/03\/963E1BB6-54CE-4F26-BBB1-BACB744BADF5-1024x762.jpeg?resize=525%2C300 1.5x"},"classes":[]},{"id":9390,"url":"https:\/\/iumotril.org\/sitio\/iu-verdes-equo-rechaza-la-subida-salarial-desmedida-del-gobierno-municipal\/","url_meta":{"origin":7085,"position":5},"title":"IU-Verdes Equo rechaza la subida salarial desmedida del gobierno municipal","author":"Izquierda Unida Motril","date":"29 junio, 2023","format":false,"excerpt":"Critica la propuesta del equipo de gobierno que supone un incremento del 19% lineal en el salario de la alcaldesa, que alcanza 72.000 euros anuales brutos y del 31% en el caso de cuatro tenientes de alcalde, que percibir\u00e1n un salario anual bruto de 59.000 euros. La alcaldesa de Motril,\u2026","rel":"","context":"En \u00abAyuntamiento\u00bb","block_context":{"text":"Ayuntamiento","link":"https:\/\/iumotril.org\/sitio\/category\/ayuntamiento\/"},"img":{"alt_text":"","src":"https:\/\/i0.wp.com\/iumotril.org\/sitio\/wp-content\/uploads\/2023\/06\/Edificio-ayuntameinto.jpg?resize=350%2C200&ssl=1","width":350,"height":200,"srcset":"https:\/\/i0.wp.com\/iumotril.org\/sitio\/wp-content\/uploads\/2023\/06\/Edificio-ayuntameinto.jpg?resize=350%2C200&ssl=1 1x, https:\/\/i0.wp.com\/iumotril.org\/sitio\/wp-content\/uploads\/2023\/06\/Edificio-ayuntameinto.jpg?resize=525%2C300&ssl=1 1.5x, https:\/\/i0.wp.com\/iumotril.org\/sitio\/wp-content\/uploads\/2023\/06\/Edificio-ayuntameinto.jpg?resize=700%2C400&ssl=1 2x, https:\/\/i0.wp.com\/iumotril.org\/sitio\/wp-content\/uploads\/2023\/06\/Edificio-ayuntameinto.jpg?resize=1050%2C600&ssl=1 3x"},"classes":[]}],"jetpack_likes_enabled":true,"_links":{"self":[{"href":"https:\/\/iumotril.org\/sitio\/wp-json\/wp\/v2\/posts\/7085","targetHints":{"allow":["GET"]}}],"collection":[{"href":"https:\/\/iumotril.org\/sitio\/wp-json\/wp\/v2\/posts"}],"about":[{"href":"https:\/\/iumotril.org\/sitio\/wp-json\/wp\/v2\/types\/post"}],"author":[{"embeddable":true,"href":"https:\/\/iumotril.org\/sitio\/wp-json\/wp\/v2\/users\/1"}],"replies":[{"embeddable":true,"href":"https:\/\/iumotril.org\/sitio\/wp-json\/wp\/v2\/comments?post=7085"}],"version-history":[{"count":15,"href":"https:\/\/iumotril.org\/sitio\/wp-json\/wp\/v2\/posts\/7085\/revisions"}],"predecessor-version":[{"id":7101,"href":"https:\/\/iumotril.org\/sitio\/wp-json\/wp\/v2\/posts\/7085\/revisions\/7101"}],"wp:attachment":[{"href":"https:\/\/iumotril.org\/sitio\/wp-json\/wp\/v2\/media?parent=7085"}],"wp:term":[{"taxonomy":"category","embeddable":true,"href":"https:\/\/iumotril.org\/sitio\/wp-json\/wp\/v2\/categories?post=7085"},{"taxonomy":"post_tag","embeddable":true,"href":"https:\/\/iumotril.org\/sitio\/wp-json\/wp\/v2\/tags?post=7085"}],"curies":[{"name":"wp","href":"https:\/\/api.w.org\/{rel}","templated":true}]}}