{"id":7078,"date":"2021-01-21T19:08:30","date_gmt":"2021-01-21T18:08:30","guid":{"rendered":"http:\/\/iumotril.org\/sitio\/?p=7078"},"modified":"2021-01-22T11:59:56","modified_gmt":"2021-01-22T10:59:56","slug":"iu-equo-critica-que-la-fiscalia-provincial-rechace-su-denuncia-contra-la-decision-del-ayuntamiento-de-motril-de-mantener-la-medalla-oro-de-la-ciudad-a-franco","status":"publish","type":"post","link":"https:\/\/iumotril.org\/sitio\/iu-equo-critica-que-la-fiscalia-provincial-rechace-su-denuncia-contra-la-decision-del-ayuntamiento-de-motril-de-mantener-la-medalla-oro-de-la-ciudad-a-franco\/","title":{"rendered":"IU-EQUO critica que la Fiscal\u00eda Provincial rechace su denuncia contra la decisi\u00f3n del Ayuntamiento de Motril de mantener la medalla oro de la ciudad a Franco"},"content":{"rendered":"<p style=\"text-align: justify;\"><span style=\"font-weight: 400; color: #993300;\">La Fiscal\u00eda provincial se\u00f1ala que los hechos denunciados no son constitutivos del delito de prevaricaci\u00f3n administrativa y sostiene que la resoluci\u00f3n dictada por el Pleno municipal al rechazar la moci\u00f3n presentada por IU-Equo no es contraria a Derecho.<\/span><\/p>\n<p style=\"text-align: justify;\"><span style=\"font-weight: 400; color: #993300;\">IU-Equo estudia la posibilidad de reproducir la denuncia presentada ante la jurisdicci\u00f3n penal ordinaria.<\/span><\/p>\n<p style=\"text-align: justify;\"><span style=\"font-weight: 400;\">La <strong>Fiscal\u00eda provincial<\/strong> de Granada mantiene que la normativa en materia de Memoria Hist\u00f3rica y Democr\u00e1tica no recoge la obligatoriedad de la retirada de la medalla de la ciudad a cargo o entidad alguna del <\/span><i><span style=\"font-weight: 400;\">antiguo r\u00e9gimen<\/span><\/i><span style=\"font-weight: 400;\"> ni a\u00fan que su no retirada pudiera constituir delito de prevaricaci\u00f3n.<\/span><\/p>\n<p style=\"text-align: justify;\"><span style=\"font-weight: 400;\"><img loading=\"lazy\" decoding=\"async\" data-attachment-id=\"7080\" data-permalink=\"https:\/\/iumotril.org\/sitio\/iu-equo-critica-que-la-fiscalia-provincial-rechace-su-denuncia-contra-la-decision-del-ayuntamiento-de-motril-de-mantener-la-medalla-oro-de-la-ciudad-a-franco\/franco-hitler-490x578\/\" data-orig-file=\"https:\/\/iumotril.org\/sitio\/wp-content\/uploads\/2021\/01\/franco-hitler-490x578-1.jpg\" data-orig-size=\"490,578\" data-comments-opened=\"1\" data-image-meta=\"{&quot;aperture&quot;:&quot;0&quot;,&quot;credit&quot;:&quot;&quot;,&quot;camera&quot;:&quot;&quot;,&quot;caption&quot;:&quot;&quot;,&quot;created_timestamp&quot;:&quot;0&quot;,&quot;copyright&quot;:&quot;&quot;,&quot;focal_length&quot;:&quot;0&quot;,&quot;iso&quot;:&quot;0&quot;,&quot;shutter_speed&quot;:&quot;0&quot;,&quot;title&quot;:&quot;&quot;,&quot;orientation&quot;:&quot;0&quot;}\" data-image-title=\"franco-hitler&amp;#8211;490&amp;#215;578\" data-image-description=\"\" data-image-caption=\"\" data-large-file=\"https:\/\/iumotril.org\/sitio\/wp-content\/uploads\/2021\/01\/franco-hitler-490x578-1.jpg\" class=\"alignleft wp-image-7080 size-full\" src=\"https:\/\/iumotril.org\/sitio\/wp-content\/uploads\/2021\/01\/franco-hitler-490x578-1.jpg\" alt=\"\" width=\"490\" height=\"578\" srcset=\"https:\/\/iumotril.org\/sitio\/wp-content\/uploads\/2021\/01\/franco-hitler-490x578-1.jpg 490w, https:\/\/iumotril.org\/sitio\/wp-content\/uploads\/2021\/01\/franco-hitler-490x578-1-254x300.jpg 254w\" sizes=\"auto, (max-width: 490px) 100vw, 490px\" \/>Seg\u00fan Jose Llorente, concejal de IU-Equo y firmante de la denuncia, se trata de una <strong>interpretaci\u00f3n contraria a la Ley 52\/2007,<\/strong> que en su art\u00edculo 15.1 establece que \u201c<\/span><i><span style=\"font-weight: 400;\">Las Administraciones P\u00fablicas tomar\u00e1n las medidas oportunas para la retirada de escudos, insignias, placas y otros objetos o menciones conmemorativas de exaltaci\u00f3n personal o colectiva de la sublevaci\u00f3n militar, de la guerra civil y de la represi\u00f3n de la Dictadura.\u201d<\/span><\/i><\/p>\n<p style=\"text-align: justify;\"><span style=\"font-weight: 400;\">Resulta evidente que <a href=\"https:\/\/iumotril.org\/sitio\/izquierda-unida-denuncia-ante-la-fiscalia-la-negativa-del-gobierno-local-a-retirar-la-medalla-de-oro-de-motril-a-franco\/\">mantener la medalla de oro de Motril<\/a> al dictador constituye una <strong>menci\u00f3n conmemorativa de exaltaci\u00f3n personal de la sublevaci\u00f3n militar<\/strong> y de la represi\u00f3n de la dictadura y, por lo tanto, debe ser retirada en cumplimiento de la normativa.<\/span><\/p>\n<p style=\"text-align: justify;\"><span style=\"font-weight: 400;\">Para el concejal de IU-Equo resulta muy llamativo que la Fiscal\u00eda provincial se refiera a <\/span><strong><i>\u201ccargos o entidades del antiguo r\u00e9gimen\u201d<\/i><\/strong><span style=\"font-weight: 400;\">, una expresi\u00f3n ins\u00f3lita y quiz\u00e1s reveladora que no se utiliza en los textos legales en materia de Memoria Hist\u00f3rica y Democr\u00e1tica, donde todas las referencias al franquismo emplean las expresiones sublevaci\u00f3n militar y Dictadura.<\/span><\/p>\n<p style=\"text-align: justify;\"><span style=\"font-weight: 400;\">De modo sorprendente la Fiscal\u00eda sostiene en el Decreto que notifica el Acuerdo de archivar la denuncia que, conforme a la Constituci\u00f3n, su misi\u00f3n es promover la acci\u00f3n de la justicia en defensa de la legalidad, pero que esta <strong>no le encomienda la defensa directa de la legalidad<\/strong>, sino el ejercicio de las acciones que resulten procedentes en cada caso.<\/span><\/p>\n<p style=\"text-align: justify;\"><span style=\"font-weight: 400;\">Llorente ha insistido en que la decisi\u00f3n de la Fiscal\u00eda no puede ser compartida en ning\u00fan caso ni por su formaci\u00f3n ni por los vecinos de Motril, por lo que ha reiterado la <strong>determinaci\u00f3n de IU-Equo de seguir luchando pol\u00edtica y judicialmente<\/strong> con todos los medios a su alcance para que se anule la decisi\u00f3n del Ayuntamiento de Motril de mantener honores y distinciones al <a href=\"https:\/\/www.eldiario.es\/opinion\/zona-critica\/franco-datos-frente-demagogia-negacionista_129_1959527.html\">dictador y genocida fascista.\u00a0<\/a><\/span><\/p>\n<p style=\"text-align: justify;\"><span style=\"font-weight: 400;\">Por ello, ha informado que desde IU-Equo se est\u00e1 estudiando\u00a0 la posibilidad de reproducir la demanda presentada y rechazada por la Fiscal\u00eda provincial ante el Juzgado de Instrucci\u00f3n que resulte competente.<\/span><\/p>\n<div style=\"width: 640px;\" class=\"wp-video\"><video class=\"wp-video-shortcode\" id=\"video-7078-1\" width=\"640\" height=\"427\" preload=\"metadata\" controls=\"controls\"><source type=\"video\/mp4\" src=\"https:\/\/iumotril.org\/sitio\/wp-content\/uploads\/2021\/01\/VIDEO-2021-01-21-17-10-46.mp4?_=1\" \/><a href=\"https:\/\/iumotril.org\/sitio\/wp-content\/uploads\/2021\/01\/VIDEO-2021-01-21-17-10-46.mp4\">https:\/\/iumotril.org\/sitio\/wp-content\/uploads\/2021\/01\/VIDEO-2021-01-21-17-10-46.mp4<\/a><\/video><\/div>\n","protected":false},"excerpt":{"rendered":"<p>se trata de una interpretaci\u00f3n contraria a la Ley 52\/2007, que en su art\u00edculo 15.1 establece que \u201cLas Administraciones P\u00fablicas tomar\u00e1n las medidas oportunas para la retirada de escudos, insignias, placas y otros objetos o menciones conmemorativas de exaltaci\u00f3n personal o colectiva de la sublevaci\u00f3n militar, de la guerra civil y de la represi\u00f3n de la Dictadura.\u201d<\/p>\n<p>Resulta evidente que mantener la medalla de oro de Motril al dictador constituye una menci\u00f3n conmemorativa de exaltaci\u00f3n personal de la sublevaci\u00f3n militar y de la represi\u00f3n de la dictadura y, por lo tanto, debe ser retirada en cumplimiento de la normativa.<\/p>\n","protected":false},"author":1,"featured_media":0,"comment_status":"open","ping_status":"open","sticky":false,"template":"","format":"standard","meta":{"cybocfi_hide_featured_image":"","_jetpack_newsletter_access":"","_jetpack_dont_email_post_to_subs":false,"_jetpack_newsletter_tier_id":0,"_jetpack_memberships_contains_paywalled_content":false,"_jetpack_memberships_contains_paid_content":false,"footnotes":""},"categories":[375,265],"tags":[10,1572,1482,944,93,280],"class_list":["post-7078","post","type-post","status-publish","format-standard","hentry","category-denuncia","category-esta-pasando","tag-denuncia","tag-fiscalia-granada","tag-franco","tag-memoria-historica-y-democratica","tag-motril","tag-rechazo"],"jetpack_featured_media_url":"","jetpack_sharing_enabled":true,"jetpack_shortlink":"https:\/\/wp.me\/p4QsU5-1Qa","jetpack-related-posts":[{"id":6961,"url":"https:\/\/iumotril.org\/sitio\/izquierda-unida-denuncia-ante-la-fiscalia-la-negativa-del-gobierno-local-a-retirar-la-medalla-de-oro-de-motril-a-franco\/","url_meta":{"origin":7078,"position":0},"title":"Izquierda Unida denuncia ante la Fiscal\u00eda la negativa del gobierno local a retirar la medalla de oro de Motril a Franco","author":"Izquierda Unida Motril","date":"3 diciembre, 2020","format":false,"excerpt":"Izquierda Unida ha informado de la presentaci\u00f3n de un escrito ante la Fiscal\u00eda por el que denuncia el acuerdo del pleno del Ayuntamiento de Motril que rechaz\u00f3 la retirada de la medalla de oro de la ciudad al dictador Francisco Franco, al considerar que es contrario a la normativa vigente\u2026","rel":"","context":"En \u00abEST\u00c1 PASANDO\u00bb","block_context":{"text":"EST\u00c1 PASANDO","link":"https:\/\/iumotril.org\/sitio\/category\/esta-pasando\/"},"img":{"alt_text":"","src":"https:\/\/i0.wp.com\/iumotril.org\/sitio\/wp-content\/uploads\/2020\/12\/Fiscali%CC%81a-Grupo.jpeg?resize=350%2C200","width":350,"height":200,"srcset":"https:\/\/i0.wp.com\/iumotril.org\/sitio\/wp-content\/uploads\/2020\/12\/Fiscali%CC%81a-Grupo.jpeg?resize=350%2C200 1x, https:\/\/i0.wp.com\/iumotril.org\/sitio\/wp-content\/uploads\/2020\/12\/Fiscali%CC%81a-Grupo.jpeg?resize=525%2C300 1.5x"},"classes":[]},{"id":6656,"url":"https:\/\/iumotril.org\/sitio\/izquierda-unida-equo-recurre-la-decision-del-pleno-de-mantener-la-medalla-de-oro-de-motril-a-franco\/","url_meta":{"origin":7078,"position":1},"title":"Izquierda Unida-Equo recurre la decisi\u00f3n del Pleno de mantener la medalla de oro de Motril a Franco","author":"Izquierda Unida Motril","date":"31 agosto, 2020","format":false,"excerpt":"El recurso presentado constituye un intento m\u00e1s del Grupo Municipal de IU-Equo para que el gobierno municipal de Motril reconsidere su decisi\u00f3n y acceda a retirar la medalla de oro al dictador sin necesidad de acudir a sede judicial en reclamaci\u00f3n del debido respeto a la normativa de Memoria Hist\u00f3rica\u2026","rel":"","context":"En \u00abEST\u00c1 PASANDO\u00bb","block_context":{"text":"EST\u00c1 PASANDO","link":"https:\/\/iumotril.org\/sitio\/category\/esta-pasando\/"},"img":{"alt_text":"","src":"https:\/\/i0.wp.com\/iumotril.org\/sitio\/wp-content\/uploads\/2020\/08\/Jose-e-Inma-31-agosto-1024x768.jpg?resize=350%2C200","width":350,"height":200,"srcset":"https:\/\/i0.wp.com\/iumotril.org\/sitio\/wp-content\/uploads\/2020\/08\/Jose-e-Inma-31-agosto-1024x768.jpg?resize=350%2C200 1x, https:\/\/i0.wp.com\/iumotril.org\/sitio\/wp-content\/uploads\/2020\/08\/Jose-e-Inma-31-agosto-1024x768.jpg?resize=525%2C300 1.5x"},"classes":[]},{"id":6768,"url":"https:\/\/iumotril.org\/sitio\/apoya-la-retirada-de-la-medalla-de-oro-de-motril-al-dictador\/","url_meta":{"origin":7078,"position":2},"title":"Apoya la retirada de la medalla de oro de Motril al Dictador","author":"Izquierda Unida Motril","date":"20 octubre, 2020","format":false,"excerpt":"No podemos permitir que el fascismo avance en nuestros pueblos, en nuestras ciudades y en nuestro pa\u00eds, negando el horror de la dictadura franquista y justificando su barbarie. Contar con el m\u00e1ximo apoyo posible a esta denuncia, es fundamental para el objetivo que pretendemos: retirar la m\u00e1xima distinci\u00f3n de la\u2026","rel":"","context":"En \u00abEST\u00c1 PASANDO\u00bb","block_context":{"text":"EST\u00c1 PASANDO","link":"https:\/\/iumotril.org\/sitio\/category\/esta-pasando\/"},"img":{"alt_text":"","src":"https:\/\/i0.wp.com\/iumotril.org\/sitio\/wp-content\/uploads\/2020\/08\/porfranciscofranco-176x176.jpg?resize=350%2C200","width":350,"height":200},"classes":[]},{"id":7730,"url":"https:\/\/iumotril.org\/sitio\/iu-equo-denuncia-ante-la-fiscalia-el-pago-de-obligaciones-judiciales-de-la-alcaldesa-de-motril-con-dinero-publico\/","url_meta":{"origin":7078,"position":3},"title":"IU-Equo denuncia ante la Fiscal\u00eda el pago de obligaciones judiciales de la alcaldesa de Motril con dinero p\u00fablico","author":"Izquierda Unida Motril","date":"8 octubre, 2021","format":false,"excerpt":"Conforme a la documentaci\u00f3n recibida por IU-Equo, la alcaldesa de Motril habr\u00eda abonado con fondos p\u00fablicos, del Grupo municipal del Partido Popular de Motril, el pago de obligaciones jur\u00eddicas particulares como consecuencia de una sentencia por actuaciones que se produjeron cuando Garc\u00eda Chamorro era vicepresidenta de la Diputaci\u00f3n Provincial de\u2026","rel":"","context":"En \u00abAyuntamiento\u00bb","block_context":{"text":"Ayuntamiento","link":"https:\/\/iumotril.org\/sitio\/category\/ayuntamiento\/"},"img":{"alt_text":"","src":"https:\/\/i0.wp.com\/iumotril.org\/sitio\/wp-content\/uploads\/2021\/10\/Fiscalia-2-1024x683.jpg?resize=350%2C200","width":350,"height":200,"srcset":"https:\/\/i0.wp.com\/iumotril.org\/sitio\/wp-content\/uploads\/2021\/10\/Fiscalia-2-1024x683.jpg?resize=350%2C200 1x, https:\/\/i0.wp.com\/iumotril.org\/sitio\/wp-content\/uploads\/2021\/10\/Fiscalia-2-1024x683.jpg?resize=525%2C300 1.5x"},"classes":[]},{"id":9017,"url":"https:\/\/iumotril.org\/sitio\/iu-equo-reclama-a-luisa-g-chamorro-que-deje-la-alcaldia-por-respeto-y-consideracion-con-los-motrilenos-y-con-los-granadinos\/","url_meta":{"origin":7078,"position":4},"title":"IU-Equo  reclama a Luisa G. Chamorro que deje la alcald\u00eda por respeto y consideraci\u00f3n con los motrile\u00f1os y con los granadinos","author":"Izquierda Unida Motril","date":"6 abril, 2023","format":false,"excerpt":"Desde IU-Equo se consideran sumamente graves los hechos ahora desvelados tras conocerse un informe de la Intervenci\u00f3n de la Diputaci\u00f3n de Granada que acredita que la alcaldesa de Motril no solo cobr\u00f3 dinero p\u00fablico procedente del Consistorio que dirige para pagar una condena por injurias, sino que, tambi\u00e9n, percibi\u00f3 fondos\u2026","rel":"","context":"En \u00abdenuncia\u00bb","block_context":{"text":"denuncia","link":"https:\/\/iumotril.org\/sitio\/category\/denuncia\/"},"img":{"alt_text":"","src":"https:\/\/i0.wp.com\/iumotril.org\/sitio\/wp-content\/uploads\/2023\/04\/Luisa-y-Juanma.jpg?resize=350%2C200&ssl=1","width":350,"height":200,"srcset":"https:\/\/i0.wp.com\/iumotril.org\/sitio\/wp-content\/uploads\/2023\/04\/Luisa-y-Juanma.jpg?resize=350%2C200&ssl=1 1x, https:\/\/i0.wp.com\/iumotril.org\/sitio\/wp-content\/uploads\/2023\/04\/Luisa-y-Juanma.jpg?resize=525%2C300&ssl=1 1.5x, https:\/\/i0.wp.com\/iumotril.org\/sitio\/wp-content\/uploads\/2023\/04\/Luisa-y-Juanma.jpg?resize=700%2C400&ssl=1 2x, https:\/\/i0.wp.com\/iumotril.org\/sitio\/wp-content\/uploads\/2023\/04\/Luisa-y-Juanma.jpg?resize=1050%2C600&ssl=1 3x"},"classes":[]},{"id":7988,"url":"https:\/\/iumotril.org\/sitio\/iu-equo-exige-la-dimision-inmediata-de-la-alcaldesa-de-motril-al-apreciar-la-fiscalia-la-comision-de-un-delito-continuado-de-malversacion-de-caudales-publicos\/","url_meta":{"origin":7078,"position":5},"title":"IU-Equo exige la dimisi\u00f3n inmediata de la alcaldesa de Motril al apreciar la Fiscal\u00eda la comisi\u00f3n de un delito continuado de malversaci\u00f3n de caudales p\u00fablicos","author":"Izquierda Unida Motril","date":"15 febrero, 2022","format":false,"excerpt":"IU-Equo considera que Luisa Garc\u00eda Chamorro no puede continuar \u201cni un minuto m\u00e1s\u201d al frente de la alcald\u00eda de Motril tras se\u00f1alar la Fiscal\u00eda que indiciariamente \u201corden\u00f3 en su beneficio la realizaci\u00f3n de transferencias por valor total de 4.600 euros de la cuenta del Grupo municipal del PP de Motril\u2026","rel":"","context":"En \u00abAyuntamiento\u00bb","block_context":{"text":"Ayuntamiento","link":"https:\/\/iumotril.org\/sitio\/category\/ayuntamiento\/"},"img":{"alt_text":"","src":"https:\/\/i0.wp.com\/iumotril.org\/sitio\/wp-content\/uploads\/2022\/01\/IMG-4246-scaled.jpg?resize=350%2C200","width":350,"height":200,"srcset":"https:\/\/i0.wp.com\/iumotril.org\/sitio\/wp-content\/uploads\/2022\/01\/IMG-4246-scaled.jpg?resize=350%2C200 1x, https:\/\/i0.wp.com\/iumotril.org\/sitio\/wp-content\/uploads\/2022\/01\/IMG-4246-scaled.jpg?resize=525%2C300 1.5x, https:\/\/i0.wp.com\/iumotril.org\/sitio\/wp-content\/uploads\/2022\/01\/IMG-4246-scaled.jpg?resize=700%2C400 2x, https:\/\/i0.wp.com\/iumotril.org\/sitio\/wp-content\/uploads\/2022\/01\/IMG-4246-scaled.jpg?resize=1050%2C600 3x, https:\/\/i0.wp.com\/iumotril.org\/sitio\/wp-content\/uploads\/2022\/01\/IMG-4246-scaled.jpg?resize=1400%2C800 4x"},"classes":[]}],"jetpack_likes_enabled":true,"_links":{"self":[{"href":"https:\/\/iumotril.org\/sitio\/wp-json\/wp\/v2\/posts\/7078","targetHints":{"allow":["GET"]}}],"collection":[{"href":"https:\/\/iumotril.org\/sitio\/wp-json\/wp\/v2\/posts"}],"about":[{"href":"https:\/\/iumotril.org\/sitio\/wp-json\/wp\/v2\/types\/post"}],"author":[{"embeddable":true,"href":"https:\/\/iumotril.org\/sitio\/wp-json\/wp\/v2\/users\/1"}],"replies":[{"embeddable":true,"href":"https:\/\/iumotril.org\/sitio\/wp-json\/wp\/v2\/comments?post=7078"}],"version-history":[{"count":5,"href":"https:\/\/iumotril.org\/sitio\/wp-json\/wp\/v2\/posts\/7078\/revisions"}],"predecessor-version":[{"id":7084,"href":"https:\/\/iumotril.org\/sitio\/wp-json\/wp\/v2\/posts\/7078\/revisions\/7084"}],"wp:attachment":[{"href":"https:\/\/iumotril.org\/sitio\/wp-json\/wp\/v2\/media?parent=7078"}],"wp:term":[{"taxonomy":"category","embeddable":true,"href":"https:\/\/iumotril.org\/sitio\/wp-json\/wp\/v2\/categories?post=7078"},{"taxonomy":"post_tag","embeddable":true,"href":"https:\/\/iumotril.org\/sitio\/wp-json\/wp\/v2\/tags?post=7078"}],"curies":[{"name":"wp","href":"https:\/\/api.w.org\/{rel}","templated":true}]}}