{"id":6670,"date":"2020-09-16T12:04:38","date_gmt":"2020-09-16T10:04:38","guid":{"rendered":"http:\/\/iumotril.org\/sitio\/?p=6670"},"modified":"2020-09-16T12:04:38","modified_gmt":"2020-09-16T10:04:38","slug":"iu-equo-reclama-mas-recursos-y-medios-para-las-bibliotecas-municipales","status":"publish","type":"post","link":"https:\/\/iumotril.org\/sitio\/iu-equo-reclama-mas-recursos-y-medios-para-las-bibliotecas-municipales\/","title":{"rendered":"IU-Equo reclama m\u00e1s recursos y medios para las bibliotecas municipales"},"content":{"rendered":"<p style=\"text-align: justify;\"><span style=\"color: #993300;\">Ha denunciado la situaci\u00f3n de abandono de las bibliotecas municipales, se\u00f1alando que las dos bibliotecas y las tres agencias de lectura de Motril est\u00e1n pagando las consecuencias de la falta de voluntad pol\u00edtica y el desinter\u00e9s del gobierno del Partido Popular, Ciudadanos y sus socios.<\/span><\/p>\r\n<p style=\"text-align: justify;\"><span style=\"color: #993300;\">A las carencias de personal se le suma las deficiencias de mantenimiento de las instalaciones, la falta de equipos inform\u00e1ticos adecuados para consultas y la insuficiencia de la dotaci\u00f3n econ\u00f3mica para la adquisici\u00f3n de libros y revistas.<\/span><\/p>\r\n<p style=\"text-align: justify;\">Las bibliotecas, sus salas de lectura y las actividades que se llevan a cabo no merecen la atenci\u00f3n ni el inter\u00e9s del gobierno local ni de su alcaldesa que busca, principalmente, fotograf\u00edas y titulares en otros tipos de actividades y manifestaciones culturales m\u00e1s llamativas y vistosas en t\u00e9rminos de<a href=\"https:\/\/iumotril.org\/sitio\/inma-omiste-anuncios-promesas-y-muchas-fotos-esa-es-la-gestion-de-garcia-chamorro-al-frente-del-ayuntamiento\/\"> imagen<\/a>, seg\u00fan la portavoz de IU-Equo.<\/p>\r\n<figure id=\"attachment_6679\" aria-describedby=\"caption-attachment-6679\" style=\"width: 640px\" class=\"wp-caption aligncenter\"><img loading=\"lazy\" decoding=\"async\" data-attachment-id=\"6679\" data-permalink=\"https:\/\/iumotril.org\/sitio\/iu-equo-reclama-mas-recursos-y-medios-para-las-bibliotecas-municipales\/inma-28-julio-2\/\" data-orig-file=\"https:\/\/iumotril.org\/sitio\/wp-content\/uploads\/2020\/09\/Inma-28-julio-scaled.jpg\" data-orig-size=\"1920,2560\" data-comments-opened=\"1\" data-image-meta=\"{&quot;aperture&quot;:&quot;2.2&quot;,&quot;credit&quot;:&quot;&quot;,&quot;camera&quot;:&quot;iPhone 6&quot;,&quot;caption&quot;:&quot;&quot;,&quot;created_timestamp&quot;:&quot;1595932922&quot;,&quot;copyright&quot;:&quot;&quot;,&quot;focal_length&quot;:&quot;4.15&quot;,&quot;iso&quot;:&quot;32&quot;,&quot;shutter_speed&quot;:&quot;0.0016181229773463&quot;,&quot;title&quot;:&quot;&quot;,&quot;orientation&quot;:&quot;1&quot;}\" data-image-title=\"Inma 28 julio\" data-image-description=\"\" data-image-caption=\"&lt;p&gt;Inma Omiste, portavoz de IU-Equo&lt;\/p&gt;\n\" data-large-file=\"https:\/\/iumotril.org\/sitio\/wp-content\/uploads\/2020\/09\/Inma-28-julio-768x1024.jpg\" class=\"wp-image-6679 size-large\" src=\"https:\/\/iumotril.org\/sitio\/wp-content\/uploads\/2020\/09\/Inma-28-julio-768x1024.jpg\" alt=\"\" width=\"640\" height=\"853\" srcset=\"https:\/\/iumotril.org\/sitio\/wp-content\/uploads\/2020\/09\/Inma-28-julio-768x1024.jpg 768w, https:\/\/iumotril.org\/sitio\/wp-content\/uploads\/2020\/09\/Inma-28-julio-225x300.jpg 225w, https:\/\/iumotril.org\/sitio\/wp-content\/uploads\/2020\/09\/Inma-28-julio-1152x1536.jpg 1152w, https:\/\/iumotril.org\/sitio\/wp-content\/uploads\/2020\/09\/Inma-28-julio-1536x2048.jpg 1536w, https:\/\/iumotril.org\/sitio\/wp-content\/uploads\/2020\/09\/Inma-28-julio-scaled.jpg 1920w\" sizes=\"auto, (max-width: 640px) 100vw, 640px\" \/><figcaption id=\"caption-attachment-6679\" class=\"wp-caption-text\">Inma Omiste, portavoz IU-Equo<\/figcaption><\/figure>\r\n<p style=\"text-align: justify;\">En el presupuesto aprobado por el gobierno de Luisa Garc\u00eda Chamorro para 2020 se destina <strong>1 euro para la adquisici\u00f3n de libros<\/strong> y 2.000 euros para prensa y revistas a repartir entre las cinco bibliotecas. Unas cantidades muy similares a las del a\u00f1o 2015, hace cinco a\u00f1os.<\/p>\r\n<p style=\"text-align: justify;\">Toda una declaraci\u00f3n de intenciones del <strong>modelo del Partido Popular<\/strong> y de sus socios con lo que tenga que ver con el apoyo y promoci\u00f3n de la cultura en sus expresiones m\u00e1s b\u00e1sicas y con el fomento de la lectura y la promoci\u00f3n de las bibliotecas como centros <a href=\"https:\/\/iumotril.org\/sitio\/izquierda-unida-propone-una-estrategia-de-desarrollo-cultural-para-motril\/\">dinamizadores<\/a> de la cultura, ha se\u00f1alado Inma Omiste, su portavoz.<\/p>\r\n<p style=\"text-align: justify;\">La portavoz de IU ha denunciado que el progresivo recorte de recursos y servicios que se han venido aplicando a las bibliotecas municipales en Motril y el <strong>desinter\u00e9s y la desidia<\/strong> del gobierno local\u00a0est\u00e1n llev\u00e1ndolas a una muerte lenta y progresiva, por inanici\u00f3n, hurtando a la ciudad y a sus vecinos y vecinas de un servicio b\u00e1sico.<\/p>\r\n<p style=\"text-align: justify;\"><strong>Inma Omiste<\/strong> ha reclamado a la alcaldesa voluntad pol\u00edtica para recuperar las bibliotecas municipales, dot\u00e1ndolas presupuestariamente para llevar a cabo sus funciones y adecuando sus infraestructuras y equipamientos.\u00a0<\/p>\r\n<p style=\"text-align: justify;\">El primer paso necesario, para la edil de IU-Equo, debe ser la <strong>adscripci\u00f3n de las bibliotecas al \u00c1rea municipal de Cultura,<\/strong> que es su ubicaci\u00f3n natural y no la de Educaci\u00f3n, en la que actualmente\u00a0se encuentra.<\/p>\r\n<p style=\"text-align: justify;\">Ha puesto como ejemplos de la situaci\u00f3n de las bibliotecas la agencia de lectura de <strong>El Varadero,<\/strong> que se encuentra actualmente cerrada por falta de personal, las deficiencias estructurales de las instalaciones de la biblioteca de la <strong>Rambla de Capuchinos<\/strong> y las colas y esperas que se producen en las bibliotecas y en las salas de lectura para leer el \u00fanico ejemplar del peri\u00f3dico en papel que se pone diariamente a disposici\u00f3n de los usuarios<\/p>\r\n","protected":false},"excerpt":{"rendered":"<p>La portavoz de IU ha denunciado que el progresivo recorte de recursos y servicios que se han venido aplicando a las bibliotecas municipales en Motril y el desinter\u00e9s y la desidia del gobierno local\u00a0est\u00e1n llev\u00e1ndolas a una muerte lenta y progresiva, por inanici\u00f3n, hurtando a la ciudad y a sus vecinos y vecinas de un servicio b\u00e1sico.<br \/>\nOmiste ha reclamado a la alcaldesa voluntad pol\u00edtica para recuperar las bibliotecas municipales, dot\u00e1ndolas presupuestariamente para llevar a cabo sus funciones y adecuando sus infraestructuras y equipamientos.\u00a0<\/p>\n","protected":false},"author":1,"featured_media":0,"comment_status":"open","ping_status":"open","sticky":false,"template":"","format":"standard","meta":{"cybocfi_hide_featured_image":"","_jetpack_newsletter_access":"","_jetpack_dont_email_post_to_subs":false,"_jetpack_newsletter_tier_id":0,"_jetpack_memberships_contains_paywalled_content":false,"_jetpack_memberships_contains_paid_content":false,"footnotes":""},"categories":[265],"tags":[1507,433,62,1508],"class_list":["post-6670","post","type-post","status-publish","format-standard","hentry","category-esta-pasando","tag-agencias-de-lectura","tag-bibliotecas","tag-cultura","tag-promocion-lectura"],"jetpack_featured_media_url":"","jetpack_sharing_enabled":true,"jetpack_shortlink":"https:\/\/wp.me\/p4QsU5-1JA","jetpack-related-posts":[{"id":7715,"url":"https:\/\/iumotril.org\/sitio\/iu-equo-denuncia-el-abandono-de-las-bibliotecas-municipales-por-parte-del-gobierno-local\/","url_meta":{"origin":6670,"position":0},"title":"IU-Equo denuncia el abandono de las bibliotecas municipales por parte del gobierno local","author":"Izquierda Unida Motril","date":"6 octubre, 2021","format":false,"excerpt":"La falta de personal municipal en las diferentes bibliotecas, el desinter\u00e9s del equipo de gobierno por la cultura de base y la ineficiente gesti\u00f3n por parte del \u00c1rea de Educaci\u00f3n est\u00e1n condenando a las bibliotecas municipales a una situaci\u00f3n de abandono que \u201cno se merece una ciudad como Motril\u201d. El\u2026","rel":"","context":"En \u00abEST\u00c1 PASANDO\u00bb","block_context":{"text":"EST\u00c1 PASANDO","link":"https:\/\/iumotril.org\/sitio\/category\/esta-pasando\/"},"img":{"alt_text":"","src":"https:\/\/i0.wp.com\/iumotril.org\/sitio\/wp-content\/uploads\/2021\/10\/Jose-Biblioteca-Varadero-6-octubre-176x176.jpg?resize=350%2C200","width":350,"height":200},"classes":[]},{"id":8211,"url":"https:\/\/iumotril.org\/sitio\/iu-equo-vuelve-a-reclamar-la-mejora-de-la-red-de-bibliotecas-municipales\/","url_meta":{"origin":6670,"position":1},"title":"IU-Equo vuelve a reclamar la mejora de la red de bibliotecas municipales","author":"Izquierda Unida Motril","date":"1 junio, 2022","format":false,"excerpt":"IU-Equo denuncia que, en los tres a\u00f1os de gobierno municipal del PP y Ciudadanos, con Luisa Garc\u00eda Chamorro al frente, este deterioro est\u00e1 resultando imparable por la falta de inversiones consignadas para las bibliotecas en el presupuesto municipal, que se ha mantenido en \u201ccantidades econ\u00f3micas rid\u00edculas\u201d para el mantenimiento, con\u2026","rel":"","context":"En \u00abEST\u00c1 PASANDO\u00bb","block_context":{"text":"EST\u00c1 PASANDO","link":"https:\/\/iumotril.org\/sitio\/category\/esta-pasando\/"},"img":{"alt_text":"","src":"https:\/\/i0.wp.com\/iumotril.org\/sitio\/wp-content\/uploads\/2022\/06\/Jose-Llorente-1-junio.jpg?resize=350%2C200","width":350,"height":200,"srcset":"https:\/\/i0.wp.com\/iumotril.org\/sitio\/wp-content\/uploads\/2022\/06\/Jose-Llorente-1-junio.jpg?resize=350%2C200 1x, https:\/\/i0.wp.com\/iumotril.org\/sitio\/wp-content\/uploads\/2022\/06\/Jose-Llorente-1-junio.jpg?resize=525%2C300 1.5x, https:\/\/i0.wp.com\/iumotril.org\/sitio\/wp-content\/uploads\/2022\/06\/Jose-Llorente-1-junio.jpg?resize=700%2C400 2x, https:\/\/i0.wp.com\/iumotril.org\/sitio\/wp-content\/uploads\/2022\/06\/Jose-Llorente-1-junio.jpg?resize=1050%2C600 3x, https:\/\/i0.wp.com\/iumotril.org\/sitio\/wp-content\/uploads\/2022\/06\/Jose-Llorente-1-junio.jpg?resize=1400%2C800 4x"},"classes":[]},{"id":8137,"url":"https:\/\/iumotril.org\/sitio\/iu-equo-denuncia-que-el-ayuntamiento-no-programe-actividades-con-motivo-del-dia-del-libro-en-motril\/","url_meta":{"origin":6670,"position":2},"title":"IU-Equo denuncia que el Ayuntamiento no programe actividades con motivo del D\u00eda del libro en Motril","author":"Izquierda Unida Motril","date":"21 abril, 2022","format":false,"excerpt":"Un a\u00f1o m\u00e1s, los motrile\u00f1os y motrile\u00f1as no podr\u00e1n pasear entre las casetas de las editoriales y de las librer\u00edas de la ciudad instaladas en las plaza de la Aurora y los ni\u00f1os y las ni\u00f1as tampoco podr\u00e1n disfrutar de las actividades l\u00fadicas que se podr\u00edan llevar a cabo en\u2026","rel":"","context":"En \u00abEST\u00c1 PASANDO\u00bb","block_context":{"text":"EST\u00c1 PASANDO","link":"https:\/\/iumotril.org\/sitio\/category\/esta-pasando\/"},"img":{"alt_text":"","src":"https:\/\/i0.wp.com\/iumotril.org\/sitio\/wp-content\/uploads\/2022\/02\/INma-23-F-Mocion-violinsta-2-1-scaled.jpg?resize=350%2C200","width":350,"height":200,"srcset":"https:\/\/i0.wp.com\/iumotril.org\/sitio\/wp-content\/uploads\/2022\/02\/INma-23-F-Mocion-violinsta-2-1-scaled.jpg?resize=350%2C200 1x, https:\/\/i0.wp.com\/iumotril.org\/sitio\/wp-content\/uploads\/2022\/02\/INma-23-F-Mocion-violinsta-2-1-scaled.jpg?resize=525%2C300 1.5x, https:\/\/i0.wp.com\/iumotril.org\/sitio\/wp-content\/uploads\/2022\/02\/INma-23-F-Mocion-violinsta-2-1-scaled.jpg?resize=700%2C400 2x, https:\/\/i0.wp.com\/iumotril.org\/sitio\/wp-content\/uploads\/2022\/02\/INma-23-F-Mocion-violinsta-2-1-scaled.jpg?resize=1050%2C600 3x, https:\/\/i0.wp.com\/iumotril.org\/sitio\/wp-content\/uploads\/2022\/02\/INma-23-F-Mocion-violinsta-2-1-scaled.jpg?resize=1400%2C800 4x"},"classes":[]},{"id":7872,"url":"https:\/\/iumotril.org\/sitio\/iu-equo-reclama-actuaciones-urgentes-de-mejora-en-las-bibliotecas-municipales\/","url_meta":{"origin":6670,"position":3},"title":"IU-Equo reclama actuaciones urgentes de mejora en las bibliotecas municipales","author":"Izquierda Unida Motril","date":"1 diciembre, 2021","format":false,"excerpt":"La situaci\u00f3n de las bibliotecas municipales de Motril es \u201cmanifiestamente mejorable\u201d, sostiene la portavoz del Grupo Municipal de IU-Equo, Inma Omiste, ya que llevan tiempo sin recibir recursos para mantener un servicio que, en los \u00faltimos dos a\u00f1os, se ha deteriorado especialmente, por la \u201cmala labor\u201d del \u00c1rea de Educaci\u00f3n\u2026","rel":"","context":"En \u00abAyuntamiento\u00bb","block_context":{"text":"Ayuntamiento","link":"https:\/\/iumotril.org\/sitio\/category\/ayuntamiento\/"},"img":{"alt_text":"","src":"https:\/\/i0.wp.com\/iumotril.org\/sitio\/wp-content\/uploads\/2021\/06\/66cc9947-a813-4a6c-a625-f286e64d3752.jpg?resize=350%2C200","width":350,"height":200,"srcset":"https:\/\/i0.wp.com\/iumotril.org\/sitio\/wp-content\/uploads\/2021\/06\/66cc9947-a813-4a6c-a625-f286e64d3752.jpg?resize=350%2C200 1x, https:\/\/i0.wp.com\/iumotril.org\/sitio\/wp-content\/uploads\/2021\/06\/66cc9947-a813-4a6c-a625-f286e64d3752.jpg?resize=525%2C300 1.5x, https:\/\/i0.wp.com\/iumotril.org\/sitio\/wp-content\/uploads\/2021\/06\/66cc9947-a813-4a6c-a625-f286e64d3752.jpg?resize=700%2C400 2x, https:\/\/i0.wp.com\/iumotril.org\/sitio\/wp-content\/uploads\/2021\/06\/66cc9947-a813-4a6c-a625-f286e64d3752.jpg?resize=1050%2C600 3x, https:\/\/i0.wp.com\/iumotril.org\/sitio\/wp-content\/uploads\/2021\/06\/66cc9947-a813-4a6c-a625-f286e64d3752.jpg?resize=1400%2C800 4x"},"classes":[]},{"id":8209,"url":"https:\/\/iumotril.org\/sitio\/motril-suspenso-en-educacion\/","url_meta":{"origin":6670,"position":4},"title":"Motril: suspenso en educaci\u00f3n","author":"Izquierda Unida Motril","date":"27 mayo, 2022","format":false,"excerpt":"Y es que el estado actual de las bibliotecas municipales es lamentable. Lamentable por ser generoso, porque podr\u00eda extenderme en una buena lista de adjetivos peyorativos. Estoy convencido de que me dejo muchas cosas, pero creo que estas son esenciales y que vienen a demostrar la desidia y la apat\u00eda\u2026","rel":"","context":"En \u00abEST\u00c1 PASANDO\u00bb","block_context":{"text":"EST\u00c1 PASANDO","link":"https:\/\/iumotril.org\/sitio\/category\/esta-pasando\/"},"img":{"alt_text":"","src":"https:\/\/i0.wp.com\/iumotril.org\/sitio\/wp-content\/uploads\/2022\/05\/biblioteca-de-motril.png?resize=350%2C200","width":350,"height":200,"srcset":"https:\/\/i0.wp.com\/iumotril.org\/sitio\/wp-content\/uploads\/2022\/05\/biblioteca-de-motril.png?resize=350%2C200 1x, https:\/\/i0.wp.com\/iumotril.org\/sitio\/wp-content\/uploads\/2022\/05\/biblioteca-de-motril.png?resize=525%2C300 1.5x, https:\/\/i0.wp.com\/iumotril.org\/sitio\/wp-content\/uploads\/2022\/05\/biblioteca-de-motril.png?resize=700%2C400 2x"},"classes":[]},{"id":8324,"url":"https:\/\/iumotril.org\/sitio\/iu-equo-reclama-un-refuerzo-de-la-plantilla-municipal-para-garantizar-el-adecuado-funcionamiento-de-las-instalaciones-municipales\/","url_meta":{"origin":6670,"position":5},"title":"IU-EQUO reclama un refuerzo de la plantilla municipal para garantizar el adecuado funcionamiento de las instalaciones municipales","author":"Izquierda Unida Motril","date":"27 julio, 2022","format":false,"excerpt":"Museos, instalaciones deportivas y bibliotecas, adem\u00e1s de centros educativos, son las instalaciones que se est\u00e1n viendo afectadas en los \u00faltimos meses por estas circunstancias: la falta de personal que abra y cierre las instalaciones y preste la atenci\u00f3n necesaria a su funcionamiento. Esta situaci\u00f3n y la falta de respuesta del\u2026","rel":"","context":"En \u00abAyuntamiento\u00bb","block_context":{"text":"Ayuntamiento","link":"https:\/\/iumotril.org\/sitio\/category\/ayuntamiento\/"},"img":{"alt_text":"","src":"https:\/\/i0.wp.com\/iumotril.org\/sitio\/wp-content\/uploads\/2022\/07\/Inma-OK-27-julio-scaled.jpg?resize=350%2C200","width":350,"height":200,"srcset":"https:\/\/i0.wp.com\/iumotril.org\/sitio\/wp-content\/uploads\/2022\/07\/Inma-OK-27-julio-scaled.jpg?resize=350%2C200 1x, https:\/\/i0.wp.com\/iumotril.org\/sitio\/wp-content\/uploads\/2022\/07\/Inma-OK-27-julio-scaled.jpg?resize=525%2C300 1.5x, https:\/\/i0.wp.com\/iumotril.org\/sitio\/wp-content\/uploads\/2022\/07\/Inma-OK-27-julio-scaled.jpg?resize=700%2C400 2x, https:\/\/i0.wp.com\/iumotril.org\/sitio\/wp-content\/uploads\/2022\/07\/Inma-OK-27-julio-scaled.jpg?resize=1050%2C600 3x, https:\/\/i0.wp.com\/iumotril.org\/sitio\/wp-content\/uploads\/2022\/07\/Inma-OK-27-julio-scaled.jpg?resize=1400%2C800 4x"},"classes":[]}],"jetpack_likes_enabled":true,"_links":{"self":[{"href":"https:\/\/iumotril.org\/sitio\/wp-json\/wp\/v2\/posts\/6670","targetHints":{"allow":["GET"]}}],"collection":[{"href":"https:\/\/iumotril.org\/sitio\/wp-json\/wp\/v2\/posts"}],"about":[{"href":"https:\/\/iumotril.org\/sitio\/wp-json\/wp\/v2\/types\/post"}],"author":[{"embeddable":true,"href":"https:\/\/iumotril.org\/sitio\/wp-json\/wp\/v2\/users\/1"}],"replies":[{"embeddable":true,"href":"https:\/\/iumotril.org\/sitio\/wp-json\/wp\/v2\/comments?post=6670"}],"version-history":[{"count":6,"href":"https:\/\/iumotril.org\/sitio\/wp-json\/wp\/v2\/posts\/6670\/revisions"}],"predecessor-version":[{"id":6682,"href":"https:\/\/iumotril.org\/sitio\/wp-json\/wp\/v2\/posts\/6670\/revisions\/6682"}],"wp:attachment":[{"href":"https:\/\/iumotril.org\/sitio\/wp-json\/wp\/v2\/media?parent=6670"}],"wp:term":[{"taxonomy":"category","embeddable":true,"href":"https:\/\/iumotril.org\/sitio\/wp-json\/wp\/v2\/categories?post=6670"},{"taxonomy":"post_tag","embeddable":true,"href":"https:\/\/iumotril.org\/sitio\/wp-json\/wp\/v2\/tags?post=6670"}],"curies":[{"name":"wp","href":"https:\/\/api.w.org\/{rel}","templated":true}]}}