{"id":6497,"date":"2020-07-01T13:59:31","date_gmt":"2020-07-01T11:59:31","guid":{"rendered":"http:\/\/iumotril.org\/sitio\/?p=6497"},"modified":"2020-07-01T17:59:14","modified_gmt":"2020-07-01T15:59:14","slug":"iu-equo-denuncia-enchufismo-en-la-contratacion-de-auxiliares-de-vigilancia-de-las-playas-de-motril-y-calahonda","status":"publish","type":"post","link":"https:\/\/iumotril.org\/sitio\/iu-equo-denuncia-enchufismo-en-la-contratacion-de-auxiliares-de-vigilancia-de-las-playas-de-motril-y-calahonda\/","title":{"rendered":"IU-Equo denuncia enchufismo en la contrataci\u00f3n de auxiliares de vigilancia de las playas de Motril y Calahonda"},"content":{"rendered":"<p style=\"text-align: justify;\"><span style=\"color: #993300;\">Entre los 84 auxiliares contratados para la vigilancia de las playas de Motril y Calahonda se encuentra un familiar directo de la presidenta de la ELA de Carchuna-Calahonda y una persona muy cercana a la alcaldesa de Motril, adem\u00e1s de otras vinculadas familiar o pol\u00edticamente al entorno del Partido Popular de Motril.<\/span><\/p>\r\n<p style=\"text-align: justify;\"><span style=\"color: #993300;\">El Ayuntamiento de Motril y la Junta de Andaluc\u00eda siguen sin facilitar informaci\u00f3n sobre el personal contratado y los criterios seguidos en un proceso de selecci\u00f3n que se ha caracterizado por la improvisaci\u00f3n,\u00a0la falta de transparencia, y por sus intenciones propagand\u00edsticas.<\/span><\/p>\r\n<p style=\"text-align: justify;\"><span style=\"color: #993300;\">Exige a Garc\u00eda Chamorro y a Concepci\u00f3n Abarca que expliquen p\u00fablicamente a los m\u00e1s de 6.600 personas paradas registradas en Motril por qu\u00e9 no han tenido las mismas oportunidades que sus familiares y sus amigos<\/span><\/p>\r\n<p style=\"text-align: justify;\">El concejal de IU-Equo, Jose Llorente, ha informado de que su Grupo ha tenido acceso a la informaci\u00f3n relativa a las contrataciones de <a href=\"https:\/\/iumotril.org\/sitio\/iu-equo-reclama-transparencia-en-la-seleccion-de-los-auxiliares-de-control-de-playas\/\"><strong>auxiliares de vigilancia para las playas de Motril<\/strong> <\/a>y de <strong>Calahonda<\/strong>, a pesar de que el Ayuntamiento se ha negado a facilitarla aduciendo desconocer tanto la relaci\u00f3n de las personas finalmente contratados como su lugar de procedencia.<\/p>\r\n<figure id=\"attachment_6505\" aria-describedby=\"caption-attachment-6505\" style=\"width: 456px\" class=\"wp-caption alignleft\"><img loading=\"lazy\" decoding=\"async\" data-attachment-id=\"6505\" data-permalink=\"https:\/\/iumotril.org\/sitio\/iu-equo-denuncia-enchufismo-en-la-contratacion-de-auxiliares-de-vigilancia-de-las-playas-de-motril-y-calahonda\/photo-2020-07-01-11-18-54\/\" data-orig-file=\"https:\/\/iumotril.org\/sitio\/wp-content\/uploads\/2020\/07\/PHOTO-2020-07-01-11-18-54.jpg\" data-orig-size=\"768,1024\" data-comments-opened=\"1\" data-image-meta=\"{&quot;aperture&quot;:&quot;0&quot;,&quot;credit&quot;:&quot;&quot;,&quot;camera&quot;:&quot;&quot;,&quot;caption&quot;:&quot;&quot;,&quot;created_timestamp&quot;:&quot;0&quot;,&quot;copyright&quot;:&quot;&quot;,&quot;focal_length&quot;:&quot;0&quot;,&quot;iso&quot;:&quot;0&quot;,&quot;shutter_speed&quot;:&quot;0&quot;,&quot;title&quot;:&quot;&quot;,&quot;orientation&quot;:&quot;0&quot;}\" data-image-title=\"PHOTO-2020-07-01-11-18-54\" data-image-description=\"\" data-image-caption=\"\" data-large-file=\"https:\/\/iumotril.org\/sitio\/wp-content\/uploads\/2020\/07\/PHOTO-2020-07-01-11-18-54.jpg\" class=\"wp-image-6505\" src=\"https:\/\/iumotril.org\/sitio\/wp-content\/uploads\/2020\/07\/PHOTO-2020-07-01-11-18-54.jpg\" alt=\"\" width=\"456\" height=\"608\" srcset=\"https:\/\/iumotril.org\/sitio\/wp-content\/uploads\/2020\/07\/PHOTO-2020-07-01-11-18-54.jpg 768w, https:\/\/iumotril.org\/sitio\/wp-content\/uploads\/2020\/07\/PHOTO-2020-07-01-11-18-54-225x300.jpg 225w\" sizes=\"auto, (max-width: 456px) 100vw, 456px\" \/><figcaption id=\"caption-attachment-6505\" class=\"wp-caption-text\">Jose Llorente, concejal de IU-Equo<\/figcaption><\/figure>\r\n<p style=\"text-align: justify;\">Tras una primera revisi\u00f3n se ha comprobado que, entre las personas contratadas, se encuentran <strong>un hijo de la presidenta de la ELA de Carchuna-Calahonda<\/strong>, Concepci\u00f3n Abarca, teniente de alcalde y concejala de Relaciones institucionales, comunicaci\u00f3n y Parques y jardines del Ayuntamiento de Motril, as\u00ed como <strong>una persona muy cercana a la alcaldesa de Motril,<\/strong> Luisa Garc\u00eda Chamorro.\u00a0<\/p>\r\n<p style=\"text-align: justify;\">Adem\u00e1s, tambi\u00e9n se encuentra <strong>el hijo de un cargo de confianza<\/strong> del equipo de comunicaci\u00f3n de la Alcald\u00eda de Motril.<\/p>\r\n<p style=\"text-align: justify;\">En principio, seg\u00fan lo anunciado por la Junta de Andaluc\u00eda, este personal percibir\u00e1 durante los tres meses de duraci\u00f3n de su contrato una retribuci\u00f3n neta de <strong>1.900 euros mensuales.<\/strong><\/p>\r\n<p style=\"text-align: justify;\">El concejal de IU-Equo ha manifestado que, al menos en estos casos, la limpieza del proceso de selecci\u00f3n presenta muchas dudas, cuando no <strong>presuntos indicios de trato de favor<\/strong> y presuntas irregularidades.<\/p>\r\n<p style=\"text-align: justify;\">De cualquier modo, desde IU-Equo entendemos que a la vista de la falta de transparencia de la convocatoria y del proceso de selecci\u00f3n, la <strong>contrataci\u00f3n de familiares directos o amigos<\/strong> de cargos pol\u00edticos con responsabilidades p\u00fablicas es absolutamente <strong>reprobable<\/strong>.\u00a0<\/p>\r\n<p style=\"text-align: justify;\">Todos los responsables pol\u00edticos y a\u00fan m\u00e1s los que ostentan cargos p\u00fablicos, tenemos la obligaci\u00f3n \u00e9tica y moral de ser pulcros, rigurosamente escrupulosos y totalmente <strong>ejemplares en estos asuntos.<\/strong><\/p>\r\n<p style=\"text-align: justify;\">Seg\u00fan el edil de IU-Equo, estamos ante un asunto institucionalmente muy grave, ya que <strong>afecta de lleno al Gobierno andaluz y al Gobierno local de Motril.<\/strong> A su credibilidad y a su manera de hacer las cosas.<\/p>\r\n<p style=\"text-align: justify;\">Nuestra obligaci\u00f3n es denunciarlo porque entendemos que ha podido existir una presunta discriminaci\u00f3n hacia las personas paradas de Motril y de su Comarca que, en muchos casos, no han tenido la opci\u00f3n de solicitar estas plazas o no han contado con la informaci\u00f3n necesaria y suficiente para su solicitud en tiempo y forma.\u00a0<\/p>\r\n<p style=\"text-align: justify;\">Llorente ha reclamado a la alcaldesa de Motril, Luisa Garc\u00eda Chamorro, que ofrezca <strong>p\u00fablicas explicaciones<\/strong> de estas circunstancias a los m\u00e1s de 6.600 parados y paradas de Motril que han visto, nuevamente, frustradas sus expectativas de obtener un empleo, incluso en una situaci\u00f3n de excepcionalidad como la que estamos viviendo<\/p>\r\n","protected":false},"excerpt":{"rendered":"<p>Tras una primera revisi\u00f3n se ha comprobado que, entre las personas contratadas, se encuentran un hijo de la presidenta de la ELA de Carchuna-Calahonda, Concepci\u00f3n Abarca, teniente de alcalde y concejala de Relaciones institucionales, comunicaci\u00f3n y Parques y jardines del Ayuntamiento de Motril, as\u00ed como una persona muy cercana a la alcaldesa de Motril, Luisa Garc\u00eda Chamorro.<br \/>\nEstamos ante un asunto institucionalmente muy grave, ya que afecta de lleno al Gobierno andaluz y al Gobierno local de Motril. A su credibilidad y a su manera de hacer las cosas.  La alcaldesa de Motril, Luisa Garc\u00eda Chamorro, debe ofrecer p\u00fablicas explicaciones de estas circunstancias a los m\u00e1s de 6.600 parados y paradas de Motril que han visto, nuevamente, frustradas sus expectativas de obtener un empleo, incluso en una situaci\u00f3n de excepcionalidad como la que estamos viviendo<\/p>\n","protected":false},"author":1,"featured_media":0,"comment_status":"open","ping_status":"open","sticky":false,"template":"","format":"standard","meta":{"cybocfi_hide_featured_image":"","_jetpack_newsletter_access":"","_jetpack_dont_email_post_to_subs":false,"_jetpack_newsletter_tier_id":0,"_jetpack_memberships_contains_paywalled_content":false,"_jetpack_memberships_contains_paid_content":false,"footnotes":""},"categories":[265,22],"tags":[],"class_list":["post-6497","post","type-post","status-publish","format-standard","hentry","category-esta-pasando","category-playas"],"jetpack_featured_media_url":"","jetpack_sharing_enabled":true,"jetpack_shortlink":"https:\/\/wp.me\/p4QsU5-1GN","jetpack-related-posts":[{"id":6295,"url":"https:\/\/iumotril.org\/sitio\/iu-equo-reclama-transparencia-en-la-seleccion-de-los-auxiliares-de-control-de-playas\/","url_meta":{"origin":6497,"position":0},"title":"IU-Equo reclama transparencia en la selecci\u00f3n de los auxiliares de control de playas","author":"Izquierda Unida Motril","date":"1 junio, 2020","format":false,"excerpt":"Desde el Grupo Municipal de Izquierda Unida-Equo se cuestiona la transparencia y la eficacia de la selecci\u00f3n a trav\u00e9s de la bolsa \u00fanica de empleo de la Junta de Andaluc\u00eda para cubrir las 86 plazas de auxiliares de informaci\u00f3n y control de acceso y aforo de las playas de Motril,\u2026","rel":"","context":"En \u00abCovid_19\u00bb","block_context":{"text":"Covid_19","link":"https:\/\/iumotril.org\/sitio\/category\/covid_19\/"},"img":{"alt_text":"","src":"https:\/\/i0.wp.com\/iumotril.org\/sitio\/wp-content\/uploads\/2020\/06\/PHOTO-2020-06-01-10-17-19-1024x768.jpg?resize=350%2C200","width":350,"height":200,"srcset":"https:\/\/i0.wp.com\/iumotril.org\/sitio\/wp-content\/uploads\/2020\/06\/PHOTO-2020-06-01-10-17-19-1024x768.jpg?resize=350%2C200 1x, https:\/\/i0.wp.com\/iumotril.org\/sitio\/wp-content\/uploads\/2020\/06\/PHOTO-2020-06-01-10-17-19-1024x768.jpg?resize=525%2C300 1.5x"},"classes":[]},{"id":6868,"url":"https:\/\/iumotril.org\/sitio\/conchi-abarca-y-el-partido-popular-de-motril-logran-su-objetivo-carchuna-calahonda-no-sera-municipio-independiente\/","url_meta":{"origin":6497,"position":1},"title":"Conchi Abarca y el Partido Popular de Motril logran su objetivo: Carchuna-Calahonda no ser\u00e1 municipio independiente","author":"Izquierda Unida Motril","date":"9 noviembre, 2020","format":false,"excerpt":"Durante todo este tiempo la presidenta de la ELA ha prestado un importante servicio al Partido Popular de Motril y a su mentor y amigo, Carlos Rojas: Carchuna-Calahonda sigue siendo una pedan\u00eda de Motril en la que el PP motrile\u00f1o ejerce un f\u00e9rreo control que le reporta importantes r\u00e9ditos electorales.\u2026","rel":"","context":"En \u00abEST\u00c1 PASANDO\u00bb","block_context":{"text":"EST\u00c1 PASANDO","link":"https:\/\/iumotril.org\/sitio\/category\/esta-pasando\/"},"img":{"alt_text":"","src":"https:\/\/i0.wp.com\/iumotril.org\/sitio\/wp-content\/uploads\/2020\/11\/Abarca-y-Rojas-176x176.jpeg?resize=350%2C200","width":350,"height":200},"classes":[]},{"id":9241,"url":"https:\/\/iumotril.org\/sitio\/iu-verdes-equo-anuncia-la-puesta-en-marcha-de-un-plan-de-actuaciones-anual-para-mejorar-las-playas-de-motril-y-su-entorno\/","url_meta":{"origin":6497,"position":2},"title":"IU-Verdes Equo anuncia la puesta en marcha de un plan de actuaciones anual para mejorar las playas de Motril y su entorno","author":"Izquierda Unida Motril","date":"15 mayo, 2023","format":false,"excerpt":"\u201cApostar por nuestras playas es hacerlo por la desestacionalizaci\u00f3n de su oferta\u201d, es decir, por tenerlas en perfecto estado de uso para vecinos, vecinas y visitantes a lo largo de todo el a\u00f1o, ha declarado. Ha reivindicado que es posible, desde las competencias municipales, intervenir para mejorar el estado y\u2026","rel":"","context":"En \u00abEST\u00c1 PASANDO\u00bb","block_context":{"text":"EST\u00c1 PASANDO","link":"https:\/\/iumotril.org\/sitio\/category\/esta-pasando\/"},"img":{"alt_text":"","src":"https:\/\/i0.wp.com\/iumotril.org\/sitio\/wp-content\/uploads\/2023\/05\/Azucenas-2.jpg?resize=350%2C200&ssl=1","width":350,"height":200},"classes":[]},{"id":2351,"url":"https:\/\/iumotril.org\/sitio\/izquierda-unida-denuncia-la-falta-de-accesibilidad-en-las-playas-de-calahonda\/","url_meta":{"origin":6497,"position":3},"title":"IZQUIERDA UNIDA DENUNCIA LA FALTA DE ACCESIBILIDAD EN LAS PLAYAS DE CALAHONDA","author":"Izquierda Unida Motril","date":"17 agosto, 2016","format":false,"excerpt":"Se hace eco de las denuncias de varios vecinos afectados que critican el deplorable estado de las pasarelas, los ba\u00f1os o las duchas que, en ning\u00fan caso, contemplan la plena accesibilidad de las personas con diversidad funcional.","rel":"","context":"En \u00abEST\u00c1 PASANDO\u00bb","block_context":{"text":"EST\u00c1 PASANDO","link":"https:\/\/iumotril.org\/sitio\/category\/esta-pasando\/"},"img":{"alt_text":"","src":"https:\/\/i0.wp.com\/iumotril.org\/sitio\/wp-content\/uploads\/2016\/08\/calahonda-3-222x300.jpg?resize=350%2C200&ssl=1","width":350,"height":200,"srcset":"https:\/\/i0.wp.com\/iumotril.org\/sitio\/wp-content\/uploads\/2016\/08\/calahonda-3-222x300.jpg?resize=350%2C200&ssl=1 1x, https:\/\/i0.wp.com\/iumotril.org\/sitio\/wp-content\/uploads\/2016\/08\/calahonda-3-222x300.jpg?resize=525%2C300&ssl=1 1.5x"},"classes":[]},{"id":8322,"url":"https:\/\/iumotril.org\/sitio\/iu-equo-denuncia-el-incumplimiento-de-los-requisitos-del-distintivo-q-de-calidad-en-las-playas-de-motril\/","url_meta":{"origin":6497,"position":4},"title":"IU-Equo denuncia el incumplimiento de los requisitos del distintivo Q de calidad en las playas de Motril","author":"Izquierda Unida Motril","date":"2 agosto, 2022","format":false,"excerpt":"Ante las numerosas cr\u00edticas y denuncias,\u00a0 por parte de vecinos, visitantes y turistas, la principal actuaci\u00f3n de la alcaldesa ha sido envolverse en las banderas con la Q de calidad para intentar ocultar el desastroso estado de estas playas que, iniciado el mes de agosto, siguen a\u00fan presentando importantes deficiencias,\u2026","rel":"","context":"En \u00abEST\u00c1 PASANDO\u00bb","block_context":{"text":"EST\u00c1 PASANDO","link":"https:\/\/iumotril.org\/sitio\/category\/esta-pasando\/"},"img":{"alt_text":"","src":"https:\/\/i0.wp.com\/iumotril.org\/sitio\/wp-content\/uploads\/2022\/08\/IMG-6295-scaled.jpg?resize=350%2C200","width":350,"height":200,"srcset":"https:\/\/i0.wp.com\/iumotril.org\/sitio\/wp-content\/uploads\/2022\/08\/IMG-6295-scaled.jpg?resize=350%2C200 1x, https:\/\/i0.wp.com\/iumotril.org\/sitio\/wp-content\/uploads\/2022\/08\/IMG-6295-scaled.jpg?resize=525%2C300 1.5x, https:\/\/i0.wp.com\/iumotril.org\/sitio\/wp-content\/uploads\/2022\/08\/IMG-6295-scaled.jpg?resize=700%2C400 2x, https:\/\/i0.wp.com\/iumotril.org\/sitio\/wp-content\/uploads\/2022\/08\/IMG-6295-scaled.jpg?resize=1050%2C600 3x, https:\/\/i0.wp.com\/iumotril.org\/sitio\/wp-content\/uploads\/2022\/08\/IMG-6295-scaled.jpg?resize=1400%2C800 4x"},"classes":[]},{"id":2985,"url":"https:\/\/iumotril.org\/sitio\/izquierda-unida-denuncia-que-las-playas-de-motril-no-tengan-aun-el-servicio-de-vigilancia-y-socorrismo\/","url_meta":{"origin":6497,"position":5},"title":"IZQUIERDA UNIDA DENUNCIA QUE LAS PLAYAS DE MOTRIL NO TENGAN A\u00daN EL SERVICIO DE VIGILANCIA Y SOCORRISMO","author":"Izquierda Unida Motril","date":"10 julio, 2017","format":false,"excerpt":"Con actuaciones como \u00e9sta --ya habituales en la gesti\u00f3n de los asuntos de la ciudad--, se est\u00e1 destruyendo, paso a paso, uno de los mayores y mejores activos con que cuenta Motril: el atractivo de sus playas para vecinos y visitantes, adem\u00e1s de minar la potencialidad de la actividad tur\u00edstica.\u2026","rel":"","context":"En \u00abEST\u00c1 PASANDO\u00bb","block_context":{"text":"EST\u00c1 PASANDO","link":"https:\/\/iumotril.org\/sitio\/category\/esta-pasando\/"},"img":{"alt_text":"","src":"https:\/\/i0.wp.com\/iumotril.org\/sitio\/wp-content\/uploads\/2017\/07\/flor_almon_antonio_escamez_alicia_crespo_y_francisco_sanchez_cantalejo_izan_la_q_de_calidad-1024x751.jpg?resize=350%2C200","width":350,"height":200},"classes":[]}],"jetpack_likes_enabled":true,"_links":{"self":[{"href":"https:\/\/iumotril.org\/sitio\/wp-json\/wp\/v2\/posts\/6497","targetHints":{"allow":["GET"]}}],"collection":[{"href":"https:\/\/iumotril.org\/sitio\/wp-json\/wp\/v2\/posts"}],"about":[{"href":"https:\/\/iumotril.org\/sitio\/wp-json\/wp\/v2\/types\/post"}],"author":[{"embeddable":true,"href":"https:\/\/iumotril.org\/sitio\/wp-json\/wp\/v2\/users\/1"}],"replies":[{"embeddable":true,"href":"https:\/\/iumotril.org\/sitio\/wp-json\/wp\/v2\/comments?post=6497"}],"version-history":[{"count":12,"href":"https:\/\/iumotril.org\/sitio\/wp-json\/wp\/v2\/posts\/6497\/revisions"}],"predecessor-version":[{"id":6511,"href":"https:\/\/iumotril.org\/sitio\/wp-json\/wp\/v2\/posts\/6497\/revisions\/6511"}],"wp:attachment":[{"href":"https:\/\/iumotril.org\/sitio\/wp-json\/wp\/v2\/media?parent=6497"}],"wp:term":[{"taxonomy":"category","embeddable":true,"href":"https:\/\/iumotril.org\/sitio\/wp-json\/wp\/v2\/categories?post=6497"},{"taxonomy":"post_tag","embeddable":true,"href":"https:\/\/iumotril.org\/sitio\/wp-json\/wp\/v2\/tags?post=6497"}],"curies":[{"name":"wp","href":"https:\/\/api.w.org\/{rel}","templated":true}]}}