{"id":63,"date":"2014-07-23T11:44:10","date_gmt":"2014-07-23T11:44:10","guid":{"rendered":"http:\/\/iumotril.org\/sitio\/?p=63"},"modified":"2014-07-25T14:11:47","modified_gmt":"2014-07-25T14:11:47","slug":"gaza-somos-todos","status":"publish","type":"post","link":"https:\/\/iumotril.org\/sitio\/gaza-somos-todos\/","title":{"rendered":"Gaza somos todos"},"content":{"rendered":"<p><span class=\"userContent\">Iu Motril hace un llamamiento a la ciudadan\u00eda para que acudan a la <strong>concentraci\u00f3n<\/strong> en apoyo al <strong>pueblo Palestino<\/strong> que tendr\u00e1 lugar el <strong>s\u00e1bado 26 de julio en la Plaza de la Aurora de Motril desde las 21:00 hasta las 22:30<\/strong>. <\/span><\/p>\n<p style=\"text-align: center;\"><strong><span class=\"userContent\">PALESTINA SOMOS TODOS<\/span><\/strong><\/p>\n<p style=\"text-align: center;\"><a href=\"https:\/\/iumotril.org\/sitio\/wp-content\/uploads\/2014\/07\/gazasomostodos.jpg\"><img loading=\"lazy\" decoding=\"async\" data-attachment-id=\"67\" data-permalink=\"https:\/\/iumotril.org\/sitio\/gaza-somos-todos\/gazasomostodos\/\" data-orig-file=\"https:\/\/iumotril.org\/sitio\/wp-content\/uploads\/2014\/07\/gazasomostodos.jpg\" data-orig-size=\"447,240\" data-comments-opened=\"1\" data-image-meta=\"{&quot;aperture&quot;:&quot;0&quot;,&quot;credit&quot;:&quot;&quot;,&quot;camera&quot;:&quot;&quot;,&quot;caption&quot;:&quot;&quot;,&quot;created_timestamp&quot;:&quot;0&quot;,&quot;copyright&quot;:&quot;&quot;,&quot;focal_length&quot;:&quot;0&quot;,&quot;iso&quot;:&quot;0&quot;,&quot;shutter_speed&quot;:&quot;0&quot;,&quot;title&quot;:&quot;&quot;,&quot;orientation&quot;:&quot;0&quot;}\" data-image-title=\"gazasomostodos\" data-image-description=\"\" data-image-caption=\"\" data-large-file=\"https:\/\/iumotril.org\/sitio\/wp-content\/uploads\/2014\/07\/gazasomostodos.jpg\" class=\"alignnone  wp-image-67\" src=\"https:\/\/iumotril.org\/sitio\/wp-content\/uploads\/2014\/07\/gazasomostodos-300x161.jpg\" alt=\"gazasomostodos\" width=\"373\" height=\"200\" srcset=\"https:\/\/iumotril.org\/sitio\/wp-content\/uploads\/2014\/07\/gazasomostodos-300x161.jpg 300w, https:\/\/iumotril.org\/sitio\/wp-content\/uploads\/2014\/07\/gazasomostodos.jpg 447w\" sizes=\"auto, (max-width: 373px) 100vw, 373px\" \/><\/a><\/p>\n","protected":false},"excerpt":{"rendered":"<p>Iu Motril hace un llamamiento a la ciudadan\u00eda para que [&hellip;]<\/p>\n","protected":false},"author":1,"featured_media":0,"comment_status":"open","ping_status":"open","sticky":false,"template":"","format":"standard","meta":{"cybocfi_hide_featured_image":"","_jetpack_newsletter_access":"","_jetpack_dont_email_post_to_subs":false,"_jetpack_newsletter_tier_id":0,"_jetpack_memberships_contains_paywalled_content":false,"_jetpack_memberships_contains_paid_content":false,"footnotes":""},"categories":[1],"tags":[25,26],"class_list":["post-63","post","type-post","status-publish","format-standard","hentry","category-sin-categoria","tag-gaza","tag-palestina"],"jetpack_featured_media_url":"","jetpack_sharing_enabled":true,"jetpack_shortlink":"https:\/\/wp.me\/p4QsU5-11","jetpack-related-posts":[{"id":61,"url":"https:\/\/iumotril.org\/sitio\/stop-bombas-en-gaza\/","url_meta":{"origin":63,"position":0},"title":"Stop Bombas en Gaza","author":"Izquierda Unida Motril","date":"22 julio, 2014","format":false,"excerpt":"","rel":"","context":"En \u00abSin categor\u00eda\u00bb","block_context":{"text":"Sin categor\u00eda","link":"https:\/\/iumotril.org\/sitio\/category\/sin-categoria\/"},"img":{"alt_text":"","src":"https:\/\/scontent-b.xx.fbcdn.net\/hphotos-xpf1\/t1.0-9\/10353018_790203454335282_6063265555891525445_n.jpg","width":350,"height":200},"classes":[]},{"id":9553,"url":"https:\/\/iumotril.org\/sitio\/iu-verdes-equo-presenta-una-mocion-de-apoyo-y-solidaridad-con-el-pueblo-palestino\/","url_meta":{"origin":63,"position":1},"title":"IU Verdes Equo presenta una moci\u00f3n de Apoyo y solidaridad con el Pueblo Palestino","author":"Izquierda Unida Motril","date":"30 octubre, 2023","format":false,"excerpt":"Ante la declaraci\u00f3n de estado de guerra por parte de las autoridades israel\u00edes por primera vez desde 1973, recordamos el derecho a la resistencia mediante todos los medios a su alcance que tienen los pueblos bajo ocupaci\u00f3n, tal y como le ocurre al pueblo palestino desde hace 75 a\u00f1os. Frente\u2026","rel":"","context":"En \u00abAyuntamiento\u00bb","block_context":{"text":"Ayuntamiento","link":"https:\/\/iumotril.org\/sitio\/category\/ayuntamiento\/"},"img":{"alt_text":"","src":"https:\/\/i0.wp.com\/iumotril.org\/sitio\/wp-content\/uploads\/2023\/10\/23_PALESTINA_SUCOT_WEB_ID.jpg.1140x832_q85_box-01515231127_crop_detail.jpg?resize=350%2C200&ssl=1","width":350,"height":200,"srcset":"https:\/\/i0.wp.com\/iumotril.org\/sitio\/wp-content\/uploads\/2023\/10\/23_PALESTINA_SUCOT_WEB_ID.jpg.1140x832_q85_box-01515231127_crop_detail.jpg?resize=350%2C200&ssl=1 1x, https:\/\/i0.wp.com\/iumotril.org\/sitio\/wp-content\/uploads\/2023\/10\/23_PALESTINA_SUCOT_WEB_ID.jpg.1140x832_q85_box-01515231127_crop_detail.jpg?resize=525%2C300&ssl=1 1.5x, https:\/\/i0.wp.com\/iumotril.org\/sitio\/wp-content\/uploads\/2023\/10\/23_PALESTINA_SUCOT_WEB_ID.jpg.1140x832_q85_box-01515231127_crop_detail.jpg?resize=700%2C400&ssl=1 2x, https:\/\/i0.wp.com\/iumotril.org\/sitio\/wp-content\/uploads\/2023\/10\/23_PALESTINA_SUCOT_WEB_ID.jpg.1140x832_q85_box-01515231127_crop_detail.jpg?resize=1050%2C600&ssl=1 3x"},"classes":[]},{"id":9764,"url":"https:\/\/iumotril.org\/sitio\/iu-verdes-equo-pide-que-motril-se-sume-a-la-reclamacion-internacional-para-parar-las-guerras-en-ucrania-y-palestina\/","url_meta":{"origin":63,"position":2},"title":"IU Verdes Equo pide que Motril se sume a la reclamaci\u00f3n internacional para parar las guerras en Ucrania y Palestina","author":"Izquierda Unida Motril","date":"31 enero, 2024","format":false,"excerpt":"dem\u00e1s de sus consecuencias dram\u00e1ticas en t\u00e9rminos humanitarios, muchas de sus secuelas tambi\u00e9n se est\u00e1n haciendo notar en el conjunto de los pa\u00edses de la Uni\u00f3n Europea y desde luego en el nuestro, como son la inflaci\u00f3n, la p\u00e9rdida de poder adquisitivo de la poblaci\u00f3n, la subida de hipotecas y\u2026","rel":"","context":"En \u00abEST\u00c1 PASANDO\u00bb","block_context":{"text":"EST\u00c1 PASANDO","link":"https:\/\/iumotril.org\/sitio\/category\/esta-pasando\/"},"img":{"alt_text":"","src":"https:\/\/i0.wp.com\/iumotril.org\/sitio\/wp-content\/uploads\/2024\/01\/no-a-la-guerra_20792760_20220301073916.jpg?resize=350%2C200&ssl=1","width":350,"height":200,"srcset":"https:\/\/i0.wp.com\/iumotril.org\/sitio\/wp-content\/uploads\/2024\/01\/no-a-la-guerra_20792760_20220301073916.jpg?resize=350%2C200&ssl=1 1x, https:\/\/i0.wp.com\/iumotril.org\/sitio\/wp-content\/uploads\/2024\/01\/no-a-la-guerra_20792760_20220301073916.jpg?resize=525%2C300&ssl=1 1.5x"},"classes":[]},{"id":85,"url":"https:\/\/iumotril.org\/sitio\/libertad-para-palestina\/","url_meta":{"origin":63,"position":3},"title":"Libertad para Palestina","author":"Izquierda Unida Motril","date":"18 agosto, 2014","format":false,"excerpt":"","rel":"","context":"En \u00abSin categor\u00eda\u00bb","block_context":{"text":"Sin categor\u00eda","link":"https:\/\/iumotril.org\/sitio\/category\/sin-categoria\/"},"img":{"alt_text":"","src":"https:\/\/scontent-b.xx.fbcdn.net\/hphotos-xfp1\/v\/t1.0-9\/s720x720\/10570256_804634579558836_8179687529103929224_n.jpg?oh=11883aa5543c2de3049244476f4feffe&oe=5481BA49","width":350,"height":200},"classes":[]},{"id":9824,"url":"https:\/\/iumotril.org\/sitio\/reclamamos-al-gobierno-andaluz-el-abono-de-su-deuda-con-motril-por-impago-de-su-participacion-en-los-tributos-de-la-comunidad-autonoma\/","url_meta":{"origin":63,"position":4},"title":"Reclamamos al gobierno andaluz el abono de su deuda con Motril por impago de su participaci\u00f3n en los tributos de la Comunidad Aut\u00f3noma","author":"Izquierda Unida Motril","date":"22 febrero, 2024","format":false,"excerpt":"El incumplimiento de la PATRICA no tiene justificaci\u00f3n alguna ni por el contexto institucional, ni por raz\u00f3n alguna econ\u00f3mica\u2013ha afirmado\u2013..\u00a0 Garc\u00eda Llorente, ha se\u00f1alado que las administraciones locales est\u00e1n sufriendo\u00a0 en los \u00faltimos a\u00f1os las consecuencias de las crisis econ\u00f3micas derivadas de la pandemia, de las guerras de Ucrania y\u2026","rel":"","context":"En \u00abAyuntamiento\u00bb","block_context":{"text":"Ayuntamiento","link":"https:\/\/iumotril.org\/sitio\/category\/ayuntamiento\/"},"img":{"alt_text":"","src":"https:\/\/i0.wp.com\/iumotril.org\/sitio\/wp-content\/uploads\/2024\/02\/Patrica.jpg?resize=350%2C200&ssl=1","width":350,"height":200,"srcset":"https:\/\/i0.wp.com\/iumotril.org\/sitio\/wp-content\/uploads\/2024\/02\/Patrica.jpg?resize=350%2C200&ssl=1 1x, https:\/\/i0.wp.com\/iumotril.org\/sitio\/wp-content\/uploads\/2024\/02\/Patrica.jpg?resize=525%2C300&ssl=1 1.5x, https:\/\/i0.wp.com\/iumotril.org\/sitio\/wp-content\/uploads\/2024\/02\/Patrica.jpg?resize=700%2C400&ssl=1 2x, https:\/\/i0.wp.com\/iumotril.org\/sitio\/wp-content\/uploads\/2024\/02\/Patrica.jpg?resize=1050%2C600&ssl=1 3x"},"classes":[]},{"id":10596,"url":"https:\/\/iumotril.org\/sitio\/1-de-mayo-proteger-lo-conquistado-ganar-futuro\/","url_meta":{"origin":63,"position":5},"title":"1\u00ba de Mayo. Proteger lo conquistado, ganar futuro.","author":"Izquierda Unida Motril","date":"30 abril, 2025","format":false,"excerpt":"desde Izquierda Unida Motril llamamos a la movilizaci\u00f3n ciudadana, una vez m\u00e1s, en defensa de los derechos laborales. En Motril la manifestaci\u00f3n saldr\u00e1 a las 12 del mediod\u00eda desde la Avendia P\u00edo XII (Pza de las Mercedarias). Este 1\u00ba de mayo se presenta no solo como una acci\u00f3n reivindicativa por\u2026","rel":"","context":"En \u00abEST\u00c1 PASANDO\u00bb","block_context":{"text":"EST\u00c1 PASANDO","link":"https:\/\/iumotril.org\/sitio\/category\/esta-pasando\/"},"img":{"alt_text":"","src":"https:\/\/i0.wp.com\/iumotril.org\/sitio\/wp-content\/uploads\/2025\/04\/IMG_4459.png?resize=350%2C200&ssl=1","width":350,"height":200,"srcset":"https:\/\/i0.wp.com\/iumotril.org\/sitio\/wp-content\/uploads\/2025\/04\/IMG_4459.png?resize=350%2C200&ssl=1 1x, https:\/\/i0.wp.com\/iumotril.org\/sitio\/wp-content\/uploads\/2025\/04\/IMG_4459.png?resize=525%2C300&ssl=1 1.5x, https:\/\/i0.wp.com\/iumotril.org\/sitio\/wp-content\/uploads\/2025\/04\/IMG_4459.png?resize=700%2C400&ssl=1 2x, https:\/\/i0.wp.com\/iumotril.org\/sitio\/wp-content\/uploads\/2025\/04\/IMG_4459.png?resize=1050%2C600&ssl=1 3x, https:\/\/i0.wp.com\/iumotril.org\/sitio\/wp-content\/uploads\/2025\/04\/IMG_4459.png?resize=1400%2C800&ssl=1 4x"},"classes":[]}],"jetpack_likes_enabled":true,"_links":{"self":[{"href":"https:\/\/iumotril.org\/sitio\/wp-json\/wp\/v2\/posts\/63","targetHints":{"allow":["GET"]}}],"collection":[{"href":"https:\/\/iumotril.org\/sitio\/wp-json\/wp\/v2\/posts"}],"about":[{"href":"https:\/\/iumotril.org\/sitio\/wp-json\/wp\/v2\/types\/post"}],"author":[{"embeddable":true,"href":"https:\/\/iumotril.org\/sitio\/wp-json\/wp\/v2\/users\/1"}],"replies":[{"embeddable":true,"href":"https:\/\/iumotril.org\/sitio\/wp-json\/wp\/v2\/comments?post=63"}],"version-history":[{"count":2,"href":"https:\/\/iumotril.org\/sitio\/wp-json\/wp\/v2\/posts\/63\/revisions"}],"predecessor-version":[{"id":68,"href":"https:\/\/iumotril.org\/sitio\/wp-json\/wp\/v2\/posts\/63\/revisions\/68"}],"wp:attachment":[{"href":"https:\/\/iumotril.org\/sitio\/wp-json\/wp\/v2\/media?parent=63"}],"wp:term":[{"taxonomy":"category","embeddable":true,"href":"https:\/\/iumotril.org\/sitio\/wp-json\/wp\/v2\/categories?post=63"},{"taxonomy":"post_tag","embeddable":true,"href":"https:\/\/iumotril.org\/sitio\/wp-json\/wp\/v2\/tags?post=63"}],"curies":[{"name":"wp","href":"https:\/\/api.w.org\/{rel}","templated":true}]}}