{"id":613,"date":"2015-05-03T18:58:11","date_gmt":"2015-05-03T16:58:11","guid":{"rendered":"http:\/\/iumotril.org\/sitio\/?p=613"},"modified":"2015-05-07T19:06:08","modified_gmt":"2015-05-07T17:06:08","slug":"el-pp-es-nuestra-cruz","status":"publish","type":"post","link":"https:\/\/iumotril.org\/sitio\/el-pp-es-nuestra-cruz\/","title":{"rendered":"El PP es nuestra cruz"},"content":{"rendered":"<p>El Partido Popular es el partido de la corrupci\u00f3n, de la pobreza y de la desigualdad. Tambi\u00e9n en Motril.<\/p>\n<p class=\"p1\"><span class=\"s1\"><a href=\"https:\/\/iumotril.org\/sitio\/wp-content\/uploads\/2015\/05\/Cruz.001.jpg\"><img loading=\"lazy\" decoding=\"async\" data-attachment-id=\"657\" data-permalink=\"https:\/\/iumotril.org\/sitio\/el-pp-es-nuestra-cruz\/cruz-001\/\" data-orig-file=\"https:\/\/iumotril.org\/sitio\/wp-content\/uploads\/2015\/05\/Cruz.001.jpg\" data-orig-size=\"760,1024\" data-comments-opened=\"1\" data-image-meta=\"{&quot;aperture&quot;:&quot;0&quot;,&quot;credit&quot;:&quot;&quot;,&quot;camera&quot;:&quot;&quot;,&quot;caption&quot;:&quot;&quot;,&quot;created_timestamp&quot;:&quot;0&quot;,&quot;copyright&quot;:&quot;&quot;,&quot;focal_length&quot;:&quot;0&quot;,&quot;iso&quot;:&quot;0&quot;,&quot;shutter_speed&quot;:&quot;0&quot;,&quot;title&quot;:&quot;&quot;,&quot;orientation&quot;:&quot;0&quot;}\" data-image-title=\"Cruz.001\" data-image-description=\"\" data-image-caption=\"\" data-large-file=\"https:\/\/iumotril.org\/sitio\/wp-content\/uploads\/2015\/05\/Cruz.001-760x1024.jpg\" class=\"alignleft size-medium wp-image-657\" src=\"https:\/\/iumotril.org\/sitio\/wp-content\/uploads\/2015\/05\/Cruz.001-223x300.jpg\" alt=\"Cruz.001\" width=\"223\" height=\"300\" srcset=\"https:\/\/iumotril.org\/sitio\/wp-content\/uploads\/2015\/05\/Cruz.001-223x300.jpg 223w, https:\/\/iumotril.org\/sitio\/wp-content\/uploads\/2015\/05\/Cruz.001.jpg 760w\" sizes=\"auto, (max-width: 223px) 100vw, 223px\" \/><\/a>12 a\u00f1os de gesti\u00f3n municipal del Partido Popular en Motril han dejado a la ciudad y a sus ciudadanos\/as a los pies de los caballos. La gesti\u00f3n de Carlos Rojas abon\u00f3 el terreno para que #LuisaTuAlcaldesa &#8211;que no fue elegida para el cargo por los ciudadanos\/as&#8211;, rematara la faena: saquear Motril en beneficio de sus amigos y de intereses particulares.<\/span><\/p>\n<p class=\"p1\"><span class=\"s1\">Han aplicado la ley del embudo: <\/span><span class=\"s2\"><b>lo ancho para sus amigos\u00a0<\/b><\/span><span class=\"s1\"><b>y lo estrecho para Motril y su gente<\/b><\/span><span class=\"s3\"> asfixi\u00e1ndola con medidas\u00a0<\/span>injustas y pol\u00edticas antisociales:<\/p>\n<ul>\n<li class=\"p1\"><span class=\"s2\"><b>Subida de impuestos<\/b><\/span><span class=\"s1\"> y tasas municipales<\/span><\/li>\n<li class=\"p2\"><span class=\"s1\"><b>Privatizaci\u00f3n <\/b><\/span><span class=\"s3\">y cierre de<span class=\"Apple-converted-space\">\u00a0 <\/span><\/span><span class=\"s1\"><b>servicios<\/b><\/span> <span class=\"s1\"><b>municipales<\/b><\/span><\/li>\n<li class=\"p1\"><span class=\"s2\"><b>Desempleo,<\/b><\/span><span class=\"s1\"> especialmente para j\u00f3venes y mujeres<\/span><\/li>\n<li class=\"p2\"><span class=\"s3\">Abandono de los <\/span><span class=\"s1\"><b>peque\u00f1os agricultores y del peque\u00f1o comercio<\/b><\/span><\/li>\n<li class=\"p2\"><span class=\"s1\"><b>Desahucios<\/b><\/span><span class=\"s3\">\u2026<\/span><\/li>\n<\/ul>\n<p><span class=\"s1\">Desde <\/span><span class=\"s2\"><b>Izquierda Unida<\/b><\/span><span class=\"s1\"> te proponemos trabajar juntos para hacer de Motril <\/span><span class=\"s2\"><b>una ciudad m\u00e1s limpia, m\u00e1s habitable. Una ciudad para las personas. Una ciudad para ti. Una ciudad para tod@s.<\/b><\/span><\/p>\n<p class=\"p1\"><span class=\"s1\"><b>Izquierda Unida <\/b><\/span><span class=\"s2\">te ofrece un compromiso \u00e9tico con el que <\/span><span class=\"s1\"><b>acabar con la corrupci\u00f3n,<\/b><\/span><span class=\"s2\"> una <\/span><span class=\"s1\"><b>gesti\u00f3n eficaz y transparente de los asuntos municipales <\/b><\/span><span class=\"s2\">y<\/span><b> <\/b><span class=\"s2\">un<\/span><span class=\"s1\"><b> Ayuntamiento democr\u00e1tico <\/b><\/span><span class=\"s2\">y participativo, fiscalizado permanente por l@s vecin@s.<\/span><\/p>\n<p class=\"p3\"><span class=\"s1\">Sobre todo, nos comprometemos a llevar a cabo <\/span><span class=\"s3\"><b>pol\u00edticas de izquierda<\/b><\/span><span class=\"s1\"> que contribuyan a una salida justa y equilibrada de la crisis, y a hacer de la lucha <\/span><span class=\"s3\"><b>contra el desempleo, la desigualdad y la pobreza<\/b><\/span><span class=\"s1\"> nuestros principales objetivos.<\/span><\/p>\n<p>&nbsp;<\/p>\n","protected":false},"excerpt":{"rendered":"<p>12 a\u00f1os de gesti\u00f3n municipal del Partido Popular en Motril han dejado a la ciudad y a sus ciudadan@s a los pies de los caballos. El Partido Popular es el partido de la corrupci\u00f3n, de la pobreza y de la desigualdad. Tambi\u00e9n en Motril.<\/p>\n","protected":false},"author":1,"featured_media":0,"comment_status":"open","ping_status":"open","sticky":false,"template":"","format":"standard","meta":{"cybocfi_hide_featured_image":"","_jetpack_newsletter_access":"","_jetpack_dont_email_post_to_subs":false,"_jetpack_newsletter_tier_id":0,"_jetpack_memberships_contains_paywalled_content":false,"_jetpack_memberships_contains_paid_content":false,"footnotes":""},"categories":[7,56],"tags":[81,59,82,83,63],"class_list":["post-613","post","type-post","status-publish","format-standard","hentry","category-ayuntamiento","category-municipales-2015","tag-cruces","tag-es-tiempo-de-izquierda","tag-motril-mejor","tag-motril-para-las-personas","tag-propuestas"],"jetpack_featured_media_url":"","jetpack_sharing_enabled":true,"jetpack_shortlink":"https:\/\/wp.me\/p4QsU5-9T","jetpack-related-posts":[{"id":1248,"url":"https:\/\/iumotril.org\/sitio\/covocatoria-urgente-de-los-consejos-de-administracion-de-limdeco-y-radio-television-motril\/","url_meta":{"origin":613,"position":0},"title":"COVOCATORIA URGENTE DE LOS CONSEJOS DE ADMINISTRACI\u00d3N DE LIMDECO Y RADIO TELEVISI\u00d3N MOTRIL","author":"Izquierda Unida Motril","date":"20 agosto, 2015","format":false,"excerpt":"La nefasta e interesada gesti\u00f3n del Partido Popular de estas empresas municipales durante los \u00faltimos ocho a\u00f1os las ha dejado \u201ca los pies de los caballos\u201d seg\u00fan Daniela Paqu\u00e9, portavoz del Grupo Municipal de Izquierda Unida, que ha insistido en la necesidad de garantizar su car\u00e1cter p\u00fablico profesionalizando su gesti\u00f3n,\u2026","rel":"","context":"En \u00abAyuntamiento\u00bb","block_context":{"text":"Ayuntamiento","link":"https:\/\/iumotril.org\/sitio\/category\/ayuntamiento\/"},"img":{"alt_text":"LIMDECO 2","src":"https:\/\/i0.wp.com\/iumotril.org\/sitio\/wp-content\/uploads\/2015\/08\/LIMDECO-2-255x300.jpg?resize=350%2C200","width":350,"height":200},"classes":[]},{"id":808,"url":"https:\/\/iumotril.org\/sitio\/seguir-trabajando-por-un-proyecto-de-transformacion-social-para-motril\/","url_meta":{"origin":613,"position":1},"title":"Seguir trabajando por un proyecto de transformaci\u00f3n social para Motril","author":"Izquierda Unida Motril","date":"25 mayo, 2015","format":false,"excerpt":"M\u00e1s de dos mil setecientos ciudadanos\/as de Motril nos han dado su apoyo. Han compartido con nosotros\/as nuestras propuestas para transformar socialmente Motril desde la Izquierda, un proyecto que no queda aqu\u00ed, sino que tiene un importante recorrido que empieza precisamente ahora. Queremos agradecer, en primer lugar, vuestra confianza, el\u2026","rel":"","context":"En \u00abMunicipales 2015\u00bb","block_context":{"text":"Municipales 2015","link":"https:\/\/iumotril.org\/sitio\/category\/municipales-2015\/"},"img":{"alt_text":"","src":"","width":0,"height":0},"classes":[]},{"id":3489,"url":"https:\/\/iumotril.org\/sitio\/el-partido-socialista-decidido-a-acabar-con-la-gestion-publica-de-los-servicios-municipales-en-motril\/","url_meta":{"origin":613,"position":2},"title":"El Partido Socialista decidido a acabar con la gesti\u00f3n p\u00fablica de los servicios municipales en Motril","author":"Izquierda Unida Motril","date":"19 abril, 2018","format":false,"excerpt":"Daniela Paqu\u00e9 ha declarado que su formaci\u00f3n va a dedicar todos sus esfuerzos a echar democr\u00e1ticamente del Ayuntamiento de Motril a los partidos y a sus colaboradores necesarios que llevan a\u00f1os corrompiendo la instituci\u00f3n. Ello ser\u00e1 posible a trav\u00e9s de un nuevo proyecto pol\u00edtico abierto y participativo, de izquierdas, que\u2026","rel":"","context":"En \u00abEST\u00c1 PASANDO\u00bb","block_context":{"text":"EST\u00c1 PASANDO","link":"https:\/\/iumotril.org\/sitio\/category\/esta-pasando\/"},"img":{"alt_text":"","src":"https:\/\/i0.wp.com\/iumotril.org\/sitio\/wp-content\/uploads\/2018\/04\/Daniela-Paqu%C3%A9-Inma-Omiste-denuncian-privatizacion-servicios-municipales_abril-1024x497.jpg?resize=350%2C200","width":350,"height":200,"srcset":"https:\/\/i0.wp.com\/iumotril.org\/sitio\/wp-content\/uploads\/2018\/04\/Daniela-Paqu%C3%A9-Inma-Omiste-denuncian-privatizacion-servicios-municipales_abril-1024x497.jpg?resize=350%2C200 1x, https:\/\/i0.wp.com\/iumotril.org\/sitio\/wp-content\/uploads\/2018\/04\/Daniela-Paqu%C3%A9-Inma-Omiste-denuncian-privatizacion-servicios-municipales_abril-1024x497.jpg?resize=525%2C300 1.5x"},"classes":[]},{"id":9160,"url":"https:\/\/iumotril.org\/sitio\/inma-omiste-iu-equo-cuatro-anos-malgastados-para-la-ciudad-y-para-sus-vecinos-y-vecinas\/","url_meta":{"origin":613,"position":3},"title":"Inma Omiste (IU-Equo): cuatro a\u00f1os malgastados para la ciudad y para sus vecinos y vecinas","author":"Izquierda Unida Motril","date":"5 mayo, 2023","format":false,"excerpt":"A lo largo de estos cuatro a\u00f1os se ha intentado acostumbrar a la ciudadan\u00eda a los anuncios grandilocuentes de la se\u00f1ora Garc\u00eda Chamorro, como que en Motril las actuaciones del gobierno local iban a tener como resultado \u201cel mayor cambio f\u00edsico de la ciudad y de todo el municipio de\u2026","rel":"","context":"En \u00abAyuntamiento\u00bb","block_context":{"text":"Ayuntamiento","link":"https:\/\/iumotril.org\/sitio\/category\/ayuntamiento\/"},"img":{"alt_text":"","src":"https:\/\/i0.wp.com\/iumotril.org\/sitio\/wp-content\/uploads\/2023\/05\/09-junio-21-Comparecencia-balance-dos-anos-de-gestion-municipal-1.jpeg?resize=350%2C200&ssl=1","width":350,"height":200,"srcset":"https:\/\/i0.wp.com\/iumotril.org\/sitio\/wp-content\/uploads\/2023\/05\/09-junio-21-Comparecencia-balance-dos-anos-de-gestion-municipal-1.jpeg?resize=350%2C200&ssl=1 1x, https:\/\/i0.wp.com\/iumotril.org\/sitio\/wp-content\/uploads\/2023\/05\/09-junio-21-Comparecencia-balance-dos-anos-de-gestion-municipal-1.jpeg?resize=525%2C300&ssl=1 1.5x, https:\/\/i0.wp.com\/iumotril.org\/sitio\/wp-content\/uploads\/2023\/05\/09-junio-21-Comparecencia-balance-dos-anos-de-gestion-municipal-1.jpeg?resize=700%2C400&ssl=1 2x, https:\/\/i0.wp.com\/iumotril.org\/sitio\/wp-content\/uploads\/2023\/05\/09-junio-21-Comparecencia-balance-dos-anos-de-gestion-municipal-1.jpeg?resize=1050%2C600&ssl=1 3x, https:\/\/i0.wp.com\/iumotril.org\/sitio\/wp-content\/uploads\/2023\/05\/09-junio-21-Comparecencia-balance-dos-anos-de-gestion-municipal-1.jpeg?resize=1400%2C800&ssl=1 4x"},"classes":[]},{"id":7793,"url":"https:\/\/iumotril.org\/sitio\/iu-equo-lleva-al-pleno-una-propuesta-para-que-los-colegios-de-motril-cuenten-con-un-conserje-durante-todo-el-curso-escolar\/","url_meta":{"origin":613,"position":4},"title":"IU-Equo lleva al pleno una propuesta para que los colegios de Motril cuenten con un conserje durante todo el curso escolar","author":"Izquierda Unida Motril","date":"27 octubre, 2021","format":false,"excerpt":"A pesar de las denuncias y reclamaciones por parte de las direcciones de los centros y de las asociaciones de madres y padres, el \u00c1rea de Educaci\u00f3n no est\u00e1 siendo capaz de dar una soluci\u00f3n a este importante problema, de modo que es el equipo docente de los centros quienes\u2026","rel":"","context":"En \u00abAyuntamiento\u00bb","block_context":{"text":"Ayuntamiento","link":"https:\/\/iumotril.org\/sitio\/category\/ayuntamiento\/"},"img":{"alt_text":"","src":"https:\/\/i0.wp.com\/iumotril.org\/sitio\/wp-content\/uploads\/2021\/10\/Inma-27-octubre-768x1024.jpg?resize=350%2C200","width":350,"height":200,"srcset":"https:\/\/i0.wp.com\/iumotril.org\/sitio\/wp-content\/uploads\/2021\/10\/Inma-27-octubre-768x1024.jpg?resize=350%2C200 1x, https:\/\/i0.wp.com\/iumotril.org\/sitio\/wp-content\/uploads\/2021\/10\/Inma-27-octubre-768x1024.jpg?resize=525%2C300 1.5x"},"classes":[]},{"id":2999,"url":"https:\/\/iumotril.org\/sitio\/mientras-la-ciudad-va-a-la-deriva-para-flor-almon-motril-es-un-oasis-de-bienestar-y-prosperidad\/","url_meta":{"origin":613,"position":5},"title":"Mientras la ciudad va a la deriva, para Flor Alm\u00f3n Motril es un oasis de bienestar y prosperidad","author":"Izquierda Unida Motril","date":"17 julio, 2017","format":false,"excerpt":"La portavoz de Izquierda Unida ha reclamado al gobierno local un cambio de rumbo en su gesti\u00f3n que apueste por pol\u00edticas de progreso para Motril y para sus vecinos y vecinas. En concreto, ha reclamado la modernizaci\u00f3n de la Administraci\u00f3n local para ponerse al servicio real de los ciudadanos y\u2026","rel":"","context":"En \u00abEST\u00c1 PASANDO\u00bb","block_context":{"text":"EST\u00c1 PASANDO","link":"https:\/\/iumotril.org\/sitio\/category\/esta-pasando\/"},"img":{"alt_text":"","src":"https:\/\/i0.wp.com\/iumotril.org\/sitio\/wp-content\/uploads\/2017\/07\/debate-ciudad-1024x768.jpeg?resize=350%2C200","width":350,"height":200,"srcset":"https:\/\/i0.wp.com\/iumotril.org\/sitio\/wp-content\/uploads\/2017\/07\/debate-ciudad-1024x768.jpeg?resize=350%2C200 1x, https:\/\/i0.wp.com\/iumotril.org\/sitio\/wp-content\/uploads\/2017\/07\/debate-ciudad-1024x768.jpeg?resize=525%2C300 1.5x"},"classes":[]}],"jetpack_likes_enabled":true,"_links":{"self":[{"href":"https:\/\/iumotril.org\/sitio\/wp-json\/wp\/v2\/posts\/613","targetHints":{"allow":["GET"]}}],"collection":[{"href":"https:\/\/iumotril.org\/sitio\/wp-json\/wp\/v2\/posts"}],"about":[{"href":"https:\/\/iumotril.org\/sitio\/wp-json\/wp\/v2\/types\/post"}],"author":[{"embeddable":true,"href":"https:\/\/iumotril.org\/sitio\/wp-json\/wp\/v2\/users\/1"}],"replies":[{"embeddable":true,"href":"https:\/\/iumotril.org\/sitio\/wp-json\/wp\/v2\/comments?post=613"}],"version-history":[{"count":5,"href":"https:\/\/iumotril.org\/sitio\/wp-json\/wp\/v2\/posts\/613\/revisions"}],"predecessor-version":[{"id":660,"href":"https:\/\/iumotril.org\/sitio\/wp-json\/wp\/v2\/posts\/613\/revisions\/660"}],"wp:attachment":[{"href":"https:\/\/iumotril.org\/sitio\/wp-json\/wp\/v2\/media?parent=613"}],"wp:term":[{"taxonomy":"category","embeddable":true,"href":"https:\/\/iumotril.org\/sitio\/wp-json\/wp\/v2\/categories?post=613"},{"taxonomy":"post_tag","embeddable":true,"href":"https:\/\/iumotril.org\/sitio\/wp-json\/wp\/v2\/tags?post=613"}],"curies":[{"name":"wp","href":"https:\/\/api.w.org\/{rel}","templated":true}]}}