{"id":5990,"date":"2020-04-08T14:31:21","date_gmt":"2020-04-08T12:31:21","guid":{"rendered":"http:\/\/iumotril.org\/sitio\/?p=5990"},"modified":"2020-04-08T14:31:21","modified_gmt":"2020-04-08T12:31:21","slug":"iu-equo-reclama-a-la-alcaldesa-mas-claridad-transparencia-y-colaboracion-en-la-gestion-de-la-crisis","status":"publish","type":"post","link":"https:\/\/iumotril.org\/sitio\/iu-equo-reclama-a-la-alcaldesa-mas-claridad-transparencia-y-colaboracion-en-la-gestion-de-la-crisis\/","title":{"rendered":"IU-Equo reclama a la alcaldesa m\u00e1s claridad, transparencia y colaboraci\u00f3n en la gesti\u00f3n de la crisis"},"content":{"rendered":"<p style=\"text-align: justify;\"><span style=\"font-weight: 400; color: #993300;\">Muestra su inquietud y preocupaci\u00f3n por las condiciones en las que los empleados y empleadas municipales est\u00e1n llevando a cabo su tarea para garantizar los servicios p\u00fablicos.<\/span><\/p>\n<p style=\"text-align: justify;\"><span style=\"font-weight: 400; color: #993300;\">Pide al gobierno local que cuente con la representaci\u00f3n de los trabajadores para determinar las medidas de prevenci\u00f3n y seguridad laboral y las condiciones de trabajo.<\/span><\/p>\n<p style=\"text-align: justify;\"><span style=\"font-weight: 400; color: #993300;\">Propone que se articulen procedimientos que permitan la participaci\u00f3n y la colaboraci\u00f3n de los grupos municipales en la gesti\u00f3n y seguimiento de la crisis.<\/span><\/p>\n<p style=\"text-align: justify;\"><span style=\"font-weight: 400;\">En momentos como el actual se hace evidente que est\u00e1n siendo los trabajadores y trabajadoras que cuentan con menor reconocimiento social y bajos salarios los que nos est\u00e1n sacando adelante: personal de mantenimiento y limpieza, jardineros, conserjes, polic\u00edas, bomberos, trabajadores sociales, voluntarios de protecci\u00f3n civil.<\/span><\/p>\n<p style=\"text-align: justify;\"><span style=\"font-weight: 400;\">Para <strong>Izquierda Unida-Equo<\/strong> es imprescindible que los empleados y empleadas municipales que est\u00e1n en primera l\u00ednea de los servicios municipales dispongan de las <strong>medidas de protecci\u00f3n<\/strong> necesarias que garanticen su exposici\u00f3n al coronavirus y, por lo tanto, evitar nuevos posibles contagios.<\/span><\/p>\n<p style=\"text-align: justify;\"><span style=\"font-weight: 400;\"><a href=\"https:\/\/iumotril.org\/sitio\/b26adae3-c280-4869-aff8-894e92152be9\/\"><img loading=\"lazy\" decoding=\"async\" data-attachment-id=\"5996\" data-permalink=\"https:\/\/iumotril.org\/sitio\/iu-equo-reclama-a-la-alcaldesa-mas-claridad-transparencia-y-colaboracion-en-la-gestion-de-la-crisis\/b26adae3-c280-4869-aff8-894e92152be9\/\" data-orig-file=\"https:\/\/iumotril.org\/sitio\/wp-content\/uploads\/2020\/04\/B26ADAE3-C280-4869-AFF8-894E92152BE9.jpeg\" data-orig-size=\"1599,1190\" data-comments-opened=\"1\" data-image-meta=\"{&quot;aperture&quot;:&quot;0&quot;,&quot;credit&quot;:&quot;&quot;,&quot;camera&quot;:&quot;&quot;,&quot;caption&quot;:&quot;&quot;,&quot;created_timestamp&quot;:&quot;0&quot;,&quot;copyright&quot;:&quot;&quot;,&quot;focal_length&quot;:&quot;0&quot;,&quot;iso&quot;:&quot;0&quot;,&quot;shutter_speed&quot;:&quot;0&quot;,&quot;title&quot;:&quot;&quot;,&quot;orientation&quot;:&quot;0&quot;}\" data-image-title=\"B26ADAE3-C280-4869-AFF8-894E92152BE9\" data-image-description=\"\" data-image-caption=\"\" data-large-file=\"https:\/\/iumotril.org\/sitio\/wp-content\/uploads\/2020\/04\/B26ADAE3-C280-4869-AFF8-894E92152BE9-1024x762.jpeg\" class=\"wp-image-5996 size-large aligncenter\" src=\"https:\/\/iumotril.org\/sitio\/wp-content\/uploads\/2020\/04\/B26ADAE3-C280-4869-AFF8-894E92152BE9-1024x762.jpeg\" alt=\"\" width=\"640\" height=\"476\" srcset=\"https:\/\/iumotril.org\/sitio\/wp-content\/uploads\/2020\/04\/B26ADAE3-C280-4869-AFF8-894E92152BE9-1024x762.jpeg 1024w, https:\/\/iumotril.org\/sitio\/wp-content\/uploads\/2020\/04\/B26ADAE3-C280-4869-AFF8-894E92152BE9-300x223.jpeg 300w, https:\/\/iumotril.org\/sitio\/wp-content\/uploads\/2020\/04\/B26ADAE3-C280-4869-AFF8-894E92152BE9-768x572.jpeg 768w, https:\/\/iumotril.org\/sitio\/wp-content\/uploads\/2020\/04\/B26ADAE3-C280-4869-AFF8-894E92152BE9-1536x1143.jpeg 1536w, https:\/\/iumotril.org\/sitio\/wp-content\/uploads\/2020\/04\/B26ADAE3-C280-4869-AFF8-894E92152BE9.jpeg 1599w\" sizes=\"auto, (max-width: 640px) 100vw, 640px\" \/><\/a>Por ello, ha pedido a la alcaldesa que acuerde con la representaci\u00f3n de los trabajadores los protocolos colectivos y las medidas necesarias que tengan que ver con cuestiones de prevenci\u00f3n, seguridad laboral y condiciones de trabajo.<\/span><\/p>\n<p style=\"text-align: justify;\"><span style=\"font-weight: 400;\">Hay que reconocer y valorar, m\u00e1s que nunca en momentos como el actual, el papel y el <strong>compromiso de la representaci\u00f3n sindical<\/strong> en la defensa y garant\u00eda de los servicios p\u00fablicos municipales.<\/span><\/p>\n<p style=\"text-align: justify;\"><span style=\"font-weight: 400;\"><strong>Inma Omiste<\/strong>, portavoz de IU-Equo se ha dirigido a la alcaldesa para reclamar mayor <strong>claridad, transparencia y participaci\u00f3n<\/strong> en la gesti\u00f3n de la crisis.<\/span><\/p>\n<p style=\"text-align: justify;\"><span style=\"font-weight: 400;\">En este sentido, ha pedido que el Ayuntamiento refuerce sus actuaciones de comunicaci\u00f3n para facilitar informaci\u00f3n de utilidad acerca de las <strong>medidas<\/strong> que desde las diferentes administraciones se est\u00e1n poniendo en marcha para los diferentes colectivos y <strong>para las familias trabajadoras<\/strong> que se est\u00e1n viendo m\u00e1s afectados por la crisis.<\/span><\/p>\n<p style=\"text-align: justify;\"><span style=\"font-weight: 400;\">Lamentablemente, hay mucha gente, muchas familias que est\u00e1n en ca\u00edda libre y merecen todo nuestro <strong>apoyo y el esfuerzo colectivo<\/strong> para minimizar las peores consecuencias de la situaci\u00f3n dram\u00e1tica en la que se encuentran.<\/span><\/p>\n<p style=\"text-align: justify;\"><span style=\"font-weight: 400;\">Izquierda Unida-Equo tambi\u00e9n solicita al gobierno local que facilite informaci\u00f3n actualizada sobre la <strong>incidencia del coronavirus<\/strong> entre los trabajadores y trabajadoras municipales que est\u00e1n en la primera l\u00ednea de las actuaciones para hacer frente a la pandemia: <strong>cuerpos y fuerzas de seguridad<\/strong>, personal de <strong>limpieza y mantenimiento<\/strong>, <strong>conserjes<\/strong> y trabajadores y <strong>trabajadoras sociales.<\/strong><\/span><\/p>\n<p style=\"text-align: justify;\"><span style=\"font-weight: 400;\">Asimismo considera que es necesario que la ciudadan\u00eda est\u00e9 informada sobre la situaci\u00f3n en las <strong>residencias de mayores<\/strong> de la ciudad y que exija a la J<strong>unta de Andaluc\u00eda<\/strong> la publicaci\u00f3n y difusi\u00f3n de los <strong>datos y estad\u00edsticas<\/strong> sobre la incidencia de la crisis sanitaria <strong>en el municipio de Motril<\/strong>.<\/span><\/p>\n<p style=\"text-align: justify;\"><span style=\"font-weight: 400;\">Izquierda Unida-Equo propone que el gobierno local adopte las medidas y procedimientos necesarios que permitan la creaci\u00f3n de una <strong>comisi\u00f3n de seguimiento<\/strong> de la crisis con la participaci\u00f3n de todos los grupos pol\u00edticos municipales.<\/span><\/p>\n","protected":false},"excerpt":{"rendered":"<p>Para Izquierda Unida-Equo es imprescindible que los empleados y empleadas municipales que est\u00e1n en primera l\u00ednea de los servicios municipales dispongan de las medidas de protecci\u00f3n necesarias que garanticen su exposici\u00f3n al coronavirus y, por lo tanto, evitar nuevos posibles contagios.<br \/>\nIzquierda Unida-Equo tambi\u00e9n solicita al gobierno local que facilite informaci\u00f3n actualizada sobre la incidencia del coronavirus entre los trabajadores y trabajadoras municipales que est\u00e1n en la primera l\u00ednea de las actuaciones para hacer frente a la pandemia: cuerpos y fuerzas de seguridad, personal de limpieza y mantenimiento, conserjes y trabajadores y trabajadoras sociales.<\/p>\n","protected":false},"author":1,"featured_media":0,"comment_status":"open","ping_status":"open","sticky":false,"template":"","format":"standard","meta":{"cybocfi_hide_featured_image":"","_jetpack_newsletter_access":"","_jetpack_dont_email_post_to_subs":false,"_jetpack_newsletter_tier_id":0,"_jetpack_memberships_contains_paywalled_content":false,"_jetpack_memberships_contains_paid_content":false,"footnotes":""},"categories":[7,1421,265],"tags":[1422,1428,1430,93,111,1429,105],"class_list":["post-5990","post","type-post","status-publish","format-standard","hentry","category-ayuntamiento","category-covid_19","category-esta-pasando","tag-colaboracion","tag-covid19","tag-datos-y-estadisticas","tag-motril","tag-participacion","tag-representacion-sindical","tag-transparencia"],"jetpack_featured_media_url":"","jetpack_sharing_enabled":true,"jetpack_shortlink":"https:\/\/wp.me\/p4QsU5-1yC","jetpack-related-posts":[{"id":5884,"url":"https:\/\/iumotril.org\/sitio\/iu-equo-destaca-la-labor-de-los-empleados-y-empleadas-municipales-para-mantener-los-servicios-publicos\/","url_meta":{"origin":5990,"position":0},"title":"IU-Equo destaca la labor de los empleados y empleadas municipales para mantener los servicios p\u00fablicos","author":"Izquierda Unida Motril","date":"27 marzo, 2020","format":false,"excerpt":"Pedimos al equipo de gobierno que asegure y garantice las medidas de seguridad y protecci\u00f3n individual a todos los colectivos municipales que est\u00e1n en primera l\u00ednea de las actuaciones para\u00a0 atender las necesidades de la ciudad y de los vecinos y vecinos, como personal de mantenimiento y limpieza, conserjes, bomberos,\u2026","rel":"","context":"En \u00abAyuntamiento\u00bb","block_context":{"text":"Ayuntamiento","link":"https:\/\/iumotril.org\/sitio\/category\/ayuntamiento\/"},"img":{"alt_text":"","src":"https:\/\/i0.wp.com\/iumotril.org\/sitio\/wp-content\/uploads\/2020\/03\/963E1BB6-54CE-4F26-BBB1-BACB744BADF5-1024x762.jpeg?resize=350%2C200","width":350,"height":200,"srcset":"https:\/\/i0.wp.com\/iumotril.org\/sitio\/wp-content\/uploads\/2020\/03\/963E1BB6-54CE-4F26-BBB1-BACB744BADF5-1024x762.jpeg?resize=350%2C200 1x, https:\/\/i0.wp.com\/iumotril.org\/sitio\/wp-content\/uploads\/2020\/03\/963E1BB6-54CE-4F26-BBB1-BACB744BADF5-1024x762.jpeg?resize=525%2C300 1.5x"},"classes":[]},{"id":7843,"url":"https:\/\/iumotril.org\/sitio\/iu-equo-apoya-las-demandas-de-las-trabajadoras-municipales-de-limpieza\/","url_meta":{"origin":5990,"position":1},"title":"IU-Equo apoya las demandas de las trabajadoras municipales de limpieza","author":"Izquierda Unida Motril","date":"30 noviembre, 2021","format":false,"excerpt":"Con las propuestas de la concejal\u00eda lo \u00fanico que se consigue es intentar \u201cexprimir\u201d a las trabadoras a costa de la calidad del servicio que, en estas condiciones, no se puede realizar convenientemente. --Ha se\u00f1alado, Inma Omiste, que ha pedido al concejal una actitud m\u00e1s dialogante y voluntad de entendimiento\u2026","rel":"","context":"En \u00abAyuntamiento\u00bb","block_context":{"text":"Ayuntamiento","link":"https:\/\/iumotril.org\/sitio\/category\/ayuntamiento\/"},"img":{"alt_text":"","src":"https:\/\/i0.wp.com\/iumotril.org\/sitio\/wp-content\/uploads\/2021\/11\/PHOTO-2021-11-30-14-42-43.jpg?resize=350%2C200","width":350,"height":200,"srcset":"https:\/\/i0.wp.com\/iumotril.org\/sitio\/wp-content\/uploads\/2021\/11\/PHOTO-2021-11-30-14-42-43.jpg?resize=350%2C200 1x, https:\/\/i0.wp.com\/iumotril.org\/sitio\/wp-content\/uploads\/2021\/11\/PHOTO-2021-11-30-14-42-43.jpg?resize=525%2C300 1.5x, https:\/\/i0.wp.com\/iumotril.org\/sitio\/wp-content\/uploads\/2021\/11\/PHOTO-2021-11-30-14-42-43.jpg?resize=700%2C400 2x"},"classes":[]},{"id":6252,"url":"https:\/\/iumotril.org\/sitio\/iu-equo-reclama-a-la-alcaldesa-mayor-contencion-y-talante-democratico-en-la-gestion-municipal-de-la-crisis\/","url_meta":{"origin":5990,"position":2},"title":"IU-Equo reclama a la alcaldesa mayor contenci\u00f3n y talante democr\u00e1tico en la gesti\u00f3n municipal de la crisis","author":"Izquierda Unida Motril","date":"15 mayo, 2020","format":false,"excerpt":"Pedimos a la alcaldesa que no se inicie la tramitaci\u00f3n de dichos expedientes y demuestre altura de miras y voluntad de di\u00e1logo y entendimiento con todos los colectivos ciudadanos. Nos enfrentamos a una realidad dram\u00e1tica en nuestra ciudad que hay que resolver.\u00a0 Es necesario proteger a las familias, ayudar a\u2026","rel":"","context":"En \u00abCovid_19\u00bb","block_context":{"text":"Covid_19","link":"https:\/\/iumotril.org\/sitio\/category\/covid_19\/"},"img":{"alt_text":"","src":"https:\/\/i0.wp.com\/iumotril.org\/sitio\/wp-content\/uploads\/2020\/05\/Jose-Llorene-PHOTO-2020-05-15-11-09-40-768x1024.jpg?resize=350%2C200","width":350,"height":200,"srcset":"https:\/\/i0.wp.com\/iumotril.org\/sitio\/wp-content\/uploads\/2020\/05\/Jose-Llorene-PHOTO-2020-05-15-11-09-40-768x1024.jpg?resize=350%2C200 1x, https:\/\/i0.wp.com\/iumotril.org\/sitio\/wp-content\/uploads\/2020\/05\/Jose-Llorene-PHOTO-2020-05-15-11-09-40-768x1024.jpg?resize=525%2C300 1.5x"},"classes":[]},{"id":4686,"url":"https:\/\/iumotril.org\/sitio\/izquierda-unida-propone-mejoras-en-el-area-de-deportes-municipal\/","url_meta":{"origin":5990,"position":3},"title":"Izquierda Unida propone mejoras en el \u00c1rea de Deportes municipal","author":"Izquierda Unida Motril","date":"13 febrero, 2019","format":false,"excerpt":"La candidata de IU se ha comprometido con la representaci\u00f3n de los trabajadores del \u00c1rea a tener en cuenta sus demandas e incorporar sus propuestas al programa de Deportes que su formaci\u00f3n presentar\u00e1 en las pr\u00f3ximas elecciones municipales con el objetivo de profesionalizar la gesti\u00f3n del \u00c1rea y trabajar en\u2026","rel":"","context":"En \u00abAyuntamiento\u00bb","block_context":{"text":"Ayuntamiento","link":"https:\/\/iumotril.org\/sitio\/category\/ayuntamiento\/"},"img":{"alt_text":"","src":"https:\/\/i0.wp.com\/iumotril.org\/sitio\/wp-content\/uploads\/2019\/01\/Inma_2_Balance-2018_4-enero.jpg?resize=350%2C200","width":350,"height":200},"classes":[]},{"id":6752,"url":"https:\/\/iumotril.org\/sitio\/iu-equo-critica-la-decision-unilateral-de-garcia-chamorro-de-restringir-la-atencion-al-publico-en-el-ayuntamiento\/","url_meta":{"origin":5990,"position":4},"title":"IU-Equo critica la decisi\u00f3n unilateral de Garc\u00eda Chamorro de restringir la atenci\u00f3n al p\u00fablico en el Ayuntamiento","author":"Izquierda Unida Motril","date":"21 octubre, 2020","format":false,"excerpt":"Se ha actuado con improvisaci\u00f3n y con falta de transparencia, sin ofrecer una comunicaci\u00f3n clara a la ciudadan\u00eda para evitar su desconcierto y no crear confusi\u00f3n.\u00a0 No podemos compartir este modo de actuar personalista y excluyente que descarta la colaboraci\u00f3n y el entendimiento entre todos los grupos pol\u00edticos que conforman\u2026","rel":"","context":"En \u00abAyuntamiento\u00bb","block_context":{"text":"Ayuntamiento","link":"https:\/\/iumotril.org\/sitio\/category\/ayuntamiento\/"},"img":{"alt_text":"","src":"https:\/\/i0.wp.com\/iumotril.org\/sitio\/wp-content\/uploads\/2020\/10\/Ayun-Motril-176x176.jpg?resize=350%2C200","width":350,"height":200},"classes":[]},{"id":9787,"url":"https:\/\/iumotril.org\/sitio\/iu-verdes-equo-denuncia-la-precariedad-de-los-servicios-municipales-como-consecuencia-de-la-gestion-de-las-derechas-motrilenas-al-frente-del-ayuntamiento\/","url_meta":{"origin":5990,"position":5},"title":"IU Verdes Equo denuncia la precariedad de los servicios municipales como consecuencia de la gesti\u00f3n de las derechas motrile\u00f1as al frente del Ayuntamiento","author":"Izquierda Unida Motril","date":"12 febrero, 2024","format":false,"excerpt":"El modelo de gesti\u00f3n de las derechas no duda en arrasar con los servicios p\u00fablicos para abrir espacios de negocio para el mercado y los negocios privados, como estamos viendo en Motril en los \u00faltimos a\u00f1os \u2013\u2013ha se\u00f1alado\u2013\u2013, llevando a la ciudad a una situaci\u00f3n de abandono que se pretende\u2026","rel":"","context":"En \u00abAyuntamiento\u00bb","block_context":{"text":"Ayuntamiento","link":"https:\/\/iumotril.org\/sitio\/category\/ayuntamiento\/"},"img":{"alt_text":"","src":"https:\/\/i0.wp.com\/iumotril.org\/sitio\/wp-content\/uploads\/2023\/10\/teatro-calderon-de-la-barca-motril-paulino-martinez-more-1227x675-1.jpg?resize=350%2C200&ssl=1","width":350,"height":200,"srcset":"https:\/\/i0.wp.com\/iumotril.org\/sitio\/wp-content\/uploads\/2023\/10\/teatro-calderon-de-la-barca-motril-paulino-martinez-more-1227x675-1.jpg?resize=350%2C200&ssl=1 1x, https:\/\/i0.wp.com\/iumotril.org\/sitio\/wp-content\/uploads\/2023\/10\/teatro-calderon-de-la-barca-motril-paulino-martinez-more-1227x675-1.jpg?resize=525%2C300&ssl=1 1.5x, https:\/\/i0.wp.com\/iumotril.org\/sitio\/wp-content\/uploads\/2023\/10\/teatro-calderon-de-la-barca-motril-paulino-martinez-more-1227x675-1.jpg?resize=700%2C400&ssl=1 2x, https:\/\/i0.wp.com\/iumotril.org\/sitio\/wp-content\/uploads\/2023\/10\/teatro-calderon-de-la-barca-motril-paulino-martinez-more-1227x675-1.jpg?resize=1050%2C600&ssl=1 3x"},"classes":[]}],"jetpack_likes_enabled":true,"_links":{"self":[{"href":"https:\/\/iumotril.org\/sitio\/wp-json\/wp\/v2\/posts\/5990","targetHints":{"allow":["GET"]}}],"collection":[{"href":"https:\/\/iumotril.org\/sitio\/wp-json\/wp\/v2\/posts"}],"about":[{"href":"https:\/\/iumotril.org\/sitio\/wp-json\/wp\/v2\/types\/post"}],"author":[{"embeddable":true,"href":"https:\/\/iumotril.org\/sitio\/wp-json\/wp\/v2\/users\/1"}],"replies":[{"embeddable":true,"href":"https:\/\/iumotril.org\/sitio\/wp-json\/wp\/v2\/comments?post=5990"}],"version-history":[{"count":8,"href":"https:\/\/iumotril.org\/sitio\/wp-json\/wp\/v2\/posts\/5990\/revisions"}],"predecessor-version":[{"id":6000,"href":"https:\/\/iumotril.org\/sitio\/wp-json\/wp\/v2\/posts\/5990\/revisions\/6000"}],"wp:attachment":[{"href":"https:\/\/iumotril.org\/sitio\/wp-json\/wp\/v2\/media?parent=5990"}],"wp:term":[{"taxonomy":"category","embeddable":true,"href":"https:\/\/iumotril.org\/sitio\/wp-json\/wp\/v2\/categories?post=5990"},{"taxonomy":"post_tag","embeddable":true,"href":"https:\/\/iumotril.org\/sitio\/wp-json\/wp\/v2\/tags?post=5990"}],"curies":[{"name":"wp","href":"https:\/\/api.w.org\/{rel}","templated":true}]}}