{"id":56,"date":"2014-07-22T11:37:06","date_gmt":"2014-07-22T11:37:06","guid":{"rendered":"http:\/\/iumotril.org\/sitio\/?p=56"},"modified":"2014-07-25T11:41:06","modified_gmt":"2014-07-25T11:41:06","slug":"denunciamos-el-vertido-masivo-de-aguas-sucias-a-la-playa-de-las-azucenas","status":"publish","type":"post","link":"https:\/\/iumotril.org\/sitio\/denunciamos-el-vertido-masivo-de-aguas-sucias-a-la-playa-de-las-azucenas\/","title":{"rendered":"Denunciamos el vertido masivo de aguas sucias  a la playa de las Azucenas"},"content":{"rendered":"<p><span class=\"userContent\">Pese a lo llamativo, preocupante y escandaloso del vertido, las autoridades municipales parece no haberlo advertido, ya que nadie se ha personado en la <span class=\"text_exposed_show\">zona ni ha intentado frenar este desastre ambiental. <\/span><\/span><\/p>\n<p><span class=\"userContent\"><span class=\"text_exposed_show\">Contrasta mucho la dejadez de la alcaldesa con esta playa mientras no cesa la promoci\u00f3n de la vecina Playa Granada, zona a la que los concejales y concejalas del PP motrile\u00f1o tienen especial predilecci\u00f3n. <\/span><\/span><\/p>\n<p><span class=\"userContent\"><span class=\"text_exposed_show\">Izquierda Unida Los Verdes Convocatoria Por Andaluc\u00eda exige una \u00abactuaci\u00f3n inmediata del ayuntamiento para garantizar la salud de las personas y la integridad del medio ambiente as\u00ed como la aclaraci\u00f3n de la procedencia del vertido, y la persecuci\u00f3n de sus responsables\u00bb.<\/span><\/span><\/p>\n<p><span class=\"userContent\"><span class=\"text_exposed_show\">Para IU es especialmente sangrante la pasividad del PP con un tema como este que afecta a uno de los pocos sectores de actividad del municipio y que tanto da\u00f1o puede hacer al empleo local.<\/span><\/span><\/p>\n<p><a href=\"https:\/\/iumotril.org\/sitio\/wp-content\/uploads\/2014\/07\/azucenas01.jpg\"><img loading=\"lazy\" decoding=\"async\" data-attachment-id=\"57\" data-permalink=\"https:\/\/iumotril.org\/sitio\/denunciamos-el-vertido-masivo-de-aguas-sucias-a-la-playa-de-las-azucenas\/azucenas01\/\" data-orig-file=\"https:\/\/iumotril.org\/sitio\/wp-content\/uploads\/2014\/07\/azucenas01.jpg\" data-orig-size=\"960,720\" data-comments-opened=\"1\" data-image-meta=\"{&quot;aperture&quot;:&quot;0&quot;,&quot;credit&quot;:&quot;&quot;,&quot;camera&quot;:&quot;&quot;,&quot;caption&quot;:&quot;&quot;,&quot;created_timestamp&quot;:&quot;0&quot;,&quot;copyright&quot;:&quot;&quot;,&quot;focal_length&quot;:&quot;0&quot;,&quot;iso&quot;:&quot;0&quot;,&quot;shutter_speed&quot;:&quot;0&quot;,&quot;title&quot;:&quot;&quot;,&quot;orientation&quot;:&quot;0&quot;}\" data-image-title=\"azucenas01\" data-image-description=\"\" data-image-caption=\"\" data-large-file=\"https:\/\/iumotril.org\/sitio\/wp-content\/uploads\/2014\/07\/azucenas01.jpg\" class=\"size-medium wp-image-57 aligncenter\" src=\"https:\/\/iumotril.org\/sitio\/wp-content\/uploads\/2014\/07\/azucenas01-300x225.jpg\" alt=\"azucenas01\" width=\"300\" height=\"225\" srcset=\"https:\/\/iumotril.org\/sitio\/wp-content\/uploads\/2014\/07\/azucenas01-300x225.jpg 300w, https:\/\/iumotril.org\/sitio\/wp-content\/uploads\/2014\/07\/azucenas01-768x576.jpg 768w, https:\/\/iumotril.org\/sitio\/wp-content\/uploads\/2014\/07\/azucenas01.jpg 960w\" sizes=\"auto, (max-width: 300px) 100vw, 300px\" \/><\/a> <a href=\"https:\/\/iumotril.org\/sitio\/wp-content\/uploads\/2014\/07\/azucenas02.jpg\"><img loading=\"lazy\" decoding=\"async\" data-attachment-id=\"58\" data-permalink=\"https:\/\/iumotril.org\/sitio\/denunciamos-el-vertido-masivo-de-aguas-sucias-a-la-playa-de-las-azucenas\/azucenas02\/\" data-orig-file=\"https:\/\/iumotril.org\/sitio\/wp-content\/uploads\/2014\/07\/azucenas02.jpg\" data-orig-size=\"960,720\" data-comments-opened=\"1\" data-image-meta=\"{&quot;aperture&quot;:&quot;0&quot;,&quot;credit&quot;:&quot;&quot;,&quot;camera&quot;:&quot;&quot;,&quot;caption&quot;:&quot;&quot;,&quot;created_timestamp&quot;:&quot;0&quot;,&quot;copyright&quot;:&quot;&quot;,&quot;focal_length&quot;:&quot;0&quot;,&quot;iso&quot;:&quot;0&quot;,&quot;shutter_speed&quot;:&quot;0&quot;,&quot;title&quot;:&quot;&quot;,&quot;orientation&quot;:&quot;0&quot;}\" data-image-title=\"azucenas02\" data-image-description=\"\" data-image-caption=\"\" data-large-file=\"https:\/\/iumotril.org\/sitio\/wp-content\/uploads\/2014\/07\/azucenas02.jpg\" class=\"size-medium wp-image-58 aligncenter\" src=\"https:\/\/iumotril.org\/sitio\/wp-content\/uploads\/2014\/07\/azucenas02-300x225.jpg\" alt=\"azucenas02\" width=\"300\" height=\"225\" srcset=\"https:\/\/iumotril.org\/sitio\/wp-content\/uploads\/2014\/07\/azucenas02-300x225.jpg 300w, https:\/\/iumotril.org\/sitio\/wp-content\/uploads\/2014\/07\/azucenas02-768x576.jpg 768w, https:\/\/iumotril.org\/sitio\/wp-content\/uploads\/2014\/07\/azucenas02.jpg 960w\" sizes=\"auto, (max-width: 300px) 100vw, 300px\" \/><\/a> <a href=\"https:\/\/iumotril.org\/sitio\/wp-content\/uploads\/2014\/07\/azucenas03.jpg\"><img loading=\"lazy\" decoding=\"async\" data-attachment-id=\"59\" data-permalink=\"https:\/\/iumotril.org\/sitio\/denunciamos-el-vertido-masivo-de-aguas-sucias-a-la-playa-de-las-azucenas\/azucenas03\/\" data-orig-file=\"https:\/\/iumotril.org\/sitio\/wp-content\/uploads\/2014\/07\/azucenas03.jpg\" data-orig-size=\"720,960\" data-comments-opened=\"1\" data-image-meta=\"{&quot;aperture&quot;:&quot;0&quot;,&quot;credit&quot;:&quot;&quot;,&quot;camera&quot;:&quot;&quot;,&quot;caption&quot;:&quot;&quot;,&quot;created_timestamp&quot;:&quot;0&quot;,&quot;copyright&quot;:&quot;&quot;,&quot;focal_length&quot;:&quot;0&quot;,&quot;iso&quot;:&quot;0&quot;,&quot;shutter_speed&quot;:&quot;0&quot;,&quot;title&quot;:&quot;&quot;,&quot;orientation&quot;:&quot;0&quot;}\" data-image-title=\"azucenas03\" data-image-description=\"\" data-image-caption=\"\" data-large-file=\"https:\/\/iumotril.org\/sitio\/wp-content\/uploads\/2014\/07\/azucenas03.jpg\" class=\"size-medium wp-image-59 aligncenter\" src=\"https:\/\/iumotril.org\/sitio\/wp-content\/uploads\/2014\/07\/azucenas03-225x300.jpg\" alt=\"azucenas03\" width=\"225\" height=\"300\" srcset=\"https:\/\/iumotril.org\/sitio\/wp-content\/uploads\/2014\/07\/azucenas03-225x300.jpg 225w, https:\/\/iumotril.org\/sitio\/wp-content\/uploads\/2014\/07\/azucenas03.jpg 720w\" sizes=\"auto, (max-width: 225px) 100vw, 225px\" \/><\/a><\/p>\n","protected":false},"excerpt":{"rendered":"<p>Pese a lo llamativo, preocupante y escandaloso del vertido, las [&hellip;]<\/p>\n","protected":false},"author":1,"featured_media":0,"comment_status":"open","ping_status":"open","sticky":false,"template":"","format":"standard","meta":{"cybocfi_hide_featured_image":"","_jetpack_newsletter_access":"","_jetpack_dont_email_post_to_subs":false,"_jetpack_newsletter_tier_id":0,"_jetpack_memberships_contains_paywalled_content":false,"_jetpack_memberships_contains_paid_content":false,"footnotes":""},"categories":[7,22],"tags":[23],"class_list":["post-56","post","type-post","status-publish","format-standard","hentry","category-ayuntamiento","category-playas","tag-vertidos"],"jetpack_featured_media_url":"","jetpack_sharing_enabled":true,"jetpack_shortlink":"https:\/\/wp.me\/p4QsU5-U","jetpack-related-posts":[{"id":9655,"url":"https:\/\/iumotril.org\/sitio\/alertan-de-un-posible-vertido-de-aguas-residuales-en-playa-granada\/","url_meta":{"origin":56,"position":0},"title":"Alertan de un posible vertido de aguas residuales en playa Granada","author":"Izquierda Unida Motril","date":"4 diciembre, 2023","format":false,"excerpt":"Hemos venido observando la situaci\u00f3n del balate en las \u00faltimas semanas y se puede apreciar tanto el volumen del desag\u00fce como el mal olor en su cercan\u00eda y entorno, ha declarado Jose G. Llorente, edil de la coalici\u00f3n. Ha a\u00f1adido que, por la informaci\u00f3n de que disponemos, esta situaci\u00f3n se\u2026","rel":"","context":"En \u00abEST\u00c1 PASANDO\u00bb","block_context":{"text":"EST\u00c1 PASANDO","link":"https:\/\/iumotril.org\/sitio\/category\/esta-pasando\/"},"img":{"alt_text":"","src":"https:\/\/i0.wp.com\/iumotril.org\/sitio\/wp-content\/uploads\/2023\/12\/PHOTO-2023-12-02-11-06-00.jpg?resize=350%2C200&ssl=1","width":350,"height":200,"srcset":"https:\/\/i0.wp.com\/iumotril.org\/sitio\/wp-content\/uploads\/2023\/12\/PHOTO-2023-12-02-11-06-00.jpg?resize=350%2C200&ssl=1 1x, https:\/\/i0.wp.com\/iumotril.org\/sitio\/wp-content\/uploads\/2023\/12\/PHOTO-2023-12-02-11-06-00.jpg?resize=525%2C300&ssl=1 1.5x, https:\/\/i0.wp.com\/iumotril.org\/sitio\/wp-content\/uploads\/2023\/12\/PHOTO-2023-12-02-11-06-00.jpg?resize=700%2C400&ssl=1 2x, https:\/\/i0.wp.com\/iumotril.org\/sitio\/wp-content\/uploads\/2023\/12\/PHOTO-2023-12-02-11-06-00.jpg?resize=1050%2C600&ssl=1 3x, https:\/\/i0.wp.com\/iumotril.org\/sitio\/wp-content\/uploads\/2023\/12\/PHOTO-2023-12-02-11-06-00.jpg?resize=1400%2C800&ssl=1 4x"},"classes":[]},{"id":5492,"url":"https:\/\/iumotril.org\/sitio\/iu-equo-critica-que-la-mancomunidad-justifique-el-vertido-de-aguas-residuales-a-la-playa-de-las-azucenas\/","url_meta":{"origin":56,"position":1},"title":"IU-Equo critica que la Mancomunidad justifique el vertido de aguas residuales a la playa de las Azucenas","author":"Izquierda Unida Motril","date":"13 diciembre, 2019","format":false,"excerpt":"Reclama a la Mancomunidad que considere prioritario velar por el inter\u00e9s general de los vecinos y vecinas y asegure, en todo caso, que la empresa concesionaria Aguas y Servicios cumple de forma escrupulosa con todos los requerimientos que se derivan de la concesi\u00f3n de la gesti\u00f3n del servicio del ciclo\u2026","rel":"","context":"En \u00abEST\u00c1 PASANDO\u00bb","block_context":{"text":"EST\u00c1 PASANDO","link":"https:\/\/iumotril.org\/sitio\/category\/esta-pasando\/"},"img":{"alt_text":"","src":"https:\/\/i0.wp.com\/iumotril.org\/sitio\/wp-content\/uploads\/2019\/12\/Azucenas.jpg?resize=350%2C200","width":350,"height":200,"srcset":"https:\/\/i0.wp.com\/iumotril.org\/sitio\/wp-content\/uploads\/2019\/12\/Azucenas.jpg?resize=350%2C200 1x, https:\/\/i0.wp.com\/iumotril.org\/sitio\/wp-content\/uploads\/2019\/12\/Azucenas.jpg?resize=525%2C300 1.5x"},"classes":[]},{"id":5479,"url":"https:\/\/iumotril.org\/sitio\/iu-equo-denuncia-vertidos-de-aguas-residuales-en-la-playa-de-las-azucenas\/","url_meta":{"origin":56,"position":2},"title":"IU-Equo denuncia vertidos de aguas residuales en la playa de las Azucenas","author":"Izquierda Unida Motril","date":"12 diciembre, 2019","format":false,"excerpt":"El Grupo Municipal de IU-Equo ha puesto en conocimiento de los servicios de protecci\u00f3n medioambiental la existencia de dicho vertido para que pueda llevar a cabo las actuaciones de comprobaci\u00f3n pertinente y adoptar las actuaciones precisas para determinar posibles responsabilidades. Omiste ha criticado que el presupuesto de gastos para el\u2026","rel":"","context":"En \u00abEST\u00c1 PASANDO\u00bb","block_context":{"text":"EST\u00c1 PASANDO","link":"https:\/\/iumotril.org\/sitio\/category\/esta-pasando\/"},"img":{"alt_text":"","src":"https:\/\/i0.wp.com\/iumotril.org\/sitio\/wp-content\/uploads\/2019\/12\/Inma-Omiste-y-Jose-12-diciembre-300x225.jpg?resize=350%2C200","width":350,"height":200},"classes":[]},{"id":87,"url":"https:\/\/iumotril.org\/sitio\/87\/","url_meta":{"origin":56,"position":3},"title":"Exigimos a la alcaldesa de Motril que se implique con el cuidado de la playa de Poniente","author":"Izquierda Unida Motril","date":"31 julio, 2014","format":false,"excerpt":"IU lamenta el estado de deterioro de las infraestructuras y equipamientos de esta popular playa motrile\u00f1a que se encuentra abandonada por la alcaldesa del PP \u201cPasarelas rotas, lavapies que no funcionan, farolas con cables sin protecci\u00f3n, malas hierbas, desperfectos, suciedad, falta de mantenimiento....\". Desgraciadamente este es el estado que presentan\u2026","rel":"","context":"En \u00abAyuntamiento\u00bb","block_context":{"text":"Ayuntamiento","link":"https:\/\/iumotril.org\/sitio\/category\/ayuntamiento\/"},"img":{"alt_text":"poniente01","src":"https:\/\/i0.wp.com\/iumotril.org\/sitio\/wp-content\/uploads\/2014\/08\/poniente01-300x224.jpg?resize=350%2C200","width":350,"height":200},"classes":[]},{"id":2470,"url":"https:\/\/iumotril.org\/sitio\/izquierda-unida-exige-a-mancomunidad-las-maximas-garantias-en-el-vertido-de-aguas-al-acuifero-del-rio-verde\/","url_meta":{"origin":56,"position":4},"title":"IZQUIERDA UNIDA EXIGE A MANCOMUNIDAD LAS M\u00c1XIMAS GARANT\u00cdAS EN EL VERTIDO DE AGUAS AL ACU\u00cdFERO DEL R\u00cdO VERDE","author":"Izquierda Unida Motril","date":"27 octubre, 2016","format":false,"excerpt":"A pesar de tratarse de una situaci\u00f3n de emergencia, es necesario explorar todas las alternativas posibles que puedan paliar esta situaci\u00f3n de sequ\u00eda, pero garantizando la calidad de las aguas del acu\u00edfero en tanto en cuanto que su recarga se haga por procesos naturales. En este sentido, propone que se\u2026","rel":"","context":"En \u00abEST\u00c1 PASANDO\u00bb","block_context":{"text":"EST\u00c1 PASANDO","link":"https:\/\/iumotril.org\/sitio\/category\/esta-pasando\/"},"img":{"alt_text":"prensa-juani-inma","src":"https:\/\/i0.wp.com\/iumotril.org\/sitio\/wp-content\/uploads\/2016\/10\/prensa-juani-inma.jpg?resize=350%2C200","width":350,"height":200,"srcset":"https:\/\/i0.wp.com\/iumotril.org\/sitio\/wp-content\/uploads\/2016\/10\/prensa-juani-inma.jpg?resize=350%2C200 1x, https:\/\/i0.wp.com\/iumotril.org\/sitio\/wp-content\/uploads\/2016\/10\/prensa-juani-inma.jpg?resize=525%2C300 1.5x"},"classes":[]},{"id":108,"url":"https:\/\/iumotril.org\/sitio\/denunciamos-el-estado-de-suciedad-de-las-calles-de-motril\/","url_meta":{"origin":56,"position":5},"title":"DENUNCIAMOS EL ESTADO DE SUCIEDAD DE LAS CALLES DE MOTRIL","author":"Izquierda Unida Motril","date":"15 septiembre, 2014","format":false,"excerpt":"Daniela Paqu\u00e9, concejala de IU en el Ayuntamiento de Motril, ha denunciado el estado de abandono y acumulaci\u00f3n de suciedad en determinadas zonas de la ciudad, dando una \u00abimagen lamentable\u00bb, ejemplo de la mala gesti\u00f3n del PP, \u00abporque para lograr que Motril sea referente tur\u00edstico, algo que pretende y vende\u2026","rel":"","context":"En \u00abSin categor\u00eda\u00bb","block_context":{"text":"Sin categor\u00eda","link":"https:\/\/iumotril.org\/sitio\/category\/sin-categoria\/"},"img":{"alt_text":"rambla alamos 2013 002","src":"https:\/\/i0.wp.com\/iumotril.org\/sitio\/wp-content\/uploads\/2014\/09\/rambla-alamos-2013-002-300x200.jpg?resize=350%2C200","width":350,"height":200},"classes":[]}],"jetpack_likes_enabled":true,"_links":{"self":[{"href":"https:\/\/iumotril.org\/sitio\/wp-json\/wp\/v2\/posts\/56","targetHints":{"allow":["GET"]}}],"collection":[{"href":"https:\/\/iumotril.org\/sitio\/wp-json\/wp\/v2\/posts"}],"about":[{"href":"https:\/\/iumotril.org\/sitio\/wp-json\/wp\/v2\/types\/post"}],"author":[{"embeddable":true,"href":"https:\/\/iumotril.org\/sitio\/wp-json\/wp\/v2\/users\/1"}],"replies":[{"embeddable":true,"href":"https:\/\/iumotril.org\/sitio\/wp-json\/wp\/v2\/comments?post=56"}],"version-history":[{"count":1,"href":"https:\/\/iumotril.org\/sitio\/wp-json\/wp\/v2\/posts\/56\/revisions"}],"predecessor-version":[{"id":60,"href":"https:\/\/iumotril.org\/sitio\/wp-json\/wp\/v2\/posts\/56\/revisions\/60"}],"wp:attachment":[{"href":"https:\/\/iumotril.org\/sitio\/wp-json\/wp\/v2\/media?parent=56"}],"wp:term":[{"taxonomy":"category","embeddable":true,"href":"https:\/\/iumotril.org\/sitio\/wp-json\/wp\/v2\/categories?post=56"},{"taxonomy":"post_tag","embeddable":true,"href":"https:\/\/iumotril.org\/sitio\/wp-json\/wp\/v2\/tags?post=56"}],"curies":[{"name":"wp","href":"https:\/\/api.w.org\/{rel}","templated":true}]}}