{"id":5598,"date":"2020-02-19T18:53:00","date_gmt":"2020-02-19T17:53:00","guid":{"rendered":"http:\/\/iumotril.org\/sitio\/?p=5598"},"modified":"2020-02-21T09:39:33","modified_gmt":"2020-02-21T08:39:33","slug":"iu-equo-reclama-actuaciones-de-mantenimiento-y-mejora-en-todos-los-barrios-y-en-los-centros-educativos-de-motril","status":"publish","type":"post","link":"https:\/\/iumotril.org\/sitio\/iu-equo-reclama-actuaciones-de-mantenimiento-y-mejora-en-todos-los-barrios-y-en-los-centros-educativos-de-motril\/","title":{"rendered":"IU-Equo reclama actuaciones de mantenimiento y mejora en todos los barrios y en los centros educativos de Motril"},"content":{"rendered":"<p style=\"padding-left: 40px; text-align: justify;\"><span style=\"font-weight: 400; color: #993300;\">Reprocha la concentraci\u00f3n de intervenciones que se est\u00e1n llevando cabo en el entorno de playa Granada, en concreto, recientemente, a la entrada de la urbanizaci\u00f3n Albatros, en la calle Rector Jos\u00e9 Vida Soria y al final del paseo Rey Balduino y el puente mirador de la Punta del Santo, en la denominada senda de pavimento blando.<\/span><\/p>\n<p style=\"padding-left: 40px; text-align: justify;\"><span style=\"font-weight: 400; color: #993300;\">No critica que se realicen estas actuaciones, pero denuncia el olvido de otras zonas de la ciudad y la falta de intervenciones de mantenimiento en los centros educativos de Motril, como es el caso de los ba\u00f1os del Colegio Mej\u00edas que, a pesar de los anuncios y promesas realizados, siguen sin funcionar y no estar\u00e1n operativos hasta el pr\u00f3ximo curso escolar.<\/span><\/p>\n<p style=\"padding-left: 40px; text-align: justify;\"><span style=\"font-weight: 400; color: #993300;\">Demanda la construcci\u00f3n de un paseo blando en la playa de las Azucenas, que la conecte con el municipio de Torrenueva, como acord\u00f3 en su momento el pleno de la Corporaci\u00f3n.<\/span><\/p>\n<p style=\"text-align: justify;\"><span style=\"font-weight: 400;\"><strong>Inma Omiste<\/strong>, la portavoz de IU-Equo, ha reconocido la labor que llevan a cabo los trabajadores y trabajadoras del \u00c1rea, su compromiso y profesionalidad, a pesar de las dif\u00edciles condiciones en las que tienen que llevarlas a cabo. Sin embargo, ha criticado a sus responsables al considerar que las intervenciones del \u00c1rea se est\u00e1n localizando fundamentalmente en determinadas zonas de la ciudad, en especial en el entorno de playa Granada, <strong>olvidando otros\u00a0 barrios y espacios de la ciudad.<\/strong><\/span><\/p>\n<figure id=\"attachment_5608\" aria-describedby=\"caption-attachment-5608\" style=\"width: 640px\" class=\"wp-caption aligncenter\"><a href=\"https:\/\/iumotril.org\/sitio\/iu-equo-reclama-actuaciones-de-mantenimiento-y-mejora-en-todos-los-barrios-y-en-los-centros-educativos-de-motril\/20-febrero_mantenimiento-ciudad-2\/\" rel=\"attachment wp-att-5608\"><img loading=\"lazy\" decoding=\"async\" data-attachment-id=\"5608\" data-permalink=\"https:\/\/iumotril.org\/sitio\/iu-equo-reclama-actuaciones-de-mantenimiento-y-mejora-en-todos-los-barrios-y-en-los-centros-educativos-de-motril\/20-febrero_mantenimiento-ciudad-2\/\" data-orig-file=\"https:\/\/iumotril.org\/sitio\/wp-content\/uploads\/2020\/02\/20-febrero_mantenimiento-ciudad-1-scaled.jpg\" data-orig-size=\"2560,1920\" data-comments-opened=\"1\" data-image-meta=\"{&quot;aperture&quot;:&quot;2.2&quot;,&quot;credit&quot;:&quot;&quot;,&quot;camera&quot;:&quot;iPhone 6&quot;,&quot;caption&quot;:&quot;&quot;,&quot;created_timestamp&quot;:&quot;1582189865&quot;,&quot;copyright&quot;:&quot;&quot;,&quot;focal_length&quot;:&quot;4.15&quot;,&quot;iso&quot;:&quot;32&quot;,&quot;shutter_speed&quot;:&quot;0.03030303030303&quot;,&quot;title&quot;:&quot;&quot;,&quot;orientation&quot;:&quot;1&quot;}\" data-image-title=\"20 febrero_mantenimiento ciudad\" data-image-description=\"\" data-image-caption=\"\" data-large-file=\"https:\/\/iumotril.org\/sitio\/wp-content\/uploads\/2020\/02\/20-febrero_mantenimiento-ciudad-1-1024x768.jpg\" class=\"wp-image-5608 size-large\" src=\"https:\/\/iumotril.org\/sitio\/wp-content\/uploads\/2020\/02\/20-febrero_mantenimiento-ciudad-1-1024x768.jpg\" alt=\"\" width=\"640\" height=\"480\" srcset=\"https:\/\/iumotril.org\/sitio\/wp-content\/uploads\/2020\/02\/20-febrero_mantenimiento-ciudad-1-1024x768.jpg 1024w, https:\/\/iumotril.org\/sitio\/wp-content\/uploads\/2020\/02\/20-febrero_mantenimiento-ciudad-1-300x225.jpg 300w, https:\/\/iumotril.org\/sitio\/wp-content\/uploads\/2020\/02\/20-febrero_mantenimiento-ciudad-1-768x576.jpg 768w, https:\/\/iumotril.org\/sitio\/wp-content\/uploads\/2020\/02\/20-febrero_mantenimiento-ciudad-1-1536x1152.jpg 1536w, https:\/\/iumotril.org\/sitio\/wp-content\/uploads\/2020\/02\/20-febrero_mantenimiento-ciudad-1-2048x1536.jpg 2048w\" sizes=\"auto, (max-width: 640px) 100vw, 640px\" \/><\/a><figcaption id=\"caption-attachment-5608\" class=\"wp-caption-text\">Jose Llorente e Inma Omiste<\/figcaption><\/figure>\n<p style=\"text-align: justify;\"><span style=\"font-weight: 400;\">Se ha referido, en este sentido, a las urbanizaciones del <strong>entorno de la avenida Europa<\/strong>, donde los vecinos llevan a\u00f1os reclamando actuaciones que den respuesta a las deficiencias de seguridad vial y accesibilidad de los peatones sin que sus <a href=\"https:\/\/iumotril.org\/sitio\/el-pleno-del-ayuntamiento-de-motril-aprueba-mejoras-en-la-avenida-europa-y-en-el-parque-de-las-provincias\/\">demandas<\/a> hayan sido atendidas.\u00a0<\/span><\/p>\n<p style=\"text-align: justify;\"><span style=\"font-weight: 400;\">Tampoco est\u00e1n mereciendo la atenci\u00f3n del \u00c1rea de Mantenimiento municipal el paseo de <strong>playa Poniente<\/strong> y sus accesos, el barrio de <strong>Santa Adela<\/strong> y la <strong>playa del Cable<\/strong>, por poner algunos ejemplos de otros espacios que presentan evidentes deficiencias y reclaman actuaciones de mejora, ha afirmado la portavoz de IU-Equo. A este cat\u00e1logo de zonas con necesidades de actuaci\u00f3n y de mejoras, podr\u00edan sumarse la <strong>rambla de los \u00c1lamos<\/strong> y el barrio de <strong>las Angustias<\/strong>.<\/span><\/p>\n<p><span style=\"color: #993300;\"><strong>Anuncios, promesas y titulares<\/strong><\/span><\/p>\n<p style=\"text-align: justify;\"><span style=\"font-weight: 400;\"><strong>Inma Omiste<\/strong> ha denunciado que la gesti\u00f3n de Luisa Garc\u00eda Chamorro al frente del Ayuntamiento est\u00e1 basada en hacer<strong> anuncios, promesas y faltar a la verdad<\/strong> sistem\u00e1ticamente.<\/span><\/p>\n<p style=\"text-align: justify;\"><span style=\"font-weight: 400;\">Se refer\u00eda de este modo a su <strong>incumplimiento<\/strong> con las madres, los padres y los docentes del <strong>Colegio Mej\u00edas<\/strong>, cuando anunci\u00f3 con grandes titulares que el deficiente <a href=\"https:\/\/iumotril.org\/sitio\/izquierda-unida-reclama-al-ayuntamiento-un-mayor-compromiso-con-el-mantenimiento-de-los-centros-educativos-de-motril\/\">estado de sus ba\u00f1os<\/a> era el primer problema que iba a solucionar su gobierno.\u00a0<\/span><\/p>\n<p style=\"text-align: justify;\"><span style=\"font-weight: 400;\">Ocho meses despu\u00e9s, las ni\u00f1as y los ni\u00f1os del Colegio P\u00fablico Francisco Mej\u00edas <strong>siguen sin poder utilizar los ba\u00f1os<\/strong> porque no se han concluido las obras previstas. Y no lo podr\u00e1n hacer hasta el pr\u00f3ximo curso escolar.<\/span><\/p>\n<p style=\"text-align: justify;\"><span style=\"font-weight: 400;\">Este modo de actuaci\u00f3n lo aplica a todos los \u00e1mbitos de su gesti\u00f3n municipal y lo adopta como propio su equipo de gobierno. Un claro ejemplo es el <strong>anuncio<\/strong> de que la <strong>playa de las Azucenas<\/strong> ser\u00e1 reserva natural.<\/span><\/p>\n<p style=\"text-align: justify;\"><span style=\"font-weight: 400;\">Para el gobierno de Garc\u00eda Chamorro la instalaci\u00f3n de una pasarela de acceso, la construcci\u00f3n de un quiosco para un \u00e1rea de recepci\u00f3n y la colocaci\u00f3n de papeleras y mobiliario es el primer paso para que la playa sea reserva natural.\u00a0<\/span><\/p>\n<p style=\"text-align: justify;\"><span style=\"font-weight: 400;\">Los responsables pol\u00edticos municipales <strong>est\u00e1n faltando a la verdad,<\/strong> una vez m\u00e1s, ya que no hay ning\u00fan expediente en el que se solicite, se inicie o se promueva la declaraci\u00f3n de reserva natural de esta playa. Porque no puede haberlo. La titularidad no es del ayuntamiento de Motril, sino de diferentes propietarios, lo que hace imposible esta declaraci\u00f3n.<\/span><\/p>\n<p style=\"text-align: justify;\"><span style=\"font-weight: 400;\">A pesar de ello, Garc\u00eda Chamorro no tiene pudor para vender <strong>en grandes titulares<\/strong> que la playa de las Azucenas ser\u00e1 una reserva natural.<\/span><\/p>\n<p style=\"text-align: justify;\"><span style=\"font-weight: 400;\">La portavoz de IU-Equo ha reclamado al equipo de gobierno local que recupere el proyecto de construir un <a href=\"https:\/\/iumotril.org\/sitio\/iu-motril-solicita-la-construccion-de-un-paseo-maritimo-blando-en-la-playa-de-las-azucenas\/\">paseo blando<\/a> en dicha playa que la conecte con el municipio de Torrenueva, una iniciativa sin gran complejidad t\u00e9cnica ni coste econ\u00f3mico considerable que fue acordada en su momento por el pleno de la Corporaci\u00f3n.<\/span><\/p>\n<p style=\"text-align: justify;\"><span style=\"font-weight: 400;\">Inma Omiste ha demandado a Garc\u00eda Chamorro que las actuaciones de mantenimiento y mejora de la ciudad que se lleven a cabo respondan a criterios objetivos y transparentes. Que se tenga en cuenta las decisiones consensuadas por la Corporaci\u00f3n, as\u00ed como las reclamadas razonablemente por los vecinos y vecinas.\u00a0<\/span><\/p>\n<p style=\"text-align: justify;\"><span style=\"font-weight: 400;\">En definitiva, que respondan al <strong>inter\u00e9s general de la ciudad y de sus vecinos y vecinas<\/strong> y no a cuestiones de oportunidad por razones de vecindad o proximidad a intereses particulares.<\/span><\/p>\n<div style=\"width: 640px;\" class=\"wp-video\"><video class=\"wp-video-shortcode\" id=\"video-5598-1\" width=\"640\" height=\"427\" preload=\"metadata\" controls=\"controls\"><source type=\"video\/mp4\" src=\"https:\/\/iumotril.org\/sitio\/wp-content\/uploads\/2020\/02\/VIDEO-2020-02-21-08-58-00.mp4?_=1\" \/><a href=\"https:\/\/iumotril.org\/sitio\/wp-content\/uploads\/2020\/02\/VIDEO-2020-02-21-08-58-00.mp4\">https:\/\/iumotril.org\/sitio\/wp-content\/uploads\/2020\/02\/VIDEO-2020-02-21-08-58-00.mp4<\/a><\/video><\/div>\n","protected":false},"excerpt":{"rendered":"<p>Inma Omiste ha reclamado a Garc\u00eda Chamorro que las actuaciones de mantenimiento y mejora de la ciudad que se lleven a cabo respondan a criterios objetivos y transparentes. Que se tenga en cuenta las decisiones consensuadas por la Corporaci\u00f3n, as\u00ed como las reclamadas razonablemente por los vecinos y vecinas.\u00a0En definitiva, que respondan al inter\u00e9s general de la ciudad y de sus vecinos y vecinas y no a cuestiones de oportunidad por razones de vecindad o proximidad a intereses particulares.<br \/>\nInma Omiste ha denunciado que la gesti\u00f3n de Luisa Garc\u00eda Chamorro al frente del Ayuntamiento est\u00e1 basada en hacer anuncios, promesas y faltar a la verdad sistem\u00e1ticamente.<\/p>\n","protected":false},"author":1,"featured_media":0,"comment_status":"open","ping_status":"open","sticky":false,"template":"","format":"standard","meta":{"cybocfi_hide_featured_image":"","_jetpack_newsletter_access":"","_jetpack_dont_email_post_to_subs":false,"_jetpack_newsletter_tier_id":0,"_jetpack_memberships_contains_paywalled_content":false,"_jetpack_memberships_contains_paid_content":false,"footnotes":""},"categories":[177,265],"tags":[1384,90,161,1404,1403,1296,175,1405],"class_list":["post-5598","post","type-post","status-publish","format-standard","hentry","category-ciudad","category-esta-pasando","tag-barrio-de-las-angustias","tag-barrios","tag-centros-educativos","tag-colegio-mejias","tag-obras-mantenimiento","tag-playa-azucenas","tag-playa-granada","tag-rambla-de-los-alamos"],"jetpack_featured_media_url":"","jetpack_sharing_enabled":true,"jetpack_shortlink":"https:\/\/wp.me\/p4QsU5-1si","jetpack-related-posts":[{"id":4898,"url":"https:\/\/iumotril.org\/sitio\/izquierda-unida-reclama-al-ayuntamiento-un-mayor-compromiso-con-el-mantenimiento-de-los-centros-educativos-de-motril\/","url_meta":{"origin":5598,"position":0},"title":"Izquierda Unida reclama al Ayuntamiento un mayor compromiso con el mantenimiento de los centros educativos de Motril","author":"Izquierda Unida Motril","date":"6 mayo, 2019","format":false,"excerpt":"Inma Omiste ha declarado que el mantenimiento de los centros educativos de Motril es uno de los elementos que garantizan la calidad de la educaci\u00f3n p\u00fablica, por lo que tenerlo en cuenta debe ser prioritario en cualquier propuesta de mejora para la ciudad. La candidata de IU-Equo ha adelantado algunas\u2026","rel":"","context":"En \u00abEST\u00c1 PASANDO\u00bb","block_context":{"text":"EST\u00c1 PASANDO","link":"https:\/\/iumotril.org\/sitio\/category\/esta-pasando\/"},"img":{"alt_text":"Inma Omiste Colegio Mej\u00edas","src":"https:\/\/i0.wp.com\/iumotril.org\/sitio\/wp-content\/uploads\/2019\/05\/Inma-Omiste-en-Mej%C3%ADas_6-mayo.jpg?resize=350%2C200","width":350,"height":200},"classes":[]},{"id":10962,"url":"https:\/\/iumotril.org\/sitio\/iu-equo-denuncia-la-falta-de-conserjes-en-los-colegios-y-el-abandono-de-los-centros-educativos\/","url_meta":{"origin":5598,"position":1},"title":"IU-Equo denuncia la falta de conserjes en los colegios y el abandono de los centros educativos","author":"Izquierda Unida Motril","date":"16 febrero, 2026","format":false,"excerpt":"\u2022 Todos los colegios p\u00fablicos de Motril llevan a\u00f1os con importantes problemas de mantenimiento que afectan al funcionamiento diario. \u2022 El gobierno del PP demostr\u00f3 cu\u00e1l era su apuesta firme por el mantenimiento de los centros educativos, la cifr\u00f3 en 500 euros en un presupuesto de 69 millones de euros.","rel":"","context":"En \u00abAyuntamiento\u00bb","block_context":{"text":"Ayuntamiento","link":"https:\/\/iumotril.org\/sitio\/category\/ayuntamiento\/"},"img":{"alt_text":"","src":"https:\/\/i0.wp.com\/iumotril.org\/sitio\/wp-content\/uploads\/2025\/04\/Ana-e-Inma-scaled-e1771241465260.jpeg?resize=350%2C200&ssl=1","width":350,"height":200,"srcset":"https:\/\/i0.wp.com\/iumotril.org\/sitio\/wp-content\/uploads\/2025\/04\/Ana-e-Inma-scaled-e1771241465260.jpeg?resize=350%2C200&ssl=1 1x, https:\/\/i0.wp.com\/iumotril.org\/sitio\/wp-content\/uploads\/2025\/04\/Ana-e-Inma-scaled-e1771241465260.jpeg?resize=525%2C300&ssl=1 1.5x, https:\/\/i0.wp.com\/iumotril.org\/sitio\/wp-content\/uploads\/2025\/04\/Ana-e-Inma-scaled-e1771241465260.jpeg?resize=700%2C400&ssl=1 2x, https:\/\/i0.wp.com\/iumotril.org\/sitio\/wp-content\/uploads\/2025\/04\/Ana-e-Inma-scaled-e1771241465260.jpeg?resize=1050%2C600&ssl=1 3x, https:\/\/i0.wp.com\/iumotril.org\/sitio\/wp-content\/uploads\/2025\/04\/Ana-e-Inma-scaled-e1771241465260.jpeg?resize=1400%2C800&ssl=1 4x"},"classes":[]},{"id":4786,"url":"https:\/\/iumotril.org\/sitio\/izquierda-unida-reclama-mejoras-en-centros-educativos-de-motril\/","url_meta":{"origin":5598,"position":2},"title":"Izquierda Unida reclama mejoras en Centros educativos de Motril","author":"Izquierda Unida Motril","date":"25 marzo, 2019","format":false,"excerpt":"Inma Omiste ha denunciando la desidia y dejadez de la concejal\u00eda de Educaci\u00f3n del Ayuntamiento de Motril que no hace frente a estos problemas ni ofrece ninguna soluci\u00f3n, a pesar de las demandas de la direcci\u00f3n del centro y de las madres y padres de los alumnos. La Candidata de\u2026","rel":"","context":"En \u00abAdelante Andaluc\u00eda\u00bb","block_context":{"text":"Adelante Andaluc\u00eda","link":"https:\/\/iumotril.org\/sitio\/category\/adelante-andalucia\/"},"img":{"alt_text":"","src":"https:\/\/i0.wp.com\/iumotril.org\/sitio\/wp-content\/uploads\/2019\/03\/Chus-Inma-y-Dani-Principe-Felipe_25-marzo-e1553532849496.jpg?resize=350%2C200","width":350,"height":200,"srcset":"https:\/\/i0.wp.com\/iumotril.org\/sitio\/wp-content\/uploads\/2019\/03\/Chus-Inma-y-Dani-Principe-Felipe_25-marzo-e1553532849496.jpg?resize=350%2C200 1x, https:\/\/i0.wp.com\/iumotril.org\/sitio\/wp-content\/uploads\/2019\/03\/Chus-Inma-y-Dani-Principe-Felipe_25-marzo-e1553532849496.jpg?resize=525%2C300 1.5x, https:\/\/i0.wp.com\/iumotril.org\/sitio\/wp-content\/uploads\/2019\/03\/Chus-Inma-y-Dani-Principe-Felipe_25-marzo-e1553532849496.jpg?resize=700%2C400 2x, https:\/\/i0.wp.com\/iumotril.org\/sitio\/wp-content\/uploads\/2019\/03\/Chus-Inma-y-Dani-Principe-Felipe_25-marzo-e1553532849496.jpg?resize=1050%2C600 3x, https:\/\/i0.wp.com\/iumotril.org\/sitio\/wp-content\/uploads\/2019\/03\/Chus-Inma-y-Dani-Principe-Felipe_25-marzo-e1553532849496.jpg?resize=1400%2C800 4x"},"classes":[]},{"id":6603,"url":"https:\/\/iumotril.org\/sitio\/el-ayuntamiento-debe-contribuir-con-todos-sus-medios-a-que-la-vuelta-a-las-aulas-se-haga-en-condiciones-de-seguridad\/","url_meta":{"origin":5598,"position":3},"title":"El Ayuntamiento debe contribuir con todos sus medios a que la vuelta a las aulas se haga en condiciones de seguridad","author":"Izquierda Unida Motril","date":"19 agosto, 2020","format":false,"excerpt":"Inma Omiste ha pedido a la concejala de educaci\u00f3n que asuma sus responsabilidades y se re\u00fana con las direcciones de los centros y con las Asociaciones de madres y padres a la mayor brevedad posible para informarles de c\u00f3mo se va a producir efectivamente la vuelta a las aulas en\u2026","rel":"","context":"En \u00abCovid_19\u00bb","block_context":{"text":"Covid_19","link":"https:\/\/iumotril.org\/sitio\/category\/covid_19\/"},"img":{"alt_text":"","src":"https:\/\/i0.wp.com\/iumotril.org\/sitio\/wp-content\/uploads\/2020\/08\/Inma-y-Jose-19-agosto-1024x768.jpg?resize=350%2C200","width":350,"height":200,"srcset":"https:\/\/i0.wp.com\/iumotril.org\/sitio\/wp-content\/uploads\/2020\/08\/Inma-y-Jose-19-agosto-1024x768.jpg?resize=350%2C200 1x, https:\/\/i0.wp.com\/iumotril.org\/sitio\/wp-content\/uploads\/2020\/08\/Inma-y-Jose-19-agosto-1024x768.jpg?resize=525%2C300 1.5x"},"classes":[]},{"id":10953,"url":"https:\/\/iumotril.org\/sitio\/iu-denuncia-la-falta-de-inversion-y-mantenimeinto-en-los-centros-educativos\/","url_meta":{"origin":5598,"position":4},"title":"IU denuncia la falta de inversi\u00f3n y mantenimiento en los centros educativos.","author":"Izquierda Unida Motril","date":"10 febrero, 2026","format":false,"excerpt":"No es compresible ni justificable la situaci\u00f3n que se est\u00e1 produciendo en el Ceip Pr\u00edncipe Felipe, ya que en el mes de noviembre tanto Junta como Ayuntamiento recibieron sendos escritos donde se informaba de la deteriorada situaci\u00f3n del centro, no solo de la cubierta sino tambi\u00e9n de las numerosas deficiencias\u2026","rel":"","context":"En \u00abAyuntamiento\u00bb","block_context":{"text":"Ayuntamiento","link":"https:\/\/iumotril.org\/sitio\/category\/ayuntamiento\/"},"img":{"alt_text":"","src":"https:\/\/i0.wp.com\/iumotril.org\/sitio\/wp-content\/uploads\/2025\/03\/IMG_1227-scaled-e1774865273542.jpeg?resize=350%2C200&ssl=1","width":350,"height":200,"srcset":"https:\/\/i0.wp.com\/iumotril.org\/sitio\/wp-content\/uploads\/2025\/03\/IMG_1227-scaled-e1774865273542.jpeg?resize=350%2C200&ssl=1 1x, https:\/\/i0.wp.com\/iumotril.org\/sitio\/wp-content\/uploads\/2025\/03\/IMG_1227-scaled-e1774865273542.jpeg?resize=525%2C300&ssl=1 1.5x"},"classes":[]},{"id":9760,"url":"https:\/\/iumotril.org\/sitio\/iu-verdes-equo-propone-la-instalacion-de-equipamiento-deportivo-en-plazas-parques-y-espacios-publicos\/","url_meta":{"origin":5598,"position":5},"title":"IU VERDES EQUO propone la instalaci\u00f3n de equipamiento deportivo en plazas, parques y espacios p\u00fablicos","author":"Izquierda Unida Motril","date":"30 enero, 2024","format":false,"excerpt":"La coalici\u00f3n de izquierdas ecologista propone, en una moci\u00f3n que ha presentado al pr\u00f3ximo pleno municipal, la instalaci\u00f3n de canastas de minibasket en diferentes ubicaciones de la ciudad, entre otras posibles, en Santa Adela, en la plaza de la Coronaci\u00f3n, en el barrio de Capuchinos, en San Antonio, en la\u2026","rel":"","context":"En \u00abAyuntamiento\u00bb","block_context":{"text":"Ayuntamiento","link":"https:\/\/iumotril.org\/sitio\/category\/ayuntamiento\/"},"img":{"alt_text":"","src":"https:\/\/i0.wp.com\/iumotril.org\/sitio\/wp-content\/uploads\/2024\/01\/basquet-al-aire-libre.jpg?resize=350%2C200&ssl=1","width":350,"height":200,"srcset":"https:\/\/i0.wp.com\/iumotril.org\/sitio\/wp-content\/uploads\/2024\/01\/basquet-al-aire-libre.jpg?resize=350%2C200&ssl=1 1x, https:\/\/i0.wp.com\/iumotril.org\/sitio\/wp-content\/uploads\/2024\/01\/basquet-al-aire-libre.jpg?resize=525%2C300&ssl=1 1.5x, https:\/\/i0.wp.com\/iumotril.org\/sitio\/wp-content\/uploads\/2024\/01\/basquet-al-aire-libre.jpg?resize=700%2C400&ssl=1 2x"},"classes":[]}],"jetpack_likes_enabled":true,"_links":{"self":[{"href":"https:\/\/iumotril.org\/sitio\/wp-json\/wp\/v2\/posts\/5598","targetHints":{"allow":["GET"]}}],"collection":[{"href":"https:\/\/iumotril.org\/sitio\/wp-json\/wp\/v2\/posts"}],"about":[{"href":"https:\/\/iumotril.org\/sitio\/wp-json\/wp\/v2\/types\/post"}],"author":[{"embeddable":true,"href":"https:\/\/iumotril.org\/sitio\/wp-json\/wp\/v2\/users\/1"}],"replies":[{"embeddable":true,"href":"https:\/\/iumotril.org\/sitio\/wp-json\/wp\/v2\/comments?post=5598"}],"version-history":[{"count":12,"href":"https:\/\/iumotril.org\/sitio\/wp-json\/wp\/v2\/posts\/5598\/revisions"}],"predecessor-version":[{"id":5617,"href":"https:\/\/iumotril.org\/sitio\/wp-json\/wp\/v2\/posts\/5598\/revisions\/5617"}],"wp:attachment":[{"href":"https:\/\/iumotril.org\/sitio\/wp-json\/wp\/v2\/media?parent=5598"}],"wp:term":[{"taxonomy":"category","embeddable":true,"href":"https:\/\/iumotril.org\/sitio\/wp-json\/wp\/v2\/categories?post=5598"},{"taxonomy":"post_tag","embeddable":true,"href":"https:\/\/iumotril.org\/sitio\/wp-json\/wp\/v2\/tags?post=5598"}],"curies":[{"name":"wp","href":"https:\/\/api.w.org\/{rel}","templated":true}]}}