{"id":5539,"date":"2020-01-16T09:04:56","date_gmt":"2020-01-16T08:04:56","guid":{"rendered":"http:\/\/iumotril.org\/sitio\/?p=5539"},"modified":"2020-01-16T12:19:23","modified_gmt":"2020-01-16T11:19:23","slug":"inma-omiste-anuncios-promesas-y-muchas-fotos-esa-es-la-gestion-de-garcia-chamorro-al-frente-del-ayuntamiento","status":"publish","type":"post","link":"https:\/\/iumotril.org\/sitio\/inma-omiste-anuncios-promesas-y-muchas-fotos-esa-es-la-gestion-de-garcia-chamorro-al-frente-del-ayuntamiento\/","title":{"rendered":"Inma Omiste: Anuncios, promesas y muchas fotos, esa es la gesti\u00f3n de Garc\u00eda Chamorro al frente del Ayuntamiento"},"content":{"rendered":"<p style=\"text-align: justify;\"><span style=\"color: #993300;\">IU-Equo critica la labor del equipo de gobierno de derechas de Motril que, en asuntos como el de la limpieza de la ciudad, se ocupa preferentemente de las calles y barrios que la alcaldesa vaya a utilizar en su permanente campa\u00f1a de imagen. Reclama mayores actuaciones de mantenimiento y limpieza en el conjunto de la ciudad, denunciando que hay muchas zonas, como el barrio de las Angustias, que adolecen de la necesaria atenci\u00f3n de los servicios municipales<\/span>.<\/p>\n<p style=\"text-align: justify;\">La portavoz del Grupo Municipal de IU-Equo ha puesto como ejemplo el parque en las proximidades de la calle Jacaranda, en el barrio de Las Angustias y su entorno, para criticar la <strong>gesti\u00f3n del servicio de limpieza<\/strong> por parte del gobierno local de Motril. Se est\u00e1 actuando a la carta, a petici\u00f3n de la alcaldesa y de los responsables municipales, ha afirmado.<\/p>\n<figure id=\"attachment_5550\" aria-describedby=\"caption-attachment-5550\" style=\"width: 640px\" class=\"wp-caption aligncenter\"><a href=\"https:\/\/iumotril.org\/sitio\/jacaranda-img-6631\/\"><img loading=\"lazy\" decoding=\"async\" data-attachment-id=\"5550\" data-permalink=\"https:\/\/iumotril.org\/sitio\/inma-omiste-anuncios-promesas-y-muchas-fotos-esa-es-la-gestion-de-garcia-chamorro-al-frente-del-ayuntamiento\/jacaranda-img-6631\/\" data-orig-file=\"https:\/\/iumotril.org\/sitio\/wp-content\/uploads\/2020\/01\/Jacaranda-IMG-6631-scaled.jpg\" data-orig-size=\"2560,1920\" data-comments-opened=\"1\" data-image-meta=\"{&quot;aperture&quot;:&quot;2.2&quot;,&quot;credit&quot;:&quot;&quot;,&quot;camera&quot;:&quot;iPhone 6&quot;,&quot;caption&quot;:&quot;&quot;,&quot;created_timestamp&quot;:&quot;1579168489&quot;,&quot;copyright&quot;:&quot;&quot;,&quot;focal_length&quot;:&quot;4.15&quot;,&quot;iso&quot;:&quot;32&quot;,&quot;shutter_speed&quot;:&quot;0.0012135922330097&quot;,&quot;title&quot;:&quot;&quot;,&quot;orientation&quot;:&quot;1&quot;}\" data-image-title=\"Jacaranda IMG-6631\" data-image-description=\"\" data-image-caption=\"\" data-large-file=\"https:\/\/iumotril.org\/sitio\/wp-content\/uploads\/2020\/01\/Jacaranda-IMG-6631-1024x768.jpg\" class=\"wp-image-5550 size-large\" src=\"https:\/\/iumotril.org\/sitio\/wp-content\/uploads\/2020\/01\/Jacaranda-IMG-6631-1024x768.jpg\" alt=\"\" width=\"640\" height=\"480\" srcset=\"https:\/\/iumotril.org\/sitio\/wp-content\/uploads\/2020\/01\/Jacaranda-IMG-6631-1024x768.jpg 1024w, https:\/\/iumotril.org\/sitio\/wp-content\/uploads\/2020\/01\/Jacaranda-IMG-6631-300x225.jpg 300w, https:\/\/iumotril.org\/sitio\/wp-content\/uploads\/2020\/01\/Jacaranda-IMG-6631-768x576.jpg 768w, https:\/\/iumotril.org\/sitio\/wp-content\/uploads\/2020\/01\/Jacaranda-IMG-6631-1536x1152.jpg 1536w, https:\/\/iumotril.org\/sitio\/wp-content\/uploads\/2020\/01\/Jacaranda-IMG-6631-2048x1536.jpg 2048w\" sizes=\"auto, (max-width: 640px) 100vw, 640px\" \/><\/a><figcaption id=\"caption-attachment-5550\" class=\"wp-caption-text\">Inma Omiste, portavoz del Grupo Municipal IU-Equo<\/figcaption><\/figure>\n<p style=\"text-align: justify;\">De este modo, como est\u00e1n denunciando los vecinos y vecinas, son muchas los barrios y las zonas de la ciudad que no tienen la atenci\u00f3n que se merecen por parte de los servicios de limpieza, con lo que ello supone de <strong>deterioro progresivo de calles, parques y mobiliario urbano<\/strong>.<\/p>\n<p style=\"text-align: justify;\">Omiste ha reclamado un <a href=\"https:\/\/iumotril.org\/sitio\/motril-reclama-actuaciones-integrales-de-limpieza-en-calles-plazas-y-barrios\/\">plan de limpieza integral de Motril<\/a>, riguroso, serio y profesional, que cuente con la <strong>participaci\u00f3n de los vecinos y vecinas<\/strong> de los barrios, que son los que mejor conocen las necesidades y problemas que tienen los lugares donde viven.<\/p>\n<p style=\"text-align: justify;\"><strong>Motril sigue estando sucio<\/strong>. No ha resuelto sus problemas de limpieza, ni en el centro ni en sus barrios; ni en sus calles ni sus parques, a pesar de los esfuerzos que llevan a cabo los trabajadores y trabajadoras de limpieza.<\/p>\n<p style=\"text-align: justify;\">La gesti\u00f3n del servicio de limpieza municipal sigue dejando mucho que desear. Ni las privatizaciones que se han llevado a cabo, ni la reorganizaci\u00f3n del servicio, ni la infinidad de fotos y declaraciones de Garc\u00eda Chamorro pueden <strong>maquillar las deficiencias<\/strong> de la limpieza de la ciudad de Motril.<\/p>\n<p style=\"text-align: justify;\">Hay problemas de<strong> incompetencia en la gesti\u00f3n<\/strong> de la limpieza y en la de parques y jardines -eso es evidente-, pero tambi\u00e9n, nos tememos, hay una actuaci\u00f3n interesada que pretende poner estos servicios a los pies de los caballos para hacer ver la conveniencia de su privatizaci\u00f3n progresiva y su <strong>concesi\u00f3n a manos privadas<\/strong> para hacer de un servicio p\u00fablico otro negocio privado, ha se\u00f1alado la portavoz del Grupo Municipal de IU-Equo.<\/p>\n<p style=\"text-align: justify;\"><strong>Inma Omiste<\/strong> ha demandado a la alcaldesa que ponga a trabajar con dedicaci\u00f3n a su numeroso equipo de gobierno, que deje de apostar por la propaganda y los <strong>publirreportajes<\/strong> y que se ocupe de las necesidades de la ciudad y de los motrile\u00f1as. Ahora no tiene excusas, ya que dispone de un <a href=\"https:\/\/iumotril.org\/sitio\/iu-equo-rechazara-el-presupuesto-municipal-por-no-defender-los-servicios-publicos-ni-garantizar-los-derechos-sociales-y-por-no-incluir-medidas-para-combatir-el-cambio-climatico\/\">presupuesto elaborado a su medida<\/a>.<\/p>\n","protected":false},"excerpt":{"rendered":"<p>Inma Omiste ha demandado a la alcaldesa que ponga a trabajar con dedicaci\u00f3n a su numeroso equipo de gobierno, que deje de apostar por los publirreportajes y que se ocupe de las necesidades de la ciudad y de los motrile\u00f1as. Ahora no tiene excusas, ya que dispone de un presupuesto elaborado a su medida.<br \/>\nReclama mayores actuaciones de mantenimiento y limpieza en el conjunto de la ciudad, denunciando que hay muchas zonas, como el barrio de las Angustias, que adolecen de la necesaria atenci\u00f3n de los servicios municipales.<\/p>\n","protected":false},"author":1,"featured_media":0,"comment_status":"open","ping_status":"open","sticky":false,"template":"","format":"standard","meta":{"cybocfi_hide_featured_image":"","_jetpack_newsletter_access":"","_jetpack_dont_email_post_to_subs":false,"_jetpack_newsletter_tier_id":0,"_jetpack_memberships_contains_paywalled_content":false,"_jetpack_memberships_contains_paid_content":false,"footnotes":""},"categories":[177,265],"tags":[1384,1383,448,376],"class_list":["post-5539","post","type-post","status-publish","format-standard","hentry","category-ciudad","category-esta-pasando","tag-barrio-de-las-angustias","tag-calle-jacaranda","tag-limpieza","tag-parques-y-jardines"],"jetpack_featured_media_url":"","jetpack_sharing_enabled":true,"jetpack_shortlink":"https:\/\/wp.me\/p4QsU5-1rl","jetpack-related-posts":[{"id":10499,"url":"https:\/\/iumotril.org\/sitio\/reclamamos-al-gobierno-de-garcia-chamorro-que-cumpla-con-lo-aprobado-en-pleno-para-la-mejora-del-barrio-de-las-angustias\/","url_meta":{"origin":5539,"position":0},"title":"Reclamamos al gobierno de Garc\u00eda Chamorro que cumpla con lo aprobado en pleno para la mejora del barrio de las Angustias","author":"Izquierda Unida Motril","date":"24 marzo, 2025","format":false,"excerpt":"El barrio de las Angustias no merece ni ha merecido en los \u00faltimos a\u00f1os la atenci\u00f3n necesaria por parte del Ayuntamiento para contribuir a su visibilidad y a mejoras en beneficio de sus vecinos y de sus vecinas, sostienen desde el Grupo municipal de IU Verdes Equo. A pesar de\u2026","rel":"","context":"En \u00abCiudad\u00bb","block_context":{"text":"Ciudad","link":"https:\/\/iumotril.org\/sitio\/category\/ciudad\/"},"img":{"alt_text":"","src":"https:\/\/i0.wp.com\/iumotril.org\/sitio\/wp-content\/uploads\/2025\/03\/PHOTO-2025-03-24-11-59-50-scaled.jpg?resize=350%2C200&ssl=1","width":350,"height":200,"srcset":"https:\/\/i0.wp.com\/iumotril.org\/sitio\/wp-content\/uploads\/2025\/03\/PHOTO-2025-03-24-11-59-50-scaled.jpg?resize=350%2C200&ssl=1 1x, https:\/\/i0.wp.com\/iumotril.org\/sitio\/wp-content\/uploads\/2025\/03\/PHOTO-2025-03-24-11-59-50-scaled.jpg?resize=525%2C300&ssl=1 1.5x, https:\/\/i0.wp.com\/iumotril.org\/sitio\/wp-content\/uploads\/2025\/03\/PHOTO-2025-03-24-11-59-50-scaled.jpg?resize=700%2C400&ssl=1 2x, https:\/\/i0.wp.com\/iumotril.org\/sitio\/wp-content\/uploads\/2025\/03\/PHOTO-2025-03-24-11-59-50-scaled.jpg?resize=1050%2C600&ssl=1 3x, https:\/\/i0.wp.com\/iumotril.org\/sitio\/wp-content\/uploads\/2025\/03\/PHOTO-2025-03-24-11-59-50-scaled.jpg?resize=1400%2C800&ssl=1 4x"},"classes":[]},{"id":10406,"url":"https:\/\/iumotril.org\/sitio\/apoyamos-las-demandas-de-mejoras-de-los-vecinos-del-barrio-de-las-angustias\/","url_meta":{"origin":5539,"position":1},"title":"Apoyamos las demandas de mejoras de los vecinos del barrio de Las Angustias","author":"Izquierda Unida Motril","date":"30 enero, 2025","format":false,"excerpt":"Su portavoz municipal, Inmaculada Omiste, ha denunciado que siendo uno de los barrios m\u00e1s poblados de Motril, con varios centros docentes y otras instituciones importantes, lleve arrastrando este abandono por parte del Ayuntamiento de Motril. El grupo municipal ha recogido las demandas de los vecinos y vecinas, que van desde\u2026","rel":"","context":"En \u00abCiudad\u00bb","block_context":{"text":"Ciudad","link":"https:\/\/iumotril.org\/sitio\/category\/ciudad\/"},"img":{"alt_text":"","src":"https:\/\/i0.wp.com\/iumotril.org\/sitio\/wp-content\/uploads\/2025\/01\/Las-Anagustias.jpg?resize=350%2C200&ssl=1","width":350,"height":200,"srcset":"https:\/\/i0.wp.com\/iumotril.org\/sitio\/wp-content\/uploads\/2025\/01\/Las-Anagustias.jpg?resize=350%2C200&ssl=1 1x, https:\/\/i0.wp.com\/iumotril.org\/sitio\/wp-content\/uploads\/2025\/01\/Las-Anagustias.jpg?resize=525%2C300&ssl=1 1.5x"},"classes":[]},{"id":10619,"url":"https:\/\/iumotril.org\/sitio\/iu-verdes-equo-critica-el-incumplimiento-reiterado-de-los-acuerdos-de-pleno-por-parte-del-gobierno-de-garcia-chamorro\/","url_meta":{"origin":5539,"position":2},"title":"IU Verdes Equo critica el incumplimiento reiterado de los acuerdos de pleno por parte del gobierno de Garc\u00eda Chamorro","author":"Izquierda Unida Motril","date":"16 mayo, 2025","format":false,"excerpt":"La portavoz municipal de IU Verdes Equo, Inma Omiste, ha indicado que los vecinos manifiestan su malestar por la falta de limpieza y de actuaciones en solares y jardines existentes que se encuentran en situaci\u00f3n de abandono. Adem\u00e1s, se\u00f1alan la acumulaci\u00f3n de enseres y mobiliario depositado en las proximidades de\u2026","rel":"","context":"En \u00abAyuntamiento\u00bb","block_context":{"text":"Ayuntamiento","link":"https:\/\/iumotril.org\/sitio\/category\/ayuntamiento\/"},"img":{"alt_text":"","src":"https:\/\/i0.wp.com\/iumotril.org\/sitio\/wp-content\/uploads\/2025\/05\/solar-barrio-angustias.jpg?resize=350%2C200&ssl=1","width":350,"height":200,"srcset":"https:\/\/i0.wp.com\/iumotril.org\/sitio\/wp-content\/uploads\/2025\/05\/solar-barrio-angustias.jpg?resize=350%2C200&ssl=1 1x, https:\/\/i0.wp.com\/iumotril.org\/sitio\/wp-content\/uploads\/2025\/05\/solar-barrio-angustias.jpg?resize=525%2C300&ssl=1 1.5x, https:\/\/i0.wp.com\/iumotril.org\/sitio\/wp-content\/uploads\/2025\/05\/solar-barrio-angustias.jpg?resize=700%2C400&ssl=1 2x, https:\/\/i0.wp.com\/iumotril.org\/sitio\/wp-content\/uploads\/2025\/05\/solar-barrio-angustias.jpg?resize=1050%2C600&ssl=1 3x, https:\/\/i0.wp.com\/iumotril.org\/sitio\/wp-content\/uploads\/2025\/05\/solar-barrio-angustias.jpg?resize=1400%2C800&ssl=1 4x"},"classes":[]},{"id":9253,"url":"https:\/\/iumotril.org\/sitio\/iu-verdes-equo-llevara-actuaciones-integrales-de-mejora-en-el-barrio-de-los-alamos-y-en-otros-barrios-de-la-ciudad\/","url_meta":{"origin":5539,"position":3},"title":"IU-Verdes Equo desarrollar\u00e1 actuaciones integrales de mejora en el barrio de los \u00c1lamos y en otros barrios de la ciudad","author":"Izquierda Unida Motril","date":"16 mayo, 2023","format":false,"excerpt":"La candidata de la coalici\u00f3n de izquierdas y ecologista ha informado de las actuaciones que llevar\u00e1 a cabo, adem\u00e1s de en el barrio de los \u00c1lamos, en el de Las Angustias, en Varadero, Santa Adela y en el barrio de Aviaci\u00f3n, as\u00ed como en los anejos de Carchuna-Calahonda, La Garnatilla\u2026","rel":"","context":"En \u00abElecciones\u00bb","block_context":{"text":"Elecciones","link":"https:\/\/iumotril.org\/sitio\/category\/elecciones\/"},"img":{"alt_text":"","src":"https:\/\/i0.wp.com\/iumotril.org\/sitio\/wp-content\/uploads\/2023\/05\/Los-alamos-1.jpg?resize=350%2C200&ssl=1","width":350,"height":200,"srcset":"https:\/\/i0.wp.com\/iumotril.org\/sitio\/wp-content\/uploads\/2023\/05\/Los-alamos-1.jpg?resize=350%2C200&ssl=1 1x, https:\/\/i0.wp.com\/iumotril.org\/sitio\/wp-content\/uploads\/2023\/05\/Los-alamos-1.jpg?resize=525%2C300&ssl=1 1.5x, https:\/\/i0.wp.com\/iumotril.org\/sitio\/wp-content\/uploads\/2023\/05\/Los-alamos-1.jpg?resize=700%2C400&ssl=1 2x, https:\/\/i0.wp.com\/iumotril.org\/sitio\/wp-content\/uploads\/2023\/05\/Los-alamos-1.jpg?resize=1050%2C600&ssl=1 3x"},"classes":[]},{"id":159,"url":"https:\/\/iumotril.org\/sitio\/iu-exige-la-inmediata-limpieza-de-las-calles-de-motril\/","url_meta":{"origin":5539,"position":4},"title":"IU exige la inmediata limpieza de las calles de Motril","author":"Izquierda Unida Motril","date":"24 septiembre, 2014","format":false,"excerpt":"El pleno del pr\u00f3ximo viernes pediremos una vez m\u00e1s al Equipo de Gobierno del PP \u00abque ponga soluci\u00f3n de inmediato al estado de abandono y acumulaci\u00f3n de suciedad de determinadas zonas de la ciudad, como calle Ancha y zonas adyacentes, el entorno del campo de f\u00fatbol, as\u00ed como la Rambla\u2026","rel":"","context":"En \u00abAyuntamiento\u00bb","block_context":{"text":"Ayuntamiento","link":"https:\/\/iumotril.org\/sitio\/category\/ayuntamiento\/"},"img":{"alt_text":"daniela sep","src":"https:\/\/i0.wp.com\/iumotril.org\/sitio\/wp-content\/uploads\/2014\/09\/daniela-sep-225x300.jpg?resize=350%2C200","width":350,"height":200},"classes":[]},{"id":10834,"url":"https:\/\/iumotril.org\/sitio\/iu-verdes-equo-critica-que-el-gobierno-municipal-apruebe-una-nueva-subida-de-los-recibos-de-la-basura\/","url_meta":{"origin":5539,"position":5},"title":"IU-Verdes Equo critica que el gobierno municipal apruebe una nueva subida de los recibos de la basura","author":"Izquierda Unida Motril","date":"11 octubre, 2025","format":false,"excerpt":"Seg\u00fan la portavoz de IU-Verdes Equo, el gobierno de Garc\u00eda Chamorro, con la complicidad de su socio de gobierno, est\u00e1n derivando los costes de su mala gesti\u00f3n del servicio a la ciudadan\u00eda en su conjunto, como se va a poder comprobar en los pr\u00f3ximos recibos. El coste anual del servicio\u2026","rel":"","context":"En \u00abCiudad\u00bb","block_context":{"text":"Ciudad","link":"https:\/\/iumotril.org\/sitio\/category\/ciudad\/"},"img":{"alt_text":"","src":"https:\/\/i0.wp.com\/iumotril.org\/sitio\/wp-content\/uploads\/2025\/07\/Ana-Herrera-e-Inma-Omiste-scaled.jpg?resize=350%2C200&ssl=1","width":350,"height":200,"srcset":"https:\/\/i0.wp.com\/iumotril.org\/sitio\/wp-content\/uploads\/2025\/07\/Ana-Herrera-e-Inma-Omiste-scaled.jpg?resize=350%2C200&ssl=1 1x, https:\/\/i0.wp.com\/iumotril.org\/sitio\/wp-content\/uploads\/2025\/07\/Ana-Herrera-e-Inma-Omiste-scaled.jpg?resize=525%2C300&ssl=1 1.5x, https:\/\/i0.wp.com\/iumotril.org\/sitio\/wp-content\/uploads\/2025\/07\/Ana-Herrera-e-Inma-Omiste-scaled.jpg?resize=700%2C400&ssl=1 2x, https:\/\/i0.wp.com\/iumotril.org\/sitio\/wp-content\/uploads\/2025\/07\/Ana-Herrera-e-Inma-Omiste-scaled.jpg?resize=1050%2C600&ssl=1 3x, https:\/\/i0.wp.com\/iumotril.org\/sitio\/wp-content\/uploads\/2025\/07\/Ana-Herrera-e-Inma-Omiste-scaled.jpg?resize=1400%2C800&ssl=1 4x"},"classes":[]}],"jetpack_likes_enabled":true,"_links":{"self":[{"href":"https:\/\/iumotril.org\/sitio\/wp-json\/wp\/v2\/posts\/5539","targetHints":{"allow":["GET"]}}],"collection":[{"href":"https:\/\/iumotril.org\/sitio\/wp-json\/wp\/v2\/posts"}],"about":[{"href":"https:\/\/iumotril.org\/sitio\/wp-json\/wp\/v2\/types\/post"}],"author":[{"embeddable":true,"href":"https:\/\/iumotril.org\/sitio\/wp-json\/wp\/v2\/users\/1"}],"replies":[{"embeddable":true,"href":"https:\/\/iumotril.org\/sitio\/wp-json\/wp\/v2\/comments?post=5539"}],"version-history":[{"count":10,"href":"https:\/\/iumotril.org\/sitio\/wp-json\/wp\/v2\/posts\/5539\/revisions"}],"predecessor-version":[{"id":5553,"href":"https:\/\/iumotril.org\/sitio\/wp-json\/wp\/v2\/posts\/5539\/revisions\/5553"}],"wp:attachment":[{"href":"https:\/\/iumotril.org\/sitio\/wp-json\/wp\/v2\/media?parent=5539"}],"wp:term":[{"taxonomy":"category","embeddable":true,"href":"https:\/\/iumotril.org\/sitio\/wp-json\/wp\/v2\/categories?post=5539"},{"taxonomy":"post_tag","embeddable":true,"href":"https:\/\/iumotril.org\/sitio\/wp-json\/wp\/v2\/tags?post=5539"}],"curies":[{"name":"wp","href":"https:\/\/api.w.org\/{rel}","templated":true}]}}