{"id":5473,"date":"2019-11-27T17:44:27","date_gmt":"2019-11-27T16:44:27","guid":{"rendered":"http:\/\/iumotril.org\/sitio\/?p=5473"},"modified":"2019-11-27T17:44:27","modified_gmt":"2019-11-27T16:44:27","slug":"iu-equo-propone-adecuar-los-parques-infantiles-para-los-menores-con-diversidad-funcional","status":"publish","type":"post","link":"https:\/\/iumotril.org\/sitio\/iu-equo-propone-adecuar-los-parques-infantiles-para-los-menores-con-diversidad-funcional\/","title":{"rendered":"IU-Equo propone adecuar los parques infantiles para los menores con diversidad funcional"},"content":{"rendered":"<p style=\"text-align: justify;\"><span style=\"color: #993300;\">Denuncia que Motril no avanza suficientemente en materia de accesibilidad universal lo que dificulta la movilidad de personas con diversidad funcional, mayores y viandantes en general.\u00a0Critica la situaci\u00f3n de edificios e instalaciones municipales, de un modo especial la sede consistorial a la que califica de una barrera arquitect\u00f3nica en s\u00ed misma, por lo que reclama un plan de actuaci\u00f3n urgente para eliminar las barreras existentes y adecuar los espacios municipales seg\u00fan criterios de accesibilidad universal.<\/span><\/p>\n<p style=\"text-align: justify;\">El <strong>Grupo Municipal de IU-Equo<\/strong> propone llevar a cabo la adecuaci\u00f3n de espacios en los parques infantiles de la ciudad, para que respondan a las necesidades de los ni\u00f1os y ni\u00f1as con diversidad funcional, entre otras medidas que incluye en una moci\u00f3n para la eliminaci\u00f3n de <strong>barreras arquitect\u00f3nicas<\/strong> en calles, espacios p\u00fablicos, edificios e instalaciones municipales que presenta al pr\u00f3ximo pleno de la corporaci\u00f3n.<\/p>\n<p style=\"text-align: justify;\">Con esta propuesta, Izquierda Unida-Equo defiende que Motril sea una c<strong>iudad accesible e inclusiva<\/strong>, en la l\u00ednea de lo establecido por la Ley General de derechos de las personas con discapacidad, que determina la obligatoriedad de eliminar barreras arquitect\u00f3nicas en el entorno urbano, en edificaciones y en el transporte p\u00fablico en el a\u00f1o 2017.<\/p>\n<figure id=\"attachment_5475\" aria-describedby=\"caption-attachment-5475\" style=\"width: 343px\" class=\"wp-caption alignleft\"><a href=\"https:\/\/iumotril.org\/sitio\/jose_-barreras-27-noviembre\/\"><img loading=\"lazy\" decoding=\"async\" data-attachment-id=\"5475\" data-permalink=\"https:\/\/iumotril.org\/sitio\/iu-equo-propone-adecuar-los-parques-infantiles-para-los-menores-con-diversidad-funcional\/jose_-barreras-27-noviembre\/\" data-orig-file=\"https:\/\/iumotril.org\/sitio\/wp-content\/uploads\/2019\/11\/Jose_-barreras-27-noviembre.jpg\" data-orig-size=\"343,411\" data-comments-opened=\"1\" data-image-meta=\"{&quot;aperture&quot;:&quot;2.2&quot;,&quot;credit&quot;:&quot;&quot;,&quot;camera&quot;:&quot;iPhone 6&quot;,&quot;caption&quot;:&quot;&quot;,&quot;created_timestamp&quot;:&quot;1574851156&quot;,&quot;copyright&quot;:&quot;&quot;,&quot;focal_length&quot;:&quot;4.15&quot;,&quot;iso&quot;:&quot;80&quot;,&quot;shutter_speed&quot;:&quot;0.03030303030303&quot;,&quot;title&quot;:&quot;&quot;,&quot;orientation&quot;:&quot;1&quot;}\" data-image-title=\"Jose_ barreras 27 noviembre\" data-image-description=\"\" data-image-caption=\"\" data-large-file=\"https:\/\/iumotril.org\/sitio\/wp-content\/uploads\/2019\/11\/Jose_-barreras-27-noviembre.jpg\" class=\"wp-image-5475 size-full\" src=\"https:\/\/iumotril.org\/sitio\/wp-content\/uploads\/2019\/11\/Jose_-barreras-27-noviembre.jpg\" alt=\"\" width=\"343\" height=\"411\" srcset=\"https:\/\/iumotril.org\/sitio\/wp-content\/uploads\/2019\/11\/Jose_-barreras-27-noviembre.jpg 343w, https:\/\/iumotril.org\/sitio\/wp-content\/uploads\/2019\/11\/Jose_-barreras-27-noviembre-250x300.jpg 250w\" sizes=\"auto, (max-width: 343px) 100vw, 343px\" \/><\/a><figcaption id=\"caption-attachment-5475\" class=\"wp-caption-text\">Jose Llorente, concejal de IU-Equo<\/figcaption><\/figure>\n<p style=\"text-align: justify;\"><strong>Jose Llorente<\/strong>, concejal de la formaci\u00f3n de izquierdas, ha se\u00f1alado que las calles de nuestra ciudad deber\u00edan poder ser atravesadas a pie o en silla de ruedas con comodidad y seguridad y bajo los criterios de accesibilidad universal. Para ello es necesario reorganizar el transporte p\u00fablico y la carga y descarga y asegurar que las nuevas obras que se realicen respondan a un modelo de v\u00edas con plataforma \u00fanica y prioridad peatonal.<\/p>\n<p style=\"text-align: justify;\">En este sentido, propone el desarrollo en el centro y casco hist\u00f3rico de una <strong>Red B\u00e1sica de Itinerarios Peatonales<\/strong> que permita atravesar las calles a pie, en silla de ruedas o con carritos de beb\u00e9 con comodidad y seguridad.<\/p>\n<p style=\"text-align: justify;\">Para el edil de IU-Equo resulta preocupante la indiferencia de los responsables municipales sobre la situaci\u00f3n en la que se encuentran las <strong>instalaciones y edificios municipales<\/strong>, que presentan m\u00faltiples deficiencias de accesibilidad y movilidad para la atenci\u00f3n a la ciudadan\u00eda.<\/p>\n<p style=\"text-align: justify;\">El peor ejemplo de esta situaci\u00f3n se da en la <strong>sede central del Ayuntamiento<\/strong>, que no re\u00fane las condiciones m\u00ednimas necesarias para la atenci\u00f3n al p\u00fablico desde una Administraci\u00f3n como la local que presume de ser la m\u00e1s cercana a la ciudadan\u00eda, por lo que son habituales largas filas de espera para realizar determinadas gestiones, en espacios inc\u00f3modos e inadecuados para este cometido.<\/p>\n<p style=\"text-align: justify;\">Por este motivo, Llorente ha reclamado al gobierno local que, sin m\u00e1s dilaciones, adopte las medidas necesarias para adecuar los servicios de <strong>informaci\u00f3n y atenci\u00f3n a los ciudadanos<\/strong> de modo que \u00e9sta se preste en las condiciones adecuadas, accesibles y dignas para los vecinos y para los empleados p\u00fablicos.<\/p>\n<p style=\"text-align: justify;\">El gobierno de <strong>Garc\u00eda Chamorro<\/strong> tiene la oportunidad de adoptar estas medidas en la tramitaci\u00f3n de los presupuestos que est\u00e1 en curso, ha afirmado Llorente, incluyendo los recursos necesarios para llevar a cabo estas actuaciones.<\/p>\n<p style=\"text-align: justify;\">IU-Equo as\u00ed lo propondr\u00e1 en las alegaciones que presentar\u00e1 al <a href=\"https:\/\/iumotril.org\/sitio\/iu-equo-rechaza-el-proyecto-de-presupuestos-municipales-al-considerar-que-responde-unicamente-a-los-intereses-politicos-de-garcia-chamorro\/\"><strong>presupuesto<\/strong><\/a> inicialmente aprobado. En ese momento, veremos el compromiso del multitudinario equipo de gobierno de Garc\u00eda Chamorro, con la accesibilidad universal y con la adecuada atenci\u00f3n y servicio a la ciudadan\u00eda.<\/p>\n<p style=\"text-align: justify;\">La moci\u00f3n de IU-Equo propone que se proceda a la elaboraci\u00f3n de una <strong>Ordenanza municipal sobre accesibilidad universal<\/strong> de los espacios p\u00fablicos urbanizados y edificaciones, modos de transporte y tecnolog\u00edas.<\/p>\n","protected":false},"excerpt":{"rendered":"<p> El Grupo Municipal de IU-Equo propone llevar a cabo la adecuaci\u00f3n de espacios en los parques infantiles de la ciudad, para que respondan a las necesidades de los ni\u00f1os y ni\u00f1as con diversidad funcional, entre otras medidas que incluye en una moci\u00f3n para la eliminaci\u00f3n de barreras arquitect\u00f3nicas en calles, espacios p\u00fablicos, edificios e instalaciones municipales que presenta al pr\u00f3ximo pleno de la corporaci\u00f3n.<br \/>\nPropone el desarrollo en el centro y casco hist\u00f3rico de una Red B\u00e1sica de Itinerarios Peatonales que permita atravesar las calles a pie, en silla de ruedas o con carritos de beb\u00e9 con comodidad y seguridad.<br \/>\nResulta preocupante la indiferencia de los responsables municipales sobre la situaci\u00f3n en la que se encuentran las instalaciones y edificios municipales, que presentan m\u00faltiples deficiencias de accesibilidad y movilidad para la atenci\u00f3n a la ciudadan\u00eda.<\/p>\n","protected":false},"author":1,"featured_media":0,"comment_status":"open","ping_status":"open","sticky":false,"template":"","format":"standard","meta":{"cybocfi_hide_featured_image":"","_jetpack_newsletter_access":"","_jetpack_dont_email_post_to_subs":false,"_jetpack_newsletter_tier_id":0,"_jetpack_memberships_contains_paywalled_content":false,"_jetpack_memberships_contains_paid_content":false,"footnotes":""},"categories":[177,265],"tags":[860,1376,1378,1377,429,670],"class_list":["post-5473","post","type-post","status-publish","format-standard","hentry","category-ciudad","category-esta-pasando","tag-barreras-arquitectonicas","tag-diversidad-funcional","tag-espacios-publicos","tag-instalaciones-municipales","tag-llorente","tag-movilidad"],"jetpack_featured_media_url":"","jetpack_sharing_enabled":true,"jetpack_shortlink":"https:\/\/wp.me\/p4QsU5-1qh","jetpack-related-posts":[{"id":3235,"url":"https:\/\/iumotril.org\/sitio\/izquierda-unida-reclama-la-eliminacion-de-las-barreras-arquitectonicas-en-las-instalaciones-municipales\/","url_meta":{"origin":5473,"position":0},"title":"IZQUIERDA UNIDA RECLAMA LA ELIMINACI\u00d3N DE LAS BARRERAS ARQUITECT\u00d3NICAS EN LAS INSTALACIONES MUNICIPALES.","author":"Izquierda Unida Motril","date":"13 diciembre, 2017","format":false,"excerpt":"Izquierda Unida ha registrado una Moci\u00f3n para su debate en el pr\u00f3ximo pleno municipal en la que reclama al gobierno municipal la mejora de la accesibilidad en el Ayuntamiento y en todos los edificios municipales, eliminando las barreras arquitect\u00f3nicas existentes, instalando rampas de entrada y creando itinerarios para que puedan\u2026","rel":"","context":"En \u00abEST\u00c1 PASANDO\u00bb","block_context":{"text":"EST\u00c1 PASANDO","link":"https:\/\/iumotril.org\/sitio\/category\/esta-pasando\/"},"img":{"alt_text":"","src":"https:\/\/i0.wp.com\/iumotril.org\/sitio\/wp-content\/uploads\/2017\/12\/Aceso-atras-ayuntamiento-2-232x300.jpg?resize=350%2C200","width":350,"height":200},"classes":[]},{"id":8255,"url":"https:\/\/iumotril.org\/sitio\/iu-equo-solicita-al-ayuntamiento-la-habilitacion-de-zonas-de-sombra-en-parques-infantiles-y-espacios-publicos-de-la-ciudad\/","url_meta":{"origin":5473,"position":1},"title":"IU Equo solicita al Ayuntamiento la habilitaci\u00f3n de zonas de sombra en parques infantiles y espacios p\u00fablicos de la ciudad","author":"Izquierda Unida Motril","date":"30 junio, 2022","format":false,"excerpt":"En una moci\u00f3n que presenta IU-Equo para su debate en el pr\u00f3ximo pleno, pide que se habiliten zonas de sombra en determinados parques infantiles y otros espacios p\u00fablicos, en concreto en la plaza de la Aurora, en la plaza de la Coronaci\u00f3n (Moma), en el parque de los pueblos de\u2026","rel":"","context":"En \u00abAyuntamiento\u00bb","block_context":{"text":"Ayuntamiento","link":"https:\/\/iumotril.org\/sitio\/category\/ayuntamiento\/"},"img":{"alt_text":"","src":"https:\/\/i0.wp.com\/iumotril.org\/sitio\/wp-content\/uploads\/2021\/10\/Inma-27-octubre-scaled.jpg?resize=350%2C200","width":350,"height":200,"srcset":"https:\/\/i0.wp.com\/iumotril.org\/sitio\/wp-content\/uploads\/2021\/10\/Inma-27-octubre-scaled.jpg?resize=350%2C200 1x, https:\/\/i0.wp.com\/iumotril.org\/sitio\/wp-content\/uploads\/2021\/10\/Inma-27-octubre-scaled.jpg?resize=525%2C300 1.5x, https:\/\/i0.wp.com\/iumotril.org\/sitio\/wp-content\/uploads\/2021\/10\/Inma-27-octubre-scaled.jpg?resize=700%2C400 2x, https:\/\/i0.wp.com\/iumotril.org\/sitio\/wp-content\/uploads\/2021\/10\/Inma-27-octubre-scaled.jpg?resize=1050%2C600 3x, https:\/\/i0.wp.com\/iumotril.org\/sitio\/wp-content\/uploads\/2021\/10\/Inma-27-octubre-scaled.jpg?resize=1400%2C800 4x"},"classes":[]},{"id":9028,"url":"https:\/\/iumotril.org\/sitio\/iu-equo-denuncia-el-mal-estado-de-los-parques-infantiles-de-la-ciudad\/","url_meta":{"origin":5473,"position":2},"title":"IU-Equo denuncia el mal estado de los parques infantiles de la ciudad","author":"Izquierda Unida Motril","date":"12 abril, 2023","format":false,"excerpt":"Inma Omiste ha reclamado un compromiso econ\u00f3mico y material del Ayuntamiento para los parques y zonas infantiles de la ciudad, que aseguren su buen estado de utilizaci\u00f3n por parte de los vecinos y vecinas de los barrios. Consideramos que los parques y las zonas verdes deben ser entendidos como espacios\u2026","rel":"","context":"En \u00abdenuncia\u00bb","block_context":{"text":"denuncia","link":"https:\/\/iumotril.org\/sitio\/category\/denuncia\/"},"img":{"alt_text":"","src":"https:\/\/i0.wp.com\/iumotril.org\/sitio\/wp-content\/uploads\/2023\/04\/Columpio-parque-scaled.jpg?resize=350%2C200&ssl=1","width":350,"height":200,"srcset":"https:\/\/i0.wp.com\/iumotril.org\/sitio\/wp-content\/uploads\/2023\/04\/Columpio-parque-scaled.jpg?resize=350%2C200&ssl=1 1x, https:\/\/i0.wp.com\/iumotril.org\/sitio\/wp-content\/uploads\/2023\/04\/Columpio-parque-scaled.jpg?resize=525%2C300&ssl=1 1.5x, https:\/\/i0.wp.com\/iumotril.org\/sitio\/wp-content\/uploads\/2023\/04\/Columpio-parque-scaled.jpg?resize=700%2C400&ssl=1 2x, https:\/\/i0.wp.com\/iumotril.org\/sitio\/wp-content\/uploads\/2023\/04\/Columpio-parque-scaled.jpg?resize=1050%2C600&ssl=1 3x, https:\/\/i0.wp.com\/iumotril.org\/sitio\/wp-content\/uploads\/2023\/04\/Columpio-parque-scaled.jpg?resize=1400%2C800&ssl=1 4x"},"classes":[]},{"id":7382,"url":"https:\/\/iumotril.org\/sitio\/iu-equo-propone-la-instalacion-de-canastas-de-minibasket-en-parques-y-espacios-publicos-de-la-ciudad\/","url_meta":{"origin":5473,"position":3},"title":"IU-Equo propone la instalaci\u00f3n de canastas de minibasket en parques y espacios p\u00fablicos de la ciudad","author":"Izquierda Unida Motril","date":"28 abril, 2021","format":false,"excerpt":"La moci\u00f3n de IU-Equo plantea la posibilidad de instalar canastas de minibasket en diferentes plazas y parques p\u00fablicos de Motril, ya que, por las caracter\u00edsticas del deporte del baloncesto, la instalaci\u00f3n de canastas no supone excesivos requerimientos t\u00e9cnicos. La pr\u00e1ctica del baloncesto ofrece m\u00faltiples posibilidades por la que la dotaci\u00f3n\u2026","rel":"","context":"En \u00abEST\u00c1 PASANDO\u00bb","block_context":{"text":"EST\u00c1 PASANDO","link":"https:\/\/iumotril.org\/sitio\/category\/esta-pasando\/"},"img":{"alt_text":"","src":"https:\/\/i0.wp.com\/iumotril.org\/sitio\/wp-content\/uploads\/2021\/04\/Jose_28-abril-1024x768.jpg?resize=350%2C200","width":350,"height":200,"srcset":"https:\/\/i0.wp.com\/iumotril.org\/sitio\/wp-content\/uploads\/2021\/04\/Jose_28-abril-1024x768.jpg?resize=350%2C200 1x, https:\/\/i0.wp.com\/iumotril.org\/sitio\/wp-content\/uploads\/2021\/04\/Jose_28-abril-1024x768.jpg?resize=525%2C300 1.5x"},"classes":[]},{"id":4658,"url":"https:\/\/iumotril.org\/sitio\/presentamos-mocion-al-pleno-para-la-mejora-de-las-zonas-infantiles-de-parques-y-espacios-publicos\/","url_meta":{"origin":5473,"position":4},"title":"Presentamos Moci\u00f3n al Pleno para la mejora de las zonas infantiles de parques y espacios p\u00fablicos","author":"Izquierda Unida Motril","date":"31 enero, 2019","format":false,"excerpt":"La moci\u00f3n presentada por Izquierda Unida propone, adem\u00e1s de la elaboraci\u00f3n de un inventario con el estado actual de las diferentes zonas infantiles de juego de la ciudad, de sus instalaciones y de su equipamiento, la elaboraci\u00f3n de un plan de choque de limpieza integral de todas las zonas infantiles\u2026","rel":"","context":"En \u00abCiudad\u00bb","block_context":{"text":"Ciudad","link":"https:\/\/iumotril.org\/sitio\/category\/ciudad\/"},"img":{"alt_text":"","src":"https:\/\/i0.wp.com\/iumotril.org\/sitio\/wp-content\/uploads\/2019\/01\/Daniela-e-Inma_mociones_30-enero.jpg?resize=350%2C200","width":350,"height":200},"classes":[]},{"id":7008,"url":"https:\/\/iumotril.org\/sitio\/iu-equo-propone-la-creacion-de-espacios-publicos-seguros-para-mujeres-y-ninas\/","url_meta":{"origin":5473,"position":5},"title":"IU-Equo propone la creaci\u00f3n de espacios p\u00fablicos seguros para mujeres y ni\u00f1as","author":"Izquierda Unida Motril","date":"16 diciembre, 2020","format":false,"excerpt":"Reclama que se adopten medidas para generar una ciudad inclusiva; medidas que van desde la revisi\u00f3n de las ordenanzas municipales, la simplificaci\u00f3n del sistema de denuncias, el dise\u00f1o de ciudades con enfoque de perspectiva de g\u00e9nero o la promoci\u00f3n de la participaci\u00f3n de las j\u00f3venes en la toma de decisiones\u2026","rel":"","context":"En \u00abAyuntamiento\u00bb","block_context":{"text":"Ayuntamiento","link":"https:\/\/iumotril.org\/sitio\/category\/ayuntamiento\/"},"img":{"alt_text":"","src":"https:\/\/i0.wp.com\/iumotril.org\/sitio\/wp-content\/uploads\/2020\/12\/PHOTO-2020-12-16-13-08-24-1024x768.jpg?resize=350%2C200","width":350,"height":200,"srcset":"https:\/\/i0.wp.com\/iumotril.org\/sitio\/wp-content\/uploads\/2020\/12\/PHOTO-2020-12-16-13-08-24-1024x768.jpg?resize=350%2C200 1x, https:\/\/i0.wp.com\/iumotril.org\/sitio\/wp-content\/uploads\/2020\/12\/PHOTO-2020-12-16-13-08-24-1024x768.jpg?resize=525%2C300 1.5x"},"classes":[]}],"jetpack_likes_enabled":true,"_links":{"self":[{"href":"https:\/\/iumotril.org\/sitio\/wp-json\/wp\/v2\/posts\/5473","targetHints":{"allow":["GET"]}}],"collection":[{"href":"https:\/\/iumotril.org\/sitio\/wp-json\/wp\/v2\/posts"}],"about":[{"href":"https:\/\/iumotril.org\/sitio\/wp-json\/wp\/v2\/types\/post"}],"author":[{"embeddable":true,"href":"https:\/\/iumotril.org\/sitio\/wp-json\/wp\/v2\/users\/1"}],"replies":[{"embeddable":true,"href":"https:\/\/iumotril.org\/sitio\/wp-json\/wp\/v2\/comments?post=5473"}],"version-history":[{"count":4,"href":"https:\/\/iumotril.org\/sitio\/wp-json\/wp\/v2\/posts\/5473\/revisions"}],"predecessor-version":[{"id":5478,"href":"https:\/\/iumotril.org\/sitio\/wp-json\/wp\/v2\/posts\/5473\/revisions\/5478"}],"wp:attachment":[{"href":"https:\/\/iumotril.org\/sitio\/wp-json\/wp\/v2\/media?parent=5473"}],"wp:term":[{"taxonomy":"category","embeddable":true,"href":"https:\/\/iumotril.org\/sitio\/wp-json\/wp\/v2\/categories?post=5473"},{"taxonomy":"post_tag","embeddable":true,"href":"https:\/\/iumotril.org\/sitio\/wp-json\/wp\/v2\/tags?post=5473"}],"curies":[{"name":"wp","href":"https:\/\/api.w.org\/{rel}","templated":true}]}}