{"id":5451,"date":"2019-11-22T12:28:44","date_gmt":"2019-11-22T11:28:44","guid":{"rendered":"http:\/\/iumotril.org\/sitio\/?p=5451"},"modified":"2019-11-22T20:02:47","modified_gmt":"2019-11-22T19:02:47","slug":"iu-equo-promueve-la-declaracion-de-motril-libre-de-violencias-machistas","status":"publish","type":"post","link":"https:\/\/iumotril.org\/sitio\/iu-equo-promueve-la-declaracion-de-motril-libre-de-violencias-machistas\/","title":{"rendered":"IU-Equo promueve la declaraci\u00f3n de Motril, libre de violencias machistas"},"content":{"rendered":"<p style=\"text-align: justify;\"><span style=\"color: #993300;\"><span class=\"s2\">Reclama mayores recursos econ\u00f3micos y humanos destinados al desarrollo de pol\u00edticas de igualdad activas. <\/span><span class=\"s2\">Propone la elaboraci\u00f3n de un Plan de Igualdad contra la violencia machista que tenga como objetivo el desarrollo de pol\u00edticas de prevenci\u00f3n, sensibilizaci\u00f3n y detecci\u00f3n.<\/span><\/span><\/p>\n<p class=\"p1\" style=\"text-align: justify;\"><span class=\"s2\">La declaraci\u00f3n de <span style=\"color: #993300;\"><em>Motril, libre de violencias machistas<\/em><\/span> es una medida que simboliza el rechazo frontal de nuestra ciudad a la lacra social de la violencia contra las mujeres. <\/span><span class=\"s2\">Debe suponer, adem\u00e1s, una apuesta inequ\u00edvoca de la administraci\u00f3n local para dotar de <strong>mayores recursos<\/strong> econ\u00f3micos y humanos el desarrollo de pol\u00edticas de igualdad efectivas.<\/span><\/p>\n<p class=\"p1\" style=\"text-align: justify;\"><span class=\"s2\"><strong><a href=\"https:\/\/iumotril.org\/sitio\/25-n-revolucion\/\"><img loading=\"lazy\" decoding=\"async\" data-attachment-id=\"5470\" data-permalink=\"https:\/\/iumotril.org\/sitio\/iu-equo-promueve-la-declaracion-de-motril-libre-de-violencias-machistas\/25-n-revolucion\/\" data-orig-file=\"https:\/\/iumotril.org\/sitio\/wp-content\/uploads\/2019\/11\/25-n-Revolucio\u0301n.jpg\" data-orig-size=\"960,960\" data-comments-opened=\"1\" data-image-meta=\"{&quot;aperture&quot;:&quot;0&quot;,&quot;credit&quot;:&quot;&quot;,&quot;camera&quot;:&quot;&quot;,&quot;caption&quot;:&quot;&quot;,&quot;created_timestamp&quot;:&quot;0&quot;,&quot;copyright&quot;:&quot;&quot;,&quot;focal_length&quot;:&quot;0&quot;,&quot;iso&quot;:&quot;0&quot;,&quot;shutter_speed&quot;:&quot;0&quot;,&quot;title&quot;:&quot;&quot;,&quot;orientation&quot;:&quot;0&quot;}\" data-image-title=\"25 n Revolucio\u0301n\" data-image-description=\"\" data-image-caption=\"\" data-large-file=\"https:\/\/iumotril.org\/sitio\/wp-content\/uploads\/2019\/11\/25-n-Revolucio\u0301n.jpg\" class=\"aligncenter size-full wp-image-5470\" src=\"https:\/\/iumotril.org\/sitio\/wp-content\/uploads\/2019\/11\/25-n-Revolucio\u0301n.jpg\" alt=\"\" width=\"960\" height=\"960\" srcset=\"https:\/\/iumotril.org\/sitio\/wp-content\/uploads\/2019\/11\/25-n-Revolucio\u0301n.jpg 960w, https:\/\/iumotril.org\/sitio\/wp-content\/uploads\/2019\/11\/25-n-Revolucio\u0301n-300x300.jpg 300w, https:\/\/iumotril.org\/sitio\/wp-content\/uploads\/2019\/11\/25-n-Revolucio\u0301n-176x176.jpg 176w, https:\/\/iumotril.org\/sitio\/wp-content\/uploads\/2019\/11\/25-n-Revolucio\u0301n-768x768.jpg 768w\" sizes=\"auto, (max-width: 960px) 100vw, 960px\" \/><\/a>Inma Omiste<\/strong> ha dado a conocer la propuesta que su Grupo Municipal elevar\u00e1 al pr\u00f3ximo pleno del Ayuntamiento, se\u00f1alando que la moci\u00f3n que presenta su Grupo cobra todo su sentido a la vista de la escasa dotaci\u00f3n econ\u00f3mica que el <strong>presupuesto municipal<\/strong> inicialmente aprobado para el pr\u00f3ximo a\u00f1o 2020 destina a pol\u00edticas de mujer, 13 mil euros, una cuant\u00eda claramente insuficiente y que es la misma que hace cinco a\u00f1os.<\/span><\/p>\n<p class=\"p1\" style=\"text-align: justify;\"><span class=\"s2\">El \u00e1mbito local, al ser el m\u00e1s cercano a la ciudadan\u00eda, es el marco id\u00f3neo para implantar medidas que, sin rebasar los \u00e1mbitos competenciales, puedan incidir de manera decisiva en la vida de las mujeres y dar un mensaje claro y contundente <strong>contra la violencia machista<\/strong>. <\/span><span class=\"s2\">Debemos aspirar a vivir en una ciudad en la que se las mujeres se encuentren libres de sufrir violencias machistas y puedan vivir su sexualidad y sus vidas cotidianas con libertad y autonom\u00eda.<\/span><\/p>\n<p class=\"p1\" style=\"text-align: justify;\"><span class=\"s2\">La violencia machista es una violencia sexual que se expresa de forma individual y colectiva y, por tanto, no se pueden dar respuestas \u00fanicamente desde el \u00e1mbito penal sino, fundamentalmente, desde la <strong>prevenci\u00f3n y la educaci\u00f3n<\/strong>. <\/span><span class=\"s2\">En este sentido, entre las propuestas de IU-Equo se recoge la elaboraci\u00f3n e implantaci\u00f3n de un <strong>Plan por la igualdad y contra la violencia machista<\/strong> que tenga como objetivo el desarrollo de medidas activas relacionadas con la prevenci\u00f3n, la sensibilizaci\u00f3n y la detecci\u00f3n.<\/span><\/p>\n<p class=\"p1\" style=\"text-align: justify;\"><span class=\"s2\">Del mismo modo, se propone llevar a cabo actuaciones de sensibilizaci\u00f3n en el \u00e1mbito educativo y familiar y el desarrollo de campa\u00f1as informativas y de concienciaci\u00f3n a trav\u00e9s de los medios de comunicaci\u00f3n local dirigidas al conjunto de la poblaci\u00f3n, que promuevan valores de igualdad y no discriminaci\u00f3n.<\/span><\/p>\n<p class=\"p1\" style=\"text-align: justify;\"><span class=\"s2\">Inmaculada Omiste ha recordado que el pr\u00f3ximo lunes, d\u00eda <strong>25 de noviembre<\/strong>, es el <a href=\"https:\/\/www.un.org\/es\/events\/endviolenceday\/\">D\u00eda internacional<\/a> contra la violencia machista, animando a las vecinas y vecinos de Motril a que se sumen a las movilizaciones convocadas.\u00a0 <\/span><span class=\"s2\">Es de suma importancia apoyar estas <a href=\"https:\/\/www.cuartopoder.es\/derechos-sociales\/2019\/11\/21\/cita-multiple-para-el-25-n-de-la-autodefensa-feminista-a-la-manifestacion-habitual\/\">movilizaciones<\/a> porque refrendan el rechazo absoluto de esta violencia y de quienes, de un modo u otro, la justifican. <\/span><\/p>\n<p class=\"p1\" style=\"text-align: justify;\"><span class=\"s2\">Sin embargo, la lucha contra esa lacra social <strong>no se puede limitar a una fecha<\/strong> ni a la realizaci\u00f3n de actividades m\u00e1s o menos coloristas. Es necesario implementar pol\u00edticas sostenidas en el tiempo, dotadas de recursos econ\u00f3micos y materiales suficientes que contribuyan a su total erradicaci\u00f3n. <\/span><span class=\"s2\">En nuestro pa\u00eds, en los \u00faltimos quince a\u00f1os han sido <strong>asesinadas 1.027 mujeres<\/strong>; 197 en Andaluc\u00eda. En lo que va de a\u00f1o, las muertes por violencia machista han sido 51.<\/span><\/p>\n<figure id=\"attachment_5462\" aria-describedby=\"caption-attachment-5462\" style=\"width: 300px\" class=\"wp-caption alignleft\"><a href=\"https:\/\/iumotril.org\/sitio\/inma-25n_2\/\"><img loading=\"lazy\" decoding=\"async\" data-attachment-id=\"5462\" data-permalink=\"https:\/\/iumotril.org\/sitio\/iu-equo-promueve-la-declaracion-de-motril-libre-de-violencias-machistas\/inma-25n_2\/\" data-orig-file=\"https:\/\/iumotril.org\/sitio\/wp-content\/uploads\/2019\/11\/Inma-25N_2-scaled.jpg\" data-orig-size=\"2560,1920\" data-comments-opened=\"1\" data-image-meta=\"{&quot;aperture&quot;:&quot;2.2&quot;,&quot;credit&quot;:&quot;&quot;,&quot;camera&quot;:&quot;iPhone 6&quot;,&quot;caption&quot;:&quot;&quot;,&quot;created_timestamp&quot;:&quot;1574412192&quot;,&quot;copyright&quot;:&quot;&quot;,&quot;focal_length&quot;:&quot;4.15&quot;,&quot;iso&quot;:&quot;32&quot;,&quot;shutter_speed&quot;:&quot;0.03030303030303&quot;,&quot;title&quot;:&quot;&quot;,&quot;orientation&quot;:&quot;1&quot;}\" data-image-title=\"Inma 25N_2\" data-image-description=\"\" data-image-caption=\"&lt;p&gt;Inma Omiste, portavoz de IU-Equo&lt;\/p&gt;\n\" data-large-file=\"https:\/\/iumotril.org\/sitio\/wp-content\/uploads\/2019\/11\/Inma-25N_2-1024x768.jpg\" class=\"wp-image-5462 size-medium\" src=\"https:\/\/iumotril.org\/sitio\/wp-content\/uploads\/2019\/11\/Inma-25N_2-300x225.jpg\" alt=\"\" width=\"300\" height=\"225\" srcset=\"https:\/\/iumotril.org\/sitio\/wp-content\/uploads\/2019\/11\/Inma-25N_2-300x225.jpg 300w, https:\/\/iumotril.org\/sitio\/wp-content\/uploads\/2019\/11\/Inma-25N_2-1024x768.jpg 1024w, https:\/\/iumotril.org\/sitio\/wp-content\/uploads\/2019\/11\/Inma-25N_2-768x576.jpg 768w, https:\/\/iumotril.org\/sitio\/wp-content\/uploads\/2019\/11\/Inma-25N_2-1536x1152.jpg 1536w, https:\/\/iumotril.org\/sitio\/wp-content\/uploads\/2019\/11\/Inma-25N_2-2048x1536.jpg 2048w\" sizes=\"auto, (max-width: 300px) 100vw, 300px\" \/><\/a><figcaption id=\"caption-attachment-5462\" class=\"wp-caption-text\">Inma Omiste, portavoz de IU-Equo<\/figcaption><\/figure>\n<p class=\"p1\" style=\"text-align: justify;\"><span class=\"s2\">Es innegable es que en nuestra sociedad se sigue matando a las mujeres. Por mucho que se empe\u00f1en en negarlo, es un asunto que tiene que ver exclusivamente con la vida y con la dignidad humanas. Quienes <\/span><span class=\"s2\">promueven esa discriminaci\u00f3n con <a href=\"https:\/\/www.eldiario.es\/madrid\/Ayuntamiento-Madrid-declaracion-institucional-violencia_0_965203635.html\">discursos negacionistas<\/a> no pueden tener legitimidad ni ser considerados como una opci\u00f3n democr\u00e1tica m\u00e1s. Deben encontrar nuestro rechazo inequ\u00edvoco en todos los \u00e1mbitos, en la calle, en los medios de comunicaci\u00f3n y tambi\u00e9n en las instituciones.<\/span><\/p>\n<p class=\"p1\" style=\"text-align: justify;\"><span class=\"s2\">Seg\u00fan Inma Omiste, en estos tiempos en los que estamos asistiendo a procesos de involuci\u00f3n democr\u00e1tica y de los derechos humanos, es esencial manifestar nuestra determinaci\u00f3n para <strong>hacer frente a cualquier forma de discriminaci\u00f3n contra las personas<\/strong>, ya sea contra las mujeres, contra las ni\u00f1as y los ni\u00f1os o contra las personas diferentes.<\/span><\/p>\n<p class=\"p1\" style=\"text-align: justify;\"><span class=\"s2\">La portavoz de IU-Equo ha ratificado la posici\u00f3n de su Grupo de no tomar en consideraci\u00f3n ninguna propuesta que presente en la corporaci\u00f3n municipal la representaci\u00f3n de la <strong>ultraderecha motrile\u00f1a<\/strong>, mientras que siga negando la violencia machista y cuestionando las pol\u00edticas de igualdad entre mujeres y hombres, criminalizando a los inmigrantes y promoviendo el rechazo y el odio hacia las personas por su orientaci\u00f3n sexual.<\/span><\/p>\n","protected":false},"excerpt":{"rendered":"<p>La lucha contra esa lacra social no se puede limitar a una fecha ni a la realizaci\u00f3n de actividades m\u00e1s o menos coloristas. Es necesario implementar pol\u00edticas sostenidas en el tiempo, dotadas de recursos econ\u00f3micos y materiales suficientes que contribuyan a su total erradicaci\u00f3n. En nuestro pa\u00eds, en los \u00faltimos quince a\u00f1os han sido asesinadas 1.027 mujeres; 197 en Andaluc\u00eda. En lo que va de a\u00f1o, las muertes por violencia machista han sido 51.<br \/>\nEs innegable que en nuestra sociedad se sigue matando a las mujeres. Por mucho que se empe\u00f1en en negarlo. Es una cuesti\u00f3n que tiene que ver con la dignidad y la vida humanas.<br \/>\nQuienes promueven esa discriminaci\u00f3n con discursos negacionistas no pueden tener legitimidad ni ser considerados como una opci\u00f3n democr\u00e1tica m\u00e1s. Deben encontrar nuestro rechazo inequ\u00edvoco en todos los \u00e1mbitos, en la calle, en los medios de comunicaci\u00f3n y tambi\u00e9n en las instituciones.<\/p>\n","protected":false},"author":1,"featured_media":0,"comment_status":"open","ping_status":"open","sticky":false,"template":"","format":"standard","meta":{"cybocfi_hide_featured_image":"","_jetpack_newsletter_access":"","_jetpack_dont_email_post_to_subs":false,"_jetpack_newsletter_tier_id":0,"_jetpack_memberships_contains_paywalled_content":false,"_jetpack_memberships_contains_paid_content":false,"footnotes":""},"categories":[265,997,36],"tags":[361,693,1374,93,1375,360],"class_list":["post-5451","post","type-post","status-publish","format-standard","hentry","category-esta-pasando","category-feminismo","category-mociones-pleno","tag-25n","tag-feminismo","tag-libre-violencias-machistas","tag-motril","tag-negacionismo","tag-violencia-machista"],"jetpack_featured_media_url":"","jetpack_sharing_enabled":true,"jetpack_shortlink":"https:\/\/wp.me\/p4QsU5-1pV","jetpack-related-posts":[{"id":3720,"url":"https:\/\/iumotril.org\/sitio\/motril-ciudad-libre-de-violencias-machistas\/","url_meta":{"origin":5451,"position":0},"title":"Motril, ciudad libre de violencias machistas","author":"Izquierda Unida Motril","date":"12 julio, 2018","format":false,"excerpt":"Daniela Paqu\u00e9, portavoz del Grupo Municipal de IU ha criticado la falta de actuaciones del Ayuntamiento de Motril en respuesta a la violencia contra las mujeres, se\u00f1alando que el \u00c1rea de Igualdad destina \u00fanicamente el 3,8% de su presupuesto (8.053 euros) a \u201cActividades de mujer\u201d, una cantidad residual en relaci\u00f3n\u2026","rel":"","context":"En \u00abEST\u00c1 PASANDO\u00bb","block_context":{"text":"EST\u00c1 PASANDO","link":"https:\/\/iumotril.org\/sitio\/category\/esta-pasando\/"},"img":{"alt_text":"","src":"https:\/\/i0.wp.com\/iumotril.org\/sitio\/wp-content\/uploads\/2018\/07\/Violencia-machista-300x212.jpg?resize=350%2C200","width":350,"height":200},"classes":[]},{"id":7200,"url":"https:\/\/iumotril.org\/sitio\/iu-equo-deplora-que-vox-impida-la-declaracion-institucional-del-ayuntamiento-de-motril-a-favor-de-las-mujeres\/","url_meta":{"origin":5451,"position":1},"title":"IU-Equo deplora que Vox impida la declaraci\u00f3n institucional del Ayuntamiento de Motril a favor de las mujeres","author":"Izquierda Unida Motril","date":"3 marzo, 2021","format":false,"excerpt":"En recuerdo de las 1.081 mujeres asesinadas desde el a\u00f1o 2003 en el Estado y frente a quienes intentan negar la realidad, desde nuestro Grupo queremos decir alto y claro que la violencia machista s\u00ed tiene g\u00e9nero, ha declarado Inma Omiste. Seg\u00fan la portavoz de IU-Equo, no puede haber matices\u2026","rel":"","context":"En \u00abSin categor\u00eda\u00bb","block_context":{"text":"Sin categor\u00eda","link":"https:\/\/iumotril.org\/sitio\/category\/sin-categoria\/"},"img":{"alt_text":"","src":"https:\/\/i0.wp.com\/iumotril.org\/sitio\/wp-content\/uploads\/2020\/11\/Inma-4-noviembre.jpg?resize=350%2C200","width":350,"height":200},"classes":[]},{"id":7630,"url":"https:\/\/iumotril.org\/sitio\/motril-pondra-en-marcha-medidas-especiales-contra-las-violencias-machistas-durante-los-meses-de-verano\/","url_meta":{"origin":5451,"position":2},"title":"Motril pondr\u00e1 en marcha medidas especiales contra las violencias machistas durante los meses de verano","author":"Izquierda Unida Motril","date":"30 julio, 2021","format":false,"excerpt":"La portavoz de IU-Equo ha agradecido el apoyo de la mayor\u00eda de los grupos de la Corporaci\u00f3n a la iniciativa presentada por su Grupo municipal para contribuir a evitar las violencias machistas en Motril. La portavoz de IU-Equo ha reiterado su compromiso con los derechos y la libertad de las\u2026","rel":"","context":"En \u00abEST\u00c1 PASANDO\u00bb","block_context":{"text":"EST\u00c1 PASANDO","link":"https:\/\/iumotril.org\/sitio\/category\/esta-pasando\/"},"img":{"alt_text":"","src":"https:\/\/i0.wp.com\/iumotril.org\/sitio\/wp-content\/uploads\/2021\/07\/photo_2021-07-28_14-05-31-1024x576.jpg?resize=350%2C200","width":350,"height":200,"srcset":"https:\/\/i0.wp.com\/iumotril.org\/sitio\/wp-content\/uploads\/2021\/07\/photo_2021-07-28_14-05-31-1024x576.jpg?resize=350%2C200 1x, https:\/\/i0.wp.com\/iumotril.org\/sitio\/wp-content\/uploads\/2021\/07\/photo_2021-07-28_14-05-31-1024x576.jpg?resize=525%2C300 1.5x"},"classes":[]},{"id":3722,"url":"https:\/\/iumotril.org\/sitio\/izquierda-unida-propone-que-motril-apoye-la-concesion-del-premio-nobel-de-literatura-a-federico-garcia-lorca\/","url_meta":{"origin":5451,"position":3},"title":"Izquierda Unida propone que Motril apoye la concesi\u00f3n del Premio Nobel de Literatura a Federico Garc\u00eda Lorca","author":"Izquierda Unida Motril","date":"11 julio, 2018","format":false,"excerpt":"El Grupo Municipal de Izquierda Unida propone al pleno municipal que se celebra el viernes, d\u00eda 13 que se adhiera al manifiesto promovido por intelectuales, personalidades p\u00fablicas y del mundo de la cultura solicitando a la Academia sueca que modifique sus normas para poder otorgar el Premio Nobel de Literatura,\u2026","rel":"","context":"En \u00abCultura\u00bb","block_context":{"text":"Cultura","link":"https:\/\/iumotril.org\/sitio\/category\/cultura\/"},"img":{"alt_text":"","src":"https:\/\/i0.wp.com\/iumotril.org\/sitio\/wp-content\/uploads\/2018\/07\/Nobel-para-Federico-300x300.jpg?resize=350%2C200","width":350,"height":200},"classes":[]},{"id":6931,"url":"https:\/\/iumotril.org\/sitio\/inma-omiste-es-deplorable-que-el-negacionismo-de-la-extrema-derecha-impida-la-declaracion-institucional-contra-la-violencia-hacia-las-mujeres\/","url_meta":{"origin":5451,"position":4},"title":"Inma Omiste: es deplorable que el negacionismo de la extrema derecha impida la declaraci\u00f3n institucional contra la violencia hacia las mujeres","author":"Izquierda Unida Motril","date":"25 noviembre, 2020","format":false,"excerpt":"Sufrimos diferentes formas de violencia por el hecho de ser mujeres. Esto es innegable, ha declarado la portavoz de IU-Equo. Su rechazo no es una cuesti\u00f3n pol\u00edtica sino de defensa de los Derechos Humanos. Quien no lo comparta, se descalifica por s\u00ed mismo. Seg\u00fan Omiste, no puede haber consideraciones pol\u00edticas,\u2026","rel":"","context":"En \u00abEST\u00c1 PASANDO\u00bb","block_context":{"text":"EST\u00c1 PASANDO","link":"https:\/\/iumotril.org\/sitio\/category\/esta-pasando\/"},"img":{"alt_text":"","src":"https:\/\/i0.wp.com\/iumotril.org\/sitio\/wp-content\/uploads\/2020\/11\/Inma-25-noviembre_Violencia-Machista-176x176.jpg?resize=350%2C200","width":350,"height":200,"srcset":"https:\/\/i0.wp.com\/iumotril.org\/sitio\/wp-content\/uploads\/2020\/11\/Inma-25-noviembre_Violencia-Machista-176x176.jpg?resize=350%2C200 1x, https:\/\/i0.wp.com\/iumotril.org\/sitio\/wp-content\/uploads\/2020\/11\/Inma-25-noviembre_Violencia-Machista-176x176.jpg?resize=525%2C300 1.5x"},"classes":[]},{"id":7857,"url":"https:\/\/iumotril.org\/sitio\/izquierda-unida-llama-a-la-participacion-en-la-concentracion-convocada-por-motril-feminista-el-25n\/","url_meta":{"origin":5451,"position":5},"title":"Izquierda Unida llama a la participaci\u00f3n en la concentraci\u00f3n convocada por Motril Feminista el 25N","author":"Izquierda Unida Motril","date":"25 noviembre, 2021","format":false,"excerpt":"La violencia machista es un problema estructural, una violaci\u00f3n de los derechos humanos que requiere unas pol\u00edticas fuertes que reconozcan los derechos de las v\u00edctimas y se traduzcan en recursos. Por eso es necesario no dejar de movilizarse y demostrar la fortaleza y determinaci\u00f3n de las mujeres en la defensa\u2026","rel":"","context":"En \u00abEST\u00c1 PASANDO\u00bb","block_context":{"text":"EST\u00c1 PASANDO","link":"https:\/\/iumotril.org\/sitio\/category\/esta-pasando\/"},"img":{"alt_text":"","src":"https:\/\/i0.wp.com\/iumotril.org\/sitio\/wp-content\/uploads\/2021\/11\/FFB1Um4XEAELGYl.jpg?resize=350%2C200","width":350,"height":200,"srcset":"https:\/\/i0.wp.com\/iumotril.org\/sitio\/wp-content\/uploads\/2021\/11\/FFB1Um4XEAELGYl.jpg?resize=350%2C200 1x, https:\/\/i0.wp.com\/iumotril.org\/sitio\/wp-content\/uploads\/2021\/11\/FFB1Um4XEAELGYl.jpg?resize=525%2C300 1.5x"},"classes":[]}],"jetpack_likes_enabled":true,"_links":{"self":[{"href":"https:\/\/iumotril.org\/sitio\/wp-json\/wp\/v2\/posts\/5451","targetHints":{"allow":["GET"]}}],"collection":[{"href":"https:\/\/iumotril.org\/sitio\/wp-json\/wp\/v2\/posts"}],"about":[{"href":"https:\/\/iumotril.org\/sitio\/wp-json\/wp\/v2\/types\/post"}],"author":[{"embeddable":true,"href":"https:\/\/iumotril.org\/sitio\/wp-json\/wp\/v2\/users\/1"}],"replies":[{"embeddable":true,"href":"https:\/\/iumotril.org\/sitio\/wp-json\/wp\/v2\/comments?post=5451"}],"version-history":[{"count":13,"href":"https:\/\/iumotril.org\/sitio\/wp-json\/wp\/v2\/posts\/5451\/revisions"}],"predecessor-version":[{"id":5471,"href":"https:\/\/iumotril.org\/sitio\/wp-json\/wp\/v2\/posts\/5451\/revisions\/5471"}],"wp:attachment":[{"href":"https:\/\/iumotril.org\/sitio\/wp-json\/wp\/v2\/media?parent=5451"}],"wp:term":[{"taxonomy":"category","embeddable":true,"href":"https:\/\/iumotril.org\/sitio\/wp-json\/wp\/v2\/categories?post=5451"},{"taxonomy":"post_tag","embeddable":true,"href":"https:\/\/iumotril.org\/sitio\/wp-json\/wp\/v2\/tags?post=5451"}],"curies":[{"name":"wp","href":"https:\/\/api.w.org\/{rel}","templated":true}]}}