{"id":5398,"date":"2019-11-08T13:19:01","date_gmt":"2019-11-08T12:19:01","guid":{"rendered":"http:\/\/iumotril.org\/sitio\/?p=5398"},"modified":"2019-11-08T17:44:02","modified_gmt":"2019-11-08T16:44:02","slug":"izquierda-unida-pide-el-voto-en-motril-para-unidas-podemos","status":"publish","type":"post","link":"https:\/\/iumotril.org\/sitio\/izquierda-unida-pide-el-voto-en-motril-para-unidas-podemos\/","title":{"rendered":"Izquierda Unida pide el voto en Motril para Unidas Podemos"},"content":{"rendered":"<p style=\"text-align: justify;\"><span style=\"color: #993300;\">Anima a la ciudadan\u00eda a no quedarse en casa en la jornada electoral, y contribuir con su voto a conformar una mayor\u00eda de izquierdas que haga posible la formaci\u00f3n de un gobierno progresista en nuestro pa\u00eds. <\/span><span style=\"color: #993300;\">El voto a Unidas Podemos, adem\u00e1s de evitar que las derechas tengan la oportunidad de hacernos retroceder d\u00e9cadas, es la \u00fanica garant\u00eda para la gente trabajadora de que no se recorten sus derechos y s\u00ed, en cambio, los privilegios de los poderosos.<\/span><\/p>\n<p style=\"text-align: justify;\">El pr\u00f3ximo 10 de Noviembre nos jugamos mucho, una vez m\u00e1s. No solo frenar a la <strong>derecha corrupta y franquista<\/strong>, sino demostrar, tambi\u00e9n, que la pol\u00edtica puede estar al servicio de la gente trabajadora que lucha todos los d\u00edas sin regalos para sacar adelante a sus familias.<\/p>\n<p style=\"text-align: justify;\">El coordinador local de Izquierda Unida ha hecho p\u00fablico el llamamiento de la Asamblea de IU a los vecinos y vecinas de Motril para que el pr\u00f3ximo domingo acudan a <strong>votar a las candidaturas de Unidas Podemos <\/strong>al Congreso y al Senado.<\/p>\n<p style=\"text-align: justify;\">Llorente ha reclamado la <strong>movilizaci\u00f3n<\/strong> de los vecinos y vecinas de Motril para hacer frente al paro, a la desigualdad y a la precariedad, se\u00f1alando que Unidas Podemos es la \u00fanica garant\u00eda para que no se recorten derechos por abajo, sino privilegios por arriba; es <strong>un grito de esperanza<\/strong> para las familias trabajadoras que necesitan una izquierda firme que ponga en marcha pol\u00edticas de justicia social.<\/p>\n<p style=\"text-align: justify;\"><a href=\"https:\/\/iumotril.org\/sitio\/wp-content\/uploads\/2019\/11\/Llorente-y-Omiste-vota-10N.jpg\"><img loading=\"lazy\" decoding=\"async\" data-attachment-id=\"5421\" data-permalink=\"https:\/\/iumotril.org\/sitio\/izquierda-unida-pide-el-voto-en-motril-para-unidas-podemos\/llorente-y-omiste-vota-10n\/\" data-orig-file=\"https:\/\/iumotril.org\/sitio\/wp-content\/uploads\/2019\/11\/Llorente-y-Omiste-vota-10N.jpg\" data-orig-size=\"640,480\" data-comments-opened=\"1\" data-image-meta=\"{&quot;aperture&quot;:&quot;0&quot;,&quot;credit&quot;:&quot;&quot;,&quot;camera&quot;:&quot;&quot;,&quot;caption&quot;:&quot;&quot;,&quot;created_timestamp&quot;:&quot;0&quot;,&quot;copyright&quot;:&quot;&quot;,&quot;focal_length&quot;:&quot;0&quot;,&quot;iso&quot;:&quot;0&quot;,&quot;shutter_speed&quot;:&quot;0&quot;,&quot;title&quot;:&quot;&quot;,&quot;orientation&quot;:&quot;0&quot;}\" data-image-title=\"Llorente y Omiste vota 10N\" data-image-description=\"\" data-image-caption=\"\" data-large-file=\"https:\/\/iumotril.org\/sitio\/wp-content\/uploads\/2019\/11\/Llorente-y-Omiste-vota-10N.jpg\" class=\"aligncenter wp-image-5421 size-full\" src=\"https:\/\/iumotril.org\/sitio\/wp-content\/uploads\/2019\/11\/Llorente-y-Omiste-vota-10N.jpg\" alt=\"\" width=\"640\" height=\"480\" srcset=\"https:\/\/iumotril.org\/sitio\/wp-content\/uploads\/2019\/11\/Llorente-y-Omiste-vota-10N.jpg 640w, https:\/\/iumotril.org\/sitio\/wp-content\/uploads\/2019\/11\/Llorente-y-Omiste-vota-10N-300x225.jpg 300w\" sizes=\"auto, (max-width: 640px) 100vw, 640px\" \/><\/a>Frente al trifachito andaluz y al gobierno local de derechas de Motril, el pr\u00f3ximo domingo tenemos la oportunidad de rechazar democr\u00e1ticamente sus pol\u00edticas y poner freno a su codicia privatizadora y a los objetivos reaccionarios de sus socios de la <strong>ultraderecha<\/strong>.<\/p>\n<p style=\"text-align: justify;\">El coordinador local de IU ha se\u00f1alado que, en este sentido, es de vital importancia para Motril y para la Costa de Granada que el pr\u00f3ximo sea <strong>un gobierno de izquierdas<\/strong>, progresista, que garantice las inversiones necesarias para dar respuesta a las necesidades de infraestructuras y comunicaciones que se vienen reclamando, comprometi\u00e9ndose a llevarlas a cabo desde un modelo de desarrollo y crecimiento sostenibles, desde el inter\u00e9s general y no para atender los\u00a0 intereses especulativos y de negocio de los poderosos, como hacen las derechas.<\/p>\n<p style=\"text-align: justify;\">Llorente ha destacado algunas de las principales propuestas y medidas de Unidas Podemos, que pretenden contribuir a avanzar hacia <strong>un pa\u00eds m\u00e1s justo<\/strong>, m\u00e1s decente, donde prevalezca la justicia social.<\/p>\n<p style=\"padding-left: 80px;\">\u00bb <strong>Creaci\u00f3n de empleo<\/strong> centrado en la transici\u00f3n ecol\u00f3gica y los cuidados y la derogaci\u00f3n de las reformas laborales.<\/p>\n<p style=\"text-align: justify; padding-left: 80px;\">\u00bbSubida del Salario M\u00ednimo Interprofesional a <strong>1.200 euros\/mes<\/strong>.<\/p>\n<p style=\"text-align: justify; padding-left: 80px;\">\u00bb<strong>Revalorizaci\u00f3n por ley de todas las pensiones<\/strong>. Garant\u00eda de que ninguna pensi\u00f3n m\u00ednima estar\u00e1 por debajo de los 750 euros. Ninguna no contributiva por debajo de los 600 euros mensuales.<\/p>\n<p style=\"text-align: justify; padding-left: 80px;\">\u00bbCreaci\u00f3n de una <strong>banca p\u00fablica<\/strong>.<\/p>\n<p style=\"text-align: justify; padding-left: 80px;\">\u00bbLucha contra la <strong>Violencia machista<\/strong>.<\/p>\n<p style=\"text-align: justify; padding-left: 80px;\">\u00bbAbaratar la <strong>factura de la luz.<\/strong><\/p>\n<p style=\"text-align: justify; padding-left: 80px;\">\u00bbCreaci\u00f3n de un Parque de <strong>vivienda p\u00fablica<\/strong> de alquiler.<\/p>\n<p style=\"text-align: justify; padding-left: 80px;\">\u00bb<strong>Reforma fiscal<\/strong> justa y progresiva.<\/p>\n<p style=\"text-align: justify; padding-left: 80px;\">\u00bbApoyo al <strong>mundo rural<\/strong> para evitar la despoblaci\u00f3n.<\/p>\n<h5 style=\"text-align: center;\"><span style=\"color: #993300;\">Votar a Unidas Podemos es hacerlo por nuestro pa\u00eds, por nuestro futuro y por nuestra dignidad.<\/span><\/h5>\n<figure id=\"attachment_5410\" aria-describedby=\"caption-attachment-5410\" style=\"width: 851px\" class=\"wp-caption aligncenter\"><a href=\"https:\/\/iumotril.org\/sitio\/carteles-campana-10n-2\/\"><img loading=\"lazy\" decoding=\"async\" data-attachment-id=\"5410\" data-permalink=\"https:\/\/iumotril.org\/sitio\/izquierda-unida-pide-el-voto-en-motril-para-unidas-podemos\/carteles-campana-10n-2\/\" data-orig-file=\"https:\/\/iumotril.org\/sitio\/wp-content\/uploads\/2019\/11\/carteles-campa\u00f1a-10N-1.png\" data-orig-size=\"851,315\" data-comments-opened=\"1\" data-image-meta=\"{&quot;aperture&quot;:&quot;0&quot;,&quot;credit&quot;:&quot;&quot;,&quot;camera&quot;:&quot;&quot;,&quot;caption&quot;:&quot;&quot;,&quot;created_timestamp&quot;:&quot;0&quot;,&quot;copyright&quot;:&quot;&quot;,&quot;focal_length&quot;:&quot;0&quot;,&quot;iso&quot;:&quot;0&quot;,&quot;shutter_speed&quot;:&quot;0&quot;,&quot;title&quot;:&quot;&quot;,&quot;orientation&quot;:&quot;0&quot;}\" data-image-title=\"carteles-campa\u00f1a-10N\" data-image-description=\"\" data-image-caption=\"\" data-large-file=\"https:\/\/iumotril.org\/sitio\/wp-content\/uploads\/2019\/11\/carteles-campa\u00f1a-10N-1.png\" class=\"wp-image-5410 size-full\" src=\"https:\/\/iumotril.org\/sitio\/wp-content\/uploads\/2019\/11\/carteles-campa\u00f1a-10N-1.png\" alt=\"\" width=\"851\" height=\"315\" srcset=\"https:\/\/iumotril.org\/sitio\/wp-content\/uploads\/2019\/11\/carteles-campa\u00f1a-10N-1.png 851w, https:\/\/iumotril.org\/sitio\/wp-content\/uploads\/2019\/11\/carteles-campa\u00f1a-10N-1-300x111.png 300w, https:\/\/iumotril.org\/sitio\/wp-content\/uploads\/2019\/11\/carteles-campa\u00f1a-10N-1-768x284.png 768w\" sizes=\"auto, (max-width: 851px) 100vw, 851px\" \/><\/a><figcaption id=\"caption-attachment-5410\" class=\"wp-caption-text\">Votar por Unidas Podemos es votar por nuestro pa\u00eds, por el futuro, por nuestra dignidad<\/figcaption><\/figure>\n<p>&nbsp;<\/p>\n","protected":false},"excerpt":{"rendered":"<p>Es de vital importancia para Motril y para la Costa de Granada que el pr\u00f3ximo sea un gobierno de izquierdas, progresista, que garantice las inversiones necesarias para dar respuesta a las necesidades de infraestructuras y comunicaciones que se vienen reclamando, comprometi\u00e9ndose a llevarlas a cabo desde un modelo de desarrollo y crecimiento sostenibles, desde el inter\u00e9s general y no para atender los\u00a0 intereses especulativos y de negocio de los poderosos, como hacen las derechas.<br \/>\nVotar a Unidas Podemos es hacerlo por nuestro pa\u00eds, por nuestro futuro y por nuestra dignidad.<\/p>\n","protected":false},"author":1,"featured_media":0,"comment_status":"open","ping_status":"open","sticky":false,"template":"","format":"standard","meta":{"cybocfi_hide_featured_image":"","_jetpack_newsletter_access":"","_jetpack_dont_email_post_to_subs":false,"_jetpack_newsletter_tier_id":0,"_jetpack_memberships_contains_paywalled_content":false,"_jetpack_memberships_contains_paid_content":false,"footnotes":""},"categories":[1179,265,517],"tags":[1363,1370,1371,1268],"class_list":["post-5398","post","type-post","status-publish","format-standard","hentry","category-elecciones","category-esta-pasando","category-unidas-podemos","tag-10n","tag-elecciones-generales","tag-movilizacion","tag-unidas-podemos"],"jetpack_featured_media_url":"","jetpack_sharing_enabled":true,"jetpack_shortlink":"https:\/\/wp.me\/p4QsU5-1p4","jetpack-related-posts":[{"id":4859,"url":"https:\/\/iumotril.org\/sitio\/unidas-podemos-reclama-el-voto-a-su-candidatura-para-defender-la-costa-de-granada-en-el-congreso\/","url_meta":{"origin":5398,"position":0},"title":"Unidas Podemos reclama el voto a su candidatura para defender la Costa de Granada en el Congreso","author":"Izquierda Unida Motril","date":"24 abril, 2019","format":false,"excerpt":"Milena ha criticado la inacci\u00f3n de los actuales representantes pol\u00edticos en el Congreso de los Diputados, de modo especial del parlamentario popular Carlos Rojas, que despu\u00e9s de sucesivos mandatos ha sido incapaz de defender y sacar adelante proyectos de tanta importancia para la Costa y sus vecinos, como son las\u2026","rel":"","context":"En \u00abEST\u00c1 PASANDO\u00bb","block_context":{"text":"EST\u00c1 PASANDO","link":"https:\/\/iumotril.org\/sitio\/category\/esta-pasando\/"},"img":{"alt_text":"","src":"https:\/\/i0.wp.com\/iumotril.org\/sitio\/wp-content\/uploads\/2019\/04\/IMG_2227.jpg?resize=350%2C200","width":350,"height":200,"srcset":"https:\/\/i0.wp.com\/iumotril.org\/sitio\/wp-content\/uploads\/2019\/04\/IMG_2227.jpg?resize=350%2C200 1x, https:\/\/i0.wp.com\/iumotril.org\/sitio\/wp-content\/uploads\/2019\/04\/IMG_2227.jpg?resize=525%2C300 1.5x, https:\/\/i0.wp.com\/iumotril.org\/sitio\/wp-content\/uploads\/2019\/04\/IMG_2227.jpg?resize=700%2C400 2x, https:\/\/i0.wp.com\/iumotril.org\/sitio\/wp-content\/uploads\/2019\/04\/IMG_2227.jpg?resize=1050%2C600 3x, https:\/\/i0.wp.com\/iumotril.org\/sitio\/wp-content\/uploads\/2019\/04\/IMG_2227.jpg?resize=1400%2C800 4x"},"classes":[]},{"id":4886,"url":"https:\/\/iumotril.org\/sitio\/izquierda-unida-valora-positivamente-el-apoyo-de-la-ciudadania-a-una-mayoria-progresista-en-las-elecciones-del-28a\/","url_meta":{"origin":5398,"position":1},"title":"Izquierda Unida valora positivamente  el apoyo de la ciudadan\u00eda a una mayor\u00eda progresista en las elecciones del 28A.","author":"Izquierda Unida Motril","date":"29 abril, 2019","format":false,"excerpt":"La sociedad motrile\u00f1a ha optado mayoritariamente por opciones de progreso en estas elecciones, por lo que espera que la candidatura de IU-Equo Para la gente cuente con la confianza de la sociedad motrile\u00f1a en las pr\u00f3ximas elecciones municipales e identificarse con un programa de izquierdas, a favor de las mujeres\u2026","rel":"","context":"En \u00abElecciones\u00bb","block_context":{"text":"Elecciones","link":"https:\/\/iumotril.org\/sitio\/category\/elecciones\/"},"img":{"alt_text":"","src":"https:\/\/i0.wp.com\/iumotril.org\/sitio\/wp-content\/uploads\/2019\/04\/Jose-Llorente-Coordinador-IU_29-abril.jpg?resize=350%2C200","width":350,"height":200},"classes":[]},{"id":8022,"url":"https:\/\/iumotril.org\/sitio\/unidas-podemos-hace-un-llamamiento-a-la-movilizacion-ciudadana-en-defensa-de-la-calidad-de-la-sanidad-publica-andaluza\/","url_meta":{"origin":5398,"position":2},"title":"Unidas Podemos hace un llamamiento a la movilizaci\u00f3n ciudadana en defensa de la calidad de la sanidad p\u00fablica andaluza","author":"Izquierda Unida Motril","date":"18 febrero, 2022","format":false,"excerpt":"La sanidad p\u00fablica andaluza est\u00e1 en peligro debido a la gesti\u00f3n que est\u00e1 llevando a cabo el gobierno andaluz del PP y Ciudadanos que est\u00e1 teniendo como principales consecuencias la falta de personal, el desv\u00edo de fondos a la sanidad privada y la fuga de profesionales. Resulta pat\u00e9tico \u2013\u2013han afirmado\u2013\u2013,\u2026","rel":"","context":"En \u00abEST\u00c1 PASANDO\u00bb","block_context":{"text":"EST\u00c1 PASANDO","link":"https:\/\/iumotril.org\/sitio\/category\/esta-pasando\/"},"img":{"alt_text":"","src":"https:\/\/i0.wp.com\/iumotril.org\/sitio\/wp-content\/uploads\/2022\/02\/50396746-d908-4ff6-b609-63f0fb0c6b26.jpg?resize=350%2C200","width":350,"height":200,"srcset":"https:\/\/i0.wp.com\/iumotril.org\/sitio\/wp-content\/uploads\/2022\/02\/50396746-d908-4ff6-b609-63f0fb0c6b26.jpg?resize=350%2C200 1x, https:\/\/i0.wp.com\/iumotril.org\/sitio\/wp-content\/uploads\/2022\/02\/50396746-d908-4ff6-b609-63f0fb0c6b26.jpg?resize=525%2C300 1.5x, https:\/\/i0.wp.com\/iumotril.org\/sitio\/wp-content\/uploads\/2022\/02\/50396746-d908-4ff6-b609-63f0fb0c6b26.jpg?resize=700%2C400 2x, https:\/\/i0.wp.com\/iumotril.org\/sitio\/wp-content\/uploads\/2022\/02\/50396746-d908-4ff6-b609-63f0fb0c6b26.jpg?resize=1050%2C600 3x, https:\/\/i0.wp.com\/iumotril.org\/sitio\/wp-content\/uploads\/2022\/02\/50396746-d908-4ff6-b609-63f0fb0c6b26.jpg?resize=1400%2C800 4x"},"classes":[]},{"id":8234,"url":"https:\/\/iumotril.org\/sitio\/izquierda-unida-hace-una-llamamiento-a-la-movilizacion-progresista-en-las-urnas-el-19j-en-motril\/","url_meta":{"origin":5398,"position":3},"title":"Izquierda Unida hace una llamamiento a la movilizaci\u00f3n progresista en las urnas el 19J en Motril","author":"Izquierda Unida Motril","date":"17 junio, 2022","format":false,"excerpt":"Inma Omiste ha afirmado que \u201cno acudir a votar es entregar directamente el voto a las derechas\u201d para que lo utilicen para continuar defendiendo los intereses de los poderosos: bajar impuestos a los ricos y desmantelar los servicios p\u00fablicos como la educaci\u00f3n, la sanidad o las ayudas a la dependencia,\u2026","rel":"","context":"En \u00abAndaluzas 2022\u00bb","block_context":{"text":"Andaluzas 2022","link":"https:\/\/iumotril.org\/sitio\/category\/andaluzas-2022\/"},"img":{"alt_text":"","src":"https:\/\/i0.wp.com\/iumotril.org\/sitio\/wp-content\/uploads\/2022\/06\/Inma-Llamamiento-19J-scaled.jpg?resize=350%2C200","width":350,"height":200,"srcset":"https:\/\/i0.wp.com\/iumotril.org\/sitio\/wp-content\/uploads\/2022\/06\/Inma-Llamamiento-19J-scaled.jpg?resize=350%2C200 1x, https:\/\/i0.wp.com\/iumotril.org\/sitio\/wp-content\/uploads\/2022\/06\/Inma-Llamamiento-19J-scaled.jpg?resize=525%2C300 1.5x, https:\/\/i0.wp.com\/iumotril.org\/sitio\/wp-content\/uploads\/2022\/06\/Inma-Llamamiento-19J-scaled.jpg?resize=700%2C400 2x, https:\/\/i0.wp.com\/iumotril.org\/sitio\/wp-content\/uploads\/2022\/06\/Inma-Llamamiento-19J-scaled.jpg?resize=1050%2C600 3x, https:\/\/i0.wp.com\/iumotril.org\/sitio\/wp-content\/uploads\/2022\/06\/Inma-Llamamiento-19J-scaled.jpg?resize=1400%2C800 4x"},"classes":[]},{"id":3878,"url":"https:\/\/iumotril.org\/sitio\/motril-contigo\/","url_meta":{"origin":5398,"position":4},"title":"Motril Contigo","author":"Izquierda Unida Motril","date":"1 octubre, 2018","format":false,"excerpt":"IZQUIERDA UNIDA Y PODEMOS te convocamos al primer encuentro abierto para abordar la creaci\u00f3n de una confluencia ciudadana en Motril, Motril Contigo. Ser\u00e1 el pr\u00f3ximo d\u00eda 4 de octubre, jueves, en la Nave de los Arcos (barrio de La Fabriquilla) a las 19,00 horas.","rel":"","context":"En \u00abConfluencia electoral\u00bb","block_context":{"text":"Confluencia electoral","link":"https:\/\/iumotril.org\/sitio\/category\/confluencia-electoral\/"},"img":{"alt_text":"","src":"https:\/\/i0.wp.com\/iumotril.org\/sitio\/wp-content\/uploads\/2018\/09\/motril-contigo-3-724x1024.jpg?resize=350%2C200","width":350,"height":200},"classes":[]},{"id":2100,"url":"https:\/\/iumotril.org\/sitio\/los-afiliados-y-simpatizantes-de-izquierda-unida-en-la-costa-de-granada-dan-su-apoyo-mayoritario-a-la-coalicion-electoral-con-podemos\/","url_meta":{"origin":5398,"position":5},"title":"Los afiliados y simpatizantes de Izquierda Unida en la Costa de Granada dan su apoyo mayoritario a la Coalici\u00f3n electoral con Podemos","author":"Izquierda Unida Motril","date":"12 mayo, 2016","format":false,"excerpt":"9 de cada 10 de los afiliados y simpatizantes de Izquierda Unida consultados en la Costa han dado su apoyo a la formaci\u00f3n de una Coalici\u00f3n electoral con Podemos de cara al pr\u00f3ximo 26-J. 9 de cada 10 de los afiliados y simpatizantes de Izquierda Unida consultados en la Costa\u2026","rel":"","context":"En \u00abEST\u00c1 PASANDO\u00bb","block_context":{"text":"EST\u00c1 PASANDO","link":"https:\/\/iumotril.org\/sitio\/category\/esta-pasando\/"},"img":{"alt_text":"Sumamos para Ganar","src":"https:\/\/i0.wp.com\/iumotril.org\/sitio\/wp-content\/uploads\/2016\/05\/Sumamos-para-Ganar-300x200.jpg?resize=350%2C200","width":350,"height":200},"classes":[]}],"jetpack_likes_enabled":true,"_links":{"self":[{"href":"https:\/\/iumotril.org\/sitio\/wp-json\/wp\/v2\/posts\/5398","targetHints":{"allow":["GET"]}}],"collection":[{"href":"https:\/\/iumotril.org\/sitio\/wp-json\/wp\/v2\/posts"}],"about":[{"href":"https:\/\/iumotril.org\/sitio\/wp-json\/wp\/v2\/types\/post"}],"author":[{"embeddable":true,"href":"https:\/\/iumotril.org\/sitio\/wp-json\/wp\/v2\/users\/1"}],"replies":[{"embeddable":true,"href":"https:\/\/iumotril.org\/sitio\/wp-json\/wp\/v2\/comments?post=5398"}],"version-history":[{"count":16,"href":"https:\/\/iumotril.org\/sitio\/wp-json\/wp\/v2\/posts\/5398\/revisions"}],"predecessor-version":[{"id":5423,"href":"https:\/\/iumotril.org\/sitio\/wp-json\/wp\/v2\/posts\/5398\/revisions\/5423"}],"wp:attachment":[{"href":"https:\/\/iumotril.org\/sitio\/wp-json\/wp\/v2\/media?parent=5398"}],"wp:term":[{"taxonomy":"category","embeddable":true,"href":"https:\/\/iumotril.org\/sitio\/wp-json\/wp\/v2\/categories?post=5398"},{"taxonomy":"post_tag","embeddable":true,"href":"https:\/\/iumotril.org\/sitio\/wp-json\/wp\/v2\/tags?post=5398"}],"curies":[{"name":"wp","href":"https:\/\/api.w.org\/{rel}","templated":true}]}}