{"id":5314,"date":"2019-10-03T12:32:30","date_gmt":"2019-10-03T10:32:30","guid":{"rendered":"http:\/\/iumotril.org\/sitio\/?p=5314"},"modified":"2019-10-03T12:32:30","modified_gmt":"2019-10-03T10:32:30","slug":"el-oleaje-es-el-simbolo-de-una-gestion-a-favor-de-intereses-de-negocio-particulares-a-espaldas-de-la-ciudad-y-de-sus-vecinos","status":"publish","type":"post","link":"https:\/\/iumotril.org\/sitio\/el-oleaje-es-el-simbolo-de-una-gestion-a-favor-de-intereses-de-negocio-particulares-a-espaldas-de-la-ciudad-y-de-sus-vecinos\/","title":{"rendered":"El Oleaje es el s\u00edmbolo de una gesti\u00f3n a favor de intereses de negocio particulares a espaldas de la ciudad y de sus vecinos"},"content":{"rendered":"<p style=\"text-align: justify;\"><span style=\"color: #993300;\">IU-Equo ha vuelto a denunciar la inacci\u00f3n municipal que est\u00e1 permitiendo que el Oleaje mantenga sus puertas abiertas, a pesar de los incumplimientos administrativos, la importante deuda que mantiene con el ayuntamiento y la sentencia judicial que le condena al pago de 40 mil euros a sus trabajadores. <\/span><span style=\"color: #993300;\">Reclama a la alcaldesa Garc\u00eda Chamorro que d\u00e9 la cara y que explique claramente a los motrile\u00f1os por qu\u00e9 est\u00e1 amparando esta situaci\u00f3n irregular.<\/span><\/p>\n<p style=\"text-align: justify;\">El Partido Popular fue quien realiz\u00f3 la concesi\u00f3n de la parcela municipal en primera l\u00ednea de playa para la instalaci\u00f3n y explotaci\u00f3n del chiringuito Oleaje. Una operaci\u00f3n que, seg\u00fan sus responsables, iba a cambiar la imagen de Motril, contribuir a la generaci\u00f3n de riqueza y crear decenas de puestos de trabajo.<\/p>\n<p style=\"text-align: justify;\">Seis a\u00f1os despu\u00e9s de aquello, la realidad es que Motril ha entregado una parcela p\u00fablica a manos privadas a cambio de <strong>deudas<\/strong> con el Ayuntamiento (cerca de 170 mil euros), <strong>despidos<\/strong> de trabajadores e impago de sus salarios.<\/p>\n<p style=\"text-align: justify;\"><a href=\"https:\/\/iumotril.org\/sitio\/inma-omiste-3-octubre_\/\"><img loading=\"lazy\" decoding=\"async\" data-attachment-id=\"5329\" data-permalink=\"https:\/\/iumotril.org\/sitio\/el-oleaje-es-el-simbolo-de-una-gestion-a-favor-de-intereses-de-negocio-particulares-a-espaldas-de-la-ciudad-y-de-sus-vecinos\/inma-omiste-3-octubre_\/\" data-orig-file=\"https:\/\/iumotril.org\/sitio\/wp-content\/uploads\/2019\/10\/Inma-Omiste-3-octubre_.jpg\" data-orig-size=\"3263,1836\" data-comments-opened=\"1\" data-image-meta=\"{&quot;aperture&quot;:&quot;2.2&quot;,&quot;credit&quot;:&quot;&quot;,&quot;camera&quot;:&quot;iPhone 6&quot;,&quot;caption&quot;:&quot;&quot;,&quot;created_timestamp&quot;:&quot;1570089527&quot;,&quot;copyright&quot;:&quot;&quot;,&quot;focal_length&quot;:&quot;4.15&quot;,&quot;iso&quot;:&quot;40&quot;,&quot;shutter_speed&quot;:&quot;0.02&quot;,&quot;title&quot;:&quot;&quot;,&quot;orientation&quot;:&quot;1&quot;}\" data-image-title=\"Inma Omiste 3 octubre_\" data-image-description=\"\" data-image-caption=\"\" data-large-file=\"https:\/\/iumotril.org\/sitio\/wp-content\/uploads\/2019\/10\/Inma-Omiste-3-octubre_-1024x576.jpg\" class=\"aligncenter size-large wp-image-5329\" src=\"https:\/\/iumotril.org\/sitio\/wp-content\/uploads\/2019\/10\/Inma-Omiste-3-octubre_-1024x576.jpg\" alt=\"\" width=\"640\" height=\"360\" srcset=\"https:\/\/iumotril.org\/sitio\/wp-content\/uploads\/2019\/10\/Inma-Omiste-3-octubre_-1024x576.jpg 1024w, https:\/\/iumotril.org\/sitio\/wp-content\/uploads\/2019\/10\/Inma-Omiste-3-octubre_-300x169.jpg 300w, https:\/\/iumotril.org\/sitio\/wp-content\/uploads\/2019\/10\/Inma-Omiste-3-octubre_-768x432.jpg 768w\" sizes=\"auto, (max-width: 640px) 100vw, 640px\" \/><\/a>La derecha motrile\u00f1a abander\u00f3 este proyecto y ahora le corresponde cerrar el c\u00edrculo y solucionar este problema conforme a los intereses de la ciudad y de sus vecinos y vecinas, ha afirmado <strong>Inma Omiste<\/strong>, portavoz del Grupo Municipal de IU-Equo.<\/p>\n<p style=\"text-align: justify;\">La portavoz de IU-Equo ha insistido en que el trato que ha recibido la empresa concesionaria del chiringuito Oleaje por parte de la Administraci\u00f3n municipal es impensable que pudiera darse a cualquier peque\u00f1o negocio local y, desde luego, a ninguno de sus vecinos y vecinas a los que se exige el escrupuloso cumplimiento de sus <a href=\"https:\/\/iumotril.org\/sitio\/izquierda-unida-equo-promovera-la-creacion-de-guarderias-en-las-proximidades-de-los-centros-de-trabajo-hortofruticolas\/\">obligaciones<\/a> con la ciudad.<\/p>\n<p style=\"text-align: justify;\">Omiste ha reclamado a <strong>Garc\u00eda Chamorro<\/strong> que deje de ponerse de perfil y defienda los intereses de Motril y de los trabajadores del chiringuito, emplazando a la empresa concesionaria a que haga efectiva la <a href=\"https:\/\/www.elindependientedegranada.es\/economia\/nueva-concesionaria-chiringuito-oleaje-condenada-pagar-mas-40000-euros-trabajadores\">sentencia judicial<\/a> que le obliga al pago de una deuda con siete de ellos de <strong>40 mil euros<\/strong> y abone la totalidad de la cuant\u00eda de la deuda que mantiene con el municipio por impago del canon concesional y de diversas sanciones administrativas, que ascend\u00eda a cerca de <strong>170 mil euros<\/strong>, conforme a lo acordado por el Pleno municipal el pasado <a href=\"https:\/\/iumotril.org\/sitio\/plenos-municipales-en-tv\/\">26 de julio<\/a>.<\/p>\n<p style=\"text-align: justify;\">El Ayuntamiento de Motril, con su alcaldesa al frente, est\u00e1 actuando en todo este proceso con <strong>opacidad y absoluta falta de transparencia<\/strong>, negando a los Grupos Pol\u00edticos la informaci\u00f3n acerca del cumplimiento de las condiciones acordadas por el Pleno para aprobar la nueva concesi\u00f3n.<\/p>\n<p style=\"text-align: justify;\">La <a href=\"https:\/\/iumotril.org\/sitio\/iu-equo-denuncia-falta-de-transparencia-en-la-gestion-de-luisa-garcia-chamorro\/\"><strong>falta de transparencia<\/strong><\/a>, despu\u00e9s de m\u00e1s de tres meses al frente del gobierno local, se ha convertido en la principal <strong>se\u00f1a de identidad del gobierno de Luisa Garc\u00eda Chamorro<\/strong>, ha afirmado la portavoz municipal de IU-Equo.<\/p>\n<p style=\"text-align: justify;\">Inma Omiste ha prevenido a los motrile\u00f1os ante los grandes proyectos de la derecha motrile\u00f1a con el PP al frente que, finalmente, resultan ser nada m\u00e1s que <strong>publicidad enga\u00f1osa<\/strong>, como es el caso del Oleaje o la construcci\u00f3n del <a href=\"https:\/\/iumotril.org\/sitio\/izquierda-unida-reclama-la-puesta-en-funcionamiento-del-centro-de-desarrollo-turistico\/\"><strong>Centro de Desarrollo Tur\u00edstico<\/strong><\/a> que, a la postre, solo generan deudas e inconvenientes para la ciudad y para sus vecinos y vecinas.<\/p>\n<p style=\"text-align: justify;\">Inma Omiste se ha preguntado por qu\u00e9 IU-Equo es el \u00fanico grupo pol\u00edtico que est\u00e1 denunciando este caso y defendiendo los intereses de los trabajadores y de la ciudad. D\u00f3nde est\u00e1n aquellos a los que se les llena la boca con que Motril y los motrile\u00f1os son lo \u00fanico importante y lo primero cuando se est\u00e1 causando un importante quebranto econ\u00f3mico a las arcas municipales y a trabajadores y proveedores tambi\u00e9n mayoritariamente motrile\u00f1os. Por qu\u00e9 callan ahora, se ha preguntado.<\/p>\n<p style=\"text-align: justify;\">La portavoz de IU-Equo ha reclamado a los <strong>socios de gobierno<\/strong> de Garc\u00eda Chamorro, de modo especial al teniente de Alcalde de Turismo y Playas, el representante de Ciudadanos, <strong>Jose Lemos,<\/strong> que declare si comparte la inacci\u00f3n de su gobierno para favorecer a una empresa privada, y la <strong>opacidad y falta de transparencia<\/strong> con que est\u00e1 actuando el equipo de gobierno.<\/p>\n","protected":false},"excerpt":{"rendered":"<p>Omiste ha reclamado a Garc\u00eda Chamorro que deje de ponerse de perfil y defienda los intereses de Motril y de los trabajadores del chiringuito, emplazando a la empresa concesionaria a que haga efectiva la sentencia judicial que le obliga al pago de una deuda con siete de ellos de 40 mil euros y abone la totalidad de la cuant\u00eda de la deuda que mantiene con el municipio por impago del canon concesional y de diversas sanciones administrativas, que ascend\u00eda a cerca de 170 mil euros, conforme a lo acordado por el Pleno municipal el pasado 26 de julio.<\/p>\n","protected":false},"author":1,"featured_media":0,"comment_status":"open","ping_status":"open","sticky":false,"template":"","format":"standard","meta":{"cybocfi_hide_featured_image":"","_jetpack_newsletter_access":"","_jetpack_dont_email_post_to_subs":false,"_jetpack_newsletter_tier_id":0,"_jetpack_memberships_contains_paywalled_content":false,"_jetpack_memberships_contains_paid_content":false,"footnotes":""},"categories":[265],"tags":[844,718,1349,340,1350,192,1348],"class_list":["post-5314","post","type-post","status-publish","format-standard","hentry","category-esta-pasando","tag-deuda","tag-garcia-chamorro","tag-impagos","tag-irregularidades","tag-negocio-privado","tag-oleaje","tag-sentencia-judicial"],"jetpack_featured_media_url":"","jetpack_sharing_enabled":true,"jetpack_shortlink":"https:\/\/wp.me\/p4QsU5-1nI","jetpack-related-posts":[{"id":5174,"url":"https:\/\/iumotril.org\/sitio\/iu-equo-pide-a-garcia-chamorro-que-informe-publicamente-acerca-de-la-situacion-del-chiringuito-oleaje\/","url_meta":{"origin":5314,"position":0},"title":"IU-Equo pide a Garc\u00eda Chamorro que informe p\u00fablicamente acerca de la situaci\u00f3n del Chiringuito Oleaje","author":"Izquierda Unida Motril","date":"3 julio, 2019","format":false,"excerpt":"La portavoz del Grupo municipal de IU-Equo, Inma Omiste, ha reclamado a la Alcaldesa que d\u00e9 explicaciones p\u00fablicamente, especialmente a los peque\u00f1os comerciantes motrile\u00f1os, de por qu\u00e9 desde la administraci\u00f3n municipal se est\u00e1 permitiendo esta situaci\u00f3n y de la falta de eficacia en las actuaciones que se hayan llevado a\u2026","rel":"","context":"En \u00abEST\u00c1 PASANDO\u00bb","block_context":{"text":"EST\u00c1 PASANDO","link":"https:\/\/iumotril.org\/sitio\/category\/esta-pasando\/"},"img":{"alt_text":"","src":"https:\/\/i0.wp.com\/iumotril.org\/sitio\/wp-content\/uploads\/2019\/02\/Inma_1-225x300.jpg?resize=350%2C200","width":350,"height":200},"classes":[]},{"id":5172,"url":"https:\/\/iumotril.org\/sitio\/inma-omiste-reclama-a-la-alcaldesa-que-se-ponga-a-trabajar-por-motril-de-verdad-mas-alla-de-anuncios-y-promesas\/","url_meta":{"origin":5314,"position":1},"title":"Inma Omiste reclama a la Alcaldesa que se ponga a trabajar por Motril de verdad, m\u00e1s all\u00e1 de anuncios y promesas.","author":"Izquierda Unida Motril","date":"2 julio, 2019","format":false,"excerpt":"Reclama, con car\u00e1cter urgente, la puesta en marcha de un plan de choque por el empleo, que atienda a las necesidades de las m\u00e1s de 5.300 personas registradas en las oficinas del paro; que haga efectivas las compensaciones aprobadas por el pleno a vecinos y comerciantes de la calle Ancha\u2026","rel":"","context":"En \u00abEST\u00c1 PASANDO\u00bb","block_context":{"text":"EST\u00c1 PASANDO","link":"https:\/\/iumotril.org\/sitio\/category\/esta-pasando\/"},"img":{"alt_text":"","src":"https:\/\/i0.wp.com\/iumotril.org\/sitio\/wp-content\/uploads\/2019\/07\/Inma-Jose_2-julio-1024x902.jpg?resize=350%2C200","width":350,"height":200,"srcset":"https:\/\/i0.wp.com\/iumotril.org\/sitio\/wp-content\/uploads\/2019\/07\/Inma-Jose_2-julio-1024x902.jpg?resize=350%2C200 1x, https:\/\/i0.wp.com\/iumotril.org\/sitio\/wp-content\/uploads\/2019\/07\/Inma-Jose_2-julio-1024x902.jpg?resize=525%2C300 1.5x"},"classes":[]},{"id":4861,"url":"https:\/\/iumotril.org\/sitio\/izquierda-unida-reclama-a-flor-almon-que-exija-al-chiringuito-oleaje-el-pago-de-la-deuda-que-mantiene-con-sus-trabajadores-y-proveedores\/","url_meta":{"origin":5314,"position":2},"title":"Izquierda Unida reclama a Flor Alm\u00f3n que exija al Chiringuito Oleaje el pago de la deuda que mantiene con sus trabajadores y proveedores","author":"Izquierda Unida Motril","date":"25 abril, 2019","format":false,"excerpt":"Inma Omiste, candidata de IU-Equo a la Alcald\u00eda de Motril, ha reprochado a Flor Alm\u00f3n que mantenga reuniones con la direcci\u00f3n de la empresa mientras que \u00e9sta sigue sin pagar su deuda con los trabajadores y proveedores. En este sentido le ha reclamado que, antes que nada, exija a la\u2026","rel":"","context":"En \u00abEST\u00c1 PASANDO\u00bb","block_context":{"text":"EST\u00c1 PASANDO","link":"https:\/\/iumotril.org\/sitio\/category\/esta-pasando\/"},"img":{"alt_text":"Chringuito Oleaje. Motril","src":"https:\/\/i0.wp.com\/iumotril.org\/sitio\/wp-content\/uploads\/2019\/04\/Oleaje-1024x684.jpg?resize=350%2C200","width":350,"height":200},"classes":[]},{"id":4874,"url":"https:\/\/iumotril.org\/sitio\/izquierda-unida-equo-promovera-la-creacion-de-guarderias-en-las-proximidades-de-los-centros-de-trabajo-hortofruticolas\/","url_meta":{"origin":5314,"position":3},"title":"Izquierda Unida reclama a Flor Alm\u00f3n que exija al Chiringuito Oleaje el pago de la deuda que mantiene con sus trabajadores y proveedores","author":"Izquierda Unida Motril","date":"10 mayo, 2019","format":false,"excerpt":"Ante las intenciones de la empresa propietaria del chiringuito Oleaje de poner a la venta sus instalaciones, Izquierda Unida ha vuelto a exigir a Flor Alm\u00f3n que no realice la menor concesi\u00f3n a esta sociedad de la que forman parte miembros de poderosas familias motrile\u00f1as, con objeto de exigirle la\u2026","rel":"","context":"En \u00abEST\u00c1 PASANDO\u00bb","block_context":{"text":"EST\u00c1 PASANDO","link":"https:\/\/iumotril.org\/sitio\/category\/esta-pasando\/"},"img":{"alt_text":"","src":"","width":0,"height":0},"classes":[]},{"id":4762,"url":"https:\/\/iumotril.org\/sitio\/izquierda-unida-reclama-al-ayuntamiento-que-defienda-a-los-trabajadores-del-chiringuito-oleaje\/","url_meta":{"origin":5314,"position":4},"title":"Izquierda Unida reclama al Ayuntamiento que defienda a los trabajadores del Chiringuito Oleaje","author":"Izquierda Unida Motril","date":"14 marzo, 2019","format":false,"excerpt":"La candidata de IU a la Alcald\u00eda de Motril ha se\u00f1alado que los gobiernos del PP y del PSOE son responsables de que se haya llegado a una situaci\u00f3n en la que, una vez m\u00e1s, se perjudica a los motrile\u00f1os y motrile\u00f1as que se da un trato de favor a\u2026","rel":"","context":"En \u00abEST\u00c1 PASANDO\u00bb","block_context":{"text":"EST\u00c1 PASANDO","link":"https:\/\/iumotril.org\/sitio\/category\/esta-pasando\/"},"img":{"alt_text":"","src":"https:\/\/i0.wp.com\/iumotril.org\/sitio\/wp-content\/uploads\/2019\/03\/PP-Oleaje.jpg?resize=350%2C200","width":350,"height":200},"classes":[]},{"id":5198,"url":"https:\/\/iumotril.org\/sitio\/inma-omiste-exige-el-cierre-inmediato-del-chiringuito-oleaje\/","url_meta":{"origin":5314,"position":5},"title":"Inma Omiste exige el cierre inmediato del Chiringuito Oleaje","author":"Izquierda Unida Motril","date":"12 julio, 2019","format":false,"excerpt":"Inma Omiste ha afirmado que el trato que ha recibido la empresa concesionaria del chiringuito Oleaje por parte de la Administraci\u00f3n municipal es impensable que pudiera darse a cualquier peque\u00f1o negocio local y, desde luego, a ninguno de sus vecinos y vecinas a los que se exige el escrupuloso cumplimiento\u2026","rel":"","context":"En \u00abEST\u00c1 PASANDO\u00bb","block_context":{"text":"EST\u00c1 PASANDO","link":"https:\/\/iumotril.org\/sitio\/category\/esta-pasando\/"},"img":{"alt_text":"","src":"https:\/\/i0.wp.com\/iumotril.org\/sitio\/wp-content\/uploads\/2019\/07\/Jose-e-Inma_12-julio-1024x768.jpg?resize=350%2C200","width":350,"height":200,"srcset":"https:\/\/i0.wp.com\/iumotril.org\/sitio\/wp-content\/uploads\/2019\/07\/Jose-e-Inma_12-julio-1024x768.jpg?resize=350%2C200 1x, https:\/\/i0.wp.com\/iumotril.org\/sitio\/wp-content\/uploads\/2019\/07\/Jose-e-Inma_12-julio-1024x768.jpg?resize=525%2C300 1.5x"},"classes":[]}],"jetpack_likes_enabled":true,"_links":{"self":[{"href":"https:\/\/iumotril.org\/sitio\/wp-json\/wp\/v2\/posts\/5314","targetHints":{"allow":["GET"]}}],"collection":[{"href":"https:\/\/iumotril.org\/sitio\/wp-json\/wp\/v2\/posts"}],"about":[{"href":"https:\/\/iumotril.org\/sitio\/wp-json\/wp\/v2\/types\/post"}],"author":[{"embeddable":true,"href":"https:\/\/iumotril.org\/sitio\/wp-json\/wp\/v2\/users\/1"}],"replies":[{"embeddable":true,"href":"https:\/\/iumotril.org\/sitio\/wp-json\/wp\/v2\/comments?post=5314"}],"version-history":[{"count":6,"href":"https:\/\/iumotril.org\/sitio\/wp-json\/wp\/v2\/posts\/5314\/revisions"}],"predecessor-version":[{"id":5332,"href":"https:\/\/iumotril.org\/sitio\/wp-json\/wp\/v2\/posts\/5314\/revisions\/5332"}],"wp:attachment":[{"href":"https:\/\/iumotril.org\/sitio\/wp-json\/wp\/v2\/media?parent=5314"}],"wp:term":[{"taxonomy":"category","embeddable":true,"href":"https:\/\/iumotril.org\/sitio\/wp-json\/wp\/v2\/categories?post=5314"},{"taxonomy":"post_tag","embeddable":true,"href":"https:\/\/iumotril.org\/sitio\/wp-json\/wp\/v2\/tags?post=5314"}],"curies":[{"name":"wp","href":"https:\/\/api.w.org\/{rel}","templated":true}]}}