{"id":529,"date":"2015-04-22T17:33:48","date_gmt":"2015-04-22T15:33:48","guid":{"rendered":"http:\/\/iumotril.org\/sitio\/?p=529"},"modified":"2015-04-22T17:33:48","modified_gmt":"2015-04-22T15:33:48","slug":"es-tiempo-de-la-cultura-para-motril-mas-libros-mas-libres","status":"publish","type":"post","link":"https:\/\/iumotril.org\/sitio\/es-tiempo-de-la-cultura-para-motril-mas-libros-mas-libres\/","title":{"rendered":"Es Tiempo de la Cultura para Motril. M\u00e1s Libros, m\u00e1s libres."},"content":{"rendered":"<p class=\"p1\"><span class=\"s1\">El 23 de abril se celebra el D\u00eda Internacional del Libro promovido por la UNESCO \u00a0con el objetivo de fomentar la lectura y la industria cultural. Ese d\u00eda\u00a0fallecieron Miguel de Cervantes y William Shakespeare.<\/span><\/p>\n<p class=\"p1\"><span class=\"s1\">Por este motivo, en la mayor parte de las ciudades y en diversas localidades se organizan actividades e iniciativas para promover el placer de la lectura: ferias, lecturas colectivas, presentaciones y otras iniciativas que pretenden incitar a la adquisici\u00f3n de h\u00e1bitos lectores por parte de la poblaci\u00f3n.<\/span><\/p>\n<p class=\"p1\"><span class=\"s1\">En Motril, desde que el Partido Popular gobierna la ciudad, la Feria del Libro se reduce a la instalaci\u00f3n de unas pocas casetas en la Plaza de la Aurora y a la organizaci\u00f3n de diversas actividades diseminadas de escaso inter\u00e9s y con ninguna intencionalidad relacionada con una fiesta de los libros. Basta echar un vistazo al <a href=\"http:\/\/www.motril.es\/fileadmin\/areas\/educacion\/ferialibro2015\/FeriaLibro2015_diptico.pdf\"><span class=\"s2\">programa Feria Libro 2015<\/span><\/a> de este a\u00f1o para comprobarlo.<\/span><\/p>\n<p class=\"p1\"><span class=\"s1\">El resultado es un evento sombr\u00edo, triste, poco atractivo y nada participativo que parece organizado por inercia, por postureo.\u00a0<\/span>No es extra\u00f1o. A la derecha nunca le ha interesado la cultura. Es m\u00e1s, le molesta. Por eso, en 2012 una de sus medidas fiscales fue el incremento del IVA cultural del 8 al 21 por ciento, el m\u00e1s alto de Europa, empobreciendo nuestro pa\u00eds tambi\u00e9n en este aspecto.<\/p>\n<p class=\"p1\"><span class=\"s1\"><a href=\"https:\/\/iumotril.org\/sitio\/wp-content\/uploads\/2015\/04\/Feria-Libro.jpg\"><img loading=\"lazy\" decoding=\"async\" data-attachment-id=\"564\" data-permalink=\"https:\/\/iumotril.org\/sitio\/es-tiempo-de-la-cultura-para-motril-mas-libros-mas-libres\/feria-libro\/\" data-orig-file=\"https:\/\/iumotril.org\/sitio\/wp-content\/uploads\/2015\/04\/Feria-Libro.jpg\" data-orig-size=\"3264,2448\" data-comments-opened=\"1\" data-image-meta=\"{&quot;aperture&quot;:&quot;2.4&quot;,&quot;credit&quot;:&quot;&quot;,&quot;camera&quot;:&quot;iPhone 5&quot;,&quot;caption&quot;:&quot;&quot;,&quot;created_timestamp&quot;:&quot;1429698813&quot;,&quot;copyright&quot;:&quot;&quot;,&quot;focal_length&quot;:&quot;4.12&quot;,&quot;iso&quot;:&quot;50&quot;,&quot;shutter_speed&quot;:&quot;0.0042918454935622&quot;,&quot;title&quot;:&quot;&quot;,&quot;orientation&quot;:&quot;0&quot;}\" data-image-title=\"Feria Libro\" data-image-description=\"\" data-image-caption=\"\" data-large-file=\"https:\/\/iumotril.org\/sitio\/wp-content\/uploads\/2015\/04\/Feria-Libro-1024x768.jpg\" class=\"alignleft size-medium wp-image-564\" src=\"https:\/\/iumotril.org\/sitio\/wp-content\/uploads\/2015\/04\/Feria-Libro-300x225.jpg\" alt=\"Feria Libro Motril 2015\" width=\"300\" height=\"225\" srcset=\"https:\/\/iumotril.org\/sitio\/wp-content\/uploads\/2015\/04\/Feria-Libro-300x225.jpg 300w, https:\/\/iumotril.org\/sitio\/wp-content\/uploads\/2015\/04\/Feria-Libro-768x576.jpg 768w, https:\/\/iumotril.org\/sitio\/wp-content\/uploads\/2015\/04\/Feria-Libro-1024x768.jpg 1024w\" sizes=\"auto, (max-width: 300px) 100vw, 300px\" \/><\/a>El viaje de la lectura pasa muchas veces por terrenos dif\u00edciles que exigen tolerancia, esp\u00edritu libre, capacidad de emoci\u00f3n inteligente y deseos de comprender al otro. Leer nos hace m\u00e1s libres, despierta nuestro esp\u00edritu cr\u00edtico. Y a determinados gobernantes, como son los que actualmente padecemos, esto no les hace mucha gracia.<\/span><\/p>\n<p class=\"p1\"><span class=\"s1\"><b>Por un modelo alternativo de cultura. Motril, Ciudad Lectora.<\/b><\/span><\/p>\n<p class=\"p1\"><span class=\"s1\">La Red de Bibliotecas municipales de Motril languidece entre el abandono y el desd\u00e9n de los responsables municipales del Partido Popular. La pol\u00edtica cultural del gobierno del PP transita entre el costumbrismo y el folclore m\u00e1s rancio, desentendi\u00e9ndose de proyectos culturales novedosos, actuales, innovadores, promovidos por los j\u00f3venes creadores de nuestra ciudad. De este modo, el Partido Popular defiende su cultura.<\/span><\/p>\n<p class=\"p1\"><span class=\"s1\">Desde Izquierda Unida Motril entendemos\u00a0que <\/span><span class=\"s2\">l<\/span><span class=\"s1\">a cultura y la educaci\u00f3n son las dos principales herramientas para el desarrollo de las personas y para la transformaci\u00f3n de la sociedad. Son instrumentos de cambio de ideas y de valores para una ciudad que queremos m\u00e1s solidaria, m\u00e1s igualitaria y, por tanto, como motor de progreso integral.<\/span><\/p>\n<p class=\"p1\"><span class=\"s1\">Para ello, proponemos la creaci\u00f3n de un Consejo Municipal de Cultura que acometa la elaboraci\u00f3n de un Plan Estrat\u00e9gico Cultural para la mejora de la oferta cultura y su difusi\u00f3n, que dinamice y anime la demanda y la acci\u00f3n y el desarrollo asociativo, que genere nuevos espacios y equipamientos<b> <\/b>que permitan el desarrollo cultural de nuestra ciudad.<\/span><\/p>\n<p class=\"p1\"><span class=\"s1\">Defendemos una pol\u00edtica cultural que incluya Planes de fomento de la lectura, con la participaci\u00f3n de centros educativos y la labor conjunta de profesores y bibliotecarios, que programen actividades dirigidas a todos los sectores de poblaci\u00f3n, ni\u00f1os, j\u00f3venes y adultos con los objetivos fundamentales de fomentar el h\u00e1bito lector y facilitar el uso de las bibliotecas. En definitiva, que promuevan el h\u00e1bito de leer como una pr\u00e1ctica sociocultural transformadora que contribuya a la participaci\u00f3n ciudadana.<\/span><\/p>\n<p class=\"p1\"><span class=\"s1\"><a title=\"Es tiempo de izquierda\" href=\"http:\/\/conmasfuerza.org\/index.php\/768-es-tiempo-de-izquierda-lema-para-las-municipales\" target=\"_blank\">Es tiempo de izquierda<\/a>. En momentos como los actuales, propicios para el ego\u00edsmo y la insolidaridad, conviene reclamar la emoci\u00f3n de la lectura como un sentimiento colectivo, como una ventana de esperanza a una vida m\u00e1s amable y con sentido. Para una vida mejor para todos y para todas. <\/span><\/p>\n<p class=\"p1\">\n","protected":false},"excerpt":{"rendered":"<p>Defendemos una pol\u00edtica cultural que incluya Planes de fomento de la lectura, con la participaci\u00f3n de centros educativos y la labor conjunta de profesores y bibliotecarios, que programen actividades dirigidas a todos los sectores de poblaci\u00f3n, ni\u00f1os, j\u00f3venes y adultos con los objetivos fundamentales de fomentar el h\u00e1bito lector y facilitar el uso de las bibliotecas.<br \/>\nDesde Izquierda Unida Motril defendemos que la cultura y la educaci\u00f3n son las dos principales herramientas para el desarrollo de las personas y para la transformaci\u00f3n de la sociedad. Son instrumentos de cambio de ideas y de valores en una ciudad que queremos m\u00e1s solidaria, m\u00e1s igualitaria y, por tanto, como motor de progreso integral. <\/p>\n","protected":false},"author":1,"featured_media":0,"comment_status":"open","ping_status":"open","sticky":false,"template":"","format":"standard","meta":{"cybocfi_hide_featured_image":"","_jetpack_newsletter_access":"","_jetpack_dont_email_post_to_subs":false,"_jetpack_newsletter_tier_id":0,"_jetpack_memberships_contains_paywalled_content":false,"_jetpack_memberships_contains_paid_content":false,"footnotes":""},"categories":[7],"tags":[62,61,60,63],"class_list":["post-529","post","type-post","status-publish","format-standard","hentry","category-ayuntamiento","tag-cultura","tag-feria-libro-2015","tag-motril-ciudad-lectora","tag-propuestas"],"jetpack_featured_media_url":"","jetpack_sharing_enabled":true,"jetpack_shortlink":"https:\/\/wp.me\/p4QsU5-8x","jetpack-related-posts":[{"id":3505,"url":"https:\/\/iumotril.org\/sitio\/izquierda-unida-propone-una-estrategia-de-desarrollo-cultural-para-motril\/","url_meta":{"origin":529,"position":0},"title":"Izquierda Unida propone una estrategia de desarrollo cultural para Motril","author":"Izquierda Unida Motril","date":"23 abril, 2018","format":false,"excerpt":"Izquierda Unida propone la elaboraci\u00f3n de una estrategia de desarrollo cultural de Motril que d\u00e9 cabida a una programaci\u00f3n de actividades estable que, en el medio plazo, se conforme como un elemento m\u00e1s que se integre en la oferta tur\u00edstica de Motril y contribuya, de ese modo, \u00a0al desarrollo econ\u00f3mico\u2026","rel":"","context":"En \u00abCultura\u00bb","block_context":{"text":"Cultura","link":"https:\/\/iumotril.org\/sitio\/category\/cultura\/"},"img":{"alt_text":"","src":"https:\/\/i0.wp.com\/iumotril.org\/sitio\/wp-content\/uploads\/2018\/04\/foto-feria-libro-225x300.jpg?resize=350%2C200","width":350,"height":200},"classes":[]},{"id":8137,"url":"https:\/\/iumotril.org\/sitio\/iu-equo-denuncia-que-el-ayuntamiento-no-programe-actividades-con-motivo-del-dia-del-libro-en-motril\/","url_meta":{"origin":529,"position":1},"title":"IU-Equo denuncia que el Ayuntamiento no programe actividades con motivo del D\u00eda del libro en Motril","author":"Izquierda Unida Motril","date":"21 abril, 2022","format":false,"excerpt":"Un a\u00f1o m\u00e1s, los motrile\u00f1os y motrile\u00f1as no podr\u00e1n pasear entre las casetas de las editoriales y de las librer\u00edas de la ciudad instaladas en las plaza de la Aurora y los ni\u00f1os y las ni\u00f1as tampoco podr\u00e1n disfrutar de las actividades l\u00fadicas que se podr\u00edan llevar a cabo en\u2026","rel":"","context":"En \u00abEST\u00c1 PASANDO\u00bb","block_context":{"text":"EST\u00c1 PASANDO","link":"https:\/\/iumotril.org\/sitio\/category\/esta-pasando\/"},"img":{"alt_text":"","src":"https:\/\/i0.wp.com\/iumotril.org\/sitio\/wp-content\/uploads\/2022\/02\/INma-23-F-Mocion-violinsta-2-1-scaled.jpg?resize=350%2C200","width":350,"height":200,"srcset":"https:\/\/i0.wp.com\/iumotril.org\/sitio\/wp-content\/uploads\/2022\/02\/INma-23-F-Mocion-violinsta-2-1-scaled.jpg?resize=350%2C200 1x, https:\/\/i0.wp.com\/iumotril.org\/sitio\/wp-content\/uploads\/2022\/02\/INma-23-F-Mocion-violinsta-2-1-scaled.jpg?resize=525%2C300 1.5x, https:\/\/i0.wp.com\/iumotril.org\/sitio\/wp-content\/uploads\/2022\/02\/INma-23-F-Mocion-violinsta-2-1-scaled.jpg?resize=700%2C400 2x, https:\/\/i0.wp.com\/iumotril.org\/sitio\/wp-content\/uploads\/2022\/02\/INma-23-F-Mocion-violinsta-2-1-scaled.jpg?resize=1050%2C600 3x, https:\/\/i0.wp.com\/iumotril.org\/sitio\/wp-content\/uploads\/2022\/02\/INma-23-F-Mocion-violinsta-2-1-scaled.jpg?resize=1400%2C800 4x"},"classes":[]},{"id":10571,"url":"https:\/\/iumotril.org\/sitio\/iu-verdes-equo-critica-la-insuficiente-programacion-realizada-por-el-ayuntamiento-en-el-dia-del-libro-y-propone-numerosas-actividades-para-su-celebracion\/","url_meta":{"origin":529,"position":2},"title":"IU Verdes Equo critica la insuficiente programaci\u00f3n realizada por el Ayuntamiento en el D\u00eda del Libro y propone numerosas actividades para su celebraci\u00f3n","author":"Izquierda Unida Motril","date":"24 abril, 2025","format":false,"excerpt":"Un a\u00f1o m\u00e1s, Luisa Garc\u00eda Chamorro y su equipo, en este caso la concejala encargada de Educaci\u00f3n Magdalena Banqueri, han mostrado su falta de planificaci\u00f3n y e inter\u00e9s tanto por la cultura como por el apoyo al peque\u00f1o comercio, se\u00f1ala Linares; para la conmemoraci\u00f3n de este d\u00eda solo se han\u2026","rel":"","context":"En \u00abAyuntamiento\u00bb","block_context":{"text":"Ayuntamiento","link":"https:\/\/iumotril.org\/sitio\/category\/ayuntamiento\/"},"img":{"alt_text":"","src":"https:\/\/i0.wp.com\/iumotril.org\/sitio\/wp-content\/uploads\/2025\/04\/F3A980A9-EA4C-4F6E-A4C9-6B8426200C90.jpeg?resize=350%2C200&ssl=1","width":350,"height":200,"srcset":"https:\/\/i0.wp.com\/iumotril.org\/sitio\/wp-content\/uploads\/2025\/04\/F3A980A9-EA4C-4F6E-A4C9-6B8426200C90.jpeg?resize=350%2C200&ssl=1 1x, https:\/\/i0.wp.com\/iumotril.org\/sitio\/wp-content\/uploads\/2025\/04\/F3A980A9-EA4C-4F6E-A4C9-6B8426200C90.jpeg?resize=525%2C300&ssl=1 1.5x, https:\/\/i0.wp.com\/iumotril.org\/sitio\/wp-content\/uploads\/2025\/04\/F3A980A9-EA4C-4F6E-A4C9-6B8426200C90.jpeg?resize=700%2C400&ssl=1 2x"},"classes":[]},{"id":3068,"url":"https:\/\/iumotril.org\/sitio\/una-feria-de-motril-triste-y-gris-como-la-ciudad-que-esta-dejando-el-gobierno-del-psoe-pa\/","url_meta":{"origin":529,"position":3},"title":"Una Feria de Motril triste y gris, como la ciudad que est\u00e1 dejando el gobierno del PSOE-PA","author":"Izquierda Unida Motril","date":"1 septiembre, 2017","format":false,"excerpt":"La escasa afluencia al recinto ferial, la marginaci\u00f3n de los barrios, la mala gesti\u00f3n de la feria de d\u00eda, la insuficiencia de transporte p\u00fablico y un programa de fiestas rampl\u00f3n, plano y sin atractivo, puede ser el resumen de las pasadas fiestas de agosto en Motril. Una muestra m\u00e1s de\u2026","rel":"","context":"En \u00abEST\u00c1 PASANDO\u00bb","block_context":{"text":"EST\u00c1 PASANDO","link":"https:\/\/iumotril.org\/sitio\/category\/esta-pasando\/"},"img":{"alt_text":"","src":"https:\/\/i0.wp.com\/iumotril.org\/sitio\/wp-content\/uploads\/2017\/08\/Flor-Alm%C3%B3n-y-miembros-del-equipo-de-Gobierno-en-la-inauguraci%C3%B3n-de-la-Feria-de-D%C3%ADa-1024x787.jpg?resize=350%2C200","width":350,"height":200,"srcset":"https:\/\/i0.wp.com\/iumotril.org\/sitio\/wp-content\/uploads\/2017\/08\/Flor-Alm%C3%B3n-y-miembros-del-equipo-de-Gobierno-en-la-inauguraci%C3%B3n-de-la-Feria-de-D%C3%ADa-1024x787.jpg?resize=350%2C200 1x, https:\/\/i0.wp.com\/iumotril.org\/sitio\/wp-content\/uploads\/2017\/08\/Flor-Alm%C3%B3n-y-miembros-del-equipo-de-Gobierno-en-la-inauguraci%C3%B3n-de-la-Feria-de-D%C3%ADa-1024x787.jpg?resize=525%2C300 1.5x"},"classes":[]},{"id":7715,"url":"https:\/\/iumotril.org\/sitio\/iu-equo-denuncia-el-abandono-de-las-bibliotecas-municipales-por-parte-del-gobierno-local\/","url_meta":{"origin":529,"position":4},"title":"IU-Equo denuncia el abandono de las bibliotecas municipales por parte del gobierno local","author":"Izquierda Unida Motril","date":"6 octubre, 2021","format":false,"excerpt":"La falta de personal municipal en las diferentes bibliotecas, el desinter\u00e9s del equipo de gobierno por la cultura de base y la ineficiente gesti\u00f3n por parte del \u00c1rea de Educaci\u00f3n est\u00e1n condenando a las bibliotecas municipales a una situaci\u00f3n de abandono que \u201cno se merece una ciudad como Motril\u201d. El\u2026","rel":"","context":"En \u00abEST\u00c1 PASANDO\u00bb","block_context":{"text":"EST\u00c1 PASANDO","link":"https:\/\/iumotril.org\/sitio\/category\/esta-pasando\/"},"img":{"alt_text":"","src":"https:\/\/i0.wp.com\/iumotril.org\/sitio\/wp-content\/uploads\/2021\/10\/Jose-Biblioteca-Varadero-6-octubre-176x176.jpg?resize=350%2C200","width":350,"height":200},"classes":[]},{"id":1914,"url":"https:\/\/iumotril.org\/sitio\/rigoletto-no-es-opera-para-tods\/","url_meta":{"origin":529,"position":5},"title":"RIGOLETTO NO ES \u00d3PERA PARA TOD@S","author":"Izquierda Unida Motril","date":"25 febrero, 2016","format":false,"excerpt":"Educaci\u00f3n y Cultura para todos y todas, especialmente para quienes tienen menos posibilidades. Esto es mucho m\u00e1s importante que hacer eventos m\u00e1s o menos se\u00f1alados a los que no todo el mundo podr\u00e1 ir. La Cultura tiene que estar en la calle, tiene que ser viva, con precios asequibles para\u2026","rel":"","context":"En \u00abEST\u00c1 PASANDO\u00bb","block_context":{"text":"EST\u00c1 PASANDO","link":"https:\/\/iumotril.org\/sitio\/category\/esta-pasando\/"},"img":{"alt_text":"foto prensa rigoletto","src":"http:\/\/iumotril.org\/sitio\/wp-content\/uploads\/2016\/02\/foto-prensa-rigoletto.bmp","width":350,"height":200,"srcset":"http:\/\/iumotril.org\/sitio\/wp-content\/uploads\/2016\/02\/foto-prensa-rigoletto.bmp 1x, http:\/\/iumotril.org\/sitio\/wp-content\/uploads\/2016\/02\/foto-prensa-rigoletto.bmp 1.5x, http:\/\/iumotril.org\/sitio\/wp-content\/uploads\/2016\/02\/foto-prensa-rigoletto.bmp 2x"},"classes":[]}],"jetpack_likes_enabled":true,"_links":{"self":[{"href":"https:\/\/iumotril.org\/sitio\/wp-json\/wp\/v2\/posts\/529","targetHints":{"allow":["GET"]}}],"collection":[{"href":"https:\/\/iumotril.org\/sitio\/wp-json\/wp\/v2\/posts"}],"about":[{"href":"https:\/\/iumotril.org\/sitio\/wp-json\/wp\/v2\/types\/post"}],"author":[{"embeddable":true,"href":"https:\/\/iumotril.org\/sitio\/wp-json\/wp\/v2\/users\/1"}],"replies":[{"embeddable":true,"href":"https:\/\/iumotril.org\/sitio\/wp-json\/wp\/v2\/comments?post=529"}],"version-history":[{"count":8,"href":"https:\/\/iumotril.org\/sitio\/wp-json\/wp\/v2\/posts\/529\/revisions"}],"predecessor-version":[{"id":568,"href":"https:\/\/iumotril.org\/sitio\/wp-json\/wp\/v2\/posts\/529\/revisions\/568"}],"wp:attachment":[{"href":"https:\/\/iumotril.org\/sitio\/wp-json\/wp\/v2\/media?parent=529"}],"wp:term":[{"taxonomy":"category","embeddable":true,"href":"https:\/\/iumotril.org\/sitio\/wp-json\/wp\/v2\/categories?post=529"},{"taxonomy":"post_tag","embeddable":true,"href":"https:\/\/iumotril.org\/sitio\/wp-json\/wp\/v2\/tags?post=529"}],"curies":[{"name":"wp","href":"https:\/\/api.w.org\/{rel}","templated":true}]}}