{"id":5213,"date":"2019-07-22T17:32:59","date_gmt":"2019-07-22T15:32:59","guid":{"rendered":"http:\/\/iumotril.org\/sitio\/?p=5213"},"modified":"2019-07-22T17:32:59","modified_gmt":"2019-07-22T15:32:59","slug":"iu-equo-reclama-medidas-de-compensacion-para-vecinos-y-comerciantes-de-la-calle-ancha","status":"publish","type":"post","link":"https:\/\/iumotril.org\/sitio\/iu-equo-reclama-medidas-de-compensacion-para-vecinos-y-comerciantes-de-la-calle-ancha\/","title":{"rendered":"IU-Equo reclama medidas de compensaci\u00f3n para vecinos y comerciantes de la calle Ancha"},"content":{"rendered":"<p style=\"text-align: justify; padding-left: 40px;\"><span style=\"color: #993300;\">Exige al gobierno local que determine ayudas o bonificaciones en el pago de tasas e impuestos municipales, tras catorce meses de obras, como acord\u00f3 el pleno municipal un\u00e1nimemente en el pasado mes de septiembre.<\/span><\/p>\n<p style=\"text-align: justify;\">Los catorce meses de obras en la calle Ancha han tenido consecuencias muy negativas para la actividad de los comerciantes y en el quehacer cotidiano de los vecinos y vecinas, para los que los trastornos ocasionados por las obras en las puertas de los negocios, a la puerta de sus domicilios y en las calles adyacentes se ha convertido en su infierno particular.<\/p>\n<p style=\"text-align: justify;\">A pesar de ello, y del <a href=\"https:\/\/iumotril.org\/sitio\/wp-content\/uploads\/2018\/09\/Bonificaciones-negocios-calle-Ancha.pdf\">compromiso un\u00e1nime<\/a> de la Corporaci\u00f3n para que se articulasen medidas de compensaci\u00f3n, vecinos y comerciantes <strong>siguen pagando tasas e impuestos municipales en la misma cuant\u00eda<\/strong> en la que lo ven\u00edan haciendo, como es el caso de la recogida de basura o la de utilizaci\u00f3n de vados, a pesar de no haber podido utilizar las cocheras y de haber visto alterada la recogida de residuos.<\/p>\n<figure id=\"attachment_5238\" aria-describedby=\"caption-attachment-5238\" style=\"width: 640px\" class=\"wp-caption aligncenter\"><a href=\"https:\/\/iumotril.org\/sitio\/wp-content\/uploads\/2019\/07\/Parque-Carlos-Cano-calle-Ancha-22-julio.jpg\"><img loading=\"lazy\" decoding=\"async\" data-attachment-id=\"5238\" data-permalink=\"https:\/\/iumotril.org\/sitio\/iu-equo-reclama-medidas-de-compensacion-para-vecinos-y-comerciantes-de-la-calle-ancha\/parque-carlos-cano-calle-ancha-22-julio\/\" data-orig-file=\"https:\/\/iumotril.org\/sitio\/wp-content\/uploads\/2019\/07\/Parque-Carlos-Cano-calle-Ancha-22-julio.jpg\" data-orig-size=\"3264,2448\" data-comments-opened=\"1\" data-image-meta=\"{&quot;aperture&quot;:&quot;2.2&quot;,&quot;credit&quot;:&quot;&quot;,&quot;camera&quot;:&quot;iPhone 6&quot;,&quot;caption&quot;:&quot;&quot;,&quot;created_timestamp&quot;:&quot;1563790778&quot;,&quot;copyright&quot;:&quot;&quot;,&quot;focal_length&quot;:&quot;4.15&quot;,&quot;iso&quot;:&quot;32&quot;,&quot;shutter_speed&quot;:&quot;0.00035398230088496&quot;,&quot;title&quot;:&quot;&quot;,&quot;orientation&quot;:&quot;1&quot;}\" data-image-title=\"Parque Carlos Cano calle Ancha 22 julio\" data-image-description=\"\" data-image-caption=\"\" data-large-file=\"https:\/\/iumotril.org\/sitio\/wp-content\/uploads\/2019\/07\/Parque-Carlos-Cano-calle-Ancha-22-julio-1024x768.jpg\" class=\"wp-image-5238 size-large\" src=\"https:\/\/iumotril.org\/sitio\/wp-content\/uploads\/2019\/07\/Parque-Carlos-Cano-calle-Ancha-22-julio-1024x768.jpg\" alt=\"\" width=\"640\" height=\"480\" srcset=\"https:\/\/iumotril.org\/sitio\/wp-content\/uploads\/2019\/07\/Parque-Carlos-Cano-calle-Ancha-22-julio-1024x768.jpg 1024w, https:\/\/iumotril.org\/sitio\/wp-content\/uploads\/2019\/07\/Parque-Carlos-Cano-calle-Ancha-22-julio-300x225.jpg 300w, https:\/\/iumotril.org\/sitio\/wp-content\/uploads\/2019\/07\/Parque-Carlos-Cano-calle-Ancha-22-julio-768x576.jpg 768w\" sizes=\"auto, (max-width: 640px) 100vw, 640px\" \/><\/a><figcaption id=\"caption-attachment-5238\" class=\"wp-caption-text\">Estado actual del Parque Carlos Cano, calle Ancha.<\/figcaption><\/figure>\n<p style=\"text-align: justify;\"><strong>Jose Llorente,\u00a0<\/strong>concejal de IU-Equo ha comparado el trato que se est\u00e1 dando a los comerciantes de la calle Ancha con el que se ha venido dando, durante los \u00faltimos cuatro a\u00f1os, a la empresa del <a href=\"https:\/\/iumotril.org\/sitio\/inma-omiste-exige-el-cierre-inmediato-del-chiringuito-oleaje\/\">Chiringuito Oleaje<\/a> a la que se ha tolerado el impago de alquileres, impuestos y sanciones sin que ello haya tenido la menor consecuencia para el negocio.<\/p>\n<p style=\"text-align: justify;\">No se pueden admitir este tipo de actuaciones discriminatorias que suelen favorecer, siempre, a los m\u00e1s influyentes y cercanos al poder, ha declarado.<\/p>\n<p style=\"text-align: justify;\">El edil\u00a0de IU-Equo ha reclamado a la Alcaldesa menos numeritos propagand\u00edsticos y m\u00e1s cumplimiento de los compromisos de la Corporaci\u00f3n con los vecinos y comerciantes, que est\u00e1n sufriendo en primera persona las consecuencias negativas de una obra que acumula m\u00e1s de <a href=\"https:\/\/telemotril.com\/la-apertura-total-de-la-calle-ancha-se-retrasa-una-semana-y-se-abrira-gradualmente-para-los-peatones\/\"><strong>cuatro meses de retrasos<\/strong> <\/a>sobre la fecha prevista para su finalizaci\u00f3n.<\/p>\n<p style=\"text-align: justify;\">Seg\u00fan Llorente, no s\u00f3lo es importante la apertura completa de la calle sino, tambi\u00e9n, su adecuaci\u00f3n y la <strong>recuperaci\u00f3n de los parques y jardines<\/strong> que han sufrido un deterioro importante y que, actualmente, siguen devastados, como es el caso del <strong>parque Carlos Cano<\/strong>, frente a la <a href=\"https:\/\/iumotril.org\/sitio\/img_6882\/\">sede de Izquierda Unida,<\/a> que ha sido pr\u00e1cticamente arrasado por el desarrollo de las obras.<\/p>\n","protected":false},"excerpt":{"rendered":"<p>IU-Equo ha reclamado a la Alcaldesa menos numeritos propagand\u00edsticos y m\u00e1s cumplimiento de los compromisos de la Corporaci\u00f3n con los vecinos y comerciantes, que est\u00e1n sufriendo en primera persona las consecuencias negativas de una obra que acumula m\u00e1s de cuatro meses de retrasos sobre la fecha prevista para su finalizaci\u00f3n. No s\u00f3lo es importante la apertura completa de la calle sino, tambi\u00e9n, su adecuaci\u00f3n y la recuperaci\u00f3n de los parques y jardines que han sufrido un deterioro importante y que, actualmente, siguen devastados, como es el caso del parque Carlos Cano, frente a la sede de Izquierda Unida, que ha sido pr\u00e1cticamente arrasado por el desarrollo de las obras.<\/p>\n","protected":false},"author":1,"featured_media":0,"comment_status":"open","ping_status":"open","sticky":false,"template":"","format":"standard","meta":{"cybocfi_hide_featured_image":"","_jetpack_newsletter_access":"","_jetpack_dont_email_post_to_subs":false,"_jetpack_newsletter_tier_id":0,"_jetpack_memberships_contains_paywalled_content":false,"_jetpack_memberships_contains_paid_content":false,"footnotes":""},"categories":[265],"tags":[91,1327,1328,121,192],"class_list":["post-5213","post","type-post","status-publish","format-standard","hentry","category-esta-pasando","tag-calle-ancha","tag-compensaciones-vecinos-y-comercianes","tag-compromisos-corporacion","tag-obras","tag-oleaje"],"jetpack_featured_media_url":"","jetpack_sharing_enabled":true,"jetpack_shortlink":"https:\/\/wp.me\/p4QsU5-1m5","jetpack-related-posts":[{"id":4626,"url":"https:\/\/iumotril.org\/sitio\/flor-almon-y-antonio-escamez-no-cumplen-sus-compromisos-con-los-vecinos-y-comerciantes-de-motril\/","url_meta":{"origin":5213,"position":0},"title":"Flor Alm\u00f3n y Antonio Esc\u00e1mez no cumplen sus compromisos con los vecinos y comerciantes de Motril","author":"Izquierda Unida Motril","date":"21 enero, 2019","format":false,"excerpt":"La portavoz municipal de Izquierda Unida ha lamentado que la alcaldesa utilice cualquier escenario como plat\u00f3 para sus reportajes fotogr\u00e1ficos y entienda que la actividad pol\u00edtica municipal consiste en dar abrazos y achuchones por doquier a quien se encuentra por las calles, en referencia a la sesi\u00f3n fotogr\u00e1fica que el\u2026","rel":"","context":"En \u00abCiudad\u00bb","block_context":{"text":"Ciudad","link":"https:\/\/iumotril.org\/sitio\/category\/ciudad\/"},"img":{"alt_text":"","src":"https:\/\/i0.wp.com\/iumotril.org\/sitio\/wp-content\/uploads\/2019\/01\/IMG-9718-e1548072786749-176x176.jpg?resize=350%2C200&ssl=1","width":350,"height":200,"srcset":"https:\/\/i0.wp.com\/iumotril.org\/sitio\/wp-content\/uploads\/2019\/01\/IMG-9718-e1548072786749-176x176.jpg?resize=350%2C200&ssl=1 1x, https:\/\/i0.wp.com\/iumotril.org\/sitio\/wp-content\/uploads\/2019\/01\/IMG-9718-e1548072786749-176x176.jpg?resize=525%2C300&ssl=1 1.5x, https:\/\/i0.wp.com\/iumotril.org\/sitio\/wp-content\/uploads\/2019\/01\/IMG-9718-e1548072786749-176x176.jpg?resize=700%2C400&ssl=1 2x, https:\/\/i0.wp.com\/iumotril.org\/sitio\/wp-content\/uploads\/2019\/01\/IMG-9718-e1548072786749-176x176.jpg?resize=1050%2C600&ssl=1 3x, https:\/\/i0.wp.com\/iumotril.org\/sitio\/wp-content\/uploads\/2019\/01\/IMG-9718-e1548072786749-176x176.jpg?resize=1400%2C800&ssl=1 4x"},"classes":[]},{"id":3288,"url":"https:\/\/iumotril.org\/sitio\/izquierda-unida-denuncia-la-falta-de-participacion-de-vecinos-y-comerciantes-en-las-obras-de-la-calle-ancha\/","url_meta":{"origin":5213,"position":1},"title":"Izquierda Unida denuncia la falta de participaci\u00f3n de vecinos y comerciantes en las obras de la calle Ancha.","author":"Izquierda Unida Motril","date":"17 enero, 2018","format":false,"excerpt":"Izquierda Unida ha exigido al Ayuntamiento que convoque una reuni\u00f3n con car\u00e1cter urgente con los vecinos y los comerciantes de la calle Ancha para informarles del alcance de las obras y para abrir un proceso de participaci\u00f3n real y efectivo. Mientras que no se conozca la opini\u00f3n y las propuestas\u2026","rel":"","context":"En \u00abEST\u00c1 PASANDO\u00bb","block_context":{"text":"EST\u00c1 PASANDO","link":"https:\/\/iumotril.org\/sitio\/category\/esta-pasando\/"},"img":{"alt_text":"","src":"https:\/\/i0.wp.com\/iumotril.org\/sitio\/wp-content\/uploads\/2018\/01\/IMG_1902-169x300.jpg?resize=350%2C200","width":350,"height":200},"classes":[]},{"id":3807,"url":"https:\/\/iumotril.org\/sitio\/izquierda-unida-denuncia-la-improvisacion-en-las-obras-de-la-calle-ancha\/","url_meta":{"origin":5213,"position":2},"title":"Izquierda Unida denuncia la improvisaci\u00f3n en las obras de la calle Ancha","author":"Izquierda Unida Motril","date":"10 septiembre, 2018","format":false,"excerpt":"La portavoz de Izquierda Unida se ha hecho eco de las cr\u00edticas de vecinos, vecinas y comerciantes que, adem\u00e1s de los inconvenientes y molestias que, necesariamente, causan cualquier obra de esta naturaleza, tienen que afrontar otros a\u00f1adidos, como el mal olor que el desbordamiento de aguas fecales produjo durante toda\u2026","rel":"","context":"En \u00abEST\u00c1 PASANDO\u00bb","block_context":{"text":"EST\u00c1 PASANDO","link":"https:\/\/iumotril.org\/sitio\/category\/esta-pasando\/"},"img":{"alt_text":"","src":"https:\/\/i0.wp.com\/iumotril.org\/sitio\/wp-content\/uploads\/2018\/09\/calle-ancha-arboles-cortados-300x225.jpg?resize=350%2C200","width":350,"height":200},"classes":[]},{"id":1607,"url":"https:\/\/iumotril.org\/sitio\/izquierda-unida-denuncia-las-deficiencias-de-las-obras-de-la-calle-ancha\/","url_meta":{"origin":5213,"position":3},"title":"IZQUIERDA UNIDA DENUNCIA LAS DEFICIENCIAS DE LAS OBRAS DE LA CALLE ANCHA","author":"Izquierda Unida Motril","date":"6 noviembre, 2015","format":false,"excerpt":"Las obras que se llevaron a cabo de forma precipitada en los \u00faltimos d\u00edas del gobierno del Partido Popular, adem\u00e1s de insuficientes para resolver las necesidades del barrio, est\u00e1n ocasionando a los vecinos problemas de movilidad, sobre todo a las personas mayores, adem\u00e1s de haber provocado diversos accidentes por su\u2026","rel":"","context":"En \u00abCiudad\u00bb","block_context":{"text":"Ciudad","link":"https:\/\/iumotril.org\/sitio\/category\/ciudad\/"},"img":{"alt_text":"(Foto: El Faro)","src":"https:\/\/i0.wp.com\/iumotril.org\/sitio\/wp-content\/uploads\/2015\/11\/Panor%C3%A1mica-Calle-Ancha-w1289-h1289-1024x859-1024x859.jpg?resize=350%2C200","width":350,"height":200,"srcset":"https:\/\/i0.wp.com\/iumotril.org\/sitio\/wp-content\/uploads\/2015\/11\/Panor%C3%A1mica-Calle-Ancha-w1289-h1289-1024x859-1024x859.jpg?resize=350%2C200 1x, https:\/\/i0.wp.com\/iumotril.org\/sitio\/wp-content\/uploads\/2015\/11\/Panor%C3%A1mica-Calle-Ancha-w1289-h1289-1024x859-1024x859.jpg?resize=525%2C300 1.5x"},"classes":[]},{"id":1313,"url":"https:\/\/iumotril.org\/sitio\/izquierda-unida-reclama-actuaciones-preventivas-para-evitar-las-inundaciones-en-calles-y-barrios-de-motril\/","url_meta":{"origin":5213,"position":4},"title":"Izquierda Unida reclama actuaciones preventivas para evitar las inundaciones en calles y barrios de Motril","author":"Izquierda Unida Motril","date":"7 septiembre, 2015","format":false,"excerpt":"Esta situaci\u00f3n que se repite a\u00f1o tras a\u00f1o pone de manifiesto las deficiencias de las infraestructuras de nuestra ciudad y evidencia el car\u00e1cter propagand\u00edstico de muchas de las obras realizadas, como las que recientemente se han llevado a cabo en la calle Ancha ya que no se ha resuelto ni\u2026","rel":"","context":"En \u00abCiudad\u00bb","block_context":{"text":"Ciudad","link":"https:\/\/iumotril.org\/sitio\/category\/ciudad\/"},"img":{"alt_text":"IMG_20150907_102941 (1)","src":"https:\/\/i0.wp.com\/iumotril.org\/sitio\/wp-content\/uploads\/2015\/09\/IMG_20150907_102941-1-1024x759.jpg?resize=350%2C200","width":350,"height":200,"srcset":"https:\/\/i0.wp.com\/iumotril.org\/sitio\/wp-content\/uploads\/2015\/09\/IMG_20150907_102941-1-1024x759.jpg?resize=350%2C200 1x, https:\/\/i0.wp.com\/iumotril.org\/sitio\/wp-content\/uploads\/2015\/09\/IMG_20150907_102941-1-1024x759.jpg?resize=525%2C300 1.5x"},"classes":[]},{"id":1908,"url":"https:\/\/iumotril.org\/sitio\/vecinos-de-la-calle-ancha-exigen-la-solucion-inmediata-de-los-problemas-con-la-presion-de-agua-en-sus-viviendas\/","url_meta":{"origin":5213,"position":5},"title":"VECINOS DE LA CALLE ANCHA EXIGEN LA SOLUCI\u00d3N INMEDIATA DE LOS PROBLEMAS CON LA PRESI\u00d3N DE AGUA EN SUS VIVIENDAS","author":"Izquierda Unida Motril","date":"19 febrero, 2016","format":false,"excerpt":"Tras ser informados de la aprobaci\u00f3n por el Pleno de las propuestas presentadas por Izquierda Unida, los vecinos y vecinas participantes en la reuni\u00f3n exigieron que se acometan con car\u00e1cter urgente las obras de reforma necesarias con cargo al canon de mejora de infraestructuras para dar una soluci\u00f3n definitiva a\u2026","rel":"","context":"En \u00abEST\u00c1 PASANDO\u00bb","block_context":{"text":"EST\u00c1 PASANDO","link":"https:\/\/iumotril.org\/sitio\/category\/esta-pasando\/"},"img":{"alt_text":"negocio agua","src":"https:\/\/i0.wp.com\/iumotril.org\/sitio\/wp-content\/uploads\/2015\/11\/negocio-agua-1024x722.jpg?resize=350%2C200","width":350,"height":200,"srcset":"https:\/\/i0.wp.com\/iumotril.org\/sitio\/wp-content\/uploads\/2015\/11\/negocio-agua-1024x722.jpg?resize=350%2C200 1x, https:\/\/i0.wp.com\/iumotril.org\/sitio\/wp-content\/uploads\/2015\/11\/negocio-agua-1024x722.jpg?resize=525%2C300 1.5x"},"classes":[]}],"jetpack_likes_enabled":true,"_links":{"self":[{"href":"https:\/\/iumotril.org\/sitio\/wp-json\/wp\/v2\/posts\/5213","targetHints":{"allow":["GET"]}}],"collection":[{"href":"https:\/\/iumotril.org\/sitio\/wp-json\/wp\/v2\/posts"}],"about":[{"href":"https:\/\/iumotril.org\/sitio\/wp-json\/wp\/v2\/types\/post"}],"author":[{"embeddable":true,"href":"https:\/\/iumotril.org\/sitio\/wp-json\/wp\/v2\/users\/1"}],"replies":[{"embeddable":true,"href":"https:\/\/iumotril.org\/sitio\/wp-json\/wp\/v2\/comments?post=5213"}],"version-history":[{"count":5,"href":"https:\/\/iumotril.org\/sitio\/wp-json\/wp\/v2\/posts\/5213\/revisions"}],"predecessor-version":[{"id":5240,"href":"https:\/\/iumotril.org\/sitio\/wp-json\/wp\/v2\/posts\/5213\/revisions\/5240"}],"wp:attachment":[{"href":"https:\/\/iumotril.org\/sitio\/wp-json\/wp\/v2\/media?parent=5213"}],"wp:term":[{"taxonomy":"category","embeddable":true,"href":"https:\/\/iumotril.org\/sitio\/wp-json\/wp\/v2\/categories?post=5213"},{"taxonomy":"post_tag","embeddable":true,"href":"https:\/\/iumotril.org\/sitio\/wp-json\/wp\/v2\/tags?post=5213"}],"curies":[{"name":"wp","href":"https:\/\/api.w.org\/{rel}","templated":true}]}}