{"id":5198,"date":"2019-07-12T13:03:13","date_gmt":"2019-07-12T11:03:13","guid":{"rendered":"http:\/\/iumotril.org\/sitio\/?p=5198"},"modified":"2019-07-12T13:03:13","modified_gmt":"2019-07-12T11:03:13","slug":"inma-omiste-exige-el-cierre-inmediato-del-chiringuito-oleaje","status":"publish","type":"post","link":"https:\/\/iumotril.org\/sitio\/inma-omiste-exige-el-cierre-inmediato-del-chiringuito-oleaje\/","title":{"rendered":"Inma Omiste exige el cierre inmediato del Chiringuito Oleaje"},"content":{"rendered":"<p style=\"text-align: justify;\"><span style=\"color: #993300;\">Denuncia que la tramitaci\u00f3n seguida en el expediente de revocaci\u00f3n a la empresa concesionaria ha hecho posible que se produjera el subarrendamiento irregular a otra empresa, la reapertura del negocio y la ejecuci\u00f3n de obras en el edificio sin contar con las correspondientes licencias municipales.<\/span><\/p>\n<p style=\"text-align: justify;\"><span style=\"color: #993300;\">Las malas actuaciones municipales siguen permitiendo diversas irregularidades en torno a la revocaci\u00f3n de su concesi\u00f3n administrativa, cuatro meses despu\u00e9s de acordada por el Pleno.<\/span><\/p>\n<p style=\"text-align: justify;\"><span style=\"color: #993300;\">La empresa concesionaria sigue sin resolver la deuda que mantiene con el Ayuntamiento de Motril de, al menos, 150 mil euros y con los trabajadores, de 90 mil euros por impago de salarios.<\/span><\/p>\n<p style=\"text-align: justify;\"><span style=\"font-weight: 400;\"><strong>Inma Omiste<\/strong> ha afirmado que el trato que ha recibido la empresa concesionaria del <strong>chiringuito Oleaje<\/strong> por parte de la Administraci\u00f3n municipal es impensable que pudiera darse a cualquier peque\u00f1o negocio local y, desde luego, a ninguno de sus vecinos y vecinas a los que se exige el escrupuloso cumplimiento de sus obligaciones con la ciudad.<\/span><\/p>\n<p style=\"text-align: justify;\"><span style=\"font-weight: 400;\">La portavoz de IU-Equo no encuentra otra explicaci\u00f3n a esta diferencia del trato municipal que la debida a los <strong>ilustres apellidos que se encuentran tras la empresa<\/strong> (Marisquer\u00eda Chill Out Swing, S.L.) que obtuvo la concesi\u00f3n de la parcela de titularidad municipal en Playa Granada por un alquiler irrisorio de 1.300 euros mensuales, que se ha permitido no abonar desde el mes de mayo de 2014.<\/span><\/p>\n<p style=\"text-align: justify;\"><span style=\"font-weight: 400;\">La portavoz de IU-Equo ha recordado que esta concesi\u00f3n fue tramitada y aprobada, en su momento, por el <a href=\"https:\/\/www.granadahoy.com\/provincia\/chiringuito-Playa-Granada-puertas-proximo_0_694730771.html\">Gobierno local del Partido Popular<\/a> que, en su opini\u00f3n, no ha estado muy acertado con sus proyectos estrella, como ser\u00eda este caso o el del Centro de Desarrollo Tur\u00edstico que han resultado, finalmente, onerosos para la ciudad de Motril y para sus vecinas y sus vecinos.<\/span><\/p>\n<figure id=\"attachment_5200\" aria-describedby=\"caption-attachment-5200\" style=\"width: 640px\" class=\"wp-caption aligncenter\"><a href=\"https:\/\/iumotril.org\/sitio\/jose-e-inma_12-julio\/\"><img loading=\"lazy\" decoding=\"async\" data-attachment-id=\"5200\" data-permalink=\"https:\/\/iumotril.org\/sitio\/inma-omiste-exige-el-cierre-inmediato-del-chiringuito-oleaje\/jose-e-inma_12-julio\/\" data-orig-file=\"https:\/\/iumotril.org\/sitio\/wp-content\/uploads\/2019\/07\/Jose-e-Inma_12-julio.jpg\" data-orig-size=\"3264,2448\" data-comments-opened=\"1\" data-image-meta=\"{&quot;aperture&quot;:&quot;2.2&quot;,&quot;credit&quot;:&quot;&quot;,&quot;camera&quot;:&quot;iPhone 6&quot;,&quot;caption&quot;:&quot;&quot;,&quot;created_timestamp&quot;:&quot;1562917791&quot;,&quot;copyright&quot;:&quot;&quot;,&quot;focal_length&quot;:&quot;4.15&quot;,&quot;iso&quot;:&quot;50&quot;,&quot;shutter_speed&quot;:&quot;0.03030303030303&quot;,&quot;title&quot;:&quot;&quot;,&quot;orientation&quot;:&quot;1&quot;}\" data-image-title=\"Jose e Inma_12 julio\" data-image-description=\"\" data-image-caption=\"\" data-large-file=\"https:\/\/iumotril.org\/sitio\/wp-content\/uploads\/2019\/07\/Jose-e-Inma_12-julio-1024x768.jpg\" class=\"wp-image-5200 size-large\" src=\"https:\/\/iumotril.org\/sitio\/wp-content\/uploads\/2019\/07\/Jose-e-Inma_12-julio-1024x768.jpg\" alt=\"\" width=\"640\" height=\"480\" srcset=\"https:\/\/iumotril.org\/sitio\/wp-content\/uploads\/2019\/07\/Jose-e-Inma_12-julio-1024x768.jpg 1024w, https:\/\/iumotril.org\/sitio\/wp-content\/uploads\/2019\/07\/Jose-e-Inma_12-julio-300x225.jpg 300w, https:\/\/iumotril.org\/sitio\/wp-content\/uploads\/2019\/07\/Jose-e-Inma_12-julio-768x576.jpg 768w\" sizes=\"auto, (max-width: 640px) 100vw, 640px\" \/><\/a><figcaption id=\"caption-attachment-5200\" class=\"wp-caption-text\">Jose Llorente e Inma Omiste<\/figcaption><\/figure>\n<p style=\"text-align: justify;\"><span style=\"font-weight: 400;\">Omiste ha exigido a la alcaldesa de Motril el cierre inmediato de las instalaciones del chiringuito y la paralizaci\u00f3n de cualquier actuaci\u00f3n para su posible reapertura hasta tanto en cuanto la empresa no abone efectivamente los <strong>salarios que adeuda a los trabajadores<\/strong> (aproximadamente 90 mil euros) y resuelva la <strong>deuda con los arcas municipales<\/strong> de 158 mil euros y, adem\u00e1s, se cumpla con los requisitos legalmente establecidos.<\/span><\/p>\n<p style=\"text-align: justify;\"><span style=\"font-weight: 400;\">Inma Omiste ha se\u00f1alado que IU-Equo es el <strong>\u00fanico grupo pol\u00edtico que viene denunciando este caso y defendiendo los intereses de los trabajadores y de la ciudad.<\/strong> D\u00f3nde est\u00e1n aquellos a los que se les llena la boca con que Motril y los motrile\u00f1os son lo \u00fanico importante y lo primero cuando se est\u00e1 causando un importante quebranto econ\u00f3mico a las arcas municipales y a trabajadores y proveedores tambi\u00e9n mayoritariamente motrile\u00f1os. Por qu\u00e9 callan ahora, se ha preguntado.<\/span><\/p>\n<p style=\"text-align: justify;\"><span style=\"font-weight: 400;\">Un repaso de las actuaciones llevadas a cabo pone de manifiesto, cuando menos,\u00a0 la <strong>falta de diligencia de los servicios t\u00e9cnicos municipales<\/strong> en la tramitaci\u00f3n del expediente de revocaci\u00f3n.<\/span><\/p>\n<ul>\n<li style=\"list-style-type: none;\">\n<ul>\n<li style=\"text-align: justify;\"><span style=\"font-weight: 400;\">Se han concedido a la empresa concesionaria <strong>ampliaciones del plazo<\/strong> de presentaci\u00f3n de alegaciones pese a la irrelevancia de las presentadas y la evidencia de que la empresa segu\u00eda una estrategia de dilaci\u00f3n con el \u00fanico objetivo de extender el plazo de resoluci\u00f3n del expediente.<\/span><\/li>\n<li style=\"text-align: justify;\"><span style=\"font-weight: 400;\">No se ha informado a la Corporaci\u00f3n de la Resoluci\u00f3n del <strong>Consejo Consultivo de Andaluc\u00eda<\/strong> de fecha 6 de junio, inhibi\u00e9ndose del asunto.<\/span><\/li>\n<li style=\"text-align: justify;\"><span style=\"font-weight: 400;\">Tampoco de la existencia de un documento de <strong>arrendamiento privado suscrito entre la empresa concesionaria y otra mercantil<\/strong> en fecha 7 de junio.<\/span><\/li>\n<li style=\"text-align: justify;\"><span style=\"font-weight: 400;\">No se ha comunicado a la Corporaci\u00f3n la <strong>solicitud del acreedor hipotecario (Banco de Sabadell)<\/strong> para ejercer el derecho de proponer sustituto al concesionario, de fecha 12 de junio y de la suspensi\u00f3n por el plazo de un mes de la tramitaci\u00f3n del expediente, solicitada por esta entidad y concedida por el Ayuntamiento.<\/span><\/li>\n<\/ul>\n<\/li>\n<\/ul>\n<p style=\"text-align: justify;\"><span style=\"font-weight: 400;\">La secuencia de los tr\u00e1mites y las decisiones administrativas adoptadas ponen de manifiesto un procedimiento que no parece que haya tenido como objetivo en ning\u00fan momento\u00a0 la <strong>defensa de los intereses municipales ni del inter\u00e9s general de la ciudad<\/strong> y que ha conducido a la situaci\u00f3n actual en la que la empresa concesionaria pretende desprenderse del negocio eludiendo sus responsabilidades despu\u00e9s de haberlo explotado durante m\u00e1s de cuatro a\u00f1os de forma irregular.\u00a0<\/span><\/p>\n<p>El relato de la concesi\u00f3n de la parcela de Playa Granada desde hace m\u00e1s cinco a\u00f1os es el siguiente:<\/p>\n<ul>\n<li style=\"list-style-type: none;\">\n<ul>\n<li style=\"text-align: justify;\"><span style=\"font-weight: 400;\">Se logra la concesi\u00f3n demanial de una <strong>parcela municipal, p\u00fablica,<\/strong> en primera l\u00ednea de la mejor playa de Motril, por un precio de alquiler mensual \u00a0ventajoso (1.300 euros)<\/span><\/li>\n<li style=\"text-align: justify;\"><span style=\"font-weight: 400;\">Se generan importantes\u00a0<strong>expectativas en cuanto a la mejora de la imagen de la ciudad, creaci\u00f3n de empleo y atractivo tur\u00edstico<\/strong> con la apertura del negocio.\u00a0<\/span><\/li>\n<li style=\"text-align: justify;\"><span style=\"font-weight: 400;\">A los pocos meses se solicita una <strong>cuantiosa hipoteca del negocio<\/strong>\u00a0que avala el pleno de la corporaci\u00f3n municipal, al ocupar una parcela de titularidad municipal (con la \u00fanica oposici\u00f3n de Izquierda Unida).\u00a0<\/span><\/li>\n<li style=\"text-align: justify;\"><span style=\"font-weight: 400;\">Se <strong>incumplen todos los compromisos<\/strong> de la concesi\u00f3n, entre ellos el abono del alquiler mensual. El Ayuntamiento permite los incumplimientos o no act\u00faa con la diligencia necesaria para atajarlos.\u00a0<\/span><\/li>\n<li style=\"text-align: justify;\"><span style=\"font-weight: 400;\">La empresa <strong>va desmantelando el negocio<\/strong> con el argumento de que este no es rentable. Deja de pagar los salarios a sus trabajadores y acumula deudas con las empresas proveedoras.<\/span><\/li>\n<li style=\"text-align: justify;\"><span style=\"font-weight: 400;\">El ayuntamiento acuerda la revocaci\u00f3n de la concesi\u00f3n, pero el procedimiento seguido en la tramitaci\u00f3n del expediente permite que <strong>la empresa maniobre para traspasar el negocio<\/strong> eludiendo sus responsabilidades mientras que la entidad financiera que concedi\u00f3 la hipoteca propone\u00a0 una nueva empresa concesionaria.<\/span><\/li>\n<li style=\"text-align: justify;\"><span style=\"font-weight: 400;\">El negocio sigue abierto con otra empresa sin que haya realizado ning\u00fan proceso de concesi\u00f3n administrativa. De este modo, se logra que la <strong>concesi\u00f3n de una parcela p\u00fablica se transmita entre particulares, empresas privadas y entidades financieras<\/strong>.\u00a0<\/span><\/li>\n<\/ul>\n<\/li>\n<\/ul>\n<p>Capitalismo especulativo de manual. \u00bfO no?<\/p>\n<p>&nbsp;<\/p>\n<p>&nbsp;<\/p>\n","protected":false},"excerpt":{"rendered":"<p>Inma Omiste ha afirmado que el trato que ha recibido la empresa concesionaria del chiringuito Oleaje por parte de la Administraci\u00f3n municipal es impensable que pudiera darse a cualquier peque\u00f1o negocio local y, desde luego, a ninguno de sus vecinos y vecinas a los que se exige el escrupuloso cumplimiento de sus obligaciones con la ciudad.<br \/>\nLos tr\u00e1mites y las decisiones administrativas adoptadas ponen de manifiesto un procedimiento que no parece que haya tenido como objetivo en ning\u00fan momento\u00a0 la defensa de los intereses municipales ni del inter\u00e9s general de la ciudad.<\/p>\n","protected":false},"author":1,"featured_media":0,"comment_status":"open","ping_status":"open","sticky":false,"template":"","format":"standard","meta":{"cybocfi_hide_featured_image":"","_jetpack_newsletter_access":"","_jetpack_dont_email_post_to_subs":false,"_jetpack_newsletter_tier_id":0,"_jetpack_memberships_contains_paywalled_content":false,"_jetpack_memberships_contains_paid_content":false,"footnotes":""},"categories":[265],"tags":[1320,340,192,1321,928],"class_list":["post-5198","post","type-post","status-publish","format-standard","hentry","category-esta-pasando","tag-cierre-oleaje","tag-irregularidades","tag-oleaje","tag-procedimiento-reversion-concesion","tag-servicios-municipales"],"jetpack_featured_media_url":"","jetpack_sharing_enabled":true,"jetpack_shortlink":"https:\/\/wp.me\/p4QsU5-1lQ","jetpack-related-posts":[{"id":5174,"url":"https:\/\/iumotril.org\/sitio\/iu-equo-pide-a-garcia-chamorro-que-informe-publicamente-acerca-de-la-situacion-del-chiringuito-oleaje\/","url_meta":{"origin":5198,"position":0},"title":"IU-Equo pide a Garc\u00eda Chamorro que informe p\u00fablicamente acerca de la situaci\u00f3n del Chiringuito Oleaje","author":"Izquierda Unida Motril","date":"3 julio, 2019","format":false,"excerpt":"La portavoz del Grupo municipal de IU-Equo, Inma Omiste, ha reclamado a la Alcaldesa que d\u00e9 explicaciones p\u00fablicamente, especialmente a los peque\u00f1os comerciantes motrile\u00f1os, de por qu\u00e9 desde la administraci\u00f3n municipal se est\u00e1 permitiendo esta situaci\u00f3n y de la falta de eficacia en las actuaciones que se hayan llevado a\u2026","rel":"","context":"En \u00abEST\u00c1 PASANDO\u00bb","block_context":{"text":"EST\u00c1 PASANDO","link":"https:\/\/iumotril.org\/sitio\/category\/esta-pasando\/"},"img":{"alt_text":"","src":"https:\/\/i0.wp.com\/iumotril.org\/sitio\/wp-content\/uploads\/2019\/02\/Inma_1-225x300.jpg?resize=350%2C200","width":350,"height":200},"classes":[]},{"id":5314,"url":"https:\/\/iumotril.org\/sitio\/el-oleaje-es-el-simbolo-de-una-gestion-a-favor-de-intereses-de-negocio-particulares-a-espaldas-de-la-ciudad-y-de-sus-vecinos\/","url_meta":{"origin":5198,"position":1},"title":"El Oleaje es el s\u00edmbolo de una gesti\u00f3n a favor de intereses de negocio particulares a espaldas de la ciudad y de sus vecinos","author":"Izquierda Unida Motril","date":"3 octubre, 2019","format":false,"excerpt":"Omiste ha reclamado a Garc\u00eda Chamorro que deje de ponerse de perfil y defienda los intereses de Motril y de los trabajadores del chiringuito, emplazando a la empresa concesionaria a que haga efectiva la sentencia judicial que le obliga al pago de una deuda con siete de ellos de 40\u2026","rel":"","context":"En \u00abEST\u00c1 PASANDO\u00bb","block_context":{"text":"EST\u00c1 PASANDO","link":"https:\/\/iumotril.org\/sitio\/category\/esta-pasando\/"},"img":{"alt_text":"","src":"https:\/\/i0.wp.com\/iumotril.org\/sitio\/wp-content\/uploads\/2019\/10\/Inma-Omiste-3-octubre_-1024x576.jpg?resize=350%2C200","width":350,"height":200,"srcset":"https:\/\/i0.wp.com\/iumotril.org\/sitio\/wp-content\/uploads\/2019\/10\/Inma-Omiste-3-octubre_-1024x576.jpg?resize=350%2C200 1x, https:\/\/i0.wp.com\/iumotril.org\/sitio\/wp-content\/uploads\/2019\/10\/Inma-Omiste-3-octubre_-1024x576.jpg?resize=525%2C300 1.5x"},"classes":[]},{"id":4762,"url":"https:\/\/iumotril.org\/sitio\/izquierda-unida-reclama-al-ayuntamiento-que-defienda-a-los-trabajadores-del-chiringuito-oleaje\/","url_meta":{"origin":5198,"position":2},"title":"Izquierda Unida reclama al Ayuntamiento que defienda a los trabajadores del Chiringuito Oleaje","author":"Izquierda Unida Motril","date":"14 marzo, 2019","format":false,"excerpt":"La candidata de IU a la Alcald\u00eda de Motril ha se\u00f1alado que los gobiernos del PP y del PSOE son responsables de que se haya llegado a una situaci\u00f3n en la que, una vez m\u00e1s, se perjudica a los motrile\u00f1os y motrile\u00f1as que se da un trato de favor a\u2026","rel":"","context":"En \u00abEST\u00c1 PASANDO\u00bb","block_context":{"text":"EST\u00c1 PASANDO","link":"https:\/\/iumotril.org\/sitio\/category\/esta-pasando\/"},"img":{"alt_text":"","src":"https:\/\/i0.wp.com\/iumotril.org\/sitio\/wp-content\/uploads\/2019\/03\/PP-Oleaje.jpg?resize=350%2C200","width":350,"height":200},"classes":[]},{"id":1885,"url":"https:\/\/iumotril.org\/sitio\/izquierda-unida-reclama-la-recuperacion-del-espacio-publico-cedido-al-chiringuito-oleaje\/","url_meta":{"origin":5198,"position":3},"title":"IZQUIERDA UNIDA RECLAMA LA RECUPERACI\u00d3N DEL ESPACIO P\u00daBLICO CEDIDO AL CHIRINGUITO OLEAJE","author":"Izquierda Unida Motril","date":"12 febrero, 2016","format":false,"excerpt":"Inmaculada Omiste, responsable del \u00e1rea de Urbanismo del grupo municipal de izquierdas ha denunciado esta situaci\u00f3n, calific\u00e1ndola de tomadura de pelo a la ciudadan\u00eda y ejemplo de corruptelas y de opacidad en las actuaciones p\u00fablicas, manifestando que su formaci\u00f3n llevar\u00e1 a cabo todas las acciones legales necesarias para que se\u2026","rel":"","context":"En \u00abEST\u00c1 PASANDO\u00bb","block_context":{"text":"EST\u00c1 PASANDO","link":"https:\/\/iumotril.org\/sitio\/category\/esta-pasando\/"},"img":{"alt_text":"Oleaje","src":"https:\/\/i0.wp.com\/iumotril.org\/sitio\/wp-content\/uploads\/2015\/11\/Oleaje-757x1024.jpg?resize=350%2C200","width":350,"height":200},"classes":[]},{"id":4861,"url":"https:\/\/iumotril.org\/sitio\/izquierda-unida-reclama-a-flor-almon-que-exija-al-chiringuito-oleaje-el-pago-de-la-deuda-que-mantiene-con-sus-trabajadores-y-proveedores\/","url_meta":{"origin":5198,"position":4},"title":"Izquierda Unida reclama a Flor Alm\u00f3n que exija al Chiringuito Oleaje el pago de la deuda que mantiene con sus trabajadores y proveedores","author":"Izquierda Unida Motril","date":"25 abril, 2019","format":false,"excerpt":"Inma Omiste, candidata de IU-Equo a la Alcald\u00eda de Motril, ha reprochado a Flor Alm\u00f3n que mantenga reuniones con la direcci\u00f3n de la empresa mientras que \u00e9sta sigue sin pagar su deuda con los trabajadores y proveedores. En este sentido le ha reclamado que, antes que nada, exija a la\u2026","rel":"","context":"En \u00abEST\u00c1 PASANDO\u00bb","block_context":{"text":"EST\u00c1 PASANDO","link":"https:\/\/iumotril.org\/sitio\/category\/esta-pasando\/"},"img":{"alt_text":"Chringuito Oleaje. Motril","src":"https:\/\/i0.wp.com\/iumotril.org\/sitio\/wp-content\/uploads\/2019\/04\/Oleaje-1024x684.jpg?resize=350%2C200","width":350,"height":200},"classes":[]},{"id":10257,"url":"https:\/\/iumotril.org\/sitio\/iu-verdes-equo-denuncia-que-la-zona-azul-le-cuesta-dinero-a-motril-en-vez-de-recaudarlo\/","url_meta":{"origin":5198,"position":5},"title":"IU Verdes Equo denuncia que la Zona Azul le cuesta dinero a Motril, en vez de recaudarlo","author":"Izquierda Unida Motril","date":"15 noviembre, 2024","format":false,"excerpt":"El servicio de Zona Azul, que en otras ciudades supone una importante fuente de recaudaci\u00f3n para las arcas municipales, en Motril supone un pago doble, por parte de la ciudadan\u00eda al estacionar y al Ayuntamiento, al tener que pagarle cada a\u00f1o los beneficios que la empresa dice no percibir y\u2026","rel":"","context":"En \u00abAyuntamiento\u00bb","block_context":{"text":"Ayuntamiento","link":"https:\/\/iumotril.org\/sitio\/category\/ayuntamiento\/"},"img":{"alt_text":"","src":"https:\/\/i0.wp.com\/iumotril.org\/sitio\/wp-content\/uploads\/2024\/11\/zona-azul-motril.png?resize=350%2C200&ssl=1","width":350,"height":200,"srcset":"https:\/\/i0.wp.com\/iumotril.org\/sitio\/wp-content\/uploads\/2024\/11\/zona-azul-motril.png?resize=350%2C200&ssl=1 1x, https:\/\/i0.wp.com\/iumotril.org\/sitio\/wp-content\/uploads\/2024\/11\/zona-azul-motril.png?resize=525%2C300&ssl=1 1.5x"},"classes":[]}],"jetpack_likes_enabled":true,"_links":{"self":[{"href":"https:\/\/iumotril.org\/sitio\/wp-json\/wp\/v2\/posts\/5198","targetHints":{"allow":["GET"]}}],"collection":[{"href":"https:\/\/iumotril.org\/sitio\/wp-json\/wp\/v2\/posts"}],"about":[{"href":"https:\/\/iumotril.org\/sitio\/wp-json\/wp\/v2\/types\/post"}],"author":[{"embeddable":true,"href":"https:\/\/iumotril.org\/sitio\/wp-json\/wp\/v2\/users\/1"}],"replies":[{"embeddable":true,"href":"https:\/\/iumotril.org\/sitio\/wp-json\/wp\/v2\/comments?post=5198"}],"version-history":[{"count":7,"href":"https:\/\/iumotril.org\/sitio\/wp-json\/wp\/v2\/posts\/5198\/revisions"}],"predecessor-version":[{"id":5206,"href":"https:\/\/iumotril.org\/sitio\/wp-json\/wp\/v2\/posts\/5198\/revisions\/5206"}],"wp:attachment":[{"href":"https:\/\/iumotril.org\/sitio\/wp-json\/wp\/v2\/media?parent=5198"}],"wp:term":[{"taxonomy":"category","embeddable":true,"href":"https:\/\/iumotril.org\/sitio\/wp-json\/wp\/v2\/categories?post=5198"},{"taxonomy":"post_tag","embeddable":true,"href":"https:\/\/iumotril.org\/sitio\/wp-json\/wp\/v2\/tags?post=5198"}],"curies":[{"name":"wp","href":"https:\/\/api.w.org\/{rel}","templated":true}]}}