{"id":5197,"date":"2019-07-13T11:58:02","date_gmt":"2019-07-13T09:58:02","guid":{"rendered":"http:\/\/iumotril.org\/sitio\/?p=5197"},"modified":"2019-07-13T11:58:02","modified_gmt":"2019-07-13T09:58:02","slug":"iu-equo-denuncia-deficiencias-de-accesibilidad-y-movilidad-en-carchuna-calahonda","status":"publish","type":"post","link":"https:\/\/iumotril.org\/sitio\/iu-equo-denuncia-deficiencias-de-accesibilidad-y-movilidad-en-carchuna-calahonda\/","title":{"rendered":"IU-Equo denuncia deficiencias de accesibilidad y movilidad en Carchuna-Calahonda"},"content":{"rendered":"<p style=\"text-align: justify;\"><span class=\"s2\" style=\"color: #993300;\">Critica el incumplimiento de las condiciones legales de accesibilidad y no discriminaci\u00f3n de espacios, servicios y transporte y la ausencia de un plan de accesibilidad para cumplir con la normativa.<\/span><\/p>\n<p class=\"p1\" style=\"text-align: justify;\"><span class=\"s2\">El portavoz de IU-Equo en Carchuna Calahonda, <strong>Rafael Ruiz Utrilla<\/strong>, ha informado de que su formaci\u00f3n lleva a\u00f1os reclamando las mejoras en accesibilidad y movilidad que necesitan las vecinas vecinos y el cumplimiento de la normativa legal en este asunto, sin obtener ninguna respuesta.<\/span><\/p>\n<p class=\"p1\" style=\"text-align: justify;\"><span class=\"s2\">A pesar de que desde <a href=\"https:\/\/www.boe.es\/buscar\/doc.php?id=BOE-A-2013-12632\">diciembre de 2017<\/a> es preceptivo el cumplimiento de determinadas <strong>condiciones de movilidad y accesibilidad,<\/strong> la ELA no ha tomado ninguna iniciativa en este sentido, mostrando claramente su desidia y, sobre todo, su desprecio con el conjunto de las vecinas y de los vecinos y, de modo especial, con los que tienen dificultades de movilidad.<\/span><\/p>\n<figure id=\"attachment_5210\" aria-describedby=\"caption-attachment-5210\" style=\"width: 640px\" class=\"wp-caption aligncenter\"><a href=\"https:\/\/iumotril.org\/sitio\/foto-rafa-ruiz\/\"><img loading=\"lazy\" decoding=\"async\" data-attachment-id=\"5210\" data-permalink=\"https:\/\/iumotril.org\/sitio\/iu-equo-denuncia-deficiencias-de-accesibilidad-y-movilidad-en-carchuna-calahonda\/foto-rafa-ruiz\/\" data-orig-file=\"https:\/\/iumotril.org\/sitio\/wp-content\/uploads\/2019\/07\/Foto-Rafa-Ruiz.jpg\" data-orig-size=\"1600,901\" data-comments-opened=\"1\" data-image-meta=\"{&quot;aperture&quot;:&quot;0&quot;,&quot;credit&quot;:&quot;&quot;,&quot;camera&quot;:&quot;&quot;,&quot;caption&quot;:&quot;&quot;,&quot;created_timestamp&quot;:&quot;0&quot;,&quot;copyright&quot;:&quot;&quot;,&quot;focal_length&quot;:&quot;0&quot;,&quot;iso&quot;:&quot;0&quot;,&quot;shutter_speed&quot;:&quot;0&quot;,&quot;title&quot;:&quot;&quot;,&quot;orientation&quot;:&quot;0&quot;}\" data-image-title=\"Foto Rafa Ruiz\" data-image-description=\"\" data-image-caption=\"\" data-large-file=\"https:\/\/iumotril.org\/sitio\/wp-content\/uploads\/2019\/07\/Foto-Rafa-Ruiz-1024x577.jpg\" class=\"wp-image-5210 size-large\" src=\"https:\/\/iumotril.org\/sitio\/wp-content\/uploads\/2019\/07\/Foto-Rafa-Ruiz-1024x577.jpg\" alt=\"\" width=\"640\" height=\"361\" srcset=\"https:\/\/iumotril.org\/sitio\/wp-content\/uploads\/2019\/07\/Foto-Rafa-Ruiz-1024x577.jpg 1024w, https:\/\/iumotril.org\/sitio\/wp-content\/uploads\/2019\/07\/Foto-Rafa-Ruiz-300x169.jpg 300w, https:\/\/iumotril.org\/sitio\/wp-content\/uploads\/2019\/07\/Foto-Rafa-Ruiz-768x432.jpg 768w, https:\/\/iumotril.org\/sitio\/wp-content\/uploads\/2019\/07\/Foto-Rafa-Ruiz.jpg 1600w\" sizes=\"auto, (max-width: 640px) 100vw, 640px\" \/><\/a><figcaption id=\"caption-attachment-5210\" class=\"wp-caption-text\">Rafa Ruiz Utrilla, portavoz IU-Equo en Carchuna-Calahonda<\/figcaption><\/figure>\n<p class=\"p1\" style=\"text-align: justify;\"><span class=\"s2\">Ruiz Utrilla ha criticado la desidia e <strong>indiferencia del gobierno de la ELA<\/strong> y de su presidenta, <strong>Cocha Abarca<\/strong>, hacia las personas con discapacidad y con aquellas que tienen necesidades especiales de movilidad.<\/span><\/p>\n<p class=\"p1\" style=\"text-align: justify;\"><span class=\"s2\">El portavoz de IU-Equo ha reclamado un <strong>gobierno local a tiempo completo en la ELA<\/strong>, rechazando la dedicaci\u00f3n parcial de la actual presidenta Concha Abarca que dedica la mayor parte de su tiempo y esfuerzos al desempe\u00f1o de su cargo de <strong>concejala en Motril<\/strong> con diversas competencias delegadas. <\/span><\/p>\n<p class=\"p1\" style=\"text-align: justify;\"><span class=\"s2\">Las muchas necesidades que tiene la ELA de Carchuna-Calahonda y de sus<span class=\"Apple-converted-space\">\u00a0 <\/span>vecinos no pueden resolverse en los momentos que que tiene libres Abarca tras el cumplimiento de sus diversas funciones como Concejala del Ayuntamiento de Motril, ha afirmado.<\/span><\/p>\n<p class=\"p1\" style=\"text-align: justify;\"><span class=\"s2\">Seg\u00fan Ruiz Utrilla estas circunstancias motivaron que el pasado 5 de julio, en la primera junta vecinal, el \u00fanico acuerdo de relevancia adoptado fue la adjudicaci\u00f3n de un <strong>salario a una concejala del Partido Popular<\/strong> para que cubra las ausencia de la presidenta elegida por los vecinos y haga sus funciones.<\/span><\/p>\n","protected":false},"excerpt":{"rendered":"<p>Ruiz Utrilla ha criticado la desidia e indiferencia del gobierno de la ELA y de su presidenta, Cocha Abarca, hacia las personas con discapacidad y con aquellas que tienen necesidades especiales de movilidad. Las muchas necesidades que tiene la ELA de Carchuna-Calahonda y de sus\u00a0 vecinos no pueden resolverse en los momentos que que tiene libres Abarca tras el cumplimiento de sus diversas funciones como Concejala del Ayuntamiento de Motril, ha afirmado<\/p>\n","protected":false},"author":1,"featured_media":0,"comment_status":"open","ping_status":"open","sticky":false,"template":"","format":"standard","meta":{"cybocfi_hide_featured_image":"","_jetpack_newsletter_access":"","_jetpack_dont_email_post_to_subs":false,"_jetpack_newsletter_tier_id":0,"_jetpack_memberships_contains_paywalled_content":false,"_jetpack_memberships_contains_paid_content":false,"footnotes":""},"categories":[265],"tags":[563,99,932,670,1322],"class_list":["post-5197","post","type-post","status-publish","format-standard","hentry","category-esta-pasando","tag-accesibilidad","tag-carchuna-calahonda","tag-concha-abarca","tag-movilidad","tag-rafa-ruiz-utrilla"],"jetpack_featured_media_url":"","jetpack_sharing_enabled":true,"jetpack_shortlink":"https:\/\/wp.me\/p4QsU5-1lP","jetpack-related-posts":[{"id":5055,"url":"https:\/\/iumotril.org\/sitio\/concha-abarca-es-la-principal-responsable-de-que-carchuna-y-calahonda-no-sea-un-municipio-independiente\/","url_meta":{"origin":5197,"position":0},"title":"Concha Abarca es la principal responsable de que Carchuna y Calahonda no sea un municipio independiente","author":"Izquierda Unida Motril","date":"16 mayo, 2019","format":false,"excerpt":"La candidata de IU-Equo Verdes se ha comprometido a defender desde el Ayuntamiento de Motril los intereses de Carchuna y Calahonda y a impulsar el proceso de segregaci\u00f3n del municipio, tal y como su formaci\u00f3n ha venido haciendo hasta ahora. Inma Omiste ha animado a los cale\u00f1os y carchuneros a\u2026","rel":"","context":"En \u00abElecciones\u00bb","block_context":{"text":"Elecciones","link":"https:\/\/iumotril.org\/sitio\/category\/elecciones\/"},"img":{"alt_text":"","src":"https:\/\/i0.wp.com\/iumotril.org\/sitio\/wp-content\/uploads\/2019\/05\/fullsizeoutput_6a02-1024x768.jpeg?resize=350%2C200","width":350,"height":200,"srcset":"https:\/\/i0.wp.com\/iumotril.org\/sitio\/wp-content\/uploads\/2019\/05\/fullsizeoutput_6a02-1024x768.jpeg?resize=350%2C200 1x, https:\/\/i0.wp.com\/iumotril.org\/sitio\/wp-content\/uploads\/2019\/05\/fullsizeoutput_6a02-1024x768.jpeg?resize=525%2C300 1.5x"},"classes":[]},{"id":9308,"url":"https:\/\/iumotril.org\/sitio\/iu-verdes-equo-impulsara-la-independencia-de-carchuna-calahonda\/","url_meta":{"origin":5197,"position":1},"title":"IU-Verdes Equo impulsar\u00e1 la independencia de Carchuna-Calahonda","author":"Izquierda Unida Motril","date":"23 mayo, 2023","format":false,"excerpt":"Silvia Morales ha anunciado que el objetivo central y prioritario de su gobierno no puede ser otro que la profundizaci\u00f3n democr\u00e1tica en todos los \u00e1mbitos de la entidad local, muy\u00a0 resentida tras los largos a\u00f1os de mandato del Partido Popular con Conchi Abarca al frente. Para Silvia Morales este avance\u2026","rel":"","context":"En \u00abElecciones\u00bb","block_context":{"text":"Elecciones","link":"https:\/\/iumotril.org\/sitio\/category\/elecciones\/"},"img":{"alt_text":"","src":"https:\/\/i0.wp.com\/iumotril.org\/sitio\/wp-content\/uploads\/2023\/05\/Carchuna-Calahonda.jpg?resize=350%2C200&ssl=1","width":350,"height":200,"srcset":"https:\/\/i0.wp.com\/iumotril.org\/sitio\/wp-content\/uploads\/2023\/05\/Carchuna-Calahonda.jpg?resize=350%2C200&ssl=1 1x, https:\/\/i0.wp.com\/iumotril.org\/sitio\/wp-content\/uploads\/2023\/05\/Carchuna-Calahonda.jpg?resize=525%2C300&ssl=1 1.5x"},"classes":[]},{"id":6868,"url":"https:\/\/iumotril.org\/sitio\/conchi-abarca-y-el-partido-popular-de-motril-logran-su-objetivo-carchuna-calahonda-no-sera-municipio-independiente\/","url_meta":{"origin":5197,"position":2},"title":"Conchi Abarca y el Partido Popular de Motril logran su objetivo: Carchuna-Calahonda no ser\u00e1 municipio independiente","author":"Izquierda Unida Motril","date":"9 noviembre, 2020","format":false,"excerpt":"Durante todo este tiempo la presidenta de la ELA ha prestado un importante servicio al Partido Popular de Motril y a su mentor y amigo, Carlos Rojas: Carchuna-Calahonda sigue siendo una pedan\u00eda de Motril en la que el PP motrile\u00f1o ejerce un f\u00e9rreo control que le reporta importantes r\u00e9ditos electorales.\u2026","rel":"","context":"En \u00abEST\u00c1 PASANDO\u00bb","block_context":{"text":"EST\u00c1 PASANDO","link":"https:\/\/iumotril.org\/sitio\/category\/esta-pasando\/"},"img":{"alt_text":"","src":"https:\/\/i0.wp.com\/iumotril.org\/sitio\/wp-content\/uploads\/2020\/11\/Abarca-y-Rojas-176x176.jpeg?resize=350%2C200","width":350,"height":200},"classes":[]},{"id":6497,"url":"https:\/\/iumotril.org\/sitio\/iu-equo-denuncia-enchufismo-en-la-contratacion-de-auxiliares-de-vigilancia-de-las-playas-de-motril-y-calahonda\/","url_meta":{"origin":5197,"position":3},"title":"IU-Equo denuncia enchufismo en la contrataci\u00f3n de auxiliares de vigilancia de las playas de Motril y Calahonda","author":"Izquierda Unida Motril","date":"1 julio, 2020","format":false,"excerpt":"Tras una primera revisi\u00f3n se ha comprobado que, entre las personas contratadas, se encuentran un hijo de la presidenta de la ELA de Carchuna-Calahonda, Concepci\u00f3n Abarca, teniente de alcalde y concejala de Relaciones institucionales, comunicaci\u00f3n y Parques y jardines del Ayuntamiento de Motril, as\u00ed como una persona muy cercana a\u2026","rel":"","context":"En \u00abEST\u00c1 PASANDO\u00bb","block_context":{"text":"EST\u00c1 PASANDO","link":"https:\/\/iumotril.org\/sitio\/category\/esta-pasando\/"},"img":{"alt_text":"","src":"https:\/\/i0.wp.com\/iumotril.org\/sitio\/wp-content\/uploads\/2020\/07\/PHOTO-2020-07-01-11-18-54.jpg?resize=350%2C200","width":350,"height":200},"classes":[]},{"id":2351,"url":"https:\/\/iumotril.org\/sitio\/izquierda-unida-denuncia-la-falta-de-accesibilidad-en-las-playas-de-calahonda\/","url_meta":{"origin":5197,"position":4},"title":"IZQUIERDA UNIDA DENUNCIA LA FALTA DE ACCESIBILIDAD EN LAS PLAYAS DE CALAHONDA","author":"Izquierda Unida Motril","date":"17 agosto, 2016","format":false,"excerpt":"Se hace eco de las denuncias de varios vecinos afectados que critican el deplorable estado de las pasarelas, los ba\u00f1os o las duchas que, en ning\u00fan caso, contemplan la plena accesibilidad de las personas con diversidad funcional.","rel":"","context":"En \u00abEST\u00c1 PASANDO\u00bb","block_context":{"text":"EST\u00c1 PASANDO","link":"https:\/\/iumotril.org\/sitio\/category\/esta-pasando\/"},"img":{"alt_text":"","src":"https:\/\/i0.wp.com\/iumotril.org\/sitio\/wp-content\/uploads\/2016\/08\/calahonda-3-222x300.jpg?resize=350%2C200&ssl=1","width":350,"height":200,"srcset":"https:\/\/i0.wp.com\/iumotril.org\/sitio\/wp-content\/uploads\/2016\/08\/calahonda-3-222x300.jpg?resize=350%2C200&ssl=1 1x, https:\/\/i0.wp.com\/iumotril.org\/sitio\/wp-content\/uploads\/2016\/08\/calahonda-3-222x300.jpg?resize=525%2C300&ssl=1 1.5x"},"classes":[]},{"id":5473,"url":"https:\/\/iumotril.org\/sitio\/iu-equo-propone-adecuar-los-parques-infantiles-para-los-menores-con-diversidad-funcional\/","url_meta":{"origin":5197,"position":5},"title":"IU-Equo propone adecuar los parques infantiles para los menores con diversidad funcional","author":"Izquierda Unida Motril","date":"27 noviembre, 2019","format":false,"excerpt":"El Grupo Municipal de IU-Equo propone llevar a cabo la adecuaci\u00f3n de espacios en los parques infantiles de la ciudad, para que respondan a las necesidades de los ni\u00f1os y ni\u00f1as con diversidad funcional, entre otras medidas que incluye en una moci\u00f3n para la eliminaci\u00f3n de barreras arquitect\u00f3nicas en calles,\u2026","rel":"","context":"En \u00abCiudad\u00bb","block_context":{"text":"Ciudad","link":"https:\/\/iumotril.org\/sitio\/category\/ciudad\/"},"img":{"alt_text":"","src":"https:\/\/i0.wp.com\/iumotril.org\/sitio\/wp-content\/uploads\/2019\/11\/Jose_-barreras-27-noviembre.jpg?resize=350%2C200","width":350,"height":200},"classes":[]}],"jetpack_likes_enabled":true,"_links":{"self":[{"href":"https:\/\/iumotril.org\/sitio\/wp-json\/wp\/v2\/posts\/5197","targetHints":{"allow":["GET"]}}],"collection":[{"href":"https:\/\/iumotril.org\/sitio\/wp-json\/wp\/v2\/posts"}],"about":[{"href":"https:\/\/iumotril.org\/sitio\/wp-json\/wp\/v2\/types\/post"}],"author":[{"embeddable":true,"href":"https:\/\/iumotril.org\/sitio\/wp-json\/wp\/v2\/users\/1"}],"replies":[{"embeddable":true,"href":"https:\/\/iumotril.org\/sitio\/wp-json\/wp\/v2\/comments?post=5197"}],"version-history":[{"count":3,"href":"https:\/\/iumotril.org\/sitio\/wp-json\/wp\/v2\/posts\/5197\/revisions"}],"predecessor-version":[{"id":5211,"href":"https:\/\/iumotril.org\/sitio\/wp-json\/wp\/v2\/posts\/5197\/revisions\/5211"}],"wp:attachment":[{"href":"https:\/\/iumotril.org\/sitio\/wp-json\/wp\/v2\/media?parent=5197"}],"wp:term":[{"taxonomy":"category","embeddable":true,"href":"https:\/\/iumotril.org\/sitio\/wp-json\/wp\/v2\/categories?post=5197"},{"taxonomy":"post_tag","embeddable":true,"href":"https:\/\/iumotril.org\/sitio\/wp-json\/wp\/v2\/tags?post=5197"}],"curies":[{"name":"wp","href":"https:\/\/api.w.org\/{rel}","templated":true}]}}