{"id":5065,"date":"2019-05-17T17:51:38","date_gmt":"2019-05-17T15:51:38","guid":{"rendered":"http:\/\/iumotril.org\/sitio\/?p=5065"},"modified":"2019-05-17T17:51:38","modified_gmt":"2019-05-17T15:51:38","slug":"motril-no-puede-permanecer-impasible-ante-el-deterioro-medioambiental","status":"publish","type":"post","link":"https:\/\/iumotril.org\/sitio\/motril-no-puede-permanecer-impasible-ante-el-deterioro-medioambiental\/","title":{"rendered":"Motril no puede permanecer impasible ante el deterioro medioambiental"},"content":{"rendered":"<p class=\"p1\" style=\"text-align: justify;\"><span class=\"s1\" style=\"color: #993300;\">La coalici\u00f3n IU-Equo ha ratificado su apuesta por una ciudad para las personas y un medio ambiente sano, para hacer de Motril una ciudad m\u00e1s sostenible, con menos emisiones de CO2 y m\u00e1s energ\u00edas renovables. Pondr\u00e1 en marcha medidas y actuaciones para frenar ese deterioro que repercute no s\u00f3lo en la calidad de vida de los vecinos y de las vecinas sino tambi\u00e9n en la propia econom\u00eda.<\/span><\/p>\n<p class=\"p1\" style=\"text-align: justify;\"><span class=\"s1\">La candidata de IU-Equo, <strong>Inma Omiste<\/strong>, ha presentado esta ma\u00f1ana las principales propuestas de su programa de gobierno en materia medioambiental y de <strong>desarrollo sostenible<\/strong>. Lo ha hecho en el Punto Limpio municipal, una instalaci\u00f3n que, a su juicio, requiere adaptarse a las necesidades de sus vecinas y de sus vecinas.<\/span><\/p>\n<p class=\"p1\" style=\"text-align: justify;\"><span class=\"s1\">Ha recordado que su formaci\u00f3n ya present\u00f3 en su momento una iniciativa al pleno municipal para la elaboraci\u00f3n de una ordenanza reguladora del <a href=\"https:\/\/iumotril.org\/sitio\/izquierda-unida-propone-la-regulacion-del-funcionamiento-del-punto-limpio\/\">Punto Limpio<\/a> que, sin embargo, se qued\u00f3 en el caj\u00f3n del gobierno del PSOE-PA por el desinter\u00e9s de estas formaciones en facilitar la recogida selectiva de residuos.<\/span><\/p>\n<figure id=\"attachment_5076\" aria-describedby=\"caption-attachment-5076\" style=\"width: 676px\" class=\"wp-caption alignleft\"><a href=\"https:\/\/iumotril.org\/sitio\/juan-luis-valdivieso-inma-omiste-christian-linares-daniela-paque-jose-llorente\/\"><img loading=\"lazy\" decoding=\"async\" data-attachment-id=\"5076\" data-permalink=\"https:\/\/iumotril.org\/sitio\/motril-no-puede-permanecer-impasible-ante-el-deterioro-medioambiental\/juan-luis-valdivieso-inma-omiste-christian-linares-daniela-paque-jose-llorente\/\" data-orig-file=\"https:\/\/iumotril.org\/sitio\/wp-content\/uploads\/2019\/05\/Juan-Luis-Valdivieso-Inma-Omiste-Christian-Linares-Daniela-Paque\u0301-Jose-Llorente.jpg\" data-orig-size=\"1600,1198\" data-comments-opened=\"1\" data-image-meta=\"{&quot;aperture&quot;:&quot;0&quot;,&quot;credit&quot;:&quot;&quot;,&quot;camera&quot;:&quot;&quot;,&quot;caption&quot;:&quot;&quot;,&quot;created_timestamp&quot;:&quot;0&quot;,&quot;copyright&quot;:&quot;&quot;,&quot;focal_length&quot;:&quot;0&quot;,&quot;iso&quot;:&quot;0&quot;,&quot;shutter_speed&quot;:&quot;0&quot;,&quot;title&quot;:&quot;&quot;,&quot;orientation&quot;:&quot;0&quot;}\" data-image-title=\"Juan Luis Valdivieso, Inma Omiste, Christian Linares, Daniela Paque\u0301, Jose Llorente\" data-image-description=\"\" data-image-caption=\"&lt;p&gt;Juan Luis Valdivieso, Inma Omiste, Christian Linares, Daniela Paqu\u00e9, Jose Llorente, candidatas de IU-Equo Verdes Motril&lt;\/p&gt;\n\" data-large-file=\"https:\/\/iumotril.org\/sitio\/wp-content\/uploads\/2019\/05\/Juan-Luis-Valdivieso-Inma-Omiste-Christian-Linares-Daniela-Paque\u0301-Jose-Llorente-1024x767.jpg\" class=\"wp-image-5076 \" src=\"https:\/\/iumotril.org\/sitio\/wp-content\/uploads\/2019\/05\/Juan-Luis-Valdivieso-Inma-Omiste-Christian-Linares-Daniela-Paque\u0301-Jose-Llorente-1024x767.jpg\" alt=\"\" width=\"676\" height=\"506\" srcset=\"https:\/\/iumotril.org\/sitio\/wp-content\/uploads\/2019\/05\/Juan-Luis-Valdivieso-Inma-Omiste-Christian-Linares-Daniela-Paque\u0301-Jose-Llorente-1024x767.jpg 1024w, https:\/\/iumotril.org\/sitio\/wp-content\/uploads\/2019\/05\/Juan-Luis-Valdivieso-Inma-Omiste-Christian-Linares-Daniela-Paque\u0301-Jose-Llorente-300x225.jpg 300w, https:\/\/iumotril.org\/sitio\/wp-content\/uploads\/2019\/05\/Juan-Luis-Valdivieso-Inma-Omiste-Christian-Linares-Daniela-Paque\u0301-Jose-Llorente-768x575.jpg 768w, https:\/\/iumotril.org\/sitio\/wp-content\/uploads\/2019\/05\/Juan-Luis-Valdivieso-Inma-Omiste-Christian-Linares-Daniela-Paque\u0301-Jose-Llorente.jpg 1600w\" sizes=\"auto, (max-width: 676px) 100vw, 676px\" \/><\/a><figcaption id=\"caption-attachment-5076\" class=\"wp-caption-text\">Juan Luis Valdivieso, Inma Omiste, Christian Linares, Daniela Paqu\u00e9, Jose Llorente, candidatas de IU-Equo Verdes Motril<\/figcaption><\/figure>\n<p class=\"p1\" style=\"text-align: justify;\"><span class=\"s1\">Hay que poner f\u00e1cil a la ciudadan\u00eda los servicios de <strong>recogida selectiva<\/strong>, potenci\u00e1ndola, adem\u00e1s de promover la reducci\u00f3n de la generaci\u00f3n de residuos por parte del consumidor dom\u00e9stico, ha afirmado.<\/span><\/p>\n<p class=\"p1\" style=\"text-align: justify;\"><span class=\"s1\">Inma Omiste ha se\u00f1alado el compromiso medioambiental y de <strong>lucha contra el cambio clim\u00e1tico<\/strong> de su proyecto de gobierno para Motril. La preservaci\u00f3n del medio ambiente es uno de los ejes transversales que recorren todas nuestras propuestas de gobierno: el <a href=\"https:\/\/iumotril.org\/sitio\/la-ciudad-que-quieres\/\">programa de IU-Equo Verdes<\/a> es un compromiso con la ciudadan\u00eda para trabajar por un Motril mejor, con mayor igualdad entre hombres y mujeres, participaci\u00f3n vecinal y transparencia, en defensa del medio ambiente y del patrimonio natural.<\/span><\/p>\n<p class=\"p1\" style=\"text-align: justify;\"><span class=\"s1\"><span style=\"color: #993300;\"><b>Luchar contra el cambio clim\u00e1tico<\/b><\/span><\/span><\/p>\n<p class=\"p5\" style=\"text-align: justify;\"><span class=\"s1\"><strong>Juan Luis Valdivieso<\/strong>, candidato de la coalici\u00f3n y responsable de <strong>Equo Verdes Motril<\/strong> ha reafirmado dicho compromiso: queremos contribuir a luchar contra el cambio clim\u00e1tico con medidas de ahorro en el consumo energ\u00e9tico y con la utilizaci\u00f3n de energ\u00edas renovables.<\/span><\/p>\n<p class=\"p1\" style=\"text-align: justify;\"><span class=\"s1\">Valdivieso ha anunciado la intenci\u00f3n de su formaci\u00f3n de poner en marcha un <strong>plan de movilidad sostenible<\/strong> que fomente el transporte no motorizado, el uso de la bicicleta y el transporte el\u00e9ctrico para reducir de ese modo la contaminaci\u00f3n atmosf\u00e9rica y el ruido.<\/span><\/p>\n<p class=\"p1\" style=\"text-align: justify;\"><span class=\"s1\">El <strong>candidato de IU-Equo<\/strong> ha denunciado la proliferaci\u00f3n de <strong>vertidos de escombros<\/strong> en determinadas zonas de Motril, informando de su propuesta de poner en marcha un <strong>plan de choque contra los vertidos en el medio rural<\/strong>, as\u00ed como la necesidad de ampliar los programas actuales de educaci\u00f3n ambiental. Es necesario concienciar a la ciudadan\u00eda de la necesidad de educar para salvar el planeta, ha sostenido.<\/span><\/p>\n<p class=\"p1\" style=\"text-align: justify;\"><span class=\"s1\">Valdivieso ha defendido la necesidad de <strong>proteger la Vega de Motril<\/strong> y las laderas de subtropicales y la recuperaci\u00f3n de las v\u00edas pecuarias. No podemos dejar a nuestras hijas y a nuestros hijos una ciudad sin recursos. Sin futuro, ha alertado.<\/span><\/p>\n<p class=\"p1\" style=\"text-align: justify;\"><span class=\"s1\">En este sentido ha manifestado su apoyo a las movilizaciones <a href=\"https:\/\/es.greenpeace.org\/es\/noticias\/fridaysforfuture-en-huelga-por-el-cambio-climatico\/\">Viernes por el futuro<\/a>, que los j\u00f3venes de toda Europa est\u00e1n llevando a cabo para exigir m\u00e1s compromisos pol\u00edticos en la lucha contra el calentamiento global.<\/span><\/p>\n","protected":false},"excerpt":{"rendered":"<p>Inma Omiste ha se\u00f1alado el compromiso medioambiental y de lucha contra el cambio clim\u00e1tico de su proyecto de gobierno para Motril. La preservaci\u00f3n del medio ambiente es uno de los ejes transversales que recorren todas nuestras propuestas de gobierno: el programa de IU-Equo Verdes es un compromiso con la ciudadan\u00eda para trabajar por un Motril mejor, con mayor igualdad entre hombres y mujeres, participaci\u00f3n vecinal y transparencia, en defensa del medio ambiente y del patrimonio natural.<\/p>\n","protected":false},"author":1,"featured_media":0,"comment_status":"open","ping_status":"open","sticky":false,"template":"","format":"standard","meta":{"cybocfi_hide_featured_image":"","_jetpack_newsletter_access":"","_jetpack_dont_email_post_to_subs":false,"_jetpack_newsletter_tier_id":0,"_jetpack_memberships_contains_paywalled_content":false,"_jetpack_memberships_contains_paid_content":false,"footnotes":""},"categories":[265,1290,1238],"tags":[1298,115,1262,1249,98],"class_list":["post-5065","post","type-post","status-publish","format-standard","hentry","category-esta-pasando","category-iu-equo","category-municipales-2019","tag-cambio-climatico","tag-inma-omiste","tag-iu-equo-verdes","tag-juan-luis-valdivieso","tag-medio-ambiente"],"jetpack_featured_media_url":"","jetpack_sharing_enabled":true,"jetpack_shortlink":"https:\/\/wp.me\/p4QsU5-1jH","jetpack-related-posts":[{"id":9364,"url":"https:\/\/iumotril.org\/sitio\/iu-verdes-equo-apela-a-los-vecinos-y-vecinas-a-votar-el-domingo-para-cambiar-las-cosas-y-por-una-vida-mejor\/","url_meta":{"origin":5065,"position":0},"title":"IU-VERDES EQUO apela a los vecinos y vecinas a votar el domingo para cambiar las cosas y por una vida mejor","author":"Izquierda Unida Motril","date":"26 mayo, 2023","format":false,"excerpt":"El pr\u00f3ximo domingo nos jugamos el futuro de Motril. Somos una mayor\u00eda amplia y diversa los que miramos al futuro y apostamos por iniciar un nuevo camino juntos y juntas. Un futuro que queremos que se construya colectivamente, con la participaci\u00f3n activa de la ciudadan\u00eda, entre todos y todas. La\u2026","rel":"","context":"En \u00abElecciones\u00bb","block_context":{"text":"Elecciones","link":"https:\/\/iumotril.org\/sitio\/category\/elecciones\/"},"img":{"alt_text":"","src":"https:\/\/i0.wp.com\/iumotril.org\/sitio\/wp-content\/uploads\/2023\/05\/536d18df-8b91-4404-93c9-e39dee902232.jpg?resize=350%2C200&ssl=1","width":350,"height":200,"srcset":"https:\/\/i0.wp.com\/iumotril.org\/sitio\/wp-content\/uploads\/2023\/05\/536d18df-8b91-4404-93c9-e39dee902232.jpg?resize=350%2C200&ssl=1 1x, https:\/\/i0.wp.com\/iumotril.org\/sitio\/wp-content\/uploads\/2023\/05\/536d18df-8b91-4404-93c9-e39dee902232.jpg?resize=525%2C300&ssl=1 1.5x, https:\/\/i0.wp.com\/iumotril.org\/sitio\/wp-content\/uploads\/2023\/05\/536d18df-8b91-4404-93c9-e39dee902232.jpg?resize=700%2C400&ssl=1 2x, https:\/\/i0.wp.com\/iumotril.org\/sitio\/wp-content\/uploads\/2023\/05\/536d18df-8b91-4404-93c9-e39dee902232.jpg?resize=1050%2C600&ssl=1 3x"},"classes":[]},{"id":5479,"url":"https:\/\/iumotril.org\/sitio\/iu-equo-denuncia-vertidos-de-aguas-residuales-en-la-playa-de-las-azucenas\/","url_meta":{"origin":5065,"position":1},"title":"IU-Equo denuncia vertidos de aguas residuales en la playa de las Azucenas","author":"Izquierda Unida Motril","date":"12 diciembre, 2019","format":false,"excerpt":"El Grupo Municipal de IU-Equo ha puesto en conocimiento de los servicios de protecci\u00f3n medioambiental la existencia de dicho vertido para que pueda llevar a cabo las actuaciones de comprobaci\u00f3n pertinente y adoptar las actuaciones precisas para determinar posibles responsabilidades. Omiste ha criticado que el presupuesto de gastos para el\u2026","rel":"","context":"En \u00abEST\u00c1 PASANDO\u00bb","block_context":{"text":"EST\u00c1 PASANDO","link":"https:\/\/iumotril.org\/sitio\/category\/esta-pasando\/"},"img":{"alt_text":"","src":"https:\/\/i0.wp.com\/iumotril.org\/sitio\/wp-content\/uploads\/2019\/12\/Inma-Omiste-y-Jose-12-diciembre-300x225.jpg?resize=350%2C200","width":350,"height":200},"classes":[]},{"id":7359,"url":"https:\/\/iumotril.org\/sitio\/iu-equo-demanda-actuaciones-para-acabar-con-los-vertidos-ilegales-a-la-charca-de-suarez-y-a-la-playa-de-poniente\/","url_meta":{"origin":5065,"position":2},"title":"IU-Equo demanda actuaciones para acabar con los vertidos ilegales a la Charca de Su\u00e1rez y a la playa de Poniente","author":"Izquierda Unida Motril","date":"27 abril, 2021","format":false,"excerpt":"Para la portavoz de IU-Equo, ahora se trata fundamentalmente de eso; de destinar recursos para llevar a cabo actuaciones para contribuir a la reducci\u00f3n de agentes contaminantes como los procedentes del pol\u00edgono de las Algaidas. Una actuaci\u00f3n que beneficiar\u00e1 tanto al clima, como a la calidad de nuestras playas y\u2026","rel":"","context":"En \u00abSin categor\u00eda\u00bb","block_context":{"text":"Sin categor\u00eda","link":"https:\/\/iumotril.org\/sitio\/category\/sin-categoria\/"},"img":{"alt_text":"","src":"https:\/\/i0.wp.com\/iumotril.org\/sitio\/wp-content\/uploads\/2021\/04\/Inma-27-Abril-1024x768.jpg?resize=350%2C200","width":350,"height":200,"srcset":"https:\/\/i0.wp.com\/iumotril.org\/sitio\/wp-content\/uploads\/2021\/04\/Inma-27-Abril-1024x768.jpg?resize=350%2C200 1x, https:\/\/i0.wp.com\/iumotril.org\/sitio\/wp-content\/uploads\/2021\/04\/Inma-27-Abril-1024x768.jpg?resize=525%2C300 1.5x"},"classes":[]},{"id":7181,"url":"https:\/\/iumotril.org\/sitio\/iu-equo-reclama-el-arreglo-de-diversos-tramos-del-paseo-de-la-carretera-de-la-playa\/","url_meta":{"origin":5065,"position":3},"title":"IU-Equo reclama el arreglo de diversos tramos del paseo de la carretera de la playa","author":"Izquierda Unida Motril","date":"19 febrero, 2021","format":false,"excerpt":"Seg\u00fan Inma Omiste el deterioro de este paseo que recorre la carretera de la playa se debe, fundamentalmente, a la falta de personal en los servicios municipales, especialmente en el \u00c1rea de mantenimiento de la ciudad. Ha recordado que desde su formaci\u00f3n se viene insistiendo continuamente en la necesidad de\u2026","rel":"","context":"En \u00abCiudad\u00bb","block_context":{"text":"Ciudad","link":"https:\/\/iumotril.org\/sitio\/category\/ciudad\/"},"img":{"alt_text":"","src":"https:\/\/i0.wp.com\/iumotril.org\/sitio\/wp-content\/uploads\/2021\/02\/Inma-19-febrero-1024x768.jpg?resize=350%2C200","width":350,"height":200,"srcset":"https:\/\/i0.wp.com\/iumotril.org\/sitio\/wp-content\/uploads\/2021\/02\/Inma-19-febrero-1024x768.jpg?resize=350%2C200 1x, https:\/\/i0.wp.com\/iumotril.org\/sitio\/wp-content\/uploads\/2021\/02\/Inma-19-febrero-1024x768.jpg?resize=525%2C300 1.5x"},"classes":[]},{"id":9476,"url":"https:\/\/iumotril.org\/sitio\/iu-verdes-equo-denuncia-la-situacion-de-abandono-generalizado-en-la-limpieza-mantenimiento-y-conservacion-de-la-ciudad\/","url_meta":{"origin":5065,"position":4},"title":"IU Verdes Equo denuncia la situaci\u00f3n de abandono generalizado en la limpieza, mantenimiento y conservaci\u00f3n de la ciudad","author":"Izquierda Unida Motril","date":"12 octubre, 2023","format":false,"excerpt":"Inma Omiste ha afirmado en declaraciones a los medios que la \u201cpol\u00edtica de tierra quemada\u201d del PP y del se\u00f1or Esc\u00e1mez ha dejado los servicios municipales bajo m\u00ednimos. No hay operarios municipales, no hay jardineros, no hay conserjes para atender museos y dependencias municipales, ni personal de mantenimiento, porque las\u2026","rel":"","context":"En \u00abdenuncia\u00bb","block_context":{"text":"denuncia","link":"https:\/\/iumotril.org\/sitio\/category\/denuncia\/"},"img":{"alt_text":"","src":"https:\/\/i0.wp.com\/iumotril.org\/sitio\/wp-content\/uploads\/2023\/10\/Carriles-bici.jpg?resize=350%2C200&ssl=1","width":350,"height":200,"srcset":"https:\/\/i0.wp.com\/iumotril.org\/sitio\/wp-content\/uploads\/2023\/10\/Carriles-bici.jpg?resize=350%2C200&ssl=1 1x, https:\/\/i0.wp.com\/iumotril.org\/sitio\/wp-content\/uploads\/2023\/10\/Carriles-bici.jpg?resize=525%2C300&ssl=1 1.5x, https:\/\/i0.wp.com\/iumotril.org\/sitio\/wp-content\/uploads\/2023\/10\/Carriles-bici.jpg?resize=700%2C400&ssl=1 2x, https:\/\/i0.wp.com\/iumotril.org\/sitio\/wp-content\/uploads\/2023\/10\/Carriles-bici.jpg?resize=1050%2C600&ssl=1 3x, https:\/\/i0.wp.com\/iumotril.org\/sitio\/wp-content\/uploads\/2023\/10\/Carriles-bici.jpg?resize=1400%2C800&ssl=1 4x"},"classes":[]},{"id":6472,"url":"https:\/\/iumotril.org\/sitio\/iu-equo-reclama-la-mejora-de-instalaciones-y-equipamientos-de-la-playa-de-poniente\/","url_meta":{"origin":5065,"position":5},"title":"IU-Equo reclama la mejora de instalaciones y equipamientos de la playa de Poniente","author":"Izquierda Unida Motril","date":"23 junio, 2020","format":false,"excerpt":"Seg\u00fan Inma Omiste, todas las playas de Motril necesitan actuaciones de mantenimiento y mejora, y todas las que se lleven a cabo en ese sentido son bienvenidas. Sin embargo, resulta llamativo que la playa m\u00e1s popular del municipio, la m\u00e1s concurrida y utilizada por las familias motrile\u00f1as, presente un aspecto\u2026","rel":"","context":"En \u00abEST\u00c1 PASANDO\u00bb","block_context":{"text":"EST\u00c1 PASANDO","link":"https:\/\/iumotril.org\/sitio\/category\/esta-pasando\/"},"img":{"alt_text":"","src":"https:\/\/i0.wp.com\/iumotril.org\/sitio\/wp-content\/uploads\/2020\/06\/Inma-23-junio-scaled.jpg?resize=350%2C200","width":350,"height":200,"srcset":"https:\/\/i0.wp.com\/iumotril.org\/sitio\/wp-content\/uploads\/2020\/06\/Inma-23-junio-scaled.jpg?resize=350%2C200 1x, https:\/\/i0.wp.com\/iumotril.org\/sitio\/wp-content\/uploads\/2020\/06\/Inma-23-junio-scaled.jpg?resize=525%2C300 1.5x, https:\/\/i0.wp.com\/iumotril.org\/sitio\/wp-content\/uploads\/2020\/06\/Inma-23-junio-scaled.jpg?resize=700%2C400 2x, https:\/\/i0.wp.com\/iumotril.org\/sitio\/wp-content\/uploads\/2020\/06\/Inma-23-junio-scaled.jpg?resize=1050%2C600 3x, https:\/\/i0.wp.com\/iumotril.org\/sitio\/wp-content\/uploads\/2020\/06\/Inma-23-junio-scaled.jpg?resize=1400%2C800 4x"},"classes":[]}],"jetpack_likes_enabled":true,"_links":{"self":[{"href":"https:\/\/iumotril.org\/sitio\/wp-json\/wp\/v2\/posts\/5065","targetHints":{"allow":["GET"]}}],"collection":[{"href":"https:\/\/iumotril.org\/sitio\/wp-json\/wp\/v2\/posts"}],"about":[{"href":"https:\/\/iumotril.org\/sitio\/wp-json\/wp\/v2\/types\/post"}],"author":[{"embeddable":true,"href":"https:\/\/iumotril.org\/sitio\/wp-json\/wp\/v2\/users\/1"}],"replies":[{"embeddable":true,"href":"https:\/\/iumotril.org\/sitio\/wp-json\/wp\/v2\/comments?post=5065"}],"version-history":[{"count":4,"href":"https:\/\/iumotril.org\/sitio\/wp-json\/wp\/v2\/posts\/5065\/revisions"}],"predecessor-version":[{"id":5078,"href":"https:\/\/iumotril.org\/sitio\/wp-json\/wp\/v2\/posts\/5065\/revisions\/5078"}],"wp:attachment":[{"href":"https:\/\/iumotril.org\/sitio\/wp-json\/wp\/v2\/media?parent=5065"}],"wp:term":[{"taxonomy":"category","embeddable":true,"href":"https:\/\/iumotril.org\/sitio\/wp-json\/wp\/v2\/categories?post=5065"},{"taxonomy":"post_tag","embeddable":true,"href":"https:\/\/iumotril.org\/sitio\/wp-json\/wp\/v2\/tags?post=5065"}],"curies":[{"name":"wp","href":"https:\/\/api.w.org\/{rel}","templated":true}]}}