{"id":498,"date":"2015-03-15T11:06:46","date_gmt":"2015-03-15T10:06:46","guid":{"rendered":"http:\/\/iumotril.org\/sitio\/?p=498"},"modified":"2015-03-17T11:22:28","modified_gmt":"2015-03-17T10:22:28","slug":"lleno-absoluto-en-el-mitin-de-alberto-garzon-en-motril","status":"publish","type":"post","link":"https:\/\/iumotril.org\/sitio\/lleno-absoluto-en-el-mitin-de-alberto-garzon-en-motril\/","title":{"rendered":"LLENO ABSOLUTO EN EL MIT\u00cdN DE ALBERTO GARZ\u00d3N EN MOTRIL"},"content":{"rendered":"<p>.<a href=\"https:\/\/iumotril.org\/sitio\/wp-content\/uploads\/2015\/03\/garzon-en-unden2.jpg\"><img loading=\"lazy\" decoding=\"async\" data-attachment-id=\"502\" data-permalink=\"https:\/\/iumotril.org\/sitio\/lleno-absoluto-en-el-mitin-de-alberto-garzon-en-motril\/garzon-en-unden2\/\" data-orig-file=\"https:\/\/iumotril.org\/sitio\/wp-content\/uploads\/2015\/03\/garzon-en-unden2.jpg\" data-orig-size=\"960,617\" data-comments-opened=\"1\" data-image-meta=\"{&quot;aperture&quot;:&quot;0&quot;,&quot;credit&quot;:&quot;&quot;,&quot;camera&quot;:&quot;&quot;,&quot;caption&quot;:&quot;&quot;,&quot;created_timestamp&quot;:&quot;0&quot;,&quot;copyright&quot;:&quot;&quot;,&quot;focal_length&quot;:&quot;0&quot;,&quot;iso&quot;:&quot;0&quot;,&quot;shutter_speed&quot;:&quot;0&quot;,&quot;title&quot;:&quot;&quot;,&quot;orientation&quot;:&quot;0&quot;}\" data-image-title=\"garzon en unden2\" data-image-description=\"\" data-image-caption=\"\" data-large-file=\"https:\/\/iumotril.org\/sitio\/wp-content\/uploads\/2015\/03\/garzon-en-unden2.jpg\" class=\"alignleft size-medium wp-image-502\" src=\"https:\/\/iumotril.org\/sitio\/wp-content\/uploads\/2015\/03\/garzon-en-unden2-300x193.jpg\" alt=\"garzon en unden2\" width=\"300\" height=\"193\" srcset=\"https:\/\/iumotril.org\/sitio\/wp-content\/uploads\/2015\/03\/garzon-en-unden2-300x193.jpg 300w, https:\/\/iumotril.org\/sitio\/wp-content\/uploads\/2015\/03\/garzon-en-unden2-768x494.jpg 768w, https:\/\/iumotril.org\/sitio\/wp-content\/uploads\/2015\/03\/garzon-en-unden2.jpg 960w\" sizes=\"auto, (max-width: 300px) 100vw, 300px\" \/><\/a><br \/>\nIU Motril ha calificado como de \u00e9xito rotundo la visita de Alberto Garz\u00f3n, el candidato a la presidencia del Gobierno, el cual llam\u00f3 a transformar la sociedad \u00aba trav\u00e9s de las urnas\u00bb.<\/p>\n<p><a href=\"https:\/\/iumotril.org\/sitio\/wp-content\/uploads\/2015\/03\/grazon-2.jpg\"><img loading=\"lazy\" decoding=\"async\" data-attachment-id=\"504\" data-permalink=\"https:\/\/iumotril.org\/sitio\/lleno-absoluto-en-el-mitin-de-alberto-garzon-en-motril\/grazon-2\/\" data-orig-file=\"https:\/\/iumotril.org\/sitio\/wp-content\/uploads\/2015\/03\/grazon-2.jpg\" data-orig-size=\"960,640\" data-comments-opened=\"1\" data-image-meta=\"{&quot;aperture&quot;:&quot;0&quot;,&quot;credit&quot;:&quot;&quot;,&quot;camera&quot;:&quot;&quot;,&quot;caption&quot;:&quot;&quot;,&quot;created_timestamp&quot;:&quot;0&quot;,&quot;copyright&quot;:&quot;&quot;,&quot;focal_length&quot;:&quot;0&quot;,&quot;iso&quot;:&quot;0&quot;,&quot;shutter_speed&quot;:&quot;0&quot;,&quot;title&quot;:&quot;&quot;,&quot;orientation&quot;:&quot;0&quot;}\" data-image-title=\"grazon 2\" data-image-description=\"\" data-image-caption=\"\" data-large-file=\"https:\/\/iumotril.org\/sitio\/wp-content\/uploads\/2015\/03\/grazon-2.jpg\" src=\"https:\/\/iumotril.org\/sitio\/wp-content\/uploads\/2015\/03\/grazon-2-300x200.jpg\" alt=\"grazon 2\" width=\"300\" height=\"200\" class=\"alignleft size-medium wp-image-504\" srcset=\"https:\/\/iumotril.org\/sitio\/wp-content\/uploads\/2015\/03\/grazon-2-300x200.jpg 300w, https:\/\/iumotril.org\/sitio\/wp-content\/uploads\/2015\/03\/grazon-2-768x512.jpg 768w, https:\/\/iumotril.org\/sitio\/wp-content\/uploads\/2015\/03\/grazon-2.jpg 960w\" sizes=\"auto, (max-width: 300px) 100vw, 300px\" \/><\/a><\/p>\n<p>Frente a las pol\u00edticas del PP y PSOE, \u00abcoincidentes en lo fundamental\u00bb, Garz\u00f3n ha pedido el voto a todas las personas que se sientan de izquierdas porque en estas elecciones, ha insistido, s\u00f3lo hay una fuerza que se identifique plenamente con los valores y las propuestas de la izquierda.<\/p>\n<p>\u00abCuando hay gente que utiliza los ERE y los cursos de formaci\u00f3n para lucrarse hay que se\u00f1alarles con el dedo, apuntarles y decirles: usted es un saqueador y no es de izquierdas\u00bb, ha dicho Garz\u00f3n, que ha reclamado \u00abuna pol\u00edtica de la \u00e9tica\u00bb y ha denunciado que el PSOE \u00abllega a las instituciones con el pu\u00f1o alzado y sale con los bolsillos llenos\u00bb.<br \/>\n<a href=\"https:\/\/iumotril.org\/sitio\/wp-content\/uploads\/2015\/03\/garzon-en-uned.jpg\"><img loading=\"lazy\" decoding=\"async\" data-attachment-id=\"506\" data-permalink=\"https:\/\/iumotril.org\/sitio\/lleno-absoluto-en-el-mitin-de-alberto-garzon-en-motril\/garzon-en-uned\/\" data-orig-file=\"https:\/\/iumotril.org\/sitio\/wp-content\/uploads\/2015\/03\/garzon-en-uned.jpg\" data-orig-size=\"960,544\" data-comments-opened=\"1\" data-image-meta=\"{&quot;aperture&quot;:&quot;0&quot;,&quot;credit&quot;:&quot;&quot;,&quot;camera&quot;:&quot;&quot;,&quot;caption&quot;:&quot;&quot;,&quot;created_timestamp&quot;:&quot;0&quot;,&quot;copyright&quot;:&quot;&quot;,&quot;focal_length&quot;:&quot;0&quot;,&quot;iso&quot;:&quot;0&quot;,&quot;shutter_speed&quot;:&quot;0&quot;,&quot;title&quot;:&quot;&quot;,&quot;orientation&quot;:&quot;0&quot;}\" data-image-title=\"garzon en uned\" data-image-description=\"\" data-image-caption=\"\" data-large-file=\"https:\/\/iumotril.org\/sitio\/wp-content\/uploads\/2015\/03\/garzon-en-uned.jpg\" src=\"https:\/\/iumotril.org\/sitio\/wp-content\/uploads\/2015\/03\/garzon-en-uned-300x170.jpg\" alt=\"garzon en uned\" width=\"300\" height=\"170\" class=\"alignleft size-medium wp-image-506\" srcset=\"https:\/\/iumotril.org\/sitio\/wp-content\/uploads\/2015\/03\/garzon-en-uned-300x170.jpg 300w, https:\/\/iumotril.org\/sitio\/wp-content\/uploads\/2015\/03\/garzon-en-uned-768x435.jpg 768w, https:\/\/iumotril.org\/sitio\/wp-content\/uploads\/2015\/03\/garzon-en-uned-195x110.jpg 195w, https:\/\/iumotril.org\/sitio\/wp-content\/uploads\/2015\/03\/garzon-en-uned.jpg 960w\" sizes=\"auto, (max-width: 300px) 100vw, 300px\" \/><\/a><\/p>\n<p>En el acto ha intervenido tambi\u00e9n la parlamentaria granadina Mari Carmen P\u00e9rez, que repite como cabeza de lista por la provincia y que ha asegurado que, al igual que ocurri\u00f3 en las \u00faltimas elecciones, IU va a romper unas encuestas que ha calificado de \u00abinteresadas porque manipulan los datos de intenci\u00f3n directa de voto con el objetivo de desmotivar a los posibles votantes de IU\u00bb.<\/p>\n","protected":false},"excerpt":{"rendered":"<p>. IU Motril ha calificado como de \u00e9xito rotundo la [&hellip;]<\/p>\n","protected":false},"author":1,"featured_media":0,"comment_status":"open","ping_status":"open","sticky":false,"template":"","format":"standard","meta":{"cybocfi_hide_featured_image":"","_jetpack_newsletter_access":"","_jetpack_dont_email_post_to_subs":false,"_jetpack_newsletter_tier_id":0,"_jetpack_memberships_contains_paywalled_content":false,"_jetpack_memberships_contains_paid_content":false,"footnotes":""},"categories":[1],"tags":[],"class_list":["post-498","post","type-post","status-publish","format-standard","hentry","category-sin-categoria"],"jetpack_featured_media_url":"","jetpack_sharing_enabled":true,"jetpack_shortlink":"https:\/\/wp.me\/p4QsU5-82","jetpack-related-posts":[{"id":2746,"url":"https:\/\/iumotril.org\/sitio\/los-retos-del-pais-en-el-siglo-xxi-alberto-garzon-y-antonio-maillo-en-motril\/","url_meta":{"origin":498,"position":0},"title":"Los retos del pa\u00eds en el siglo XXI. Alberto Garz\u00f3n y Antonio Ma\u00edllo en Motril","author":"Izquierda Unida Motril","date":"21 marzo, 2017","format":false,"excerpt":"Los m\u00e1ximos responsables en los \u00e1mbitos federal, andaluz y local de Izquierda Unida han elegido Motril para participar en un acto organizado por su formaci\u00f3n, el mi\u00e9rcoles d\u00eda 22, en el que abordar\u00e1n los retos que afronta nuestro pa\u00eds en estos momentos. Desde Izquierda Unida en la Costa de Granada\u2026","rel":"","context":"En \u00abEST\u00c1 PASANDO\u00bb","block_context":{"text":"EST\u00c1 PASANDO","link":"https:\/\/iumotril.org\/sitio\/category\/esta-pasando\/"},"img":{"alt_text":"","src":"https:\/\/i0.wp.com\/iumotril.org\/sitio\/wp-content\/uploads\/2017\/03\/acto-garzon-maillo_marzo-724x1024.jpg?resize=350%2C200","width":350,"height":200,"srcset":"https:\/\/i0.wp.com\/iumotril.org\/sitio\/wp-content\/uploads\/2017\/03\/acto-garzon-maillo_marzo-724x1024.jpg?resize=350%2C200 1x, https:\/\/i0.wp.com\/iumotril.org\/sitio\/wp-content\/uploads\/2017\/03\/acto-garzon-maillo_marzo-724x1024.jpg?resize=525%2C300 1.5x"},"classes":[]},{"id":492,"url":"https:\/\/iumotril.org\/sitio\/izquierda-unida-invita-al-acto-publico-con-m-a-carmen-perez-y-alberto-garzon-este-sabado-a-las-19-30h-en-el-salon-de-actos-de-la-palma\/","url_meta":{"origin":498,"position":1},"title":"Izquierda Unida invita al acto p\u00fablico con M.\u00aa Carmen P\u00e9rez y Alberto Garz\u00f3n, este s\u00e1bado a las 19.30h en el Sal\u00f3n de Actos de la Palma.","author":"Izquierda Unida Motril","date":"11 marzo, 2015","format":false,"excerpt":"IU-Motril quiere invitar a todos los motrile\u00f1os y motrile\u00f1as al acto central de campa\u00f1a a las elecciones andaluzas que tendr\u00e1 lugar el s\u00e1bado d\u00eda 14 en Motril en el sal\u00f3n de actos de la Palma (tambi\u00e9n UNED). En este acto intervendr\u00e1n la candidata por la provincia de Granada al parlamento\u2026","rel":"","context":"En \u00abSin categor\u00eda\u00bb","block_context":{"text":"Sin categor\u00eda","link":"https:\/\/iumotril.org\/sitio\/category\/sin-categoria\/"},"img":{"alt_text":"","src":"","width":0,"height":0},"classes":[]},{"id":1821,"url":"https:\/\/iumotril.org\/sitio\/un-resultado-que-ni-queriamos-ni-esperabamos-pero-que-sigue-comprometiendonos-con-la-defensa-de-los-intereses-de-las-clases-populares\/","url_meta":{"origin":498,"position":2},"title":"Un resultado que ni quer\u00edamos ni esper\u00e1bamos, pero que sigue comprometi\u00e9ndonos con la defensa de los intereses de las clases populares","author":"Izquierda Unida Motril","date":"21 diciembre, 2015","format":false,"excerpt":"Izquierda Unida de Motril reafirma su compromiso con la defensa de la mayor\u00eda social, del movimiento obrero y de los m\u00e1s desfavorecidos, a la vez que muestra su mejor disposici\u00f3n para buscar espacios de entendimiento y acci\u00f3n pol\u00edtica conjunta con otras fuerzas pol\u00edticas y movimientos sociales que coincidan con estos\u2026","rel":"","context":"En \u00abEST\u00c1 PASANDO\u00bb","block_context":{"text":"EST\u00c1 PASANDO","link":"https:\/\/iumotril.org\/sitio\/category\/esta-pasando\/"},"img":{"alt_text":"garzoniers","src":"https:\/\/i0.wp.com\/iumotril.org\/sitio\/wp-content\/uploads\/2015\/12\/garzoniers-277x300.jpg?resize=350%2C200","width":350,"height":200},"classes":[]},{"id":266,"url":"https:\/\/iumotril.org\/sitio\/enmienda-totalidad-presupuestos-generales-2015-el-pasado-martes-21-de-octubre-se-debatio-en-el-congreso-las-enmiendas-a-la-totalidad-de-los-presupuestos-generales-del-estado-para-el-ano-2015\/","url_meta":{"origin":498,"position":3},"title":"ENMIENDA TOTALIDAD PRESUPUESTOS GENERALES 2015  El pasado martes 21 de octubre se debati\u00f3 en el Congreso las enmiendas a la totalidad de los Presupuestos Generales del Estado para el a\u00f1o 2015.","author":"Izquierda Unida Motril","date":"27 octubre, 2014","format":false,"excerpt":"Garz\u00f3n: \"En este pa\u00eds mandan las grandes fortunas y no quienes se presentan a las elecciones\" https:\/\/www.youtube.com\/watch?v=3QhFo0qdsqc","rel":"","context":"En \u00abSin categor\u00eda\u00bb","block_context":{"text":"Sin categor\u00eda","link":"https:\/\/iumotril.org\/sitio\/category\/sin-categoria\/"},"img":{"alt_text":"a. garzon","src":"https:\/\/i0.wp.com\/iumotril.org\/sitio\/wp-content\/uploads\/2014\/10\/a.-garzon-300x168.jpg?resize=350%2C200","width":350,"height":200},"classes":[]},{"id":1734,"url":"https:\/\/iumotril.org\/sitio\/venimosdemuylejos\/","url_meta":{"origin":498,"position":4},"title":"#VenimosDeMuyLejos","author":"Izquierda Unida Motril","date":"5 diciembre, 2015","format":false,"excerpt":"Spot electoral IU Unidad Popular. Programa elecciones generales 20D","rel":"","context":"En \u00abUnidad Popular\u00bb","block_context":{"text":"Unidad Popular","link":"https:\/\/iumotril.org\/sitio\/category\/unidad-popular\/"},"img":{"alt_text":"","src":"https:\/\/i0.wp.com\/img.youtube.com\/vi\/yqcARbK6u4Q\/0.jpg?resize=350%2C200","width":350,"height":200},"classes":[]},{"id":108,"url":"https:\/\/iumotril.org\/sitio\/denunciamos-el-estado-de-suciedad-de-las-calles-de-motril\/","url_meta":{"origin":498,"position":5},"title":"DENUNCIAMOS EL ESTADO DE SUCIEDAD DE LAS CALLES DE MOTRIL","author":"Izquierda Unida Motril","date":"15 septiembre, 2014","format":false,"excerpt":"Daniela Paqu\u00e9, concejala de IU en el Ayuntamiento de Motril, ha denunciado el estado de abandono y acumulaci\u00f3n de suciedad en determinadas zonas de la ciudad, dando una \u00abimagen lamentable\u00bb, ejemplo de la mala gesti\u00f3n del PP, \u00abporque para lograr que Motril sea referente tur\u00edstico, algo que pretende y vende\u2026","rel":"","context":"En \u00abSin categor\u00eda\u00bb","block_context":{"text":"Sin categor\u00eda","link":"https:\/\/iumotril.org\/sitio\/category\/sin-categoria\/"},"img":{"alt_text":"rambla alamos 2013 002","src":"https:\/\/i0.wp.com\/iumotril.org\/sitio\/wp-content\/uploads\/2014\/09\/rambla-alamos-2013-002-300x200.jpg?resize=350%2C200","width":350,"height":200},"classes":[]}],"jetpack_likes_enabled":true,"_links":{"self":[{"href":"https:\/\/iumotril.org\/sitio\/wp-json\/wp\/v2\/posts\/498","targetHints":{"allow":["GET"]}}],"collection":[{"href":"https:\/\/iumotril.org\/sitio\/wp-json\/wp\/v2\/posts"}],"about":[{"href":"https:\/\/iumotril.org\/sitio\/wp-json\/wp\/v2\/types\/post"}],"author":[{"embeddable":true,"href":"https:\/\/iumotril.org\/sitio\/wp-json\/wp\/v2\/users\/1"}],"replies":[{"embeddable":true,"href":"https:\/\/iumotril.org\/sitio\/wp-json\/wp\/v2\/comments?post=498"}],"version-history":[{"count":6,"href":"https:\/\/iumotril.org\/sitio\/wp-json\/wp\/v2\/posts\/498\/revisions"}],"predecessor-version":[{"id":507,"href":"https:\/\/iumotril.org\/sitio\/wp-json\/wp\/v2\/posts\/498\/revisions\/507"}],"wp:attachment":[{"href":"https:\/\/iumotril.org\/sitio\/wp-json\/wp\/v2\/media?parent=498"}],"wp:term":[{"taxonomy":"category","embeddable":true,"href":"https:\/\/iumotril.org\/sitio\/wp-json\/wp\/v2\/categories?post=498"},{"taxonomy":"post_tag","embeddable":true,"href":"https:\/\/iumotril.org\/sitio\/wp-json\/wp\/v2\/tags?post=498"}],"curies":[{"name":"wp","href":"https:\/\/api.w.org\/{rel}","templated":true}]}}