{"id":4900,"date":"2019-05-08T18:16:16","date_gmt":"2019-05-08T16:16:16","guid":{"rendered":"http:\/\/iumotril.org\/sitio\/?p=4900"},"modified":"2019-05-08T19:02:05","modified_gmt":"2019-05-08T17:02:05","slug":"un-compromiso-para-mejorar-motril-y-la-vida-de-su-gente","status":"publish","type":"post","link":"https:\/\/iumotril.org\/sitio\/un-compromiso-para-mejorar-motril-y-la-vida-de-su-gente\/","title":{"rendered":"Hagamos Futuro, un compromiso para mejorar Motril y la vida de su gente"},"content":{"rendered":"<p style=\"text-align: justify;\"><strong><span style=\"color: #993300;\">Las propuestas program\u00e1ticas de IU-Equo se estructuran en cinco ejes tem\u00e1ticos que articulan un proyecto feminista, ecologista y de izquierdas en clave de futuro. Su objetivo fundamental es hacer de Motril una ciudad mejor para las personas, en la que los m\u00e1s j\u00f3venes puedan decidir su proyecto de vida y de futuro<\/span>.<\/strong><\/p>\n<p style=\"text-align: justify;\">La candidata de la coalici\u00f3n, <strong>Inma Omiste<\/strong>, ha presentado su programa de gobierno informando de que las propuestas que lo integran son el resultado de un trabajo en com\u00fan con diferentes colectivos y movimientos sociales de la ciudad y, tambi\u00e9n, de la experiencia de gesti\u00f3n del Grupo Municipal de Izquierda Unida en su labor de oposici\u00f3n en los \u00faltimos cuatro a\u00f1os.<\/p>\n<p>&nbsp;<\/p>\n<p><a href=\"https:\/\/iumotril.org\/sitio\/iu-equo-diptico-pliego-a4\/\"><img loading=\"lazy\" decoding=\"async\" data-attachment-id=\"4931\" data-permalink=\"https:\/\/iumotril.org\/sitio\/un-compromiso-para-mejorar-motril-y-la-vida-de-su-gente\/iu-equo-diptico-pliego-a4\/\" data-orig-file=\"https:\/\/iumotril.org\/sitio\/wp-content\/uploads\/2019\/05\/IU-EQUO-\u2013-Di\u0301ptico-Pliego-A4.jpg\" data-orig-size=\"1748,2480\" data-comments-opened=\"1\" data-image-meta=\"{&quot;aperture&quot;:&quot;0&quot;,&quot;credit&quot;:&quot;&quot;,&quot;camera&quot;:&quot;&quot;,&quot;caption&quot;:&quot;&quot;,&quot;created_timestamp&quot;:&quot;0&quot;,&quot;copyright&quot;:&quot;&quot;,&quot;focal_length&quot;:&quot;0&quot;,&quot;iso&quot;:&quot;0&quot;,&quot;shutter_speed&quot;:&quot;0&quot;,&quot;title&quot;:&quot;&quot;,&quot;orientation&quot;:&quot;0&quot;}\" data-image-title=\"IU-EQUO \u2013 Di\u0301ptico (Pliego A4)\" data-image-description=\"\" data-image-caption=\"\" data-large-file=\"https:\/\/iumotril.org\/sitio\/wp-content\/uploads\/2019\/05\/IU-EQUO-\u2013-Di\u0301ptico-Pliego-A4-722x1024.jpg\" class=\"wp-image-4931 alignleft\" src=\"https:\/\/iumotril.org\/sitio\/wp-content\/uploads\/2019\/05\/IU-EQUO-\u2013-Di\u0301ptico-Pliego-A4-722x1024.jpg\" alt=\"\" width=\"476\" height=\"675\" srcset=\"https:\/\/iumotril.org\/sitio\/wp-content\/uploads\/2019\/05\/IU-EQUO-\u2013-Di\u0301ptico-Pliego-A4-722x1024.jpg 722w, https:\/\/iumotril.org\/sitio\/wp-content\/uploads\/2019\/05\/IU-EQUO-\u2013-Di\u0301ptico-Pliego-A4-211x300.jpg 211w, https:\/\/iumotril.org\/sitio\/wp-content\/uploads\/2019\/05\/IU-EQUO-\u2013-Di\u0301ptico-Pliego-A4-768x1090.jpg 768w, https:\/\/iumotril.org\/sitio\/wp-content\/uploads\/2019\/05\/IU-EQUO-\u2013-Di\u0301ptico-Pliego-A4.jpg 1748w\" sizes=\"auto, (max-width: 476px) 100vw, 476px\" \/><\/a><\/p>\n<p style=\"text-align: justify;\">Omiste ha se\u00f1alado que su formaci\u00f3n ha presentado durante el \u00faltimo mandato <a href=\"https:\/\/iumotril.org\/sitio\/mociones-presentadas-2\/\">sesenta y ocho propuestas e iniciativas<\/a>, la mayor parte en positivo para la mejora de la ciudad y de las condiciones de vida de sus vecinos y vecinas.<\/p>\n<p style=\"text-align: justify;\">Ha se\u00f1alado que, lamentablemente, muchas de estas mociones se han quedado en el caj\u00f3n a lo largo de estos cuatro a\u00f1os por la <strong>falta de voluntad pol\u00edtica de Flor Alm\u00f3n<\/strong> o, directamente, por el veto de la <strong>familia Esc\u00e1mez<\/strong> para llevarlas a cabo. Nuestro compromiso, como no puede ser de otra manera, ser\u00e1 rescatarlas y llevarlas a cabo para que entren en vigor de forma inmediata, ha asegurado.<\/p>\n<p style=\"text-align: justify;\">Seg\u00fan Omiste, su programa de gobierno es un ambicioso <strong>proyecto de futuro para la ciudad<\/strong> y, a la vez, un programa realista que parte de la situaci\u00f3n actual, con actuaciones y medidas <strong>presupuestariamente viables<\/strong> que pueden llevarse a cabo con compromiso, con voluntad pol\u00edtica y con participaci\u00f3n ciudadana a lo largo de los pr\u00f3ximos cuatro a\u00f1os, en el caso de que la ciudadan\u00eda deposite su confianza en la <a href=\"https:\/\/iumotril.org\/sitio\/izquierda-unida-equo-verdes-presenta-su-candidatura-para-las-municipales-en-motril\/\">candidatura de IU-Equo<\/a>.<\/p>\n<p style=\"text-align: justify;\">Las propuestas que recoge el programa de gobierno est\u00e1n integradas en cinco ejes tem\u00e1ticos que sintetizan un <strong>planteamiento progresista y de izquierdas<\/strong> para dar respuesta a las necesidades de la ciudad y de sus vecinos: empleo y derechos sociales, ciudad habitable y sostenible, servicios p\u00fablicos municipales, democracia real y participativa y la igualdad como eje de car\u00e1cter transversal.<\/p>\n<p style=\"text-align: justify;\"><span style=\"color: #993300;\"><strong>Una ciudad sostenible para las personas<\/strong><\/span><\/p>\n<p style=\"text-align: justify;\">El coordinador de Equo Motril y n\u00famero cuatro en la candidatura, <strong>Juan Luis Valdivieso<\/strong>, ha detallado algunas de las medidas que integran la propuesta medioambiental de la coalici\u00f3n, entre otras, garantizar el uso sostenible de los recursos, el control de las emisiones y la protecci\u00f3n de zonas de valor como la playa de Poniente y playa Granada.<\/p>\n<p style=\"text-align: justify;\">Valdivieso se ha referido a las <strong>propuestas de movilidad<\/strong> recogidas en el programa, entre otras, fomentar la utilizaci\u00f3n de la bicicleta, el bus y el transporte el\u00e9ctrico mediante la instalaci\u00f3n de punto de recarga.<\/p>\n<p style=\"text-align: justify;\">El coordinador de Equo ha afirmado que, en definitiva, el programa de IU-Equo pretende contribuir, modestamente, a la <strong>lucha contra el cambio clim\u00e1tico<\/strong> desde la pol\u00edtica local. Es decir, pensar en el futuro de nuestra ciudad y de nuestras hijas e hijos.<\/p>\n<p style=\"text-align: justify;\"><span style=\"color: #993300;\"><strong>Modernizaci\u00f3n de la Administraci\u00f3n Local<\/strong><\/span><\/p>\n<p style=\"text-align: justify;\">La regeneraci\u00f3n de la pol\u00edtica municipal es una de las prioridades en el proyecto de gobierno de IU-Equo, <strong>Jose Llorente<\/strong>, n\u00famero dos en la candidatura, ha se\u00f1alado que durante demasiado tiempo los gobiernos municipales han impuesto una forma de hacer pol\u00edtica alejada de las necesidades reales de la ciudad y de los intereses de sus vecinos y vecinas.<\/p>\n<p style=\"text-align: justify;\">Ya es hora de que la ciudadan\u00eda asuma su protagonismo a trav\u00e9s de la participaci\u00f3n activa y de llevar a cabo <strong>pol\u00edticas municipales gestionadas con honradez<\/strong>, de forma rigurosa y transparente, desde una administraci\u00f3n local descentralizada, moderna y al servicio de los motrile\u00f1os y motrile\u00f1as.<\/p>\n<p style=\"text-align: justify;\">Queremos <strong>un ayuntamiento al servicio de la ciudad<\/strong> y de sus vecinos y no al rev\u00e9s como hasta ahora, unos vecinos al servicio del ayuntamiento.<\/p>\n<p style=\"text-align: justify;\">Llorente ha a\u00f1adido que \u201cvamos a reforzar los servicios p\u00fablicos y a gestionarlos con eficacia para que no se puedan dar casos como el de la <strong>zona azul <\/strong>que, en vez de dar ingresos a la ciudad, nos cuesta dinero o como la falta de mantenimiento y <a href=\"https:\/\/iumotril.org\/sitio\/motril-reclama-actuaciones-integrales-de-limpieza-en-calles-plazas-y-barrios\/\">limpieza de las calles<\/a> y los barrios o la deficiente atenci\u00f3n al ciudadano que se ofrece en las dependencias municipales, m\u00e1s propia de una <a href=\"https:\/\/iumotril.org\/sitio\/deplorable-servicio-de-atencion-al-publico-en-el-ayuntamiento-de-motril\/\">administraci\u00f3n del siglo XIX<\/a> que de la era de internet y de las tecnolog\u00edas de la informaci\u00f3n. O como el caso del <a href=\"https:\/\/iumotril.org\/sitio\/izquierda-unida-reclama-a-flor-almon-que-exija-al-chiringuito-oleaje-el-pago-de-la-deuda-que-mantiene-con-sus-trabajadores-y-proveedores\/\"><strong>chiringuito Oleaje<\/strong><\/a>, una estafa en toda regla a la ciudad con el consentimiento de los gobiernos municipales de turno.<\/p>\n<p style=\"text-align: justify;\">Los representantes de la coalici\u00f3n han invitado a la ciudadan\u00eda <a href=\"https:\/\/iumotril.org\/sitio\/wp-content\/uploads\/2019\/05\/IU-EQUO-\u2013-Di\u0301ptico-Pliego-A42.jpg\">acceder<\/a>, <a href=\"https:\/\/iumotril.org\/sitio\/wp-content\/uploads\/2019\/05\/IU-EQUO-\u2013-Di\u0301ptico-Pliego-A43.jpg\">consultar<\/a> y <a href=\"https:\/\/iumotril.org\/sitio\/wp-content\/uploads\/2019\/05\/IU-EQUO-\u2013-Di\u0301ptico-Pliego-A4.jpg\">compartir<\/a> su programa electoral, <strong>Hagamos Futuro<\/strong>.<\/p>\n<p>&nbsp;<\/p>\n","protected":false},"excerpt":{"rendered":"<p>Las propuestas que recoge el programa de gobierno est\u00e1n integradas en cinco ejes tem\u00e1ticos que sintetizan un planteamiento progresista y de izquierdas para dar respuesta a las necesidades de la ciudad y de sus vecinos: empleo y derechos sociales, ciudad habitable y sostenible, servicios p\u00fablicos municipales, democracia real y participativa y la igualdad como eje de car\u00e1cter transversal. Ya es hora de que la ciudadan\u00eda asuma su protagonismo a trav\u00e9s de la participaci\u00f3n activa y de llevar a cabo pol\u00edticas municipales gestionadas con honradez, de forma rigurosa y transparente, desde una administraci\u00f3n local descentralizada, moderna y al servicio de los motrile\u00f1os y motrile\u00f1as.<\/p>\n","protected":false},"author":1,"featured_media":0,"comment_status":"open","ping_status":"open","sticky":false,"template":"","format":"standard","meta":{"cybocfi_hide_featured_image":"","_jetpack_newsletter_access":"","_jetpack_dont_email_post_to_subs":false,"_jetpack_newsletter_tier_id":0,"_jetpack_memberships_contains_paywalled_content":false,"_jetpack_memberships_contains_paid_content":false,"footnotes":""},"categories":[1179,265],"tags":[1282,115,1269,1240,1249,1138,63],"class_list":["post-4900","post","type-post","status-publish","format-standard","hentry","category-elecciones","category-esta-pasando","tag-hagamos-futuro","tag-inma-omiste","tag-iu-equo-para-la-gente","tag-jose-llorente","tag-juan-luis-valdivieso","tag-municipales-2019","tag-propuestas"],"jetpack_featured_media_url":"","jetpack_sharing_enabled":true,"jetpack_shortlink":"https:\/\/wp.me\/p4QsU5-1h2","jetpack-related-posts":[{"id":5020,"url":"https:\/\/iumotril.org\/sitio\/inma-omiste-impulsaremos-el-desarrollo-de-un-puerto-abierto-e-integrado-en-la-ciudad\/","url_meta":{"origin":4900,"position":0},"title":"Inma Omiste: Impulsaremos el desarrollo de un Puerto abierto e integrado en la ciudad","author":"Izquierda Unida Motril","date":"15 mayo, 2019","format":false,"excerpt":"El programa de gobierno de IU-Equo propone la apertura progresiva de las instalaciones del Puerto pesquero a la ciudadan\u00eda y la rehabilitaci\u00f3n integral de los barrios de Santa Adela y Varadero para dotarlos de actividad comercial y de atractivo tur\u00edstico y atajar, de ese modo, la brecha de exclusi\u00f3n social\u2026","rel":"","context":"En \u00abElecciones\u00bb","block_context":{"text":"Elecciones","link":"https:\/\/iumotril.org\/sitio\/category\/elecciones\/"},"img":{"alt_text":"","src":"https:\/\/i0.wp.com\/iumotril.org\/sitio\/wp-content\/uploads\/2019\/05\/Jose-Llorente-Daniela-Paque%CC%81-Inma-Omiste-y-Juan-Luis-Valdivieso-candidatas-IU-Equo_15-mayo-1024x683.jpg?resize=350%2C200","width":350,"height":200},"classes":[]},{"id":5040,"url":"https:\/\/iumotril.org\/sitio\/iu-equo-promovera-un-plan-de-incentivos-fiscales-al-pequeno-comercio-y-de-proximidad-motrileno\/","url_meta":{"origin":4900,"position":1},"title":"IU-Equo promover\u00e1 un Plan de incentivos fiscales al peque\u00f1o comercio y de proximidad motrile\u00f1o","author":"Izquierda Unida Motril","date":"14 mayo, 2019","format":false,"excerpt":"Adem\u00e1s de un plan de incentivos fiscales IU-Equo propone la puesta en marcha de otras actuaciones de dinamizaci\u00f3n y apoyo a los comercios acordando con las asociaciones de comerciantes objetivos, recursos a destinar, plazos concretos de realizaci\u00f3n y criterios de evaluaci\u00f3n de su cumplimiento. Entre otras actuaciones propone la elaboraci\u00f3n\u2026","rel":"","context":"En \u00abEmpresas municipales\u00bb","block_context":{"text":"Empresas municipales","link":"https:\/\/iumotril.org\/sitio\/category\/empresas-municipales\/"},"img":{"alt_text":"Inma Omiste. Hagamos Futuro","src":"https:\/\/i0.wp.com\/iumotril.org\/sitio\/wp-content\/uploads\/2019\/05\/Inma-Omiste_14-mayo_centro-comercial-abierto-e1557847421759-225x300.jpg?resize=350%2C200","width":350,"height":200},"classes":[]},{"id":5065,"url":"https:\/\/iumotril.org\/sitio\/motril-no-puede-permanecer-impasible-ante-el-deterioro-medioambiental\/","url_meta":{"origin":4900,"position":2},"title":"Motril no puede permanecer impasible ante el deterioro medioambiental","author":"Izquierda Unida Motril","date":"17 mayo, 2019","format":false,"excerpt":"Inma Omiste ha se\u00f1alado el compromiso medioambiental y de lucha contra el cambio clim\u00e1tico de su proyecto de gobierno para Motril. La preservaci\u00f3n del medio ambiente es uno de los ejes transversales que recorren todas nuestras propuestas de gobierno: el programa de IU-Equo Verdes es un compromiso con la ciudadan\u00eda\u2026","rel":"","context":"En \u00abEST\u00c1 PASANDO\u00bb","block_context":{"text":"EST\u00c1 PASANDO","link":"https:\/\/iumotril.org\/sitio\/category\/esta-pasando\/"},"img":{"alt_text":"","src":"https:\/\/i0.wp.com\/iumotril.org\/sitio\/wp-content\/uploads\/2019\/05\/Juan-Luis-Valdivieso-Inma-Omiste-Christian-Linares-Daniela-Paque%CC%81-Jose-Llorente-1024x767.jpg?resize=350%2C200","width":350,"height":200,"srcset":"https:\/\/i0.wp.com\/iumotril.org\/sitio\/wp-content\/uploads\/2019\/05\/Juan-Luis-Valdivieso-Inma-Omiste-Christian-Linares-Daniela-Paque%CC%81-Jose-Llorente-1024x767.jpg?resize=350%2C200 1x, https:\/\/i0.wp.com\/iumotril.org\/sitio\/wp-content\/uploads\/2019\/05\/Juan-Luis-Valdivieso-Inma-Omiste-Christian-Linares-Daniela-Paque%CC%81-Jose-Llorente-1024x767.jpg?resize=525%2C300 1.5x"},"classes":[]},{"id":4951,"url":"https:\/\/iumotril.org\/sitio\/izquierda-unida-equo-promovera-la-creacion-de-guarderias-en-las-proximidades-de-los-centros-de-trabajo-hortofruticolas-2\/","url_meta":{"origin":4900,"position":3},"title":"Izquierda Unida-Equo promover\u00e1 la creaci\u00f3n de guarder\u00edas en las proximidades de los centros de trabajo hortofrut\u00edcolas","author":"Izquierda Unida Motril","date":"10 mayo, 2019","format":false,"excerpt":"a candidata de IU-Equo, Inma Omiste, ha informado de las propuestas principales de su proyecto de gobierno para Motril, cuyo objetivo final es la creaci\u00f3n de empleo de calidad y con derechos: Queremos que Motril sea una ciudad donde se trabaje para vivir y no se viva para trabajar, ha\u2026","rel":"","context":"En \u00abElecciones\u00bb","block_context":{"text":"Elecciones","link":"https:\/\/iumotril.org\/sitio\/category\/elecciones\/"},"img":{"alt_text":"","src":"https:\/\/i0.wp.com\/iumotril.org\/sitio\/wp-content\/uploads\/2019\/05\/empleo.jpg?resize=350%2C200","width":350,"height":200,"srcset":"https:\/\/i0.wp.com\/iumotril.org\/sitio\/wp-content\/uploads\/2019\/05\/empleo.jpg?resize=350%2C200 1x, https:\/\/i0.wp.com\/iumotril.org\/sitio\/wp-content\/uploads\/2019\/05\/empleo.jpg?resize=525%2C300 1.5x, https:\/\/i0.wp.com\/iumotril.org\/sitio\/wp-content\/uploads\/2019\/05\/empleo.jpg?resize=700%2C400 2x, https:\/\/i0.wp.com\/iumotril.org\/sitio\/wp-content\/uploads\/2019\/05\/empleo.jpg?resize=1050%2C600 3x, https:\/\/i0.wp.com\/iumotril.org\/sitio\/wp-content\/uploads\/2019\/05\/empleo.jpg?resize=1400%2C800 4x"},"classes":[]},{"id":5025,"url":"https:\/\/iumotril.org\/sitio\/iu-equo-acometera-de-forma-prioritaria-y-urgente-mejoras-en-los-barrios-de-motril\/","url_meta":{"origin":4900,"position":4},"title":"IU-Equo acometer\u00e1 de forma prioritaria y urgente mejoras en los barrios de Motril","author":"Izquierda Unida Motril","date":"13 mayo, 2019","format":false,"excerpt":"Queremos un ayuntamiento al servicio de la ciudad y de sus vecinos y no al rev\u00e9s como hasta ahora: unos vecinos al servicio del ayuntamiento. En este sentido, la implantaci\u00f3n de la administraci\u00f3n electr\u00f3nica debe ser un elemento determinante en nuestro proyecto de modernizaci\u00f3n de la administraci\u00f3n municipal. Nos proponemos\u2026","rel":"","context":"En \u00abEST\u00c1 PASANDO\u00bb","block_context":{"text":"EST\u00c1 PASANDO","link":"https:\/\/iumotril.org\/sitio\/category\/esta-pasando\/"},"img":{"alt_text":"","src":"https:\/\/i0.wp.com\/iumotril.org\/sitio\/wp-content\/uploads\/2019\/05\/Inma-Avenida-Europa_13-mayo-e1557761216290-768x1024.jpg?resize=350%2C200","width":350,"height":200},"classes":[]},{"id":5097,"url":"https:\/\/iumotril.org\/sitio\/inma-omiste-pide-el-voto-a-las-mujeres-y-a-los-jovenes-para-iu-equo-verdes\/","url_meta":{"origin":4900,"position":5},"title":"Inma Omiste pide el voto a las mujeres y a los j\u00f3venes para IU-Equo Verdes.","author":"Izquierda Unida Motril","date":"24 mayo, 2019","format":false,"excerpt":"Inma Omiste ha animado, finalmente, a todas las motrile\u00f1os y los motrile\u00f1os a que acudan el pr\u00f3ximo domingo a votar, comprometi\u00e9ndose a trabajar por un Motril mejor, con mayor igualdad entre hombres y mujeres, participaci\u00f3n vecinal y transparencia, en defensa del medio ambiente y del patrimonio natural. El pr\u00f3ximo 26\u2026","rel":"","context":"En \u00abElecciones\u00bb","block_context":{"text":"Elecciones","link":"https:\/\/iumotril.org\/sitio\/category\/elecciones\/"},"img":{"alt_text":"","src":"https:\/\/i0.wp.com\/iumotril.org\/sitio\/wp-content\/uploads\/2019\/05\/Foto-Inma_cierre-campan%CC%83a-1024x683.jpg?resize=350%2C200","width":350,"height":200,"srcset":"https:\/\/i0.wp.com\/iumotril.org\/sitio\/wp-content\/uploads\/2019\/05\/Foto-Inma_cierre-campan%CC%83a-1024x683.jpg?resize=350%2C200 1x, https:\/\/i0.wp.com\/iumotril.org\/sitio\/wp-content\/uploads\/2019\/05\/Foto-Inma_cierre-campan%CC%83a-1024x683.jpg?resize=525%2C300 1.5x"},"classes":[]}],"jetpack_likes_enabled":true,"_links":{"self":[{"href":"https:\/\/iumotril.org\/sitio\/wp-json\/wp\/v2\/posts\/4900","targetHints":{"allow":["GET"]}}],"collection":[{"href":"https:\/\/iumotril.org\/sitio\/wp-json\/wp\/v2\/posts"}],"about":[{"href":"https:\/\/iumotril.org\/sitio\/wp-json\/wp\/v2\/types\/post"}],"author":[{"embeddable":true,"href":"https:\/\/iumotril.org\/sitio\/wp-json\/wp\/v2\/users\/1"}],"replies":[{"embeddable":true,"href":"https:\/\/iumotril.org\/sitio\/wp-json\/wp\/v2\/comments?post=4900"}],"version-history":[{"count":12,"href":"https:\/\/iumotril.org\/sitio\/wp-json\/wp\/v2\/posts\/4900\/revisions"}],"predecessor-version":[{"id":4938,"href":"https:\/\/iumotril.org\/sitio\/wp-json\/wp\/v2\/posts\/4900\/revisions\/4938"}],"wp:attachment":[{"href":"https:\/\/iumotril.org\/sitio\/wp-json\/wp\/v2\/media?parent=4900"}],"wp:term":[{"taxonomy":"category","embeddable":true,"href":"https:\/\/iumotril.org\/sitio\/wp-json\/wp\/v2\/categories?post=4900"},{"taxonomy":"post_tag","embeddable":true,"href":"https:\/\/iumotril.org\/sitio\/wp-json\/wp\/v2\/tags?post=4900"}],"curies":[{"name":"wp","href":"https:\/\/api.w.org\/{rel}","templated":true}]}}