{"id":4845,"date":"2019-04-15T19:10:17","date_gmt":"2019-04-15T17:10:17","guid":{"rendered":"http:\/\/iumotril.org\/sitio\/?p=4845"},"modified":"2019-04-15T19:10:17","modified_gmt":"2019-04-15T17:10:17","slug":"izquierda-unida-demanda-al-presidente-de-la-autoridad-portuaria-un-puerto-limpio-y-abierto-a-la-ciudad","status":"publish","type":"post","link":"https:\/\/iumotril.org\/sitio\/izquierda-unida-demanda-al-presidente-de-la-autoridad-portuaria-un-puerto-limpio-y-abierto-a-la-ciudad\/","title":{"rendered":"Izquierda Unida demanda al Presidente de la Autoridad Portuaria un Puerto limpio y abierto a la ciudad."},"content":{"rendered":"<p style=\"text-align: justify;\"><span style=\"font-weight: 400; color: #993300;\">En una reuni\u00f3n mantenida con el Presidente de la Autoridad Portuaria, Jos\u00e9 Garc\u00eda Fuentes, la representaci\u00f3n de Izquierda Unida le ha solicitado que considere de forma prioritaria llevar a cabo actuaciones en el entorno del recinto portuario que contribuyan a la reactivaci\u00f3n del barrio de Varadero y frenar de ese modo su deterioro econ\u00f3mico y social.<\/span><\/p>\n<p style=\"text-align: justify;\"><span style=\"font-weight: 400;\">Izquierda Unida ha trasladado al Presidente del Puerto de Motril las principales propuestas que recoge el Programa electoral que defender\u00e1 <a href=\"https:\/\/iumotril.org\/sitio\/izquierda-unida-equo-verdes-presenta-su-candidatura-para-las-municipales-en-motril\/\"><strong>en coalici\u00f3n con Equo Verdes<\/strong><\/a> en las pr\u00f3ximas elecciones generales del mes de mayo, entre otras, la necesidad de avanzar en la transformaci\u00f3n del recinto portuario para <strong>desarrollar un puerto abierto e integrado en la ciudad<\/strong> que favorezca la cohesi\u00f3n social.<\/span><\/p>\n<figure id=\"attachment_4856\" aria-describedby=\"caption-attachment-4856\" style=\"width: 1024px\" class=\"wp-caption aligncenter\"><a href=\"https:\/\/iumotril.org\/sitio\/fullsizeoutput_645b\/\"><img loading=\"lazy\" decoding=\"async\" data-attachment-id=\"4856\" data-permalink=\"https:\/\/iumotril.org\/sitio\/izquierda-unida-demanda-al-presidente-de-la-autoridad-portuaria-un-puerto-limpio-y-abierto-a-la-ciudad\/fullsizeoutput_645b\/\" data-orig-file=\"https:\/\/iumotril.org\/sitio\/wp-content\/uploads\/2019\/04\/fullsizeoutput_645b.jpeg\" data-orig-size=\"1024,681\" data-comments-opened=\"1\" data-image-meta=\"{&quot;aperture&quot;:&quot;0&quot;,&quot;credit&quot;:&quot;&quot;,&quot;camera&quot;:&quot;&quot;,&quot;caption&quot;:&quot;&quot;,&quot;created_timestamp&quot;:&quot;1555325666&quot;,&quot;copyright&quot;:&quot;&quot;,&quot;focal_length&quot;:&quot;0&quot;,&quot;iso&quot;:&quot;0&quot;,&quot;shutter_speed&quot;:&quot;0&quot;,&quot;title&quot;:&quot;&quot;,&quot;orientation&quot;:&quot;1&quot;}\" data-image-title=\"fullsizeoutput_645b\" data-image-description=\"\" data-image-caption=\"&lt;p&gt;Jos\u00e9 Garcia Fuentes, Daniela Paqu\u00e9 y Jose Llorente en un momento del encuenro&lt;\/p&gt;\n\" data-large-file=\"https:\/\/iumotril.org\/sitio\/wp-content\/uploads\/2019\/04\/fullsizeoutput_645b-1024x681.jpeg\" class=\"size-full wp-image-4856\" src=\"https:\/\/iumotril.org\/sitio\/wp-content\/uploads\/2019\/04\/fullsizeoutput_645b.jpeg\" alt=\"\" width=\"1024\" height=\"681\" srcset=\"https:\/\/iumotril.org\/sitio\/wp-content\/uploads\/2019\/04\/fullsizeoutput_645b.jpeg 1024w, https:\/\/iumotril.org\/sitio\/wp-content\/uploads\/2019\/04\/fullsizeoutput_645b-300x200.jpeg 300w, https:\/\/iumotril.org\/sitio\/wp-content\/uploads\/2019\/04\/fullsizeoutput_645b-768x511.jpeg 768w\" sizes=\"auto, (max-width: 1024px) 100vw, 1024px\" \/><\/a><figcaption id=\"caption-attachment-4856\" class=\"wp-caption-text\">Jos\u00e9 Garc\u00eda Fuentes, Daniela Paqu\u00e9 y Jose Llorente en un momento del encuentro<\/figcaption><\/figure>\n<p style=\"text-align: justify;\"><span style=\"font-weight: 400;\">Izquierda Unida defiende <a href=\"https:\/\/iumotril.org\/sitio\/izquierda-unida-presenta-al-pleno-una-mocion-demandando-un-puerto-limpio-sin-ruidos-y-en-convivencia-con-la-ciudad\/\"><strong>un Puerto Limpio para Motril<\/strong><\/a> en el que se adopten medidas para minimizar los efectos negativos de la actividad de la d\u00e1rsena, como las contaminaciones ac\u00fastica y ambiental que provocan en alg\u00fan caso y que repercuten en el normal desarrollo de la actividad diaria de sus vecinas y vecinos.<\/span><\/p>\n<p style=\"text-align: justify;\"><span style=\"font-weight: 400;\">La representaci\u00f3n de Izquierda Unida ha manifestado su coincidencia, en t\u00e9rminos generales, con los objetivos del <a href=\"https:\/\/www.europapress.es\/andalucia\/puertos-del-estado-01056\/noticia-plan-director-puerto-motril-granada-busca-reordenacion-espacios-ganar-eficiencia-20190401135852.html\">Plan Director<\/a> anunciado recientemente por la nueva Presidencia de la Autoridad Portuaria, insistiendo en la necesidad de acortar en la medida de lo posible la ejecuci\u00f3n de los proyectos previstos, sobre todo en aquellos que tienen que ver con el crecimiento econ\u00f3mico medioambientalmente sostenible, la <strong>creaci\u00f3n de empleo y la cohesi\u00f3n social.<\/strong><\/span><\/p>\n<p style=\"text-align: justify;\"><span style=\"font-weight: 400;\"><strong>Jose Llorente<\/strong>, coordinador de Izquierda Unida en Motril, ha declarado que <\/span><span style=\"font-weight: 400;\">el Puerto de Motril se ha configurado a lo largo de estos \u00faltimos diez a\u00f1os como motor de desarrollo econ\u00f3mico de la provincia de Granada. Sin embargo, ese potencial no est\u00e1 teniendo las consecuencias deseables en Motril en t\u00e9rminos de <strong>creaci\u00f3n de empleo<\/strong>, adecuada <strong>integraci\u00f3n con el entorno<\/strong> en el que desarrolla su actividad o en cuanto a fomento de la cohesi\u00f3n social. Una situaci\u00f3n que, considera, debe corregirse de aqu\u00ed en adelante.<\/span><\/p>\n<p style=\"text-align: justify;\"><span style=\"font-weight: 400;\">Izquierda Unida ha solicitado al Presidente de la Autoridad Portuaria la creaci\u00f3n de una <strong>Comisi\u00f3n Puerto-ciudad<\/strong> que permita la participaci\u00f3n del tejido social y asociativo en las decisiones y asuntos que repercutan en Motril, la implicaci\u00f3n del Puerto en la construcci\u00f3n de un <a href=\"https:\/\/iumotril.org\/sitio\/iu-motril-solicita-la-construccion-de-un-paseo-maritimo-blando-en-la-playa-de-las-azucenas\/\"><strong>Paseo blando entre la Playa de las Azucenas y Torrenueva Costa<\/strong><\/a> y la promoci\u00f3n de proyectos de regeneraci\u00f3n social y econ\u00f3mica en el <a href=\"https:\/\/iumotril.org\/sitio\/son-necesarias-actuaciones-urgentes-en-el-barrio-de-el-varadero\/\"><strong>barrio de Varadero<\/strong><\/a>.<\/span><\/p>\n<p style=\"text-align: justify;\"><span style=\"font-weight: 400;\">Los representantes de Izquierda Unida en la reuni\u00f3n de trabajo han destacado la cordialidad que ha presidido su desarrollo y el talante positivo de <strong>Garc\u00eda Fuentes<\/strong> para acoger todas las propuestas que le han formulado. <\/span><\/p>\n","protected":false},"excerpt":{"rendered":"<p>Izquierda Unida defiende un Puerto Limpio para Motril en el que se adopten medidas para minimizar los efectos negativos de la actividad de la d\u00e1rsena, como las contaminaciones ac\u00fastica y ambiental que provocan alguna de ellas que repercuten en el normal desarrollo de la actividad diaria de sus vecinas y vecinos. Izquierda Unida ha solicitado al Presidente de la Autoridad Portuaria la creaci\u00f3n de una Comisi\u00f3n Puerto-ciudad que permita la participaci\u00f3n del tejido social y asociativo en las decisiones y asuntos que repercutan en Motril, la implicaci\u00f3n del Puerto en la construcci\u00f3n de un Paseo blando entre la Playa de las Azucenas y Torrenueva Costa y la promoci\u00f3n de proyectos de regeneraci\u00f3n social y econ\u00f3mica en el barrio de Varadero.<\/p>\n","protected":false},"author":1,"featured_media":0,"comment_status":"open","ping_status":"open","sticky":false,"template":"","format":"standard","meta":{"cybocfi_hide_featured_image":"","_jetpack_newsletter_access":"","_jetpack_dont_email_post_to_subs":false,"_jetpack_newsletter_tier_id":0,"_jetpack_memberships_contains_paywalled_content":false,"_jetpack_memberships_contains_paid_content":false,"footnotes":""},"categories":[265],"tags":[1266,47,656,1240,772,1265,1264,316,193],"class_list":["post-4845","post","type-post","status-publish","format-standard","hentry","category-esta-pasando","tag-cohesion-social","tag-empleo-2","tag-jose-garcia-fuentes","tag-jose-llorente","tag-plan-director","tag-puerto-abierto-a-la-ciudad","tag-puerto-de-motril","tag-puerto-limpio","tag-varadero"],"jetpack_featured_media_url":"","jetpack_sharing_enabled":true,"jetpack_shortlink":"https:\/\/wp.me\/p4QsU5-1g9","jetpack-related-posts":[{"id":2947,"url":"https:\/\/iumotril.org\/sitio\/reclamamos-al-puerto-de-motril-una-mayor-implicacion-en-la-solucion-de-los-problemas-de-la-ciudad\/","url_meta":{"origin":4845,"position":0},"title":"Reclamamos al Puerto de Motril una mayor implicaci\u00f3n en la soluci\u00f3n de los problemas de la ciudad","author":"Izquierda Unida Motril","date":"12 junio, 2017","format":false,"excerpt":"En el mismo encuentro, ha presentado a los representantes del Puerto de Motril su propuesta para la construcci\u00f3n de un \u201cpaseo blando\u201d en la playa de las Azucenas que llegue hasta Torrenueva, una propuesta que fue aprobada por unanimidad por la Corporaci\u00f3n motrile\u00f1a el mes de junio del a\u00f1o pasado\u2026","rel":"","context":"En \u00abEST\u00c1 PASANDO\u00bb","block_context":{"text":"EST\u00c1 PASANDO","link":"https:\/\/iumotril.org\/sitio\/category\/esta-pasando\/"},"img":{"alt_text":"","src":"https:\/\/i0.wp.com\/iumotril.org\/sitio\/wp-content\/uploads\/2017\/06\/puerto-motril.jpg?resize=350%2C200","width":350,"height":200,"srcset":"https:\/\/i0.wp.com\/iumotril.org\/sitio\/wp-content\/uploads\/2017\/06\/puerto-motril.jpg?resize=350%2C200 1x, https:\/\/i0.wp.com\/iumotril.org\/sitio\/wp-content\/uploads\/2017\/06\/puerto-motril.jpg?resize=525%2C300 1.5x"},"classes":[]},{"id":1534,"url":"https:\/\/iumotril.org\/sitio\/izquierda-unida-presenta-al-pleno-una-mocion-demandando-un-puerto-limpio-sin-ruidos-y-en-convivencia-con-la-ciudad\/","url_meta":{"origin":4845,"position":1},"title":"IZQUIERDA UNIDA PRESENTA AL PLENO UNA MOCI\u00d3N DEMANDANDO UN PUERTO LIMPIO, SIN RUIDOS Y EN CONVIVENCIA CON LA CIUDAD","author":"Izquierda Unida Motril","date":"27 octubre, 2015","format":false,"excerpt":"Izquierda Unida ha hecho p\u00fablicas las mociones que presenta al pr\u00f3ximo Pleno del Ayuntamiento, entre otras la que solicita que el Puerto de Motril desarrolle sus actividades conforme a la legislaci\u00f3n medioambiental. El concejal de Izquierda Unida, Christian Linares, ha subrayado que la Delegaci\u00f3n de Agricultura, Pesca y Medio Ambiente\u2026","rel":"","context":"En \u00abEST\u00c1 PASANDO\u00bb","block_context":{"text":"EST\u00c1 PASANDO","link":"https:\/\/iumotril.org\/sitio\/category\/esta-pasando\/"},"img":{"alt_text":"IMG_0832","src":"https:\/\/i0.wp.com\/iumotril.org\/sitio\/wp-content\/uploads\/2015\/10\/IMG_0832-233x300.jpg?resize=350%2C200","width":350,"height":200},"classes":[]},{"id":1003,"url":"https:\/\/iumotril.org\/sitio\/el-puerto-de-motril-continua-dando-la-espalda-a-los-vecinos-y-ciudadanos\/","url_meta":{"origin":4845,"position":2},"title":"El Puerto de Motril contin\u00faa dando la espalda a los vecinos y ciudadanos","author":"Izquierda Unida Motril","date":"3 julio, 2015","format":false,"excerpt":"La organizaci\u00f3n del evento para celebrar su d\u00e9cimo aniversario y la relaci\u00f3n de las empresas, entidades, instituciones y personalidades reconocidas en la primera edici\u00f3n de los Premios Puerto de Motril son una buena muestra de ello. La Autoridad Portuaria, en un ejercicio m\u00e1s de endogamia, premia y reconoce a los\u2026","rel":"","context":"En \u00abParticipaci\u00f3n\u00bb","block_context":{"text":"Participaci\u00f3n","link":"https:\/\/iumotril.org\/sitio\/category\/participacion\/"},"img":{"alt_text":"Puerto Motril El Varadero","src":"https:\/\/i0.wp.com\/iumotril.org\/sitio\/wp-content\/uploads\/2015\/07\/varadero-300x241.jpg?resize=350%2C200","width":350,"height":200},"classes":[]},{"id":1507,"url":"https:\/\/iumotril.org\/sitio\/izquierda-unida-denuncia-que-en-el-proyecto-de-presupuestos-de-la-junta-de-andalucia-se-deja-de-lado-a-la-costa\/","url_meta":{"origin":4845,"position":3},"title":"IZQUIERDA UNIDA DENUNCIA QUE EN EL PROYECTO DE PRESUPUESTOS DE LA JUNTA DE ANDALUC\u00cdA SE  DEJA DE LADO A LA COSTA","author":"Izquierda Unida Motril","date":"21 octubre, 2015","format":false,"excerpt":"La diputada andaluza se ha comprometido a presentar diversas iniciativas parlamentarias en los \u00e1mbitos auton\u00f3mico y nacional a trav\u00e9s de su Grupo para sacar adelante propuestas y medidas de mejora para Motril y para la Comarca de la Costa para que tengan cabida en los pr\u00f3ximos presupuestos para 2016.","rel":"","context":"En \u00abEST\u00c1 PASANDO\u00bb","block_context":{"text":"EST\u00c1 PASANDO","link":"https:\/\/iumotril.org\/sitio\/category\/esta-pasando\/"},"img":{"alt_text":"mari carmen perez 2_octubre 2015","src":"http:\/\/iumotril.org\/sitio\/wp-content\/uploads\/2015\/10\/mari-carmen-perez-2_octubre-2015.bmp","width":350,"height":200},"classes":[]},{"id":3750,"url":"https:\/\/iumotril.org\/sitio\/izquierda-unida-apoya-las-demandas-vecinas-de-diversas-mejoras-en-el-varadero\/","url_meta":{"origin":4845,"position":4},"title":"Izquierda Unida apoya las demandas vecinales de diversas mejoras en El Varadero","author":"Izquierda Unida Motril","date":"27 julio, 2018","format":false,"excerpt":"En la Moci\u00f3n que se presenta para su consideraci\u00f3n por el Pleno se reclama, tambi\u00e9n, la limpieza, adecuaci\u00f3n y mantenimiento de diversos solares y edificios abandonados que suponen diversos riesgos higi\u00e9nico sanitarios y el acerado de diferentes calles para facilitar la movilidad de los vecinos, vecinas y de los visitantes.Izquierda\u2026","rel":"","context":"En \u00abCiudad\u00bb","block_context":{"text":"Ciudad","link":"https:\/\/iumotril.org\/sitio\/category\/ciudad\/"},"img":{"alt_text":"","src":"http:\/\/iumotril.org\/sitio\/wp-content\/uploads\/2018\/07\/Daniela-Paque_junio-2018.bmp","width":350,"height":200},"classes":[]},{"id":5020,"url":"https:\/\/iumotril.org\/sitio\/inma-omiste-impulsaremos-el-desarrollo-de-un-puerto-abierto-e-integrado-en-la-ciudad\/","url_meta":{"origin":4845,"position":5},"title":"Inma Omiste: Impulsaremos el desarrollo de un Puerto abierto e integrado en la ciudad","author":"Izquierda Unida Motril","date":"15 mayo, 2019","format":false,"excerpt":"El programa de gobierno de IU-Equo propone la apertura progresiva de las instalaciones del Puerto pesquero a la ciudadan\u00eda y la rehabilitaci\u00f3n integral de los barrios de Santa Adela y Varadero para dotarlos de actividad comercial y de atractivo tur\u00edstico y atajar, de ese modo, la brecha de exclusi\u00f3n social\u2026","rel":"","context":"En \u00abElecciones\u00bb","block_context":{"text":"Elecciones","link":"https:\/\/iumotril.org\/sitio\/category\/elecciones\/"},"img":{"alt_text":"","src":"https:\/\/i0.wp.com\/iumotril.org\/sitio\/wp-content\/uploads\/2019\/05\/Jose-Llorente-Daniela-Paque%CC%81-Inma-Omiste-y-Juan-Luis-Valdivieso-candidatas-IU-Equo_15-mayo-1024x683.jpg?resize=350%2C200","width":350,"height":200},"classes":[]}],"jetpack_likes_enabled":true,"_links":{"self":[{"href":"https:\/\/iumotril.org\/sitio\/wp-json\/wp\/v2\/posts\/4845","targetHints":{"allow":["GET"]}}],"collection":[{"href":"https:\/\/iumotril.org\/sitio\/wp-json\/wp\/v2\/posts"}],"about":[{"href":"https:\/\/iumotril.org\/sitio\/wp-json\/wp\/v2\/types\/post"}],"author":[{"embeddable":true,"href":"https:\/\/iumotril.org\/sitio\/wp-json\/wp\/v2\/users\/1"}],"replies":[{"embeddable":true,"href":"https:\/\/iumotril.org\/sitio\/wp-json\/wp\/v2\/comments?post=4845"}],"version-history":[{"count":4,"href":"https:\/\/iumotril.org\/sitio\/wp-json\/wp\/v2\/posts\/4845\/revisions"}],"predecessor-version":[{"id":4858,"href":"https:\/\/iumotril.org\/sitio\/wp-json\/wp\/v2\/posts\/4845\/revisions\/4858"}],"wp:attachment":[{"href":"https:\/\/iumotril.org\/sitio\/wp-json\/wp\/v2\/media?parent=4845"}],"wp:term":[{"taxonomy":"category","embeddable":true,"href":"https:\/\/iumotril.org\/sitio\/wp-json\/wp\/v2\/categories?post=4845"},{"taxonomy":"post_tag","embeddable":true,"href":"https:\/\/iumotril.org\/sitio\/wp-json\/wp\/v2\/tags?post=4845"}],"curies":[{"name":"wp","href":"https:\/\/api.w.org\/{rel}","templated":true}]}}