{"id":4834,"date":"2019-04-12T19:25:12","date_gmt":"2019-04-12T17:25:12","guid":{"rendered":"http:\/\/iumotril.org\/sitio\/?p=4834"},"modified":"2019-05-02T19:51:22","modified_gmt":"2019-05-02T17:51:22","slug":"izquierda-unida-equo-verdes-presenta-su-candidatura-para-las-municipales-en-motril","status":"publish","type":"post","link":"https:\/\/iumotril.org\/sitio\/izquierda-unida-equo-verdes-presenta-su-candidatura-para-las-municipales-en-motril\/","title":{"rendered":"Izquierda Unida-Equo Verdes presenta su candidatura para las municipales en Motril"},"content":{"rendered":"<p style=\"text-align: justify;\"><span style=\"color: #993300;\">Inma Omiste encabeza una candidatura paritaria, renovada, con una importante presencia de caras nuevas, mujeres y hombres j\u00f3venes comprometidos e ilusionados con un proyecto de izquierdas y ecologista para mejorar Motril.<\/span><\/p>\n<p style=\"text-align: justify;\"><strong>Inma Omiste<\/strong> ha destacado la presencia de m\u00e1s mujeres que hombres en su candidatura para dejar claro su compromiso para que las mujeres tengan el protagonismo que les corresponde en la gesti\u00f3n de los asuntos municipales de Motril. Es decir mucho m\u00e1s del que actualmente tienen las mujeres en nuestra ciudad.<\/p>\n<p><a href=\"https:\/\/iumotril.org\/sitio\/wp-content\/uploads\/2019\/04\/Presentacion-candidatura-iu-equo_12-abril.jpg\"><img loading=\"lazy\" decoding=\"async\" data-attachment-id=\"4847\" data-permalink=\"https:\/\/iumotril.org\/sitio\/izquierda-unida-equo-verdes-presenta-su-candidatura-para-las-municipales-en-motril\/presentacion-candidatura-iu-equo_12-abril\/\" data-orig-file=\"https:\/\/iumotril.org\/sitio\/wp-content\/uploads\/2019\/04\/Presentacion-candidatura-iu-equo_12-abril.jpg\" data-orig-size=\"1600,1066\" data-comments-opened=\"1\" data-image-meta=\"{&quot;aperture&quot;:&quot;0&quot;,&quot;credit&quot;:&quot;&quot;,&quot;camera&quot;:&quot;&quot;,&quot;caption&quot;:&quot;&quot;,&quot;created_timestamp&quot;:&quot;0&quot;,&quot;copyright&quot;:&quot;&quot;,&quot;focal_length&quot;:&quot;0&quot;,&quot;iso&quot;:&quot;0&quot;,&quot;shutter_speed&quot;:&quot;0&quot;,&quot;title&quot;:&quot;&quot;,&quot;orientation&quot;:&quot;0&quot;}\" data-image-title=\"Presentacion candidatura iu equo_12 abril\" data-image-description=\"\" data-image-caption=\"\" data-large-file=\"https:\/\/iumotril.org\/sitio\/wp-content\/uploads\/2019\/04\/Presentacion-candidatura-iu-equo_12-abril-1024x682.jpg\" class=\"aligncenter wp-image-4847 size-full\" src=\"https:\/\/iumotril.org\/sitio\/wp-content\/uploads\/2019\/04\/Presentacion-candidatura-iu-equo_12-abril.jpg\" alt=\"\" width=\"1600\" height=\"1066\" srcset=\"https:\/\/iumotril.org\/sitio\/wp-content\/uploads\/2019\/04\/Presentacion-candidatura-iu-equo_12-abril.jpg 1600w, https:\/\/iumotril.org\/sitio\/wp-content\/uploads\/2019\/04\/Presentacion-candidatura-iu-equo_12-abril-300x200.jpg 300w, https:\/\/iumotril.org\/sitio\/wp-content\/uploads\/2019\/04\/Presentacion-candidatura-iu-equo_12-abril-768x512.jpg 768w, https:\/\/iumotril.org\/sitio\/wp-content\/uploads\/2019\/04\/Presentacion-candidatura-iu-equo_12-abril-1024x682.jpg 1024w\" sizes=\"auto, (max-width: 1600px) 100vw, 1600px\" \/><\/a>Queremos un<strong> Motril feminista<\/strong>, que defienda la igualdad efectiva entre mujeres y hombres y la composici\u00f3n de la candidatura es un fiel reflejo de nuestra propuesta: encabezada por una mujer e integrada por m\u00e1s mujeres que hombres.<\/p>\n<p style=\"text-align: justify;\">Ser\u00eda dif\u00edcil de entender que una candidatura de izquierdas comprometida con la igualdad presentara a un hombre como candidato a la alcald\u00eda de Motril, ha manifestado la <strong>candidata de IU-Equo Verdes<\/strong> en el acto de presentaci\u00f3n de la candidatura.<\/p>\n<p style=\"text-align: justify;\">La composici\u00f3n de la candidatura de IU-Equo pretende ser representativa de la sociedad motrile\u00f1a, de la gente de Motril: estudiantes, trabajadoras del sector hortofrut\u00edcola, deportistas, profesionales, trabajadoras aut\u00f3nomas, empleados y empleadas municipales, desempleadas, trabajadoras jubiladas, pensionistas, activistas por los derechos sociales. Gente corriente, cercana y reconocible que conoce la realidad de la calle, <strong>comprometida con su ciudad y con sus vecinos y vecinas.<\/strong><\/p>\n<p style=\"text-align: justify;\">La lista integra a <strong>hombres y mujeres independientes<\/strong>, que se suman a los representantes de Izquierda Unida y Equo para conformar una candidatura solvente, con caras nuevas, de personas con convicciones comprometidas en promover un cambio a mejor de Motril.<\/p>\n<p style=\"text-align: justify;\">La candidata de la coalici\u00f3n a la Alcald\u00eda de Motril, <strong>Inma Omiste<\/strong>, ha reivindicado su candidatura como el mejor equipo de trabajo posible para llevar a cabo un <strong>ambicioso programa de gobierno<\/strong> que tiene en el centro de sus prioridades la aplicaci\u00f3n de pol\u00edticas y actuaciones para <strong>mejorar la vida de la gente<\/strong> y para desarrollar un modelo de ciudad m\u00e1s amigable, m\u00e1s verde, en la que se pueda trabajar para vivir, pasear por sus calles, hacer deporte, disfrutar de sus playas y de su entorno natural. Una ciudad en la que nuestras hijas y nuestros hijos puedan decidir su <strong>proyecto de vida y de futuro<\/strong>.<\/p>\n<p style=\"text-align: justify;\"><strong>Izquierda Unida y Equo Verdes<\/strong> alcanzaron un <a href=\"https:\/\/iumotril.org\/sitio\/izquierda-unida-y-equo-verdes-acuerdan-presentar-una-candidatura-conjunta-a-las-elecciones-municipales-en-motril\/\">acuerdo<\/a> el pasado mes de marzo para concurrir en coalici\u00f3n en las pr\u00f3ximas elecciones municipales en Motril en base a un programa de gobierno cuyos ejes fundamentales son la <strong>regeneraci\u00f3n de la pol\u00edtica municipal<\/strong>, la <strong>creaci\u00f3n de empleo<\/strong>, el <strong>desarrollo medioambientalmente sostenible<\/strong> y la puesta en marcha de <strong>pol\u00edticas de igualdad y bienestar social<\/strong>.<\/p>\n<p style=\"text-align: center;\"><span style=\"color: #993300;\"><u>CANDIDATURA COALICI\u00d3N IU-EQUO MOTRIL PARA LA GENTE <\/u><\/span><\/p>\n<p style=\"padding-left: 40px;\">Inmaculada Omiste Fern\u00e1ndez (IU). Licenciada en Ciencias Pol\u00edticas y de la Administraci\u00f3n.<\/p>\n<p style=\"padding-left: 40px;\">Jose Garc\u00eda Llorente (IU). Periodista.<\/p>\n<p style=\"padding-left: 40px;\">Daniela Paqu\u00e9 Pe\u00f1a (IU). Maestra.<\/p>\n<p style=\"padding-left: 40px;\">Juan Luis Valdivieso Amate (Equo). Empleado p\u00fablico.<\/p>\n<p style=\"padding-left: 40px;\">Jessica Garc\u00eda Correa. (Equo). Trabajadora aut\u00f3noma.<\/p>\n<p style=\"padding-left: 40px;\">Christian Linares Mingorance (IU) Trabajador Social.<\/p>\n<p style=\"padding-left: 40px;\">Irene Ocete Segura (Independiente). M\u00e9dica.<\/p>\n<p style=\"padding-left: 40px;\">Daniel Villa Fuentes (Independiente). Universitario.<\/p>\n<p style=\"padding-left: 40px;\">Pilar Hidalgo Ferres (Independiente). Trabajadora del sector hortofrut\u00edcola.<\/p>\n<p style=\"padding-left: 40px;\">Alberto Moya Hidalgo (IU). Licenciado en Historia.<\/p>\n<p style=\"padding-left: 40px;\">Rosario Moreno B\u00e9jar (Independiente). Auxiliar de enfermer\u00eda.<\/p>\n<p style=\"padding-left: 40px;\">Rodrigo Bustos Alonso (IU) Empleado p\u00fablico.<\/p>\n<p style=\"padding-left: 40px;\">Amelia Mu\u00f1oz Lorenzo (Independiente). Auxiliar de enfermer\u00eda. Jubilada.<\/p>\n<p style=\"padding-left: 40px;\">Javier Mart\u00edn Est\u00e9vez (Independiente). Deportista.<\/p>\n<p style=\"padding-left: 40px;\">Ana Beatriz Acosta (Independiente). Realizadora audiovisual.<\/p>\n<p style=\"padding-left: 40px;\">Rafael Ruiz Utrilla (IU). Pensionista.<\/p>\n<p style=\"padding-left: 40px;\">Ana Olea L\u00f3pez (IU). Auxiliar de enfermer\u00eda.<\/p>\n<p style=\"padding-left: 40px;\">Antonio Manuel Mart\u00edn Garc\u00eda (IU). Desempleado.<\/p>\n<p style=\"padding-left: 40px;\">Palmira Guerrero Rom\u00e1n (IU). Trabajadora Hospital de Motril.<\/p>\n<p style=\"padding-left: 40px;\">Perseverando Rodr\u00edguez alcalde (IU). Empleado p\u00fablico.<\/p>\n<p style=\"padding-left: 40px;\">Gertrudis Calvo Gonz\u00e1lez (IU). Empleada p\u00fablica.<\/p>\n<p style=\"padding-left: 40px;\">Daniel S\u00e1nchez V\u00e1zquez (IU). Maestro. Jubilado.<\/p>\n<p style=\"padding-left: 40px;\">Carmen Dom\u00ednguez Rodr\u00edguez (IU). Auxiliar cl\u00ednica.<\/p>\n<p style=\"padding-left: 40px;\">Federico Goyarts Lam (Equo). Jubilado.<\/p>\n<p style=\"padding-left: 40px;\">Jacqueline L\u00f3pez Ligero (IU). Administrativa.<\/p>\n<p style=\"padding-left: 40px;\">Jes\u00fas Garc\u00eda Chinchilla (IU). Empleado p\u00fablico.<\/p>\n","protected":false},"excerpt":{"rendered":"<p>La candidata de la coalici\u00f3n a la Alcald\u00eda de Motril, Inma Omiste, ha reivindicado su candidatura como el mejor equipo de trabajo posible para llevar a cabo un ambicioso programa de gobierno que tiene en el centro de sus prioridades la aplicaci\u00f3n de pol\u00edticas y actuaciones para mejorar la vida de la gente y para desarrollar un modelo de ciudad m\u00e1s amigable, m\u00e1s verde, en la que se pueda trabajar para vivir, pasear por sus calles, hacer deporte, disfrutar de sus playas y de su entorno natural. Una ciudad en la que nuestras hijas y nuestros hijos puedan decidir su proyecto de vida y de futuro.<\/p>\n","protected":false},"author":1,"featured_media":0,"comment_status":"open","ping_status":"open","sticky":false,"template":"","format":"standard","meta":{"cybocfi_hide_featured_image":"","_jetpack_newsletter_access":"","_jetpack_dont_email_post_to_subs":false,"_jetpack_newsletter_tier_id":0,"_jetpack_memberships_contains_paywalled_content":false,"_jetpack_memberships_contains_paid_content":false,"footnotes":""},"categories":[265,1238],"tags":[1254,57,115,1262,93,1263],"class_list":["post-4834","post","type-post","status-publish","format-standard","hentry","category-esta-pasando","category-municipales-2019","tag-1254","tag-candidatura","tag-inma-omiste","tag-iu-equo-verdes","tag-motril","tag-para-la-gente"],"jetpack_featured_media_url":"","jetpack_sharing_enabled":true,"jetpack_shortlink":"https:\/\/wp.me\/p4QsU5-1fY","jetpack-related-posts":[{"id":4775,"url":"https:\/\/iumotril.org\/sitio\/izquierda-unida-y-equo-verdes-acuerdan-presentar-una-candidatura-conjunta-a-las-elecciones-municipales-en-motril\/","url_meta":{"origin":4834,"position":0},"title":"Izquierda Unida y Equo Verdes acuerdan presentar una candidatura conjunta a las elecciones municipales en Motril","author":"Izquierda Unida Motril","date":"19 marzo, 2019","format":false,"excerpt":"El acuerdo se ha fraguado en torno a propuestas program\u00e1ticas compartidas en cuya base est\u00e1n las pol\u00edticas por el empleo, contra la pobreza y la exclusi\u00f3n social, en la defensa del medio ambiente y a favor de la igualdad efectiva entre mujeres y hombres. El acuerdo es positivo para Motril\u2026","rel":"","context":"En \u00abEST\u00c1 PASANDO\u00bb","block_context":{"text":"EST\u00c1 PASANDO","link":"https:\/\/iumotril.org\/sitio\/category\/esta-pasando\/"},"img":{"alt_text":"Acuerdo IU Equo Verdes Motril","src":"https:\/\/i0.wp.com\/iumotril.org\/sitio\/wp-content\/uploads\/2019\/03\/Grupo-IU_Equo-Motril_19-marzo.jpg?resize=350%2C200","width":350,"height":200},"classes":[]},{"id":5097,"url":"https:\/\/iumotril.org\/sitio\/inma-omiste-pide-el-voto-a-las-mujeres-y-a-los-jovenes-para-iu-equo-verdes\/","url_meta":{"origin":4834,"position":1},"title":"Inma Omiste pide el voto a las mujeres y a los j\u00f3venes para IU-Equo Verdes.","author":"Izquierda Unida Motril","date":"24 mayo, 2019","format":false,"excerpt":"Inma Omiste ha animado, finalmente, a todas las motrile\u00f1os y los motrile\u00f1os a que acudan el pr\u00f3ximo domingo a votar, comprometi\u00e9ndose a trabajar por un Motril mejor, con mayor igualdad entre hombres y mujeres, participaci\u00f3n vecinal y transparencia, en defensa del medio ambiente y del patrimonio natural. El pr\u00f3ximo 26\u2026","rel":"","context":"En \u00abElecciones\u00bb","block_context":{"text":"Elecciones","link":"https:\/\/iumotril.org\/sitio\/category\/elecciones\/"},"img":{"alt_text":"","src":"https:\/\/i0.wp.com\/iumotril.org\/sitio\/wp-content\/uploads\/2019\/05\/Foto-Inma_cierre-campan%CC%83a-1024x683.jpg?resize=350%2C200","width":350,"height":200,"srcset":"https:\/\/i0.wp.com\/iumotril.org\/sitio\/wp-content\/uploads\/2019\/05\/Foto-Inma_cierre-campan%CC%83a-1024x683.jpg?resize=350%2C200 1x, https:\/\/i0.wp.com\/iumotril.org\/sitio\/wp-content\/uploads\/2019\/05\/Foto-Inma_cierre-campan%CC%83a-1024x683.jpg?resize=525%2C300 1.5x"},"classes":[]},{"id":9050,"url":"https:\/\/iumotril.org\/sitio\/izquierda-unida-y-verdes-equo-presentan-la-coalicion-con-la-que-concurriran-a-las-elecciones-municipales\/","url_meta":{"origin":4834,"position":2},"title":"Izquierda Unida y Verdes Equo presentan la coalici\u00f3n con la que concurrir\u00e1n a las elecciones municipales","author":"Izquierda Unida Motril","date":"24 abril, 2023","format":false,"excerpt":"La candidata a la Alcald\u00eda, Inma Omiste, ha informado de que se trata de hombres y mujeres j\u00f3venes en la mayor\u00eda de sus puestos; profesionales, estudiantes, empleados p\u00fablicos, trabajadoras de la ense\u00f1anza y trabajadores de empresas privadas de distintos sectores de actividad, conocedoras\u00a0 de los problemas y necesidades de sus\u2026","rel":"","context":"En \u00abConfluencia electoral\u00bb","block_context":{"text":"Confluencia electoral","link":"https:\/\/iumotril.org\/sitio\/category\/confluencia-electoral\/"},"img":{"alt_text":"","src":"https:\/\/i0.wp.com\/iumotril.org\/sitio\/wp-content\/uploads\/2023\/04\/Cartel-Cuidamos-para-una-vida-mejor.jpg?resize=350%2C200&ssl=1","width":350,"height":200,"srcset":"https:\/\/i0.wp.com\/iumotril.org\/sitio\/wp-content\/uploads\/2023\/04\/Cartel-Cuidamos-para-una-vida-mejor.jpg?resize=350%2C200&ssl=1 1x, https:\/\/i0.wp.com\/iumotril.org\/sitio\/wp-content\/uploads\/2023\/04\/Cartel-Cuidamos-para-una-vida-mejor.jpg?resize=525%2C300&ssl=1 1.5x, https:\/\/i0.wp.com\/iumotril.org\/sitio\/wp-content\/uploads\/2023\/04\/Cartel-Cuidamos-para-una-vida-mejor.jpg?resize=700%2C400&ssl=1 2x, https:\/\/i0.wp.com\/iumotril.org\/sitio\/wp-content\/uploads\/2023\/04\/Cartel-Cuidamos-para-una-vida-mejor.jpg?resize=1050%2C600&ssl=1 3x"},"classes":[]},{"id":4814,"url":"https:\/\/iumotril.org\/sitio\/izquierda-unida-y-equo-proponen-a-podemos-presentar-una-candidatura-conjunta-en-las-elecciones-municipales-en-motril\/","url_meta":{"origin":4834,"position":3},"title":"Izquierda Unida y Equo proponen a Podemos presentar una candidatura conjunta en las elecciones municipales en Motril","author":"Izquierda Unida Motril","date":"2 abril, 2019","format":false,"excerpt":"Cambiar la manera de c\u00f3mo se han venido gestionado pol\u00edticamente los asuntos municipales en nuestra ciudad debe ser una prioridad democr\u00e1tica para quienes creemos que se puede gobernar de otro modo: con transparencia, responsabilidad medioambiental, contando con la participaci\u00f3n vecinal y poniendo a las personas en el centro de la\u2026","rel":"","context":"En \u00abConfluencia electoral\u00bb","block_context":{"text":"Confluencia electoral","link":"https:\/\/iumotril.org\/sitio\/category\/confluencia-electoral\/"},"img":{"alt_text":"Acuerdo IU Equo Verdes Motril","src":"https:\/\/i0.wp.com\/iumotril.org\/sitio\/wp-content\/uploads\/2019\/03\/Grupo-IU_Equo-Motril_19-marzo-e1554225757251.jpg?resize=350%2C200","width":350,"height":200},"classes":[]},{"id":8760,"url":"https:\/\/iumotril.org\/sitio\/izquierda-unida-propone-a-inma-omiste-para-liderar-una-candidatura-de-unidad-a-la-alcaldia-de-motril\/","url_meta":{"origin":4834,"position":4},"title":"Izquierda Unida propone a Inma Omiste para liderar una candidatura de unidad a la alcald\u00eda de Motril","author":"Izquierda Unida Motril","date":"10 enero, 2023","format":false,"excerpt":"la Asamblea local ha apoyado de forma un\u00e1nime a la portavoz de su Grupo municipal para que sea su candidata a las elecciones municipales, reconociendo y valorando de este modo el trabajo de oposici\u00f3n a las pol\u00edticas municipales de las derechas que ha venido realizando en los \u00faltimos cuatro a\u00f1os\u2026","rel":"","context":"En \u00abElecciones\u00bb","block_context":{"text":"Elecciones","link":"https:\/\/iumotril.org\/sitio\/category\/elecciones\/"},"img":{"alt_text":"","src":"https:\/\/i0.wp.com\/iumotril.org\/sitio\/wp-content\/uploads\/2023\/01\/Inma-Enero.jpg?resize=350%2C200&ssl=1","width":350,"height":200,"srcset":"https:\/\/i0.wp.com\/iumotril.org\/sitio\/wp-content\/uploads\/2023\/01\/Inma-Enero.jpg?resize=350%2C200&ssl=1 1x, https:\/\/i0.wp.com\/iumotril.org\/sitio\/wp-content\/uploads\/2023\/01\/Inma-Enero.jpg?resize=525%2C300&ssl=1 1.5x, https:\/\/i0.wp.com\/iumotril.org\/sitio\/wp-content\/uploads\/2023\/01\/Inma-Enero.jpg?resize=700%2C400&ssl=1 2x, https:\/\/i0.wp.com\/iumotril.org\/sitio\/wp-content\/uploads\/2023\/01\/Inma-Enero.jpg?resize=1050%2C600&ssl=1 3x"},"classes":[]},{"id":9270,"url":"https:\/\/iumotril.org\/sitio\/toni-valero-ha-apoyado-hoy-en-motril-la-candidatura-de-inma-omiste-a-la-alcaldia-de-la-ciudad\/","url_meta":{"origin":4834,"position":5},"title":"Toni Valero ha apoyado, hoy en Motril, la candidatura de Inma Omiste a la Alcald\u00eda de la ciudad","author":"Izquierda Unida Motril","date":"17 mayo, 2023","format":false,"excerpt":"El coordinador andaluz, que ha hecho un breve recorrido por el Varadero y el puerto pesquero de Motril acompa\u00f1ado por vecinos, por la candidata a la Alcald\u00eda de Motril, Inma Omiste, y por otros miembros de su candidatura, se ha referido a la situaci\u00f3n por la que pasa la sanidad\u2026","rel":"","context":"En \u00abElecciones\u00bb","block_context":{"text":"Elecciones","link":"https:\/\/iumotril.org\/sitio\/category\/elecciones\/"},"img":{"alt_text":"","src":"https:\/\/i0.wp.com\/iumotril.org\/sitio\/wp-content\/uploads\/2023\/05\/Paseo-Toni-scaled.jpg?resize=350%2C200&ssl=1","width":350,"height":200,"srcset":"https:\/\/i0.wp.com\/iumotril.org\/sitio\/wp-content\/uploads\/2023\/05\/Paseo-Toni-scaled.jpg?resize=350%2C200&ssl=1 1x, https:\/\/i0.wp.com\/iumotril.org\/sitio\/wp-content\/uploads\/2023\/05\/Paseo-Toni-scaled.jpg?resize=525%2C300&ssl=1 1.5x, https:\/\/i0.wp.com\/iumotril.org\/sitio\/wp-content\/uploads\/2023\/05\/Paseo-Toni-scaled.jpg?resize=700%2C400&ssl=1 2x, https:\/\/i0.wp.com\/iumotril.org\/sitio\/wp-content\/uploads\/2023\/05\/Paseo-Toni-scaled.jpg?resize=1050%2C600&ssl=1 3x, https:\/\/i0.wp.com\/iumotril.org\/sitio\/wp-content\/uploads\/2023\/05\/Paseo-Toni-scaled.jpg?resize=1400%2C800&ssl=1 4x"},"classes":[]}],"jetpack_likes_enabled":true,"_links":{"self":[{"href":"https:\/\/iumotril.org\/sitio\/wp-json\/wp\/v2\/posts\/4834","targetHints":{"allow":["GET"]}}],"collection":[{"href":"https:\/\/iumotril.org\/sitio\/wp-json\/wp\/v2\/posts"}],"about":[{"href":"https:\/\/iumotril.org\/sitio\/wp-json\/wp\/v2\/types\/post"}],"author":[{"embeddable":true,"href":"https:\/\/iumotril.org\/sitio\/wp-json\/wp\/v2\/users\/1"}],"replies":[{"embeddable":true,"href":"https:\/\/iumotril.org\/sitio\/wp-json\/wp\/v2\/comments?post=4834"}],"version-history":[{"count":8,"href":"https:\/\/iumotril.org\/sitio\/wp-json\/wp\/v2\/posts\/4834\/revisions"}],"predecessor-version":[{"id":4897,"href":"https:\/\/iumotril.org\/sitio\/wp-json\/wp\/v2\/posts\/4834\/revisions\/4897"}],"wp:attachment":[{"href":"https:\/\/iumotril.org\/sitio\/wp-json\/wp\/v2\/media?parent=4834"}],"wp:term":[{"taxonomy":"category","embeddable":true,"href":"https:\/\/iumotril.org\/sitio\/wp-json\/wp\/v2\/categories?post=4834"},{"taxonomy":"post_tag","embeddable":true,"href":"https:\/\/iumotril.org\/sitio\/wp-json\/wp\/v2\/tags?post=4834"}],"curies":[{"name":"wp","href":"https:\/\/api.w.org\/{rel}","templated":true}]}}