{"id":4819,"date":"2019-04-03T18:57:09","date_gmt":"2019-04-03T16:57:09","guid":{"rendered":"http:\/\/iumotril.org\/sitio\/?p=4819"},"modified":"2019-04-03T18:57:09","modified_gmt":"2019-04-03T16:57:09","slug":"el-camino-del-pelaillo-siete-dias-a-oscuras","status":"publish","type":"post","link":"https:\/\/iumotril.org\/sitio\/el-camino-del-pelaillo-siete-dias-a-oscuras\/","title":{"rendered":"El camino del Pela\u00edllo, siete d\u00edas a oscuras"},"content":{"rendered":"<p style=\"text-align: justify;\"><strong><span class=\"s1\" style=\"color: #993300;\">Desde el pasado 27 de marzo, el camino del Pela\u00edllo se encuentra pr\u00e1cticamente a oscuras. Las frecuentes aver\u00edas de las farolas han dejado sin iluminaci\u00f3n a gran parte de la zona que, sin apenas luz, presenta una imagen desoladora.\u00a0 <\/span><\/strong><strong><span style=\"color: #993300;\">Izquierda Unida ha reclamado la reparaci\u00f3n de las farolas y una mayor atenci\u00f3n a todo su entorno.<\/span><\/strong><\/p>\n<p class=\"p5\" style=\"text-align: justify;\"><span class=\"s1\">Los vecinos y vecinas del camino del Pela\u00edllo vienen reclamando de forma reiterada el arreglo de muchas de las farolas que no se encienden desde hace siete d\u00edas, dejando a oscuras determinas zonas residenciales de la v\u00eda que conecta Santa Adela con Playa Granada.<\/span><\/p>\n<p class=\"p5\" style=\"text-align: justify;\"><span class=\"s1\"><a href=\"https:\/\/iumotril.org\/sitio\/izquierda-unida-denuncia-sobrecostes-en-el-servicio-de-limpieza-municipal\/inma-y-jose-2_marzo\/\" rel=\"attachment wp-att-4810\"><img loading=\"lazy\" decoding=\"async\" data-attachment-id=\"4810\" data-permalink=\"https:\/\/iumotril.org\/sitio\/izquierda-unida-denuncia-sobrecostes-en-el-servicio-de-limpieza-municipal\/inma-y-jose-2_marzo\/\" data-orig-file=\"https:\/\/iumotril.org\/sitio\/wp-content\/uploads\/2019\/03\/Inma-y-Jose-2_Marzo.jpg\" data-orig-size=\"1600,777\" data-comments-opened=\"1\" data-image-meta=\"{&quot;aperture&quot;:&quot;0&quot;,&quot;credit&quot;:&quot;&quot;,&quot;camera&quot;:&quot;&quot;,&quot;caption&quot;:&quot;&quot;,&quot;created_timestamp&quot;:&quot;0&quot;,&quot;copyright&quot;:&quot;&quot;,&quot;focal_length&quot;:&quot;0&quot;,&quot;iso&quot;:&quot;0&quot;,&quot;shutter_speed&quot;:&quot;0&quot;,&quot;title&quot;:&quot;&quot;,&quot;orientation&quot;:&quot;0&quot;}\" data-image-title=\"Inma y Jose 2_Marzo\" data-image-description=\"\" data-image-caption=\"\" data-large-file=\"https:\/\/iumotril.org\/sitio\/wp-content\/uploads\/2019\/03\/Inma-y-Jose-2_Marzo-1024x497.jpg\" class=\"aligncenter size-full wp-image-4810\" src=\"https:\/\/iumotril.org\/sitio\/wp-content\/uploads\/2019\/03\/Inma-y-Jose-2_Marzo.jpg\" alt=\"\" width=\"1600\" height=\"777\" srcset=\"https:\/\/iumotril.org\/sitio\/wp-content\/uploads\/2019\/03\/Inma-y-Jose-2_Marzo.jpg 1600w, https:\/\/iumotril.org\/sitio\/wp-content\/uploads\/2019\/03\/Inma-y-Jose-2_Marzo-300x146.jpg 300w, https:\/\/iumotril.org\/sitio\/wp-content\/uploads\/2019\/03\/Inma-y-Jose-2_Marzo-768x373.jpg 768w, https:\/\/iumotril.org\/sitio\/wp-content\/uploads\/2019\/03\/Inma-y-Jose-2_Marzo-1024x497.jpg 1024w\" sizes=\"auto, (max-width: 1600px) 100vw, 1600px\" \/><\/a>Seg\u00fan han trasladado a Izquierda Unida, las aver\u00edas de las luminarias son frecuentes en la zona pero, en esta ocasi\u00f3n, su arreglo y reparaci\u00f3n se est\u00e1 prolongando en exceso por lo que la calle est\u00e1 pr\u00e1cticamente a oscuras dificultando la movilidad y ocasionando diferentes inconvenientes a vecinos y transe\u00fantes. Hay partes en las que da la sensaci\u00f3n de estar entrando en la boca del lobo, han denunciado.<\/span><\/p>\n<p class=\"p5\" style=\"text-align: justify;\"><span class=\"s1\">Desde Izquierda Unida se ha solicitado al Ayuntamiento que, con la m\u00e1xima urgencia, ponga fin a esta situaci\u00f3n y proceda al arreglo inmediato de las farolas para que la zona est\u00e9 suficiente y adecuadamente iluminada.<\/span><\/p>\n<p class=\"p5\" style=\"text-align: justify;\"><span class=\"s1\">En este mismo sentido, ha reclamado a los servicios municipales que se ocupen con mayor inter\u00e9s y dedicaci\u00f3n al mantenimiento y cuidado de toda la zona del camino del Pela\u00edllo, teniendo en cuenta que cada vez son m\u00e1s numerosas las personas que residen en sus diferentes urbanizaciones durante todo el a\u00f1o y que, por lo tanto, merecen la misma atenci\u00f3n que cualquier otro residente en Motril. <\/span><\/p>\n<p class=\"p5\" style=\"text-align: justify;\"><span class=\"s1\">El camino del Pela\u00edllo existe todo el a\u00f1o, y no solo en per\u00edodo estival. Somos muchas las personas que residimos en esta zona todo el a\u00f1o y son variadas las deficiencias que presenta por la falta de atenci\u00f3n de los servicios municipales, que nos ignoran durante diez de los doce meses del a\u00f1o, han denunciado diversos vecinos. <\/span><\/p>\n","protected":false},"excerpt":{"rendered":"<p>Izquierda Unida ha reclamado a los servicios municipales que se ocupen con mayor inter\u00e9s y dedicaci\u00f3n al mantenimiento y cuidado de toda la zona del camino del Pela\u00edllo, teniendo en cuenta que cada vez son m\u00e1s numerosas las personas que residen en sus diferentes urbanizaciones durante todo el a\u00f1o y que, por lo tanto, merecen la misma atenci\u00f3n que cualquier otro residente en Motril.<\/p>\n","protected":false},"author":1,"featured_media":0,"comment_status":"open","ping_status":"open","sticky":false,"template":"","format":"standard","meta":{"cybocfi_hide_featured_image":"","_jetpack_newsletter_access":"","_jetpack_dont_email_post_to_subs":false,"_jetpack_newsletter_tier_id":0,"_jetpack_memberships_contains_paywalled_content":false,"_jetpack_memberships_contains_paid_content":false,"footnotes":""},"categories":[177,265],"tags":[90,1252,1251,1250],"class_list":["post-4819","post","type-post","status-publish","format-standard","hentry","category-ciudad","category-esta-pasando","tag-barrios","tag-iluminacion","tag-mantenimiento-ciudad","tag-pelaillo"],"jetpack_featured_media_url":"","jetpack_sharing_enabled":true,"jetpack_shortlink":"https:\/\/wp.me\/p4QsU5-1fJ","jetpack-related-posts":[{"id":10119,"url":"https:\/\/iumotril.org\/sitio\/nuestro-apoyo-a-la-reclamacion-de-los-residentes-de-arenas-de-poniente-en-el-camino-del-pelaillo\/","url_meta":{"origin":4819,"position":0},"title":"Nuestro apoyo a la reclamaci\u00f3n de los residentes de Arenas de Poniente en el camino del Pelaillo","author":"Izquierda Unida Motril","date":"23 septiembre, 2024","format":false,"excerpt":"Coincide con los vecinos y vecinas de la urbanizaci\u00f3n en que es necesario llevar a cabo actuaciones en la calle de entrada para garantizar la seguridad y la accesibilidad a los edificios de la urbanizaci\u00f3n. Reclama al ayuntamiento que busque el entendimiento con los vecinos dejando de lado sus posiciones\u2026","rel":"","context":"En \u00abAyuntamiento\u00bb","block_context":{"text":"Ayuntamiento","link":"https:\/\/iumotril.org\/sitio\/category\/ayuntamiento\/"},"img":{"alt_text":"","src":"https:\/\/i0.wp.com\/iumotril.org\/sitio\/wp-content\/uploads\/2024\/09\/Vecinos.-jpeg.webp?resize=350%2C200&ssl=1","width":350,"height":200,"srcset":"https:\/\/i0.wp.com\/iumotril.org\/sitio\/wp-content\/uploads\/2024\/09\/Vecinos.-jpeg.webp?resize=350%2C200&ssl=1 1x, https:\/\/i0.wp.com\/iumotril.org\/sitio\/wp-content\/uploads\/2024\/09\/Vecinos.-jpeg.webp?resize=525%2C300&ssl=1 1.5x, https:\/\/i0.wp.com\/iumotril.org\/sitio\/wp-content\/uploads\/2024\/09\/Vecinos.-jpeg.webp?resize=700%2C400&ssl=1 2x, https:\/\/i0.wp.com\/iumotril.org\/sitio\/wp-content\/uploads\/2024\/09\/Vecinos.-jpeg.webp?resize=1050%2C600&ssl=1 3x"},"classes":[]},{"id":1313,"url":"https:\/\/iumotril.org\/sitio\/izquierda-unida-reclama-actuaciones-preventivas-para-evitar-las-inundaciones-en-calles-y-barrios-de-motril\/","url_meta":{"origin":4819,"position":1},"title":"Izquierda Unida reclama actuaciones preventivas para evitar las inundaciones en calles y barrios de Motril","author":"Izquierda Unida Motril","date":"7 septiembre, 2015","format":false,"excerpt":"Esta situaci\u00f3n que se repite a\u00f1o tras a\u00f1o pone de manifiesto las deficiencias de las infraestructuras de nuestra ciudad y evidencia el car\u00e1cter propagand\u00edstico de muchas de las obras realizadas, como las que recientemente se han llevado a cabo en la calle Ancha ya que no se ha resuelto ni\u2026","rel":"","context":"En \u00abCiudad\u00bb","block_context":{"text":"Ciudad","link":"https:\/\/iumotril.org\/sitio\/category\/ciudad\/"},"img":{"alt_text":"IMG_20150907_102941 (1)","src":"https:\/\/i0.wp.com\/iumotril.org\/sitio\/wp-content\/uploads\/2015\/09\/IMG_20150907_102941-1-1024x759.jpg?resize=350%2C200","width":350,"height":200,"srcset":"https:\/\/i0.wp.com\/iumotril.org\/sitio\/wp-content\/uploads\/2015\/09\/IMG_20150907_102941-1-1024x759.jpg?resize=350%2C200 1x, https:\/\/i0.wp.com\/iumotril.org\/sitio\/wp-content\/uploads\/2015\/09\/IMG_20150907_102941-1-1024x759.jpg?resize=525%2C300 1.5x"},"classes":[]},{"id":3652,"url":"https:\/\/iumotril.org\/sitio\/motril-reclama-actuaciones-integrales-de-limpieza-en-calles-plazas-y-barrios\/","url_meta":{"origin":4819,"position":2},"title":"Motril reclama actuaciones integrales de limpieza en calles, plazas y barrios","author":"Izquierda Unida Motril","date":"20 junio, 2018","format":false,"excerpt":"Ha alertando del previsible incremento de la suciedad de las calles con la llegada del calor y la falta de lluvia dado el deficiente servicio que se viene realizando. Por ello, ha propuesto que se lleve a cabo un plan de limpieza integral que adecente la ciudad y su entorno\u2026","rel":"","context":"En \u00abEST\u00c1 PASANDO\u00bb","block_context":{"text":"EST\u00c1 PASANDO","link":"https:\/\/iumotril.org\/sitio\/category\/esta-pasando\/"},"img":{"alt_text":"","src":"https:\/\/i0.wp.com\/iumotril.org\/sitio\/wp-content\/uploads\/2018\/06\/Inma_limpieza-rambla-alamos_20-junio-e1529490096864-225x300.jpg?resize=350%2C200","width":350,"height":200},"classes":[]},{"id":4859,"url":"https:\/\/iumotril.org\/sitio\/unidas-podemos-reclama-el-voto-a-su-candidatura-para-defender-la-costa-de-granada-en-el-congreso\/","url_meta":{"origin":4819,"position":3},"title":"Unidas Podemos reclama el voto a su candidatura para defender la Costa de Granada en el Congreso","author":"Izquierda Unida Motril","date":"24 abril, 2019","format":false,"excerpt":"Milena ha criticado la inacci\u00f3n de los actuales representantes pol\u00edticos en el Congreso de los Diputados, de modo especial del parlamentario popular Carlos Rojas, que despu\u00e9s de sucesivos mandatos ha sido incapaz de defender y sacar adelante proyectos de tanta importancia para la Costa y sus vecinos, como son las\u2026","rel":"","context":"En \u00abEST\u00c1 PASANDO\u00bb","block_context":{"text":"EST\u00c1 PASANDO","link":"https:\/\/iumotril.org\/sitio\/category\/esta-pasando\/"},"img":{"alt_text":"","src":"https:\/\/i0.wp.com\/iumotril.org\/sitio\/wp-content\/uploads\/2019\/04\/IMG_2227.jpg?resize=350%2C200","width":350,"height":200,"srcset":"https:\/\/i0.wp.com\/iumotril.org\/sitio\/wp-content\/uploads\/2019\/04\/IMG_2227.jpg?resize=350%2C200 1x, https:\/\/i0.wp.com\/iumotril.org\/sitio\/wp-content\/uploads\/2019\/04\/IMG_2227.jpg?resize=525%2C300 1.5x, https:\/\/i0.wp.com\/iumotril.org\/sitio\/wp-content\/uploads\/2019\/04\/IMG_2227.jpg?resize=700%2C400 2x, https:\/\/i0.wp.com\/iumotril.org\/sitio\/wp-content\/uploads\/2019\/04\/IMG_2227.jpg?resize=1050%2C600 3x, https:\/\/i0.wp.com\/iumotril.org\/sitio\/wp-content\/uploads\/2019\/04\/IMG_2227.jpg?resize=1400%2C800 4x"},"classes":[]},{"id":10195,"url":"https:\/\/iumotril.org\/sitio\/criticamos-la-actuacion-autoritaria-del-gobierno-local-y-el-desprecio-a-los-vecinos-de-arenas-de-poniente\/","url_meta":{"origin":4819,"position":4},"title":"Criticamos la actuaci\u00f3n autoritaria del gobierno local y el desprecio a los vecinos de Arenas de Poniente","author":"Izquierda Unida Motril","date":"21 octubre, 2024","format":false,"excerpt":"La coalici\u00f3n de izquierdas que ha acompa\u00f1ado esta ma\u00f1ana a los vecinos y vecinas concentrados ante su calle de acceso, les ha reiterado su apoyo al entender que sus demandas son razonables y responden al inter\u00e9s general. El portavoz de IU Verdes Equo, Jose G. Llorente, ha criticado las actuaciones\u2026","rel":"","context":"En \u00abAyuntamiento\u00bb","block_context":{"text":"Ayuntamiento","link":"https:\/\/iumotril.org\/sitio\/category\/ayuntamiento\/"},"img":{"alt_text":"","src":"https:\/\/i0.wp.com\/iumotril.org\/sitio\/wp-content\/uploads\/2024\/10\/Arenas-2-scaled.jpg?resize=350%2C200&ssl=1","width":350,"height":200,"srcset":"https:\/\/i0.wp.com\/iumotril.org\/sitio\/wp-content\/uploads\/2024\/10\/Arenas-2-scaled.jpg?resize=350%2C200&ssl=1 1x, https:\/\/i0.wp.com\/iumotril.org\/sitio\/wp-content\/uploads\/2024\/10\/Arenas-2-scaled.jpg?resize=525%2C300&ssl=1 1.5x, https:\/\/i0.wp.com\/iumotril.org\/sitio\/wp-content\/uploads\/2024\/10\/Arenas-2-scaled.jpg?resize=700%2C400&ssl=1 2x, https:\/\/i0.wp.com\/iumotril.org\/sitio\/wp-content\/uploads\/2024\/10\/Arenas-2-scaled.jpg?resize=1050%2C600&ssl=1 3x, https:\/\/i0.wp.com\/iumotril.org\/sitio\/wp-content\/uploads\/2024\/10\/Arenas-2-scaled.jpg?resize=1400%2C800&ssl=1 4x"},"classes":[]},{"id":9998,"url":"https:\/\/iumotril.org\/sitio\/apoyamos-a-los-vecinos-en-su-rechazo-a-la-instalacion-de-una-planta-de-almacenamiento-de-productos-quimicos-en-la-proximidad-de-sus-viviendas\/","url_meta":{"origin":4819,"position":5},"title":"Apoyamos a los vecinos en su rechazo a la instalaci\u00f3n de una planta de almacenamiento de productos qu\u00edmicos en la proximidad de sus viviendas","author":"Izquierda Unida Motril","date":"18 junio, 2024","format":false,"excerpt":"Est\u00e1 fuera de toda duda el \u201cimpacto negativo de la actividad portuaria sobre la calidad de vida de los residentes del barrio\u201d y de su entorno \u2013\u2013ha afirmado su portavoz municipal, Jose G. Llorente, acompa\u00f1ado por vecinos y vecinas del barrio en las proximidades del emplazamiento previsto de la planta\u2026","rel":"","context":"En \u00abAyuntamiento\u00bb","block_context":{"text":"Ayuntamiento","link":"https:\/\/iumotril.org\/sitio\/category\/ayuntamiento\/"},"img":{"alt_text":"","src":"https:\/\/i0.wp.com\/iumotril.org\/sitio\/wp-content\/uploads\/2024\/06\/Bidoness-Varadero.jpg?resize=350%2C200&ssl=1","width":350,"height":200},"classes":[]}],"jetpack_likes_enabled":true,"_links":{"self":[{"href":"https:\/\/iumotril.org\/sitio\/wp-json\/wp\/v2\/posts\/4819","targetHints":{"allow":["GET"]}}],"collection":[{"href":"https:\/\/iumotril.org\/sitio\/wp-json\/wp\/v2\/posts"}],"about":[{"href":"https:\/\/iumotril.org\/sitio\/wp-json\/wp\/v2\/types\/post"}],"author":[{"embeddable":true,"href":"https:\/\/iumotril.org\/sitio\/wp-json\/wp\/v2\/users\/1"}],"replies":[{"embeddable":true,"href":"https:\/\/iumotril.org\/sitio\/wp-json\/wp\/v2\/comments?post=4819"}],"version-history":[{"count":4,"href":"https:\/\/iumotril.org\/sitio\/wp-json\/wp\/v2\/posts\/4819\/revisions"}],"predecessor-version":[{"id":4827,"href":"https:\/\/iumotril.org\/sitio\/wp-json\/wp\/v2\/posts\/4819\/revisions\/4827"}],"wp:attachment":[{"href":"https:\/\/iumotril.org\/sitio\/wp-json\/wp\/v2\/media?parent=4819"}],"wp:term":[{"taxonomy":"category","embeddable":true,"href":"https:\/\/iumotril.org\/sitio\/wp-json\/wp\/v2\/categories?post=4819"},{"taxonomy":"post_tag","embeddable":true,"href":"https:\/\/iumotril.org\/sitio\/wp-json\/wp\/v2\/tags?post=4819"}],"curies":[{"name":"wp","href":"https:\/\/api.w.org\/{rel}","templated":true}]}}