{"id":4775,"date":"2019-03-19T13:09:57","date_gmt":"2019-03-19T12:09:57","guid":{"rendered":"http:\/\/iumotril.org\/sitio\/?p=4775"},"modified":"2019-03-19T13:20:13","modified_gmt":"2019-03-19T12:20:13","slug":"izquierda-unida-y-equo-verdes-acuerdan-presentar-una-candidatura-conjunta-a-las-elecciones-municipales-en-motril","status":"publish","type":"post","link":"https:\/\/iumotril.org\/sitio\/izquierda-unida-y-equo-verdes-acuerdan-presentar-una-candidatura-conjunta-a-las-elecciones-municipales-en-motril\/","title":{"rendered":"Izquierda Unida y Equo Verdes acuerdan presentar una candidatura conjunta a las elecciones municipales en Motril"},"content":{"rendered":"<p style=\"text-align: justify;\"><span style=\"color: #993300;\">Constituir\u00e1n una coalici\u00f3n electoral en torno a un programa de gobierno que tiene como principales ejes de actuaci\u00f3n la regeneraci\u00f3n de la pol\u00edtica municipal, el cuidado del medio ambiente, \u00a0la creaci\u00f3n de empleo y el desarrollo de pol\u00edticas de mayor igualdad entre mujeres y hombres.<\/span><\/p>\n<p style=\"text-align: justify;\"><span style=\"color: #993300;\">Acuerdan presentar una candidatura diversa y plural integrada por mujeres y hombres de ambas formaciones, personas independientes y representantes de colectivos sociales y de la sociedad civil, que ser\u00e1 encabezada por Inma Omiste como candidata a la Alcald\u00eda de Motril.<\/span><\/p>\n<p style=\"text-align: justify;\"><span style=\"color: #993300;\">Hacen un llamamiento a otras organizaciones de izquierda para que se sumen a este proyecto de progreso para Motril e integrar una candidatura unitaria y progresista para ganar las pr\u00f3ximas elecciones municipales.<\/span><\/p>\n<p style=\"text-align: justify;\">Izquierda Unida y Equo Verdes han informado en Motril del acuerdo alcanzado para presentar una <strong>candidatura conjunta en las pr\u00f3ximas elecciones municipales<\/strong>. Los responsables locales de ambas formaciones, <strong>Jose Llorente y Juan Luis Valdivieso<\/strong>, han dado a conocer las principales l\u00edneas de actuaci\u00f3n del programa de gobierno que est\u00e1n elaborando conjuntamente y los criterios para la composici\u00f3n de la candidatura.<\/p>\n<p style=\"text-align: justify;\"><a href=\"https:\/\/iumotril.org\/sitio\/grupo-iu_equo-motril_19-marzo\/\"><img loading=\"lazy\" decoding=\"async\" data-attachment-id=\"4779\" data-permalink=\"https:\/\/iumotril.org\/sitio\/izquierda-unida-y-equo-verdes-acuerdan-presentar-una-candidatura-conjunta-a-las-elecciones-municipales-en-motril\/grupo-iu_equo-motril_19-marzo\/\" data-orig-file=\"https:\/\/iumotril.org\/sitio\/wp-content\/uploads\/2019\/03\/Grupo-IU_Equo-Motril_19-marzo-e1554225757251.jpg\" data-orig-size=\"628,952\" data-comments-opened=\"1\" data-image-meta=\"{&quot;aperture&quot;:&quot;0&quot;,&quot;credit&quot;:&quot;&quot;,&quot;camera&quot;:&quot;&quot;,&quot;caption&quot;:&quot;&quot;,&quot;created_timestamp&quot;:&quot;0&quot;,&quot;copyright&quot;:&quot;&quot;,&quot;focal_length&quot;:&quot;0&quot;,&quot;iso&quot;:&quot;0&quot;,&quot;shutter_speed&quot;:&quot;0&quot;,&quot;title&quot;:&quot;&quot;,&quot;orientation&quot;:&quot;0&quot;}\" data-image-title=\"Grupo IU_Equo Motril_19 marzo\" data-image-description=\"\" data-image-caption=\"\" data-large-file=\"https:\/\/iumotril.org\/sitio\/wp-content\/uploads\/2019\/03\/Grupo-IU_Equo-Motril_19-marzo-1024x768.jpg\" class=\" wp-image-4779 alignleft\" src=\"https:\/\/iumotril.org\/sitio\/wp-content\/uploads\/2019\/03\/Grupo-IU_Equo-Motril_19-marzo.jpg\" alt=\"Acuerdo IU Equo Verdes Motril\" width=\"488\" height=\"367\" \/><\/a>El coordinador local de IU, Jose Llorente, ha destacado que el acuerdo se ha fraguado en torno a propuestas program\u00e1ticas compartidas en cuya base est\u00e1n las <strong>pol\u00edticas <a href=\"https:\/\/iumotril.org\/sitio\/motril-necesita-politicas-activas-de-empleo-y-formacion\/\">por el empleo<\/a>, contra la pobreza y la exclusi\u00f3n social, en la defensa del <a href=\"http:\/\/medio ambiente\">medio ambiente<\/a> y a favor de la igualdad efectiva entre mujeres y hombres.<\/strong><\/p>\n<p style=\"text-align: justify;\">El responsable de Equo Verdes, Juan Luis Valdivieso, ha valorado positivamente el acuerdo alcanzado, tanto por la <strong>centralidad de las pol\u00edticas medioambientales<\/strong> que recorren todas las propuestas program\u00e1ticas de la coalici\u00f3n, como por \u00a0la visibilidad y la consolidaci\u00f3n que supone para su organizaci\u00f3n su presencia destacada en la candidatura. Para Valdivieso, <strong>el acuerdo es positivo para Motril y para la sociedad motrile\u00f1a en su conjunto<\/strong> ya que est\u00e1 basado en propuestas en clave de futuro.<\/p>\n<p style=\"text-align: justify;\">Los responsables de IU y Equo han informado de que, a partir de los objetivos que se plantean en el programa de gobierno, se est\u00e1 configurando la mejor candidatura posible para llevarlos a cabo; <strong>una candidatura solvente, capacitada t\u00e9cnicamente, con experiencia en gesti\u00f3n y con firmes convicciones pol\u00edticas de izquierda y ecologistas<\/strong>. Una candidatura abierta a las personas, los colectivos y a las organizaciones que compartan estos planteamientos.<\/p>\n<p style=\"text-align: justify;\">Nuestro compromiso es <strong>trabajar por un Motril mejor para todas y para todos<\/strong>, con mayor <a href=\"https:\/\/iumotril.org\/sitio\/motril-necesita-un-ayuntamiento-que-defienda-la-igualdad-entre-mujeres-y-hombres\/\">igualdad<\/a> entre hombres y mujeres, participaci\u00f3n vecinal y <a href=\"https:\/\/iumotril.org\/sitio\/la-transparencia-es-una-actitud\/\">transparencia<\/a>, donde se priorice el cuidado medioambiental, han coincidido en se\u00f1alar.<\/p>\n<p style=\"text-align: justify;\">Ambas formaciones han reafirmado su <strong>voluntad de continuar trabajando por una amplia confluencia de fuerzas de izquierda<\/strong> con el objetivo de conformar una alternativa social y progresista a las pol\u00edticas de austeridad y ajuste que han estrangulado la actividad municipal en los \u00faltimos a\u00f1os. Tambi\u00e9n como respuesta a las amenazas de involuci\u00f3n democr\u00e1tica que defienden las derechas, empe\u00f1adas en buscar un retorno a tiempos oscuros del pasado.<\/p>\n<p style=\"text-align: justify;\">Las responsables provinciales de IU, <strong>Mari Carmen P\u00e9rez<\/strong> y de Equo Verdes, <strong>Sandra Alonso y H\u00e9ctor Gachs,<\/strong> candidato por Granada en las elecciones generales en la coalici\u00f3n Unidas Podemos (Podemos, IU, Equo Verdes) han apoyado con su presencia a sus representantes locales en Motril valorando el acuerdo alcanzado, que consideran positivo para ambas organizaciones y beneficioso para los intereses de Motril.<\/p>\n<p style=\"text-align: justify;\">Mari Carmen P\u00e9rez y Sandra Alonso, han informado de que sus formaciones est\u00e1n trabajando para alcanzar <strong>acuerdos similares<\/strong> para presentarse en coalici\u00f3n a las pr\u00f3ximas elecciones municipales <strong>en diferentes localidades de la provincia<\/strong>, con el objetivo de constituir candidaturas de progreso que lleven a cabo pol\u00edticas de izquierdas y ecologistas desde sus gobiernos municipales.<\/p>\n","protected":false},"excerpt":{"rendered":"<p>El acuerdo se ha fraguado en torno a propuestas program\u00e1ticas compartidas en cuya base est\u00e1n las pol\u00edticas por el empleo, contra la pobreza y la exclusi\u00f3n social, en la defensa del medio ambiente y a favor de la igualdad efectiva entre mujeres y hombres. El acuerdo es positivo para Motril y para la sociedad motrile\u00f1a en su conjunto ya que est\u00e1 basado en propuestas en clave de futuro.<\/p>\n","protected":false},"author":1,"featured_media":0,"comment_status":"open","ping_status":"open","sticky":false,"template":"","format":"standard","meta":{"cybocfi_hide_featured_image":"","_jetpack_newsletter_access":"","_jetpack_dont_email_post_to_subs":false,"_jetpack_newsletter_tier_id":0,"_jetpack_memberships_contains_paywalled_content":false,"_jetpack_memberships_contains_paid_content":false,"footnotes":""},"categories":[265,1238],"tags":[959,1239,115,397,1240],"class_list":["post-4775","post","type-post","status-publish","format-standard","hentry","category-esta-pasando","category-municipales-2019","tag-elecciones-municipales-2019","tag-equo-verdes","tag-inma-omiste","tag-iu-motril","tag-jose-llorente"],"jetpack_featured_media_url":"","jetpack_sharing_enabled":true,"jetpack_shortlink":"https:\/\/wp.me\/p4QsU5-1f1","jetpack-related-posts":[{"id":4814,"url":"https:\/\/iumotril.org\/sitio\/izquierda-unida-y-equo-proponen-a-podemos-presentar-una-candidatura-conjunta-en-las-elecciones-municipales-en-motril\/","url_meta":{"origin":4775,"position":0},"title":"Izquierda Unida y Equo proponen a Podemos presentar una candidatura conjunta en las elecciones municipales en Motril","author":"Izquierda Unida Motril","date":"2 abril, 2019","format":false,"excerpt":"Cambiar la manera de c\u00f3mo se han venido gestionado pol\u00edticamente los asuntos municipales en nuestra ciudad debe ser una prioridad democr\u00e1tica para quienes creemos que se puede gobernar de otro modo: con transparencia, responsabilidad medioambiental, contando con la participaci\u00f3n vecinal y poniendo a las personas en el centro de la\u2026","rel":"","context":"En \u00abConfluencia electoral\u00bb","block_context":{"text":"Confluencia electoral","link":"https:\/\/iumotril.org\/sitio\/category\/confluencia-electoral\/"},"img":{"alt_text":"Acuerdo IU Equo Verdes Motril","src":"https:\/\/i0.wp.com\/iumotril.org\/sitio\/wp-content\/uploads\/2019\/03\/Grupo-IU_Equo-Motril_19-marzo-e1554225757251.jpg?resize=350%2C200","width":350,"height":200},"classes":[]},{"id":4834,"url":"https:\/\/iumotril.org\/sitio\/izquierda-unida-equo-verdes-presenta-su-candidatura-para-las-municipales-en-motril\/","url_meta":{"origin":4775,"position":1},"title":"Izquierda Unida-Equo Verdes presenta su candidatura para las municipales en Motril","author":"Izquierda Unida Motril","date":"12 abril, 2019","format":false,"excerpt":"La candidata de la coalici\u00f3n a la Alcald\u00eda de Motril, Inma Omiste, ha reivindicado su candidatura como el mejor equipo de trabajo posible para llevar a cabo un ambicioso programa de gobierno que tiene en el centro de sus prioridades la aplicaci\u00f3n de pol\u00edticas y actuaciones para mejorar la vida\u2026","rel":"","context":"En \u00abEST\u00c1 PASANDO\u00bb","block_context":{"text":"EST\u00c1 PASANDO","link":"https:\/\/iumotril.org\/sitio\/category\/esta-pasando\/"},"img":{"alt_text":"","src":"https:\/\/i0.wp.com\/iumotril.org\/sitio\/wp-content\/uploads\/2019\/04\/Presentacion-candidatura-iu-equo_12-abril.jpg?resize=350%2C200","width":350,"height":200,"srcset":"https:\/\/i0.wp.com\/iumotril.org\/sitio\/wp-content\/uploads\/2019\/04\/Presentacion-candidatura-iu-equo_12-abril.jpg?resize=350%2C200 1x, https:\/\/i0.wp.com\/iumotril.org\/sitio\/wp-content\/uploads\/2019\/04\/Presentacion-candidatura-iu-equo_12-abril.jpg?resize=525%2C300 1.5x, https:\/\/i0.wp.com\/iumotril.org\/sitio\/wp-content\/uploads\/2019\/04\/Presentacion-candidatura-iu-equo_12-abril.jpg?resize=700%2C400 2x, https:\/\/i0.wp.com\/iumotril.org\/sitio\/wp-content\/uploads\/2019\/04\/Presentacion-candidatura-iu-equo_12-abril.jpg?resize=1050%2C600 3x, https:\/\/i0.wp.com\/iumotril.org\/sitio\/wp-content\/uploads\/2019\/04\/Presentacion-candidatura-iu-equo_12-abril.jpg?resize=1400%2C800 4x"},"classes":[]},{"id":9050,"url":"https:\/\/iumotril.org\/sitio\/izquierda-unida-y-verdes-equo-presentan-la-coalicion-con-la-que-concurriran-a-las-elecciones-municipales\/","url_meta":{"origin":4775,"position":2},"title":"Izquierda Unida y Verdes Equo presentan la coalici\u00f3n con la que concurrir\u00e1n a las elecciones municipales","author":"Izquierda Unida Motril","date":"24 abril, 2023","format":false,"excerpt":"La candidata a la Alcald\u00eda, Inma Omiste, ha informado de que se trata de hombres y mujeres j\u00f3venes en la mayor\u00eda de sus puestos; profesionales, estudiantes, empleados p\u00fablicos, trabajadoras de la ense\u00f1anza y trabajadores de empresas privadas de distintos sectores de actividad, conocedoras\u00a0 de los problemas y necesidades de sus\u2026","rel":"","context":"En \u00abConfluencia electoral\u00bb","block_context":{"text":"Confluencia electoral","link":"https:\/\/iumotril.org\/sitio\/category\/confluencia-electoral\/"},"img":{"alt_text":"","src":"https:\/\/i0.wp.com\/iumotril.org\/sitio\/wp-content\/uploads\/2023\/04\/Cartel-Cuidamos-para-una-vida-mejor.jpg?resize=350%2C200&ssl=1","width":350,"height":200,"srcset":"https:\/\/i0.wp.com\/iumotril.org\/sitio\/wp-content\/uploads\/2023\/04\/Cartel-Cuidamos-para-una-vida-mejor.jpg?resize=350%2C200&ssl=1 1x, https:\/\/i0.wp.com\/iumotril.org\/sitio\/wp-content\/uploads\/2023\/04\/Cartel-Cuidamos-para-una-vida-mejor.jpg?resize=525%2C300&ssl=1 1.5x, https:\/\/i0.wp.com\/iumotril.org\/sitio\/wp-content\/uploads\/2023\/04\/Cartel-Cuidamos-para-una-vida-mejor.jpg?resize=700%2C400&ssl=1 2x, https:\/\/i0.wp.com\/iumotril.org\/sitio\/wp-content\/uploads\/2023\/04\/Cartel-Cuidamos-para-una-vida-mejor.jpg?resize=1050%2C600&ssl=1 3x"},"classes":[]},{"id":5097,"url":"https:\/\/iumotril.org\/sitio\/inma-omiste-pide-el-voto-a-las-mujeres-y-a-los-jovenes-para-iu-equo-verdes\/","url_meta":{"origin":4775,"position":3},"title":"Inma Omiste pide el voto a las mujeres y a los j\u00f3venes para IU-Equo Verdes.","author":"Izquierda Unida Motril","date":"24 mayo, 2019","format":false,"excerpt":"Inma Omiste ha animado, finalmente, a todas las motrile\u00f1os y los motrile\u00f1os a que acudan el pr\u00f3ximo domingo a votar, comprometi\u00e9ndose a trabajar por un Motril mejor, con mayor igualdad entre hombres y mujeres, participaci\u00f3n vecinal y transparencia, en defensa del medio ambiente y del patrimonio natural. El pr\u00f3ximo 26\u2026","rel":"","context":"En \u00abElecciones\u00bb","block_context":{"text":"Elecciones","link":"https:\/\/iumotril.org\/sitio\/category\/elecciones\/"},"img":{"alt_text":"","src":"https:\/\/i0.wp.com\/iumotril.org\/sitio\/wp-content\/uploads\/2019\/05\/Foto-Inma_cierre-campan%CC%83a-1024x683.jpg?resize=350%2C200","width":350,"height":200,"srcset":"https:\/\/i0.wp.com\/iumotril.org\/sitio\/wp-content\/uploads\/2019\/05\/Foto-Inma_cierre-campan%CC%83a-1024x683.jpg?resize=350%2C200 1x, https:\/\/i0.wp.com\/iumotril.org\/sitio\/wp-content\/uploads\/2019\/05\/Foto-Inma_cierre-campan%CC%83a-1024x683.jpg?resize=525%2C300 1.5x"},"classes":[]},{"id":8760,"url":"https:\/\/iumotril.org\/sitio\/izquierda-unida-propone-a-inma-omiste-para-liderar-una-candidatura-de-unidad-a-la-alcaldia-de-motril\/","url_meta":{"origin":4775,"position":4},"title":"Izquierda Unida propone a Inma Omiste para liderar una candidatura de unidad a la alcald\u00eda de Motril","author":"Izquierda Unida Motril","date":"10 enero, 2023","format":false,"excerpt":"la Asamblea local ha apoyado de forma un\u00e1nime a la portavoz de su Grupo municipal para que sea su candidata a las elecciones municipales, reconociendo y valorando de este modo el trabajo de oposici\u00f3n a las pol\u00edticas municipales de las derechas que ha venido realizando en los \u00faltimos cuatro a\u00f1os\u2026","rel":"","context":"En \u00abElecciones\u00bb","block_context":{"text":"Elecciones","link":"https:\/\/iumotril.org\/sitio\/category\/elecciones\/"},"img":{"alt_text":"","src":"https:\/\/i0.wp.com\/iumotril.org\/sitio\/wp-content\/uploads\/2023\/01\/Inma-Enero.jpg?resize=350%2C200&ssl=1","width":350,"height":200,"srcset":"https:\/\/i0.wp.com\/iumotril.org\/sitio\/wp-content\/uploads\/2023\/01\/Inma-Enero.jpg?resize=350%2C200&ssl=1 1x, https:\/\/i0.wp.com\/iumotril.org\/sitio\/wp-content\/uploads\/2023\/01\/Inma-Enero.jpg?resize=525%2C300&ssl=1 1.5x, https:\/\/i0.wp.com\/iumotril.org\/sitio\/wp-content\/uploads\/2023\/01\/Inma-Enero.jpg?resize=700%2C400&ssl=1 2x, https:\/\/i0.wp.com\/iumotril.org\/sitio\/wp-content\/uploads\/2023\/01\/Inma-Enero.jpg?resize=1050%2C600&ssl=1 3x"},"classes":[]},{"id":4859,"url":"https:\/\/iumotril.org\/sitio\/unidas-podemos-reclama-el-voto-a-su-candidatura-para-defender-la-costa-de-granada-en-el-congreso\/","url_meta":{"origin":4775,"position":5},"title":"Unidas Podemos reclama el voto a su candidatura para defender la Costa de Granada en el Congreso","author":"Izquierda Unida Motril","date":"24 abril, 2019","format":false,"excerpt":"Milena ha criticado la inacci\u00f3n de los actuales representantes pol\u00edticos en el Congreso de los Diputados, de modo especial del parlamentario popular Carlos Rojas, que despu\u00e9s de sucesivos mandatos ha sido incapaz de defender y sacar adelante proyectos de tanta importancia para la Costa y sus vecinos, como son las\u2026","rel":"","context":"En \u00abEST\u00c1 PASANDO\u00bb","block_context":{"text":"EST\u00c1 PASANDO","link":"https:\/\/iumotril.org\/sitio\/category\/esta-pasando\/"},"img":{"alt_text":"","src":"https:\/\/i0.wp.com\/iumotril.org\/sitio\/wp-content\/uploads\/2019\/04\/IMG_2227.jpg?resize=350%2C200","width":350,"height":200,"srcset":"https:\/\/i0.wp.com\/iumotril.org\/sitio\/wp-content\/uploads\/2019\/04\/IMG_2227.jpg?resize=350%2C200 1x, https:\/\/i0.wp.com\/iumotril.org\/sitio\/wp-content\/uploads\/2019\/04\/IMG_2227.jpg?resize=525%2C300 1.5x, https:\/\/i0.wp.com\/iumotril.org\/sitio\/wp-content\/uploads\/2019\/04\/IMG_2227.jpg?resize=700%2C400 2x, https:\/\/i0.wp.com\/iumotril.org\/sitio\/wp-content\/uploads\/2019\/04\/IMG_2227.jpg?resize=1050%2C600 3x, https:\/\/i0.wp.com\/iumotril.org\/sitio\/wp-content\/uploads\/2019\/04\/IMG_2227.jpg?resize=1400%2C800 4x"},"classes":[]}],"jetpack_likes_enabled":true,"_links":{"self":[{"href":"https:\/\/iumotril.org\/sitio\/wp-json\/wp\/v2\/posts\/4775","targetHints":{"allow":["GET"]}}],"collection":[{"href":"https:\/\/iumotril.org\/sitio\/wp-json\/wp\/v2\/posts"}],"about":[{"href":"https:\/\/iumotril.org\/sitio\/wp-json\/wp\/v2\/types\/post"}],"author":[{"embeddable":true,"href":"https:\/\/iumotril.org\/sitio\/wp-json\/wp\/v2\/users\/1"}],"replies":[{"embeddable":true,"href":"https:\/\/iumotril.org\/sitio\/wp-json\/wp\/v2\/comments?post=4775"}],"version-history":[{"count":7,"href":"https:\/\/iumotril.org\/sitio\/wp-json\/wp\/v2\/posts\/4775\/revisions"}],"predecessor-version":[{"id":4784,"href":"https:\/\/iumotril.org\/sitio\/wp-json\/wp\/v2\/posts\/4775\/revisions\/4784"}],"wp:attachment":[{"href":"https:\/\/iumotril.org\/sitio\/wp-json\/wp\/v2\/media?parent=4775"}],"wp:term":[{"taxonomy":"category","embeddable":true,"href":"https:\/\/iumotril.org\/sitio\/wp-json\/wp\/v2\/categories?post=4775"},{"taxonomy":"post_tag","embeddable":true,"href":"https:\/\/iumotril.org\/sitio\/wp-json\/wp\/v2\/tags?post=4775"}],"curies":[{"name":"wp","href":"https:\/\/api.w.org\/{rel}","templated":true}]}}