{"id":4739,"date":"2019-03-05T17:35:45","date_gmt":"2019-03-05T16:35:45","guid":{"rendered":"http:\/\/iumotril.org\/sitio\/?p=4739"},"modified":"2019-03-05T17:35:45","modified_gmt":"2019-03-05T16:35:45","slug":"izquierda-unida-propone-que-el-ayuntamiento-de-protagonismo-a-las-mujeres-en-el-callejero-de-motril","status":"publish","type":"post","link":"https:\/\/iumotril.org\/sitio\/izquierda-unida-propone-que-el-ayuntamiento-de-protagonismo-a-las-mujeres-en-el-callejero-de-motril\/","title":{"rendered":"Izquierda Unida propone que el Ayuntamiento d\u00e9 protagonismo a las mujeres en el callejero de Motril"},"content":{"rendered":"<p style=\"text-align: justify;\"><strong><span style=\"color: #993300;\">Presenta una moci\u00f3n al Pleno para que Motril d\u00e9 protagonismo a las mujeres en la denominaci\u00f3n de calles, de centros educativos y otros espacios p\u00fablicos, como son plazas, instalaciones municipales, instalaciones deportivas, bibliotecas, etc.<\/span><\/strong><\/p>\n<p style=\"text-align: justify;\"><strong><span style=\"color: #993300;\">Los nombres de las calles y la denominaci\u00f3n de espacios p\u00fablicos son una herramienta importante para que la ciudad pueda reconocer a aquellas personas que lo merecen de una manera muy visible.<\/span><\/strong><\/p>\n<p style=\"text-align: justify;\">Izquierda Unida presenta esta Moci\u00f3n ante la evidencia del enorme <strong>desequilibrio entre las denominaciones<\/strong> de calles que se corresponden con hombres frente a las que se refieren a mujeres. Un desequilibrio que se reproduce en la denominaci\u00f3n de centros educativos y otros espacios p\u00fablicos, como son plazas, instalaciones municipales y deportivas, bibliotecas, etc.<\/p>\n<p style=\"text-align: justify;\"><a href=\"https:\/\/iumotril.org\/sitio\/inma-omiste_5-marzo\/\"><img loading=\"lazy\" decoding=\"async\" data-attachment-id=\"4753\" data-permalink=\"https:\/\/iumotril.org\/sitio\/izquierda-unida-propone-que-el-ayuntamiento-de-protagonismo-a-las-mujeres-en-el-callejero-de-motril\/inma-omiste_5-marzo\/\" data-orig-file=\"https:\/\/iumotril.org\/sitio\/wp-content\/uploads\/2019\/03\/Inma-Omiste_5-marzo.jpg\" data-orig-size=\"1600,1200\" data-comments-opened=\"1\" data-image-meta=\"{&quot;aperture&quot;:&quot;0&quot;,&quot;credit&quot;:&quot;&quot;,&quot;camera&quot;:&quot;&quot;,&quot;caption&quot;:&quot;&quot;,&quot;created_timestamp&quot;:&quot;0&quot;,&quot;copyright&quot;:&quot;&quot;,&quot;focal_length&quot;:&quot;0&quot;,&quot;iso&quot;:&quot;0&quot;,&quot;shutter_speed&quot;:&quot;0&quot;,&quot;title&quot;:&quot;&quot;,&quot;orientation&quot;:&quot;0&quot;}\" data-image-title=\"Inma Omiste_5 marzo\" data-image-description=\"\" data-image-caption=\"\" data-large-file=\"https:\/\/iumotril.org\/sitio\/wp-content\/uploads\/2019\/03\/Inma-Omiste_5-marzo-1024x768.jpg\" class=\"wp-image-4753 alignleft\" src=\"https:\/\/iumotril.org\/sitio\/wp-content\/uploads\/2019\/03\/Inma-Omiste_5-marzo.jpg\" alt=\"\" width=\"483\" height=\"362\" srcset=\"https:\/\/iumotril.org\/sitio\/wp-content\/uploads\/2019\/03\/Inma-Omiste_5-marzo.jpg 1600w, https:\/\/iumotril.org\/sitio\/wp-content\/uploads\/2019\/03\/Inma-Omiste_5-marzo-300x225.jpg 300w, https:\/\/iumotril.org\/sitio\/wp-content\/uploads\/2019\/03\/Inma-Omiste_5-marzo-768x576.jpg 768w, https:\/\/iumotril.org\/sitio\/wp-content\/uploads\/2019\/03\/Inma-Omiste_5-marzo-1024x768.jpg 1024w\" sizes=\"auto, (max-width: 483px) 100vw, 483px\" \/><\/a>A pesar de que las mujeres representan la mitad de la poblaci\u00f3n en nuestra ciudad, en Motril no hay una correspondencia en la presencia de las mujeres en la denominaci\u00f3n de los diferentes espacios p\u00fablicos.<\/p>\n<p style=\"text-align: justify;\">La historia de las mujeres es la historia de <strong>una gran invisibilidad<\/strong>, una historia escrita por hombres, ha se\u00f1alado la concejala de IU, <strong>Inma Omiste<\/strong>, que considera que la discriminaci\u00f3n hacia las mujeres tiene sus consecuencias en todos los \u00e1mbitos de nuestras vidas: en lo laboral, en lo privado y tambi\u00e9n en el familiar.<\/p>\n<p style=\"text-align: justify;\">Seg\u00fan se recoge en la Moci\u00f3n que presenta Izquierda Unida al pr\u00f3ximo Pleno municipal, l<strong>a desigualdad tambi\u00e9n est\u00e1\u00a0 presente en el mapa urbano<\/strong>. La discriminaci\u00f3n en los nombres de calles es un reflejo de la desigualdad hist\u00f3rica entre sexos, donde el <a href=\"https:\/\/www.merezcounacalle.com\/\">espacio p\u00fablico<\/a> ha sido dise\u00f1ado por y para hombres.<\/p>\n<p style=\"text-align: justify;\">La <strong>candidata de IU a la alcald\u00eda de Motril<\/strong> ha defendido que es imprescindible <strong>gobernar a favor de las mujeres en todos los \u00e1mbitos<\/strong> y, de un modo especial, desde los ayuntamientos que son la Administraci\u00f3n m\u00e1s cercana a la ciudadan\u00eda. Para ello, es necesario tener voluntad pol\u00edtica a favor de la causa de las mujeres.<\/p>\n<p style=\"text-align: justify;\">Una voluntad pol\u00edtica y una determinaci\u00f3n que recorre nuestro programa de gobierno para Motril, uno de cuyos ejes principales son <strong>medidas y actuaciones espec\u00edficas frente la desigualdad<\/strong> y contra la discriminaci\u00f3n de las mujeres, ha afirmado.<\/p>\n<p style=\"text-align: justify;\"><strong>Omiste<\/strong> ha facilitado algunos datos que evidencian la <strong>desigualdad en el \u00e1mbito municipal:<\/strong> de las <strong>treinta y nueve calles<\/strong> denominadas en los \u00faltimos a\u00f1os, <strong>treinta y cinco<\/strong> han correspondido a <strong>hombres<\/strong>, <strong>cuatro<\/strong> a <strong>mujeres<\/strong>, y una es una denominaci\u00f3n religiosa o confesional.<\/p>\n<p style=\"text-align: justify;\">Se ha designado con diferentes nombres siete <strong>Centros educativos<\/strong>, <strong>cinco con nombres de hombres<\/strong> y <strong>dos con nombres de mujeres<\/strong>. De las veintis\u00e9is <strong>medallas de oro<\/strong> concedidas, <strong>veinte han reca\u00eddo en hombres,<\/strong> <strong>dos en mujeres<\/strong>, y 4 en instituciones religiosas o confesionales.<\/p>\n<p style=\"text-align: justify;\">Los hijos predilectos de la ciudad nombrados durante este per\u00edodo han sido <strong>cuatro hombres<\/strong> y <strong>una mujer<\/strong>.<\/p>\n","protected":false},"excerpt":{"rendered":"<p>La desigualdad en el \u00e1mbito del espacio p\u00fablico municipal es evidente: de las treinta y nueve calles denominadas en los \u00faltimos a\u00f1os, treinta y cinco han correspondido a hombres, cuatro a mujeres, y una es una denominaci\u00f3n religiosa o confesional. Se ha designado con diferentes nombres siete Centros educativos, cinco con nombres de hombres y dos con nombres de mujeres. De las veintis\u00e9is medallas de oro concedidas, veinte han reca\u00eddo en hombres, dos en mujeres, y 4 en instituciones religiosas o confesionales. Los hijos predilectos de la ciudad nombrados durante este per\u00edodo han sido cuatro hombres y una mujer.<\/p>\n","protected":false},"author":1,"featured_media":0,"comment_status":"open","ping_status":"open","sticky":false,"template":"","format":"standard","meta":{"cybocfi_hide_featured_image":"","_jetpack_newsletter_access":"","_jetpack_dont_email_post_to_subs":false,"_jetpack_newsletter_tier_id":0,"_jetpack_memberships_contains_paywalled_content":false,"_jetpack_memberships_contains_paid_content":false,"footnotes":""},"categories":[265,36],"tags":[1233,922,1234,350,349,1220],"class_list":["post-4739","post","type-post","status-publish","format-standard","hentry","category-esta-pasando","category-mociones-pleno","tag-denominaciones-calles","tag-discriminacion","tag-espacio-publico","tag-igualdad","tag-mujeres","tag-propuestas-iu"],"jetpack_featured_media_url":"","jetpack_sharing_enabled":true,"jetpack_shortlink":"https:\/\/wp.me\/p4QsU5-1er","jetpack-related-posts":[{"id":3440,"url":"https:\/\/iumotril.org\/sitio\/izquierda-unida-exige-la-retirada-de-simbolos-y-denominaciones-franquistas-en-calles-y-edificios-de-motril\/","url_meta":{"origin":4739,"position":0},"title":"Izquierda Unida exige la retirada de s\u00edmbolos y denominaciones franquistas en calles y edificios de Motril","author":"Izquierda Unida Motril","date":"22 marzo, 2018","format":false,"excerpt":"El Grupo Municipal de Izquierda Unida defiende en el pleno municipal que se celebra este viernes una moci\u00f3n en la que reclama la eliminaci\u00f3n de elementos contrarios a la memoria hist\u00f3rica y democr\u00e1tica de Andaluc\u00eda. En concreto, propone la elaboraci\u00f3n de un inventario exhaustivo de las denominaciones de v\u00edas p\u00fablicas\u2026","rel":"","context":"En \u00abEST\u00c1 PASANDO\u00bb","block_context":{"text":"EST\u00c1 PASANDO","link":"https:\/\/iumotril.org\/sitio\/category\/esta-pasando\/"},"img":{"alt_text":"","src":"https:\/\/i0.wp.com\/iumotril.org\/sitio\/wp-content\/uploads\/2018\/03\/mocion-republica-2018-300x171.jpg?resize=350%2C200","width":350,"height":200},"classes":[]},{"id":7893,"url":"https:\/\/iumotril.org\/sitio\/iu-equo-propone-que-motril-dedique-un-espacio-publico-a-la-escritora-almudena-grandes\/","url_meta":{"origin":4739,"position":1},"title":"IU-Equo propone que Motril dedique un espacio p\u00fablico a la escritora Almudena Grandes","author":"Izquierda Unida Motril","date":"21 diciembre, 2021","format":false,"excerpt":"La moci\u00f3n pretende que Motril se sume al reconocimiento p\u00fablico que, con car\u00e1cter general, se est\u00e1 haciendo en todo el pa\u00eds a la escritora fallecida el pasado 27 de noviembre en Madrid, al considerarla una de las principales figuras del panorama literario y cultural espa\u00f1ol en la actualidad. La obra\u2026","rel":"","context":"En \u00abAyuntamiento\u00bb","block_context":{"text":"Ayuntamiento","link":"https:\/\/iumotril.org\/sitio\/category\/ayuntamiento\/"},"img":{"alt_text":"","src":"https:\/\/i0.wp.com\/iumotril.org\/sitio\/wp-content\/uploads\/2021\/12\/Almudena-No-hay-amor.jpg?resize=350%2C200","width":350,"height":200,"srcset":"https:\/\/i0.wp.com\/iumotril.org\/sitio\/wp-content\/uploads\/2021\/12\/Almudena-No-hay-amor.jpg?resize=350%2C200 1x, https:\/\/i0.wp.com\/iumotril.org\/sitio\/wp-content\/uploads\/2021\/12\/Almudena-No-hay-amor.jpg?resize=525%2C300 1.5x, https:\/\/i0.wp.com\/iumotril.org\/sitio\/wp-content\/uploads\/2021\/12\/Almudena-No-hay-amor.jpg?resize=700%2C400 2x, https:\/\/i0.wp.com\/iumotril.org\/sitio\/wp-content\/uploads\/2021\/12\/Almudena-No-hay-amor.jpg?resize=1050%2C600 3x"},"classes":[]},{"id":4658,"url":"https:\/\/iumotril.org\/sitio\/presentamos-mocion-al-pleno-para-la-mejora-de-las-zonas-infantiles-de-parques-y-espacios-publicos\/","url_meta":{"origin":4739,"position":2},"title":"Presentamos Moci\u00f3n al Pleno para la mejora de las zonas infantiles de parques y espacios p\u00fablicos","author":"Izquierda Unida Motril","date":"31 enero, 2019","format":false,"excerpt":"La moci\u00f3n presentada por Izquierda Unida propone, adem\u00e1s de la elaboraci\u00f3n de un inventario con el estado actual de las diferentes zonas infantiles de juego de la ciudad, de sus instalaciones y de su equipamiento, la elaboraci\u00f3n de un plan de choque de limpieza integral de todas las zonas infantiles\u2026","rel":"","context":"En \u00abCiudad\u00bb","block_context":{"text":"Ciudad","link":"https:\/\/iumotril.org\/sitio\/category\/ciudad\/"},"img":{"alt_text":"","src":"https:\/\/i0.wp.com\/iumotril.org\/sitio\/wp-content\/uploads\/2019\/01\/Daniela-e-Inma_mociones_30-enero.jpg?resize=350%2C200","width":350,"height":200},"classes":[]},{"id":7008,"url":"https:\/\/iumotril.org\/sitio\/iu-equo-propone-la-creacion-de-espacios-publicos-seguros-para-mujeres-y-ninas\/","url_meta":{"origin":4739,"position":3},"title":"IU-Equo propone la creaci\u00f3n de espacios p\u00fablicos seguros para mujeres y ni\u00f1as","author":"Izquierda Unida Motril","date":"16 diciembre, 2020","format":false,"excerpt":"Reclama que se adopten medidas para generar una ciudad inclusiva; medidas que van desde la revisi\u00f3n de las ordenanzas municipales, la simplificaci\u00f3n del sistema de denuncias, el dise\u00f1o de ciudades con enfoque de perspectiva de g\u00e9nero o la promoci\u00f3n de la participaci\u00f3n de las j\u00f3venes en la toma de decisiones\u2026","rel":"","context":"En \u00abAyuntamiento\u00bb","block_context":{"text":"Ayuntamiento","link":"https:\/\/iumotril.org\/sitio\/category\/ayuntamiento\/"},"img":{"alt_text":"","src":"https:\/\/i0.wp.com\/iumotril.org\/sitio\/wp-content\/uploads\/2020\/12\/PHOTO-2020-12-16-13-08-24-1024x768.jpg?resize=350%2C200","width":350,"height":200,"srcset":"https:\/\/i0.wp.com\/iumotril.org\/sitio\/wp-content\/uploads\/2020\/12\/PHOTO-2020-12-16-13-08-24-1024x768.jpg?resize=350%2C200 1x, https:\/\/i0.wp.com\/iumotril.org\/sitio\/wp-content\/uploads\/2020\/12\/PHOTO-2020-12-16-13-08-24-1024x768.jpg?resize=525%2C300 1.5x"},"classes":[]},{"id":3235,"url":"https:\/\/iumotril.org\/sitio\/izquierda-unida-reclama-la-eliminacion-de-las-barreras-arquitectonicas-en-las-instalaciones-municipales\/","url_meta":{"origin":4739,"position":4},"title":"IZQUIERDA UNIDA RECLAMA LA ELIMINACI\u00d3N DE LAS BARRERAS ARQUITECT\u00d3NICAS EN LAS INSTALACIONES MUNICIPALES.","author":"Izquierda Unida Motril","date":"13 diciembre, 2017","format":false,"excerpt":"Izquierda Unida ha registrado una Moci\u00f3n para su debate en el pr\u00f3ximo pleno municipal en la que reclama al gobierno municipal la mejora de la accesibilidad en el Ayuntamiento y en todos los edificios municipales, eliminando las barreras arquitect\u00f3nicas existentes, instalando rampas de entrada y creando itinerarios para que puedan\u2026","rel":"","context":"En \u00abEST\u00c1 PASANDO\u00bb","block_context":{"text":"EST\u00c1 PASANDO","link":"https:\/\/iumotril.org\/sitio\/category\/esta-pasando\/"},"img":{"alt_text":"","src":"https:\/\/i0.wp.com\/iumotril.org\/sitio\/wp-content\/uploads\/2017\/12\/Aceso-atras-ayuntamiento-2-232x300.jpg?resize=350%2C200","width":350,"height":200},"classes":[]},{"id":3434,"url":"https:\/\/iumotril.org\/sitio\/el-partido-popular-se-opone-a-la-aplicacion-de-la-ley-de-memoria-historica-y-democratica-en-motril\/","url_meta":{"origin":4739,"position":5},"title":"El Partido Popular se opone a la aplicaci\u00f3n de la Ley de Memoria Histor\u00edca y Democr\u00e1tica en Motril","author":"Izquierda Unida Motril","date":"23 marzo, 2018","format":false,"excerpt":"La moci\u00f3n presentada por Izquierda Unida para la eliminaci\u00f3n de elementos contrarios a la Memoria Hist\u00f3rica y Democr\u00e1tica de calles y edificios de Motril ha sido, finalmente, aprobada por la mayor\u00eda del pleno municipal que se compromete, de ese modo, con el cumplimiento de la legalidad vigente.","rel":"","context":"En \u00abEST\u00c1 PASANDO\u00bb","block_context":{"text":"EST\u00c1 PASANDO","link":"https:\/\/iumotril.org\/sitio\/category\/esta-pasando\/"},"img":{"alt_text":"","src":"https:\/\/i0.wp.com\/iumotril.org\/sitio\/wp-content\/uploads\/2018\/03\/desbanda33-300x219-300x219.jpg?resize=350%2C200","width":350,"height":200},"classes":[]}],"jetpack_likes_enabled":true,"_links":{"self":[{"href":"https:\/\/iumotril.org\/sitio\/wp-json\/wp\/v2\/posts\/4739","targetHints":{"allow":["GET"]}}],"collection":[{"href":"https:\/\/iumotril.org\/sitio\/wp-json\/wp\/v2\/posts"}],"about":[{"href":"https:\/\/iumotril.org\/sitio\/wp-json\/wp\/v2\/types\/post"}],"author":[{"embeddable":true,"href":"https:\/\/iumotril.org\/sitio\/wp-json\/wp\/v2\/users\/1"}],"replies":[{"embeddable":true,"href":"https:\/\/iumotril.org\/sitio\/wp-json\/wp\/v2\/comments?post=4739"}],"version-history":[{"count":9,"href":"https:\/\/iumotril.org\/sitio\/wp-json\/wp\/v2\/posts\/4739\/revisions"}],"predecessor-version":[{"id":4755,"href":"https:\/\/iumotril.org\/sitio\/wp-json\/wp\/v2\/posts\/4739\/revisions\/4755"}],"wp:attachment":[{"href":"https:\/\/iumotril.org\/sitio\/wp-json\/wp\/v2\/media?parent=4739"}],"wp:term":[{"taxonomy":"category","embeddable":true,"href":"https:\/\/iumotril.org\/sitio\/wp-json\/wp\/v2\/categories?post=4739"},{"taxonomy":"post_tag","embeddable":true,"href":"https:\/\/iumotril.org\/sitio\/wp-json\/wp\/v2\/tags?post=4739"}],"curies":[{"name":"wp","href":"https:\/\/api.w.org\/{rel}","templated":true}]}}