{"id":4732,"date":"2019-02-27T20:06:19","date_gmt":"2019-02-27T19:06:19","guid":{"rendered":"http:\/\/iumotril.org\/sitio\/?p=4732"},"modified":"2019-02-27T20:06:19","modified_gmt":"2019-02-27T19:06:19","slug":"izquierda-unida-propone-la-mejora-y-ampliacion-de-la-charca-de-suarez","status":"publish","type":"post","link":"https:\/\/iumotril.org\/sitio\/izquierda-unida-propone-la-mejora-y-ampliacion-de-la-charca-de-suarez\/","title":{"rendered":"Izquierda Unida propone la mejora y ampliaci\u00f3n de la Charca de Su\u00e1rez"},"content":{"rendered":"<p style=\"text-align: justify;\"><strong><span style=\"color: #993300;\">Izquierda Unida denuncia los incumplimientos del Gobierno municipal en la Charca de Su\u00e1rez y la falta de medios y recursos para su mantenimiento.\u00a0Se compromete a la ampliaci\u00f3n de la Reserva y a llevar a cabo medidas para aprovechar todo su potencial medioambiental y tur\u00edstico.<\/span><\/strong><\/p>\n<p style=\"text-align: justify;\">Once a\u00f1os despu\u00e9s de su apertura, la <a href=\"http:\/\/www.andalucia.org\/es\/espacios-naturales\/reservas-naturales-concertadas\/charca-suarez\/\">Charca de Su\u00e1rez<\/a> est\u00e1 considerada como el <strong>humedal m\u00e1s importante de la provincia de Granada<\/strong> y uno de los m\u00e1s valiosos de Andaluc\u00eda Oriental por la diversidad de su flora y de su fauna. Una realidad que es posible gracias a la labor que llevan a cabo decenas de voluntarias y voluntarios y al compromiso del personal t\u00e9cnico de la Charca con su conservaci\u00f3n y mejora, a pesar de desarrollar su trabajo con una carencia de medios evidente. La Charca de Su\u00e1rez recibe una media de <strong>15.000 visitantes anuales.<\/strong><\/p>\n<p style=\"text-align: justify;\">As\u00ed lo ha manifestado<strong> Inma Omiste<\/strong>, la candidata de IU a la Alcald\u00eda de Motril en una visita que ha realizado esta ma\u00f1ana al humedal motrile\u00f1o con una delegaci\u00f3n de su organizaci\u00f3n comarcal.<\/p>\n<p style=\"text-align: justify;\"><a href=\"https:\/\/iumotril.org\/sitio\/inma-y-jose_charca-suarez_27-febrero\/\"><img loading=\"lazy\" decoding=\"async\" data-attachment-id=\"4742\" data-permalink=\"https:\/\/iumotril.org\/sitio\/izquierda-unida-propone-la-mejora-y-ampliacion-de-la-charca-de-suarez\/inma-y-jose_charca-suarez_27-febrero\/\" data-orig-file=\"https:\/\/iumotril.org\/sitio\/wp-content\/uploads\/2019\/02\/Inma-y-Jose_Charca-Suarez_27-febrero.jpg\" data-orig-size=\"1599,1186\" data-comments-opened=\"1\" data-image-meta=\"{&quot;aperture&quot;:&quot;0&quot;,&quot;credit&quot;:&quot;&quot;,&quot;camera&quot;:&quot;&quot;,&quot;caption&quot;:&quot;&quot;,&quot;created_timestamp&quot;:&quot;0&quot;,&quot;copyright&quot;:&quot;&quot;,&quot;focal_length&quot;:&quot;0&quot;,&quot;iso&quot;:&quot;0&quot;,&quot;shutter_speed&quot;:&quot;0&quot;,&quot;title&quot;:&quot;&quot;,&quot;orientation&quot;:&quot;0&quot;}\" data-image-title=\"Inma y Jose_Charca Suarez_27 febrero\" data-image-description=\"\" data-image-caption=\"\" data-large-file=\"https:\/\/iumotril.org\/sitio\/wp-content\/uploads\/2019\/02\/Inma-y-Jose_Charca-Suarez_27-febrero-1024x760.jpg\" class=\"wp-image-4742 alignleft\" src=\"https:\/\/iumotril.org\/sitio\/wp-content\/uploads\/2019\/02\/Inma-y-Jose_Charca-Suarez_27-febrero.jpg\" alt=\"\" width=\"514\" height=\"381\" srcset=\"https:\/\/iumotril.org\/sitio\/wp-content\/uploads\/2019\/02\/Inma-y-Jose_Charca-Suarez_27-febrero.jpg 1599w, https:\/\/iumotril.org\/sitio\/wp-content\/uploads\/2019\/02\/Inma-y-Jose_Charca-Suarez_27-febrero-300x223.jpg 300w, https:\/\/iumotril.org\/sitio\/wp-content\/uploads\/2019\/02\/Inma-y-Jose_Charca-Suarez_27-febrero-768x570.jpg 768w, https:\/\/iumotril.org\/sitio\/wp-content\/uploads\/2019\/02\/Inma-y-Jose_Charca-Suarez_27-febrero-1024x760.jpg 1024w\" sizes=\"auto, (max-width: 514px) 100vw, 514px\" \/><\/a>La concejala de IU ha reivindicado el <strong>protagonismo de su formaci\u00f3n en la conservaci\u00f3n de este espacio natural,<\/strong> al recordar que la ejecuci\u00f3n del proyecto fue posible, en su momento, por la intervenci\u00f3n de Izquierda Unida desde el gobierno de Motril, a pesar del desd\u00e9n y del desprecio de la derecha motrile\u00f1a y de otros grupos pol\u00edticos que pusieron en duda su viabilidad y su proyecci\u00f3n de futuro.<\/p>\n<p style=\"text-align: justify;\">Hace m\u00e1s de diez a\u00f1os nos comprometimos con la preservaci\u00f3n de este espacio natural y ahora <strong>apostamos decididamente por su puesta en valor, por su mejora y consolidaci\u00f3n<\/strong>, ha manifestado.<\/p>\n<p style=\"text-align: justify;\">En su opini\u00f3n, a pesar de su importancia y de su indudable valor medioambiental y tur\u00edstico, la Charca de Su\u00e1rez no merece por parte del \u00c1rea de Medio Ambiente del Ayuntamiento de Motril la atenci\u00f3n que requiere un espacio de estas caracter\u00edsticas, poniendo de manifiesto <strong>falta de voluntad pol\u00edtica para la conservaci\u00f3n y mejora de la Reserva.<\/strong><\/p>\n<p style=\"text-align: justify;\">Ha revisado alguno de los <strong>graves problemas de la Charca<\/strong> debido a esta falta de actuaciones y de recursos, como la entrada de aguas contaminadas procedentes de actividades y viviendas irregulares, la puesta en marcha de un centro de recepci\u00f3n de fauna accidentada, el vallado de la Reserva, el acondicionamiento de su entrada, o la construcci\u00f3n de un centro de interpretaci\u00f3n.<\/p>\n<p style=\"text-align: justify;\">Inma Omiste ha anunciado que <strong>en su programa de gobierno<\/strong> est\u00e1n contempladas las actuaciones y recursos necesarios para <strong>aprovechar toda la potencialidad del humedal<\/strong> motrile\u00f1o, medioambiental y tur\u00edsticamente. En el <strong>proyecto de Izquierda Unida para Motril<\/strong> ocupan un lugar central la <strong>protecci\u00f3n de la Costa<\/strong>, del medio marino y de los humedales, como la Charca de Su\u00e1rez. Adem\u00e1s de la puesta en marcha de medidas para avanzar hacia <strong>una ciudad m\u00e1s sostenible<\/strong>, reduciendo el consumo de energ\u00eda y promoviendo la utilizaci\u00f3n de renovables.<\/p>\n","protected":false},"excerpt":{"rendered":"<p>Inma Omiste ha anunciado que en su programa de gobierno est\u00e1n contempladas las actuaciones y recursos necesarios para aprovechar toda la potencialidad del humedal motrile\u00f1o, medioambiental y tur\u00edsticamente. En el proyecto de Izquierda Unida para Motril ocupan un lugar central la protecci\u00f3n de la Costa, del medio marino y de los humedales, como la Charca de Su\u00e1rez. Adem\u00e1s de la puesta en marcha de medidas para avanzar hacia una ciudad m\u00e1s sostenible, reduciendo el consumo de energ\u00eda y promoviendo la utilizaci\u00f3n de renovables.<\/p>\n","protected":false},"author":1,"featured_media":0,"comment_status":"open","ping_status":"open","sticky":false,"template":"","format":"standard","meta":{"cybocfi_hide_featured_image":"","_jetpack_newsletter_access":"","_jetpack_dont_email_post_to_subs":false,"_jetpack_newsletter_tier_id":0,"_jetpack_memberships_contains_paywalled_content":false,"_jetpack_memberships_contains_paid_content":false,"footnotes":""},"categories":[265],"tags":[1232,64,115,98,63],"class_list":["post-4732","post","type-post","status-publish","format-standard","hentry","category-esta-pasando","tag-ampliacion-y-mejora","tag-charca-suarez","tag-inma-omiste","tag-medio-ambiente","tag-propuestas"],"jetpack_featured_media_url":"","jetpack_sharing_enabled":true,"jetpack_shortlink":"https:\/\/wp.me\/p4QsU5-1ek","jetpack-related-posts":[{"id":7985,"url":"https:\/\/iumotril.org\/sitio\/izquierda-unida-pide-mayor-proteccion-para-la-charca-de-suarez\/","url_meta":{"origin":4732,"position":0},"title":"Izquierda Unida pide mayor protecci\u00f3n para la Charca de Su\u00e1rez","author":"Izquierda Unida Motril","date":"14 febrero, 2022","format":false,"excerpt":"Responsables andaluces y provinciales de IU han criticado la falta del necesario compromiso por parte de las administraciones local y auton\u00f3mica con la Charca de Su\u00e1rez, el humedal costero m\u00e1s importante del litoral granadino Reclaman que la Junta de Andaluc\u00eda y el Ayuntamiento de Motril destinen mayores recursos para la\u2026","rel":"","context":"En \u00abEST\u00c1 PASANDO\u00bb","block_context":{"text":"EST\u00c1 PASANDO","link":"https:\/\/iumotril.org\/sitio\/category\/esta-pasando\/"},"img":{"alt_text":"","src":"https:\/\/i0.wp.com\/iumotril.org\/sitio\/wp-content\/uploads\/2022\/02\/PHOTO-2022-02-11-16-48-05-300x200.jpg?resize=350%2C200&ssl=1","width":350,"height":200,"srcset":"https:\/\/i0.wp.com\/iumotril.org\/sitio\/wp-content\/uploads\/2022\/02\/PHOTO-2022-02-11-16-48-05-300x200.jpg?resize=350%2C200&ssl=1 1x, https:\/\/i0.wp.com\/iumotril.org\/sitio\/wp-content\/uploads\/2022\/02\/PHOTO-2022-02-11-16-48-05-300x200.jpg?resize=525%2C300&ssl=1 1.5x, https:\/\/i0.wp.com\/iumotril.org\/sitio\/wp-content\/uploads\/2022\/02\/PHOTO-2022-02-11-16-48-05-300x200.jpg?resize=700%2C400&ssl=1 2x, https:\/\/i0.wp.com\/iumotril.org\/sitio\/wp-content\/uploads\/2022\/02\/PHOTO-2022-02-11-16-48-05-300x200.jpg?resize=1050%2C600&ssl=1 3x, https:\/\/i0.wp.com\/iumotril.org\/sitio\/wp-content\/uploads\/2022\/02\/PHOTO-2022-02-11-16-48-05-300x200.jpg?resize=1400%2C800&ssl=1 4x"},"classes":[]},{"id":769,"url":"https:\/\/iumotril.org\/sitio\/una-ciudad-mas-sostenible-y-con-mas-energias-renovables\/","url_meta":{"origin":4732,"position":1},"title":"Una ciudad m\u00e1s sostenible y con m\u00e1s energ\u00edas renovables","author":"Izquierda Unida Motril","date":"19 mayo, 2015","format":false,"excerpt":"Daniela ha destacado las principales actuaciones que Izquierda Unida llevar\u00e1 a cabo desde el Ayuntamiento de Motril, adem\u00e1s de la ampliaci\u00f3n de la Charca de Su\u00e1rez: la persecuci\u00f3n de los vertidos ilegales de escombros, la construcci\u00f3n de una gran red de senderos comarcal y la protecci\u00f3n de la playa de\u2026","rel":"","context":"En \u00abMunicipales 2015\u00bb","block_context":{"text":"Municipales 2015","link":"https:\/\/iumotril.org\/sitio\/category\/municipales-2015\/"},"img":{"alt_text":"Protegeremos la Charca de Suarez","src":"https:\/\/i0.wp.com\/iumotril.org\/sitio\/wp-content\/uploads\/2015\/05\/Protegeremos-la-Charca-de-Suarez-300x176.jpg?resize=350%2C200","width":350,"height":200},"classes":[]},{"id":8849,"url":"https:\/\/iumotril.org\/sitio\/iu-equo-exige-al-gobierno-local-soluciones-urgentes-para-garantizar-la-apertura-normalizada-de-la-charca-de-suarez\/","url_meta":{"origin":4732,"position":2},"title":"IU-Equo exige al gobierno local soluciones urgentes para garantizar la apertura normalizada de la Charca de Su\u00e1rez","author":"Izquierda Unida Motril","date":"26 enero, 2023","format":false,"excerpt":"En los \u00faltimos seis meses la Charca de Su\u00e1rez no ha podido abrir sus instalaciones 38 d\u00edas por falta de personal. Apr\u00f3ximadamente la Charca ha permanecido cerrada durante cinco d\u00edas h\u00e1biles de cada mes. A pesar de que la alcaldesa se refiere a la reserva natural como \u201cuna de las\u2026","rel":"","context":"En \u00abAyuntamiento\u00bb","block_context":{"text":"Ayuntamiento","link":"https:\/\/iumotril.org\/sitio\/category\/ayuntamiento\/"},"img":{"alt_text":"","src":"https:\/\/i0.wp.com\/iumotril.org\/sitio\/wp-content\/uploads\/2023\/01\/Charca-de-Suarez.jpg?resize=350%2C200&ssl=1","width":350,"height":200,"srcset":"https:\/\/i0.wp.com\/iumotril.org\/sitio\/wp-content\/uploads\/2023\/01\/Charca-de-Suarez.jpg?resize=350%2C200&ssl=1 1x, https:\/\/i0.wp.com\/iumotril.org\/sitio\/wp-content\/uploads\/2023\/01\/Charca-de-Suarez.jpg?resize=525%2C300&ssl=1 1.5x, https:\/\/i0.wp.com\/iumotril.org\/sitio\/wp-content\/uploads\/2023\/01\/Charca-de-Suarez.jpg?resize=700%2C400&ssl=1 2x"},"classes":[]},{"id":10959,"url":"https:\/\/iumotril.org\/sitio\/izquierda-unida-pide-mayor-proteccion-para-la-charca-de-suarez-2\/","url_meta":{"origin":4732,"position":3},"title":"Izquierda Unida pide mayor protecci\u00f3n para la Charca de Su\u00e1rez","author":"Izquierda Unida Motril","date":"10 febrero, 2026","format":false,"excerpt":"Responsables de IU han criticado la falta del necesario compromiso por parte de las administraciones local y auton\u00f3mica con la Charca de Su\u00e1rez, el humedal costero m\u00e1s importante del litoral granadino.","rel":"","context":"En \u00abAyuntamiento\u00bb","block_context":{"text":"Ayuntamiento","link":"https:\/\/iumotril.org\/sitio\/category\/ayuntamiento\/"},"img":{"alt_text":"","src":"https:\/\/i0.wp.com\/iumotril.org\/sitio\/wp-content\/uploads\/2025\/04\/inma-playa-granada-scaled-e1770714959392.jpeg?resize=350%2C200&ssl=1","width":350,"height":200,"srcset":"https:\/\/i0.wp.com\/iumotril.org\/sitio\/wp-content\/uploads\/2025\/04\/inma-playa-granada-scaled-e1770714959392.jpeg?resize=350%2C200&ssl=1 1x, https:\/\/i0.wp.com\/iumotril.org\/sitio\/wp-content\/uploads\/2025\/04\/inma-playa-granada-scaled-e1770714959392.jpeg?resize=525%2C300&ssl=1 1.5x, https:\/\/i0.wp.com\/iumotril.org\/sitio\/wp-content\/uploads\/2025\/04\/inma-playa-granada-scaled-e1770714959392.jpeg?resize=700%2C400&ssl=1 2x"},"classes":[]},{"id":519,"url":"https:\/\/iumotril.org\/sitio\/iu-denuncia-la-dejadez-del-ayuntamiento-de-motril-con-la-charca-de-suarez\/","url_meta":{"origin":4732,"position":4},"title":"IU denuncia la dejadez del Ayuntamiento de Motril con la Charca de Su\u00e1rez.","author":"Izquierda Unida Motril","date":"25 abril, 2015","format":false,"excerpt":"IU lamenta que, pese a disponer de una subvenci\u00f3n del 100% a trav\u00e9s de este Programa, se hayan dejado sin acometer actuaciones imprescindibles como el equipamiento del centro de interpretaci\u00f3n, que permitir\u00eda recibir a los visitantes de cruceros y turistas con la calidad que requiere este espacio, o los equipamientos\u2026","rel":"","context":"En \u00abAyuntamiento\u00bb","block_context":{"text":"Ayuntamiento","link":"https:\/\/iumotril.org\/sitio\/category\/ayuntamiento\/"},"img":{"alt_text":"Charca Su\u00e1rez","src":"https:\/\/i0.wp.com\/iumotril.org\/sitio\/wp-content\/uploads\/2015\/04\/Charca-Su%C3%A1rez.jpg?resize=350%2C200","width":350,"height":200,"srcset":"https:\/\/i0.wp.com\/iumotril.org\/sitio\/wp-content\/uploads\/2015\/04\/Charca-Su%C3%A1rez.jpg?resize=350%2C200 1x, https:\/\/i0.wp.com\/iumotril.org\/sitio\/wp-content\/uploads\/2015\/04\/Charca-Su%C3%A1rez.jpg?resize=525%2C300 1.5x"},"classes":[]},{"id":7359,"url":"https:\/\/iumotril.org\/sitio\/iu-equo-demanda-actuaciones-para-acabar-con-los-vertidos-ilegales-a-la-charca-de-suarez-y-a-la-playa-de-poniente\/","url_meta":{"origin":4732,"position":5},"title":"IU-Equo demanda actuaciones para acabar con los vertidos ilegales a la Charca de Su\u00e1rez y a la playa de Poniente","author":"Izquierda Unida Motril","date":"27 abril, 2021","format":false,"excerpt":"Para la portavoz de IU-Equo, ahora se trata fundamentalmente de eso; de destinar recursos para llevar a cabo actuaciones para contribuir a la reducci\u00f3n de agentes contaminantes como los procedentes del pol\u00edgono de las Algaidas. Una actuaci\u00f3n que beneficiar\u00e1 tanto al clima, como a la calidad de nuestras playas y\u2026","rel":"","context":"En \u00abSin categor\u00eda\u00bb","block_context":{"text":"Sin categor\u00eda","link":"https:\/\/iumotril.org\/sitio\/category\/sin-categoria\/"},"img":{"alt_text":"","src":"https:\/\/i0.wp.com\/iumotril.org\/sitio\/wp-content\/uploads\/2021\/04\/Inma-27-Abril-1024x768.jpg?resize=350%2C200","width":350,"height":200,"srcset":"https:\/\/i0.wp.com\/iumotril.org\/sitio\/wp-content\/uploads\/2021\/04\/Inma-27-Abril-1024x768.jpg?resize=350%2C200 1x, https:\/\/i0.wp.com\/iumotril.org\/sitio\/wp-content\/uploads\/2021\/04\/Inma-27-Abril-1024x768.jpg?resize=525%2C300 1.5x"},"classes":[]}],"jetpack_likes_enabled":true,"_links":{"self":[{"href":"https:\/\/iumotril.org\/sitio\/wp-json\/wp\/v2\/posts\/4732","targetHints":{"allow":["GET"]}}],"collection":[{"href":"https:\/\/iumotril.org\/sitio\/wp-json\/wp\/v2\/posts"}],"about":[{"href":"https:\/\/iumotril.org\/sitio\/wp-json\/wp\/v2\/types\/post"}],"author":[{"embeddable":true,"href":"https:\/\/iumotril.org\/sitio\/wp-json\/wp\/v2\/users\/1"}],"replies":[{"embeddable":true,"href":"https:\/\/iumotril.org\/sitio\/wp-json\/wp\/v2\/comments?post=4732"}],"version-history":[{"count":5,"href":"https:\/\/iumotril.org\/sitio\/wp-json\/wp\/v2\/posts\/4732\/revisions"}],"predecessor-version":[{"id":4744,"href":"https:\/\/iumotril.org\/sitio\/wp-json\/wp\/v2\/posts\/4732\/revisions\/4744"}],"wp:attachment":[{"href":"https:\/\/iumotril.org\/sitio\/wp-json\/wp\/v2\/media?parent=4732"}],"wp:term":[{"taxonomy":"category","embeddable":true,"href":"https:\/\/iumotril.org\/sitio\/wp-json\/wp\/v2\/categories?post=4732"},{"taxonomy":"post_tag","embeddable":true,"href":"https:\/\/iumotril.org\/sitio\/wp-json\/wp\/v2\/tags?post=4732"}],"curies":[{"name":"wp","href":"https:\/\/api.w.org\/{rel}","templated":true}]}}