{"id":473,"date":"2015-02-17T16:47:50","date_gmt":"2015-02-17T15:47:50","guid":{"rendered":"http:\/\/iumotril.org\/sitio\/?p=473"},"modified":"2015-02-17T12:57:44","modified_gmt":"2015-02-17T11:57:44","slug":"el-pp-de-motril-sigue-haciendo-aguas","status":"publish","type":"post","link":"https:\/\/iumotril.org\/sitio\/el-pp-de-motril-sigue-haciendo-aguas\/","title":{"rendered":"El PP de Motril sigue haciendo aguas"},"content":{"rendered":"<p style=\"text-align: justify;\"><strong>Una de las mayores tradiciones de nuestra ciudad es que acabar\u00e1 inundada cada vez que llueve. Es algo que todos los vecinos conocen, a pesar de ser una reivindicaci\u00f3n hist\u00f3rica de todos los motrile\u00f1os y motrile\u00f1as, a lo que el PP de Motril responde con parcheos in\u00fatiles que suponen un enorme desembolso econ\u00f3mico y que ponen en evidencia todas las obras que se ejecutan desde este equipo de gobierno.<\/strong><\/p>\n<p><a href=\"https:\/\/iumotril.org\/sitio\/wp-content\/uploads\/2015\/01\/c2015.jpg\"><img loading=\"lazy\" decoding=\"async\" data-attachment-id=\"394\" data-permalink=\"https:\/\/iumotril.org\/sitio\/iu-motril-lamenta-el-uso-de-fotos-de-menores-en-las-redes-sociales-de-la-alcaldesa\/c2015\/\" data-orig-file=\"https:\/\/iumotril.org\/sitio\/wp-content\/uploads\/2015\/01\/c2015.jpg\" data-orig-size=\"4160,3120\" data-comments-opened=\"1\" data-image-meta=\"{&quot;aperture&quot;:&quot;2.4&quot;,&quot;credit&quot;:&quot;&quot;,&quot;camera&quot;:&quot;&quot;,&quot;caption&quot;:&quot;&quot;,&quot;created_timestamp&quot;:&quot;1421665294&quot;,&quot;copyright&quot;:&quot;&quot;,&quot;focal_length&quot;:&quot;3.5&quot;,&quot;iso&quot;:&quot;105&quot;,&quot;shutter_speed&quot;:&quot;0.060001&quot;,&quot;title&quot;:&quot;&quot;,&quot;orientation&quot;:&quot;1&quot;}\" data-image-title=\"c2015\" data-image-description=\"\" data-image-caption=\"\" data-large-file=\"https:\/\/iumotril.org\/sitio\/wp-content\/uploads\/2015\/01\/c2015-1024x768.jpg\" class=\"size-medium wp-image-394 aligncenter\" src=\"https:\/\/iumotril.org\/sitio\/wp-content\/uploads\/2015\/01\/c2015-300x224.jpg\" alt=\"c2015\" width=\"300\" height=\"224\" \/><\/a><\/p>\n<p style=\"text-align: justify;\">Christian Linares, coordinador de juventud de IU-Motril pone de manifiesto que si tras la escasa lluvia ca\u00edda la pasada semana hubo problemas de acumulaci\u00f3n de aguas, con la lluvia de hoy los problemas son de una magnitud del todo incomprensibles m\u00e1xime en zonas que acaban de ser reformadas, precisamente para evitar situaciones como estas: \u201cUno de los puntos negros de nuestra ciudad vuelve a estar inundado tras las obras que se acometieron ah\u00ed hace escasos meses, me refiero a la zona de la calle Cementerio y adyacentes. Esta zona siempre se ha caracterizado por formar aut\u00e9nticas piscinas cada vez que llueve, imposibilitando por completo el seguir caminando por ah\u00ed, mucho menos si te encuentras con un coche, ya que las aceras tambi\u00e9n brillan por su ausencia. Al final, la \u00fanica soluci\u00f3n es acabar empapado\u201d. Ante esto, \u201cel PP entiende que estos vecinos son de segunda o tercera categor\u00eda, por tener que soportar esta situaci\u00f3n con cada lluvia. Creen que con una obra que, visto est\u00e1, es insuficiente, pueden dar por hecho su trabajo en los barrios\u201d.<\/p>\n<p>&nbsp;<\/p>\n<p>Seg\u00fan Linares \u201cya no se trata de inaugurar obras que no est\u00e1n acabadas, como suele hacer el PP de Motril. Se trata de una obra m\u00e1s que acabada y que no ha resistido ni las primeras lluvias. Desde luego, si lo que el se\u00f1or Navarro -concejal de infraestructuras- pretende es re\u00edrse de un barrio entero, lo ha conseguido de sobra\u201d.<\/p>\n<p>Sin embargo, este hecho no es, ni mucho menos, aislado. \u201cEn pleno centro de Motril tambi\u00e9n se originan piscinas que hay que sortear, evitando adem\u00e1s que alg\u00fan veh\u00edculo, por muy lento que circule, te moje. As\u00ed ocurre al lado de la Escuela de Artes, una de las zonas m\u00e1s concurridas de nuestra ciudad\u201d. \u201cDesde luego, esta es la imagen real que ofrece Motril y que va en perjuicio de vecinos y comercios, m\u00e1s all\u00e1 de la imagen irreal que se ha vendido en Fitur y que nos han intentado colar a los propios motrile\u00f1os a trav\u00e9s de Telemotril, como si no conoci\u00e9ramos las carencias que aqu\u00ed tenemos\u201d.<\/p>\n<p>Para finalizar, el coordinador juvenil de IU-Motril insiste en que \u201cel se\u00f1or Navarro demuestra, una vez m\u00e1s, no estar capacitado para estar al frente de las \u00e1reas en las que trabaja, como tampoco lo estaba para las que desempe\u00f1aba anteriormente. Navarro vive m\u00e1s preocupado de las pr\u00f3ximas elecciones, haciendo m\u00e9ritos dentro de su partido que entre los ciudadanos a los que debe su puesto y por los que tiene que trabajar\u201d<\/p>\n","protected":false},"excerpt":{"rendered":"<p>Una de las mayores tradiciones de nuestra ciudad es que [&hellip;]<\/p>\n","protected":false},"author":1,"featured_media":0,"comment_status":"open","ping_status":"open","sticky":false,"template":"","format":"standard","meta":{"cybocfi_hide_featured_image":"","_jetpack_newsletter_access":"","_jetpack_dont_email_post_to_subs":false,"_jetpack_newsletter_tier_id":0,"_jetpack_memberships_contains_paywalled_content":false,"_jetpack_memberships_contains_paid_content":false,"footnotes":""},"categories":[1],"tags":[],"class_list":["post-473","post","type-post","status-publish","format-standard","hentry","category-sin-categoria"],"jetpack_featured_media_url":"","jetpack_sharing_enabled":true,"jetpack_shortlink":"https:\/\/wp.me\/p4QsU5-7D","jetpack-related-posts":[{"id":290,"url":"https:\/\/iumotril.org\/sitio\/motril-se-ahoga-ante-la-indiferencia-del-pp\/","url_meta":{"origin":473,"position":0},"title":"Motril se ahoga ante la indiferencia del PP","author":"Izquierda Unida Motril","date":"4 noviembre, 2014","format":false,"excerpt":"Tras las lluvias ca\u00eddas esta ma\u00f1ana la renovada Avenida de Andaluc\u00eda ha quedado completamente inundada algo que para IU Motril vuelve a poner en el ojo del hurac\u00e1n Sr. Navarro, 2\u00ba Teniente de Alcalde - \u00c1rea de Gesti\u00f3n del Territorio, Calidad Urbana y \"Motril, Futuro a Toda Costa, responsable de\u2026","rel":"","context":"En \u00abSin categor\u00eda\u00bb","block_context":{"text":"Sin categor\u00eda","link":"https:\/\/iumotril.org\/sitio\/category\/sin-categoria\/"},"img":{"alt_text":"IMG-20141104-WA0009[1]","src":"https:\/\/i0.wp.com\/iumotril.org\/sitio\/wp-content\/uploads\/2014\/11\/IMG-20141104-WA00091-223x300.jpg?resize=350%2C200","width":350,"height":200},"classes":[]},{"id":1837,"url":"https:\/\/iumotril.org\/sitio\/izquierda-unida-denuncia-la-gestion-y-las-deficiencias-del-servicio-del-agua-en-motril\/","url_meta":{"origin":473,"position":1},"title":"IZQUIERDA UNIDA DENUNCIA LA GESTI\u00d3N Y LAS DEFICIENCIAS DEL SERVICIO DEL AGUA EN MOTRIL","author":"Izquierda Unida Motril","date":"21 enero, 2016","format":false,"excerpt":"Mientras que Aguas y Servicios obtiene beneficios millonarios, vecinos y vecinas de Motril no tienen agua caliente en sus casas. Reclamamos la recuperaci\u00f3n de la gesti\u00f3n p\u00fablica del servicio y la investigaci\u00f3n de las irregularidades que se han podido cometer.","rel":"","context":"En \u00abEST\u00c1 PASANDO\u00bb","block_context":{"text":"EST\u00c1 PASANDO","link":"https:\/\/iumotril.org\/sitio\/category\/esta-pasando\/"},"img":{"alt_text":"vecinos2","src":"https:\/\/i0.wp.com\/iumotril.org\/sitio\/wp-content\/uploads\/2016\/01\/vecinos2-300x222.jpg?resize=350%2C200","width":350,"height":200},"classes":[]},{"id":10968,"url":"https:\/\/iumotril.org\/sitio\/izquierda-unida-exige-una-solucion-urgente-a-las-humedades-en-la-calle-gregorio-maranon\/","url_meta":{"origin":473,"position":2},"title":"Izquierda Unida exige una soluci\u00f3n urgente a las humedades en la Calle Gregorio Mara\u00f1\u00f3n.","author":"Izquierda Unida Motril","date":"23 febrero, 2026","format":false,"excerpt":"Izquierda Unida quiere dar voz y mostrar su respaldo absoluto a los vecinos de la Calle Gregorio Mara\u00f1\u00f3n, perpendicular a la Calle Ancha, que se enfrentan a una situaci\u00f3n insostenible provocada por la falta de actuaci\u00f3n ante un grave problema de saneamiento. \u00a0 Estas familias llevan tiempo sufriendo un problema\u2026","rel":"","context":"En \u00abAguas y servicios\u00bb","block_context":{"text":"Aguas y servicios","link":"https:\/\/iumotril.org\/sitio\/category\/aguas-y-servicios\/"},"img":{"alt_text":"","src":"https:\/\/i0.wp.com\/iumotril.org\/sitio\/wp-content\/uploads\/2026\/02\/C-linares-1-scaled.jpeg?resize=350%2C200&ssl=1","width":350,"height":200,"srcset":"https:\/\/i0.wp.com\/iumotril.org\/sitio\/wp-content\/uploads\/2026\/02\/C-linares-1-scaled.jpeg?resize=350%2C200&ssl=1 1x, https:\/\/i0.wp.com\/iumotril.org\/sitio\/wp-content\/uploads\/2026\/02\/C-linares-1-scaled.jpeg?resize=525%2C300&ssl=1 1.5x, https:\/\/i0.wp.com\/iumotril.org\/sitio\/wp-content\/uploads\/2026\/02\/C-linares-1-scaled.jpeg?resize=700%2C400&ssl=1 2x, https:\/\/i0.wp.com\/iumotril.org\/sitio\/wp-content\/uploads\/2026\/02\/C-linares-1-scaled.jpeg?resize=1050%2C600&ssl=1 3x, https:\/\/i0.wp.com\/iumotril.org\/sitio\/wp-content\/uploads\/2026\/02\/C-linares-1-scaled.jpeg?resize=1400%2C800&ssl=1 4x"},"classes":[]},{"id":1908,"url":"https:\/\/iumotril.org\/sitio\/vecinos-de-la-calle-ancha-exigen-la-solucion-inmediata-de-los-problemas-con-la-presion-de-agua-en-sus-viviendas\/","url_meta":{"origin":473,"position":3},"title":"VECINOS DE LA CALLE ANCHA EXIGEN LA SOLUCI\u00d3N INMEDIATA DE LOS PROBLEMAS CON LA PRESI\u00d3N DE AGUA EN SUS VIVIENDAS","author":"Izquierda Unida Motril","date":"19 febrero, 2016","format":false,"excerpt":"Tras ser informados de la aprobaci\u00f3n por el Pleno de las propuestas presentadas por Izquierda Unida, los vecinos y vecinas participantes en la reuni\u00f3n exigieron que se acometan con car\u00e1cter urgente las obras de reforma necesarias con cargo al canon de mejora de infraestructuras para dar una soluci\u00f3n definitiva a\u2026","rel":"","context":"En \u00abEST\u00c1 PASANDO\u00bb","block_context":{"text":"EST\u00c1 PASANDO","link":"https:\/\/iumotril.org\/sitio\/category\/esta-pasando\/"},"img":{"alt_text":"negocio agua","src":"https:\/\/i0.wp.com\/iumotril.org\/sitio\/wp-content\/uploads\/2015\/11\/negocio-agua-1024x722.jpg?resize=350%2C200","width":350,"height":200,"srcset":"https:\/\/i0.wp.com\/iumotril.org\/sitio\/wp-content\/uploads\/2015\/11\/negocio-agua-1024x722.jpg?resize=350%2C200 1x, https:\/\/i0.wp.com\/iumotril.org\/sitio\/wp-content\/uploads\/2015\/11\/negocio-agua-1024x722.jpg?resize=525%2C300 1.5x"},"classes":[]},{"id":168,"url":"https:\/\/iumotril.org\/sitio\/el-pp-motril-mantiene-sus-privilegios-a-costa-del-sacrificio-de-los-ciudadans\/","url_meta":{"origin":473,"position":4},"title":"EL PP MOTRIL MANTIENE SUS PRIVILEGIOS A COSTA DEL SACRIFICIO DE LOS CIUDADAN@S","author":"Izquierda Unida Motril","date":"26 septiembre, 2014","format":false,"excerpt":"IU Motril critica duramente los presupuestos para el ejercicio 2014 que el PP de Motril ha aprobado en solitario haciendo valer el rodillo de la mayor\u00eda absoluta y los ha calificado como los presupuestos de la \u201cverg\u00fcenza\u201d. Para la Concejala de IU en el Ayuntamiento de Motril, Daniela Paqu\u00e9 estos\u2026","rel":"","context":"En \u00abAyuntamiento\u00bb","block_context":{"text":"Ayuntamiento","link":"https:\/\/iumotril.org\/sitio\/category\/ayuntamiento\/"},"img":{"alt_text":"daniela  5","src":"https:\/\/i0.wp.com\/iumotril.org\/sitio\/wp-content\/uploads\/2014\/09\/daniela-5-300x200.jpg?resize=350%2C200","width":350,"height":200},"classes":[]},{"id":108,"url":"https:\/\/iumotril.org\/sitio\/denunciamos-el-estado-de-suciedad-de-las-calles-de-motril\/","url_meta":{"origin":473,"position":5},"title":"DENUNCIAMOS EL ESTADO DE SUCIEDAD DE LAS CALLES DE MOTRIL","author":"Izquierda Unida Motril","date":"15 septiembre, 2014","format":false,"excerpt":"Daniela Paqu\u00e9, concejala de IU en el Ayuntamiento de Motril, ha denunciado el estado de abandono y acumulaci\u00f3n de suciedad en determinadas zonas de la ciudad, dando una \u00abimagen lamentable\u00bb, ejemplo de la mala gesti\u00f3n del PP, \u00abporque para lograr que Motril sea referente tur\u00edstico, algo que pretende y vende\u2026","rel":"","context":"En \u00abSin categor\u00eda\u00bb","block_context":{"text":"Sin categor\u00eda","link":"https:\/\/iumotril.org\/sitio\/category\/sin-categoria\/"},"img":{"alt_text":"rambla alamos 2013 002","src":"https:\/\/i0.wp.com\/iumotril.org\/sitio\/wp-content\/uploads\/2014\/09\/rambla-alamos-2013-002-300x200.jpg?resize=350%2C200","width":350,"height":200},"classes":[]}],"jetpack_likes_enabled":true,"_links":{"self":[{"href":"https:\/\/iumotril.org\/sitio\/wp-json\/wp\/v2\/posts\/473","targetHints":{"allow":["GET"]}}],"collection":[{"href":"https:\/\/iumotril.org\/sitio\/wp-json\/wp\/v2\/posts"}],"about":[{"href":"https:\/\/iumotril.org\/sitio\/wp-json\/wp\/v2\/types\/post"}],"author":[{"embeddable":true,"href":"https:\/\/iumotril.org\/sitio\/wp-json\/wp\/v2\/users\/1"}],"replies":[{"embeddable":true,"href":"https:\/\/iumotril.org\/sitio\/wp-json\/wp\/v2\/comments?post=473"}],"version-history":[{"count":2,"href":"https:\/\/iumotril.org\/sitio\/wp-json\/wp\/v2\/posts\/473\/revisions"}],"predecessor-version":[{"id":476,"href":"https:\/\/iumotril.org\/sitio\/wp-json\/wp\/v2\/posts\/473\/revisions\/476"}],"wp:attachment":[{"href":"https:\/\/iumotril.org\/sitio\/wp-json\/wp\/v2\/media?parent=473"}],"wp:term":[{"taxonomy":"category","embeddable":true,"href":"https:\/\/iumotril.org\/sitio\/wp-json\/wp\/v2\/categories?post=473"},{"taxonomy":"post_tag","embeddable":true,"href":"https:\/\/iumotril.org\/sitio\/wp-json\/wp\/v2\/tags?post=473"}],"curies":[{"name":"wp","href":"https:\/\/api.w.org\/{rel}","templated":true}]}}