{"id":4715,"date":"2019-02-15T11:48:51","date_gmt":"2019-02-15T10:48:51","guid":{"rendered":"http:\/\/iumotril.org\/sitio\/?p=4715"},"modified":"2019-02-16T10:04:50","modified_gmt":"2019-02-16T09:04:50","slug":"izquierda-unida-propone-la-regulacion-del-funcionamiento-del-punto-limpio","status":"publish","type":"post","link":"https:\/\/iumotril.org\/sitio\/izquierda-unida-propone-la-regulacion-del-funcionamiento-del-punto-limpio\/","title":{"rendered":"Izquierda Unida propone la regulaci\u00f3n del funcionamiento del Punto Limpio"},"content":{"rendered":"<ul>\n<li style=\"text-align: justify;\"><span style=\"color: #993300;\">Denuncia la proliferaci\u00f3n de vertidos ilegales en diferentes puntos de Motril a ra\u00edz de la prohibici\u00f3n de la utilizaci\u00f3n del Punto Limpio por parte de empresas y profesionales.<\/span><\/li>\n<li style=\"text-align: justify;\"><span style=\"color: #993300;\">Critica la falta de informaci\u00f3n a los usuarios de las nuevas restricciones en su utilizaci\u00f3n.<\/span><\/li>\n<li style=\"text-align: justify;\"><span style=\"color: #993300;\">Presenta al Pleno una iniciativa para que se elabore una Ordenanza reguladora del funcionamiento del Punto Limpio Municipal.<\/span><\/li>\n<\/ul>\n<p style=\"text-align: justify;\">Aunque es de sentido com\u00fan que cualquier modificaci\u00f3n en la prestaci\u00f3n de los servicios municipales sea comunicada a sus usuarios para que puedan adaptarse a los nuevos requerimientos, el equipo de gobierno municipal del PSOE y del PA no ha llevado a cabo ninguna actuaci\u00f3n informativa para comunicar los cambios introducidos a partir del 10 de diciembre de 2018. \u00danicamente, una vez en el Punto Limpio, se facilitaba una hoja informativa.<\/p>\n<p style=\"text-align: justify;\">Una muestra m\u00e1s del <strong>desinter\u00e9s<\/strong> y la <strong>desidia del gobierno municipal<\/strong> que ignora los problemas y necesidades de la ciudad y de sus vecinos y sus vecinas, ha declarado la <strong>candidata de Izquierda Unida a la Alcald\u00eda de Motril, Inma Omiste<\/strong>.<\/p>\n<p style=\"text-align: justify;\"><a href=\"https:\/\/iumotril.org\/sitio\/izquierda-unida-propone-la-regulacion-del-funcionamiento-del-punto-limpio\/jose-e-inma_2_febrero\/\" rel=\"attachment wp-att-4720\"><img loading=\"lazy\" decoding=\"async\" data-attachment-id=\"4720\" data-permalink=\"https:\/\/iumotril.org\/sitio\/izquierda-unida-propone-la-regulacion-del-funcionamiento-del-punto-limpio\/jose-e-inma_2_febrero\/\" data-orig-file=\"https:\/\/iumotril.org\/sitio\/wp-content\/uploads\/2019\/02\/Jose-e-Inma_2_febrero.jpg\" data-orig-size=\"1200,1600\" data-comments-opened=\"1\" data-image-meta=\"{&quot;aperture&quot;:&quot;0&quot;,&quot;credit&quot;:&quot;&quot;,&quot;camera&quot;:&quot;&quot;,&quot;caption&quot;:&quot;&quot;,&quot;created_timestamp&quot;:&quot;0&quot;,&quot;copyright&quot;:&quot;&quot;,&quot;focal_length&quot;:&quot;0&quot;,&quot;iso&quot;:&quot;0&quot;,&quot;shutter_speed&quot;:&quot;0&quot;,&quot;title&quot;:&quot;&quot;,&quot;orientation&quot;:&quot;0&quot;}\" data-image-title=\"Jose e Inma_2_febrero\" data-image-description=\"\" data-image-caption=\"\" data-large-file=\"https:\/\/iumotril.org\/sitio\/wp-content\/uploads\/2019\/02\/Jose-e-Inma_2_febrero-768x1024.jpg\" class=\"wp-image-4720 alignleft\" src=\"https:\/\/iumotril.org\/sitio\/wp-content\/uploads\/2019\/02\/Jose-e-Inma_2_febrero.jpg\" alt=\"\" width=\"429\" height=\"572\" srcset=\"https:\/\/iumotril.org\/sitio\/wp-content\/uploads\/2019\/02\/Jose-e-Inma_2_febrero.jpg 1200w, https:\/\/iumotril.org\/sitio\/wp-content\/uploads\/2019\/02\/Jose-e-Inma_2_febrero-225x300.jpg 225w, https:\/\/iumotril.org\/sitio\/wp-content\/uploads\/2019\/02\/Jose-e-Inma_2_febrero-768x1024.jpg 768w\" sizes=\"auto, (max-width: 429px) 100vw, 429px\" \/><\/a>Aunque <a href=\"http:\/\/motrildigital.blogspot.com\/2018\/03\/equo-denuncia-un-punto-de-vertido.html\">no es una situaci\u00f3n nueva<\/a>, a juicio de Izquierda Unida los <strong>cambios de criterio en la utilizaci\u00f3n del Punto Limpio<\/strong> que afectan a los usuarios del servicio est\u00e1 contribuyendo a la <strong>proliferaci\u00f3n de vertidos ilegales y la formaci\u00f3n de escombreras<\/strong> en diferentes puntos y lugares del t\u00e9rmino municipal de Motril, tal\u00a0 y como en las \u00faltimas semanas vienen denunciando los vecinos.<\/p>\n<p style=\"text-align: justify;\"><strong>Inma Omiste<\/strong> ha denunciado que la informaci\u00f3n que se facilita acerca del Punto Limpio en la <a href=\"http:\/\/www.motril.es\/index.php?id=554\">web municipal<\/a> es claramente <strong>insuficiente<\/strong> y <strong>no resulta f\u00e1cilmente accesible,<\/strong> adem\u00e1s de estar <strong>desactualizada<\/strong>. Una muestra m\u00e1s de la<strong> indiferencia de Alm\u00f3n y Esc\u00e1mez<\/strong> hacia la necesaria sensibilizaci\u00f3n de la ciudadan\u00eda y desprecio hacia la adecuada preservaci\u00f3n del medio ambiente. En este sentido, ha reclamado la realizaci\u00f3n de campa\u00f1as formativas e informativas estables en el tiempo, dirigidas al conjunto de la ciudadan\u00eda y de manera especial a la comunidad educativa.<\/p>\n<p style=\"text-align: justify;\">Desde Izquierda Unida se considera que resulta necesaria la <strong>regulaci\u00f3n transparente de la recogida de residuos para empresas y usuarios particulares<\/strong>, por lo que solicitar\u00e1 en el pr\u00f3ximo Pleno la elaboraci\u00f3n de una <strong>Ordenanza reguladora del funcionamiento del Punto Limpio Municipal.<\/strong><\/p>\n","protected":false},"excerpt":{"rendered":"<p>Inma Omiste ha denunciado que la informaci\u00f3n que se facilita acerca del Punto Limpio en la web municipal es claramente insuficiente y no resulta f\u00e1cilmente accesible, adem\u00e1s de estar desactualizada. Desde Izquierda Unida se considera que resulta necesaria la regulaci\u00f3n transparente de la recogida de residuos para empresas y usuarios particulares, por lo que solicitar\u00e1 en el pr\u00f3ximo Pleno la elaboraci\u00f3n de una Ordenanza reguladora del funcionamiento del Punto Limpio Municipal.<\/p>\n","protected":false},"author":1,"featured_media":0,"comment_status":"open","ping_status":"open","sticky":false,"template":"","format":"standard","meta":{"cybocfi_hide_featured_image":"","_jetpack_newsletter_access":"","_jetpack_dont_email_post_to_subs":false,"_jetpack_newsletter_tier_id":0,"_jetpack_memberships_contains_paywalled_content":false,"_jetpack_memberships_contains_paid_content":false,"footnotes":""},"categories":[7,265],"tags":[129,130,1223,115,98,1225,1222,1224],"class_list":["post-4715","post","type-post","status-publish","format-standard","hentry","category-ayuntamiento","category-esta-pasando","tag-almon","tag-escamez","tag-escombros","tag-inma-omiste","tag-medio-ambiente","tag-ordenanzas","tag-punto-limpio","tag-vertidos-ilegales"],"jetpack_featured_media_url":"","jetpack_sharing_enabled":true,"jetpack_shortlink":"https:\/\/wp.me\/p4QsU5-1e3","jetpack-related-posts":[{"id":7666,"url":"https:\/\/iumotril.org\/sitio\/iu-equo-denuncia-el-abandono-del-punto-limpio-por-parte-del-gobierno-municipal\/","url_meta":{"origin":4715,"position":0},"title":"IU-Equo denuncia el abandono del Punto Limpio por parte del gobierno municipal","author":"Izquierda Unida Motril","date":"18 agosto, 2021","format":false,"excerpt":"Adem\u00e1s del deficiente servicio que se est\u00e1 prestando, la alcaldesa y su numeroso equipo est\u00e1n trasladando un mensaje muy negativo a los usuarios y a los vecinos, ya que se est\u00e1 poniendo en cuesti\u00f3n la utilidad de la separaci\u00f3n selectiva de residuos en los hogares, a la vista del descontrol\u2026","rel":"","context":"En \u00abEST\u00c1 PASANDO\u00bb","block_context":{"text":"EST\u00c1 PASANDO","link":"https:\/\/iumotril.org\/sitio\/category\/esta-pasando\/"},"img":{"alt_text":"","src":"https:\/\/i0.wp.com\/iumotril.org\/sitio\/wp-content\/uploads\/2021\/08\/Punto-limpio-sucio-18-agosto-1024x768.jpg?resize=350%2C200","width":350,"height":200,"srcset":"https:\/\/i0.wp.com\/iumotril.org\/sitio\/wp-content\/uploads\/2021\/08\/Punto-limpio-sucio-18-agosto-1024x768.jpg?resize=350%2C200 1x, https:\/\/i0.wp.com\/iumotril.org\/sitio\/wp-content\/uploads\/2021\/08\/Punto-limpio-sucio-18-agosto-1024x768.jpg?resize=525%2C300 1.5x"},"classes":[]},{"id":7541,"url":"https:\/\/iumotril.org\/sitio\/iu-equo-propone-la-mejora-del-punto-limpio-y-la-instalacion-de-un-punto-limpio-industrial\/","url_meta":{"origin":4715,"position":1},"title":"IU-Equo propone la mejora del Punto limpio y la instalaci\u00f3n de un Punto limpio industrial","author":"Izquierda Unida Motril","date":"22 junio, 2021","format":false,"excerpt":"El Grupo municipal de IU-Equo presentar\u00e1 estas propuestas a la consideraci\u00f3n del pr\u00f3ximo pleno municipal, al entender que resulta necesaria la mejora de las actuales instalaciones, as\u00ed como la revisi\u00f3n del modelo de recogida que se est\u00e1 llevando a cabo, que resulta claramente ineficaz e inoperativo para dar la recogida\u2026","rel":"","context":"En \u00abAyuntamiento\u00bb","block_context":{"text":"Ayuntamiento","link":"https:\/\/iumotril.org\/sitio\/category\/ayuntamiento\/"},"img":{"alt_text":"","src":"https:\/\/i0.wp.com\/iumotril.org\/sitio\/wp-content\/uploads\/2021\/06\/66cc9947-a813-4a6c-a625-f286e64d3752-1024x575.jpg?resize=350%2C200","width":350,"height":200,"srcset":"https:\/\/i0.wp.com\/iumotril.org\/sitio\/wp-content\/uploads\/2021\/06\/66cc9947-a813-4a6c-a625-f286e64d3752-1024x575.jpg?resize=350%2C200 1x, https:\/\/i0.wp.com\/iumotril.org\/sitio\/wp-content\/uploads\/2021\/06\/66cc9947-a813-4a6c-a625-f286e64d3752-1024x575.jpg?resize=525%2C300 1.5x"},"classes":[]},{"id":5065,"url":"https:\/\/iumotril.org\/sitio\/motril-no-puede-permanecer-impasible-ante-el-deterioro-medioambiental\/","url_meta":{"origin":4715,"position":2},"title":"Motril no puede permanecer impasible ante el deterioro medioambiental","author":"Izquierda Unida Motril","date":"17 mayo, 2019","format":false,"excerpt":"Inma Omiste ha se\u00f1alado el compromiso medioambiental y de lucha contra el cambio clim\u00e1tico de su proyecto de gobierno para Motril. La preservaci\u00f3n del medio ambiente es uno de los ejes transversales que recorren todas nuestras propuestas de gobierno: el programa de IU-Equo Verdes es un compromiso con la ciudadan\u00eda\u2026","rel":"","context":"En \u00abEST\u00c1 PASANDO\u00bb","block_context":{"text":"EST\u00c1 PASANDO","link":"https:\/\/iumotril.org\/sitio\/category\/esta-pasando\/"},"img":{"alt_text":"","src":"https:\/\/i0.wp.com\/iumotril.org\/sitio\/wp-content\/uploads\/2019\/05\/Juan-Luis-Valdivieso-Inma-Omiste-Christian-Linares-Daniela-Paque%CC%81-Jose-Llorente-1024x767.jpg?resize=350%2C200","width":350,"height":200,"srcset":"https:\/\/i0.wp.com\/iumotril.org\/sitio\/wp-content\/uploads\/2019\/05\/Juan-Luis-Valdivieso-Inma-Omiste-Christian-Linares-Daniela-Paque%CC%81-Jose-Llorente-1024x767.jpg?resize=350%2C200 1x, https:\/\/i0.wp.com\/iumotril.org\/sitio\/wp-content\/uploads\/2019\/05\/Juan-Luis-Valdivieso-Inma-Omiste-Christian-Linares-Daniela-Paque%CC%81-Jose-Llorente-1024x767.jpg?resize=525%2C300 1.5x"},"classes":[]},{"id":7359,"url":"https:\/\/iumotril.org\/sitio\/iu-equo-demanda-actuaciones-para-acabar-con-los-vertidos-ilegales-a-la-charca-de-suarez-y-a-la-playa-de-poniente\/","url_meta":{"origin":4715,"position":3},"title":"IU-Equo demanda actuaciones para acabar con los vertidos ilegales a la Charca de Su\u00e1rez y a la playa de Poniente","author":"Izquierda Unida Motril","date":"27 abril, 2021","format":false,"excerpt":"Para la portavoz de IU-Equo, ahora se trata fundamentalmente de eso; de destinar recursos para llevar a cabo actuaciones para contribuir a la reducci\u00f3n de agentes contaminantes como los procedentes del pol\u00edgono de las Algaidas. Una actuaci\u00f3n que beneficiar\u00e1 tanto al clima, como a la calidad de nuestras playas y\u2026","rel":"","context":"En \u00abSin categor\u00eda\u00bb","block_context":{"text":"Sin categor\u00eda","link":"https:\/\/iumotril.org\/sitio\/category\/sin-categoria\/"},"img":{"alt_text":"","src":"https:\/\/i0.wp.com\/iumotril.org\/sitio\/wp-content\/uploads\/2021\/04\/Inma-27-Abril-1024x768.jpg?resize=350%2C200","width":350,"height":200,"srcset":"https:\/\/i0.wp.com\/iumotril.org\/sitio\/wp-content\/uploads\/2021\/04\/Inma-27-Abril-1024x768.jpg?resize=350%2C200 1x, https:\/\/i0.wp.com\/iumotril.org\/sitio\/wp-content\/uploads\/2021\/04\/Inma-27-Abril-1024x768.jpg?resize=525%2C300 1.5x"},"classes":[]},{"id":5565,"url":"https:\/\/iumotril.org\/sitio\/iu-equo-propone-en-una-mocion-que-presenta-al-pleno-municipal-la-proteccion-de-las-acequias-de-motril\/","url_meta":{"origin":4715,"position":4},"title":"IU-EQUO propone en una moci\u00f3n que presenta al pleno municipal la protecci\u00f3n de las acequias de Motril","author":"Izquierda Unida Motril","date":"30 enero, 2020","format":false,"excerpt":"Entre las propuestas de acuerdo que se incluyen en la moci\u00f3n est\u00e1 realizar un inventario del patrimonio material ligado a las acequias del t\u00e9rmino municipal, de su estado, composici\u00f3n, distribuci\u00f3n, titularidad y funciones y la adopci\u00f3n de medidas que garanticen la presencia de un caudal m\u00ednimo ecol\u00f3gico, as\u00ed como la\u2026","rel":"","context":"En \u00abEST\u00c1 PASANDO\u00bb","block_context":{"text":"EST\u00c1 PASANDO","link":"https:\/\/iumotril.org\/sitio\/category\/esta-pasando\/"},"img":{"alt_text":"","src":"https:\/\/i0.wp.com\/iumotril.org\/sitio\/wp-content\/uploads\/2020\/01\/acequia.gif?resize=350%2C200","width":350,"height":200},"classes":[]},{"id":7830,"url":"https:\/\/iumotril.org\/sitio\/iu-equo-critica-que-la-piscina-municipal-no-haya-recuperado-su-actividad-en-los-ultimos-20-meses\/","url_meta":{"origin":4715,"position":5},"title":"IU-EQUO critica que la Piscina municipal no haya recuperado su actividad en los \u00faltimos 20 meses","author":"Izquierda Unida Motril","date":"19 noviembre, 2021","format":false,"excerpt":"Tras el verano, con el inicio de la nueva temporada, se anunci\u00f3 que la piscina no ofrecer\u00eda actividades en sus instalaciones a partir del mes de noviembre por el comienzo de determinadas obras de mantenimiento y mejora de las mismas. Pero, a pesar de que las obras no han comenzado,\u2026","rel":"","context":"En \u00abAyuntamiento\u00bb","block_context":{"text":"Ayuntamiento","link":"https:\/\/iumotril.org\/sitio\/category\/ayuntamiento\/"},"img":{"alt_text":"","src":"https:\/\/i0.wp.com\/iumotril.org\/sitio\/wp-content\/uploads\/2021\/03\/Inma-Omiste-30-marzo-2-1024x768.jpg?resize=350%2C200","width":350,"height":200,"srcset":"https:\/\/i0.wp.com\/iumotril.org\/sitio\/wp-content\/uploads\/2021\/03\/Inma-Omiste-30-marzo-2-1024x768.jpg?resize=350%2C200 1x, https:\/\/i0.wp.com\/iumotril.org\/sitio\/wp-content\/uploads\/2021\/03\/Inma-Omiste-30-marzo-2-1024x768.jpg?resize=525%2C300 1.5x"},"classes":[]}],"jetpack_likes_enabled":true,"_links":{"self":[{"href":"https:\/\/iumotril.org\/sitio\/wp-json\/wp\/v2\/posts\/4715","targetHints":{"allow":["GET"]}}],"collection":[{"href":"https:\/\/iumotril.org\/sitio\/wp-json\/wp\/v2\/posts"}],"about":[{"href":"https:\/\/iumotril.org\/sitio\/wp-json\/wp\/v2\/types\/post"}],"author":[{"embeddable":true,"href":"https:\/\/iumotril.org\/sitio\/wp-json\/wp\/v2\/users\/1"}],"replies":[{"embeddable":true,"href":"https:\/\/iumotril.org\/sitio\/wp-json\/wp\/v2\/comments?post=4715"}],"version-history":[{"count":10,"href":"https:\/\/iumotril.org\/sitio\/wp-json\/wp\/v2\/posts\/4715\/revisions"}],"predecessor-version":[{"id":4727,"href":"https:\/\/iumotril.org\/sitio\/wp-json\/wp\/v2\/posts\/4715\/revisions\/4727"}],"wp:attachment":[{"href":"https:\/\/iumotril.org\/sitio\/wp-json\/wp\/v2\/media?parent=4715"}],"wp:term":[{"taxonomy":"category","embeddable":true,"href":"https:\/\/iumotril.org\/sitio\/wp-json\/wp\/v2\/categories?post=4715"},{"taxonomy":"post_tag","embeddable":true,"href":"https:\/\/iumotril.org\/sitio\/wp-json\/wp\/v2\/tags?post=4715"}],"curies":[{"name":"wp","href":"https:\/\/api.w.org\/{rel}","templated":true}]}}