{"id":4705,"date":"2019-02-20T18:23:21","date_gmt":"2019-02-20T17:23:21","guid":{"rendered":"http:\/\/iumotril.org\/sitio\/?p=4705"},"modified":"2019-02-20T18:23:21","modified_gmt":"2019-02-20T17:23:21","slug":"izquierda-unida-rechaza-cualquier-intento-de-recuperar-el-trasvase-de-la-presa-de-rules-a-almeria","status":"publish","type":"post","link":"https:\/\/iumotril.org\/sitio\/izquierda-unida-rechaza-cualquier-intento-de-recuperar-el-trasvase-de-la-presa-de-rules-a-almeria\/","title":{"rendered":"Izquierda Unida rechaza cualquier intento de recuperar el trasvase de la Presa de Rules a Almer\u00eda"},"content":{"rendered":"<ul class=\"ul1\">\n<li class=\"li1\" style=\"text-align: justify;\"><span class=\"s2\" style=\"color: #993300;\">El anuncio de la Consejera de Agricultura de la Junta de Andaluc\u00eda de recuperar antiguos proyectos de infraestructuras, como la interconexi\u00f3n de la Presa de Rules con el Pantano de Ben\u00ednar en el Poniente almeriense, pone en evidencia el desconocimiento del nuevo gobierno andaluz de la situaci\u00f3n hidrol\u00f3gica de la Costa de Granada.<\/span><\/li>\n<li class=\"li1\" style=\"text-align: justify;\"><span class=\"s2\" style=\"color: #993300;\">Izquierda Unida ha solicitado por escrito la reuni\u00f3n urgente del Consejo Municipal Agrario para abordar este asunto y procurar establecer una posici\u00f3n com\u00fan de la Corporaci\u00f3n motrile\u00f1a.<\/span><\/li>\n<\/ul>\n<p class=\"p1\" style=\"text-align: justify;\"><span class=\"s2\">El anuncio de la <strong>Consejera de Agricultura<\/strong> supone un desprecio hacia la Costa de Granada en su conjunto y de modo especial hacia sus agricultores que llevan m\u00e1s de una d\u00e9cada esperando la construcci\u00f3n de las conducciones de la Presa de Rules para resolver sus graves problemas de abastecimiento de agua para el riego. Un proyecto para el que ni la Administraci\u00f3n Central ni la Auton\u00f3mica han tenido la necesaria voluntad pol\u00edtica para culminarlo.<\/span><\/p>\n<figure id=\"attachment_4734\" aria-describedby=\"caption-attachment-4734\" style=\"width: 1300px\" class=\"wp-caption aligncenter\"><a href=\"https:\/\/iumotril.org\/sitio\/rules_cadena-ser\/\"><img loading=\"lazy\" decoding=\"async\" data-attachment-id=\"4734\" data-permalink=\"https:\/\/iumotril.org\/sitio\/izquierda-unida-rechaza-cualquier-intento-de-recuperar-el-trasvase-de-la-presa-de-rules-a-almeria\/rules_cadena-ser\/\" data-orig-file=\"https:\/\/iumotril.org\/sitio\/wp-content\/uploads\/2019\/02\/Rules_cadena-Ser.jpg\" data-orig-size=\"1300,762\" data-comments-opened=\"1\" data-image-meta=\"{&quot;aperture&quot;:&quot;0&quot;,&quot;credit&quot;:&quot;&quot;,&quot;camera&quot;:&quot;&quot;,&quot;caption&quot;:&quot;&quot;,&quot;created_timestamp&quot;:&quot;0&quot;,&quot;copyright&quot;:&quot;&quot;,&quot;focal_length&quot;:&quot;0&quot;,&quot;iso&quot;:&quot;0&quot;,&quot;shutter_speed&quot;:&quot;0&quot;,&quot;title&quot;:&quot;&quot;,&quot;orientation&quot;:&quot;0&quot;}\" data-image-title=\"Rules_cadena Ser\" data-image-description=\"\" data-image-caption=\"&lt;p&gt;Presa de Rules\/Imagen de la Cadena SER&lt;\/p&gt;\n\" data-large-file=\"https:\/\/iumotril.org\/sitio\/wp-content\/uploads\/2019\/02\/Rules_cadena-Ser-1024x600.jpg\" class=\"size-full wp-image-4734\" src=\"https:\/\/iumotril.org\/sitio\/wp-content\/uploads\/2019\/02\/Rules_cadena-Ser.jpg\" alt=\"\" width=\"1300\" height=\"762\" srcset=\"https:\/\/iumotril.org\/sitio\/wp-content\/uploads\/2019\/02\/Rules_cadena-Ser.jpg 1300w, https:\/\/iumotril.org\/sitio\/wp-content\/uploads\/2019\/02\/Rules_cadena-Ser-300x176.jpg 300w, https:\/\/iumotril.org\/sitio\/wp-content\/uploads\/2019\/02\/Rules_cadena-Ser-768x450.jpg 768w, https:\/\/iumotril.org\/sitio\/wp-content\/uploads\/2019\/02\/Rules_cadena-Ser-1024x600.jpg 1024w\" sizes=\"auto, (max-width: 1300px) 100vw, 1300px\" \/><\/a><figcaption id=\"caption-attachment-4734\" class=\"wp-caption-text\">Presa de Rules\/Imagen de la Cadena SER<\/figcaption><\/figure>\n<p class=\"p1\" style=\"text-align: justify;\"><span class=\"s2\">La portavoz adjunta de Izquierda Unida y candidata a la Alcald\u00eda de Motril, <strong>Inma Omiste<\/strong>, ha se\u00f1alado que el anuncio de la Consejera de Agricultura supone reabrir un debate ya cerrado desde el momento en el que en el Plan Hidrogr\u00e1fico de la Cuenca del Mediterr\u00e1neo, no se contempla dicho trasvase.<span class=\"Apple-converted-space\">\u00a0<\/span><\/span><\/p>\n<p class=\"p1\" style=\"text-align: justify;\"><span class=\"s2\">En su opini\u00f3n, el anuncio de la Consejera es una muestra m\u00e1s de la improvisaci\u00f3n y el oportunismo con el que se est\u00e1 conduciendo el gobierno andaluz tras su toma de posesi\u00f3n, adoptando decisiones arbitrarias que <strong>no responden al inter\u00e9s general de los andaluces y andaluzas.<\/strong> Inma Omiste ha apuntado que la Consejera, con anterioridad a su nueva responsabilidad, fue la Delegada del gobierno en Andaluc\u00eda hasta el a\u00f1o 2015 y previamente Alcaldesa de Adra. <\/span><\/p>\n<p class=\"p1\" style=\"text-align: justify;\"><span class=\"s2\">La portavoz de Izquierda Unida ha criticado la utilizaci\u00f3n de informaciones procedentes de informes y <strong>estudios de hace m\u00e1s de treinta a\u00f1os<\/strong>, como es la existencia de un excedente de alrededor de 50 Hect\u00f3metros c\u00fabicos anuales en la Presa de Rules, un aseveraci\u00f3n que no responde a la realidad. <\/span><\/p>\n<p class=\"p1\" style=\"text-align: justify;\"><span class=\"s2\">Por otro lado, la edil de Izquierda Unida ha se\u00f1alado que la pol\u00edtica de <strong>trasvases<\/strong> intracomunitarios es una <strong>pol\u00edtica de gesti\u00f3n del agua obsoleta<\/strong> desde la perspectiva de la <strong>nueva cultura del agua<\/strong> tanto por sus impactos ambientales como por la necesidad de aplicar el principio de <strong>adecuar la demanda a los recursos propios<\/strong>.<\/span><\/p>\n<p class=\"p1\" style=\"text-align: justify;\"><span class=\"s2\">Inma Omiste ha emplazado al <strong>Partido Popular de Motril<\/strong> a que se posicione ante ese posible trasvase desde Rules al Poniente almeriense y que defienda por encima de cualquier otra consideraci\u00f3n partidista los intereses de los agricultores y la poblaci\u00f3n de la Costa granadina.<\/span><\/p>\n<p class=\"p1\" style=\"text-align: justify;\"><span class=\"s2\">Izquierda Unida <strong>hace un llamamiento<\/strong> a los agricultores, organizaciones pol\u00edticas, colectivos sociales y agentes econ\u00f3micos y sociales para que se mantengan alerta ante cualquier actuaci\u00f3n en este sentido y se dispongan <strong>a una movilizaci\u00f3n popular masiva<\/strong> en el caso de que se confirmen las intenciones del gobierno andaluz.<\/span><\/p>\n","protected":false},"excerpt":{"rendered":"<p>El anuncio de la Consejera es una muestra m\u00e1s de la improvisaci\u00f3n y el oportunismo con el que se est\u00e1 conduciendo el gobierno andaluz tras su toma de posesi\u00f3n, adoptando decisiones arbitrarias que no responden al inter\u00e9s general de los andaluces y andaluzas. Inma Omiste ha apuntado que la Consejera, con anterioridad a su nueva responsabilidad, fue la Delegada del gobierno en Andaluc\u00eda hasta el a\u00f1o 2015 y previamente Alcaldesa de Adra.<br \/>\nIzquierda Unida hace un llamamiento a los agricultores, organizaciones pol\u00edticas, colectivos sociales y agentes econ\u00f3micos y sociales para que se mantengan alerta ante cualquier actuaci\u00f3n en este sentido y se dispongan a una movilizaci\u00f3n popular masiva en el caso de que se confirmen las intenciones del gobierno andaluz.<\/p>\n","protected":false},"author":1,"featured_media":0,"comment_status":"open","ping_status":"open","sticky":false,"template":"","format":"standard","meta":{"cybocfi_hide_featured_image":"","_jetpack_newsletter_access":"","_jetpack_dont_email_post_to_subs":false,"_jetpack_newsletter_tier_id":0,"_jetpack_memberships_contains_paywalled_content":false,"_jetpack_memberships_contains_paid_content":false,"footnotes":""},"categories":[265],"tags":[1229,1228,1231,1230,1226,1227],"class_list":["post-4705","post","type-post","status-publish","format-standard","hentry","category-esta-pasando","tag-almeria","tag-beninar","tag-conducciones-rules","tag-consejera-agricultura","tag-presa-rules","tag-trasvase"],"jetpack_featured_media_url":"","jetpack_sharing_enabled":true,"jetpack_shortlink":"https:\/\/wp.me\/p4QsU5-1dT","jetpack-related-posts":[{"id":10956,"url":"https:\/\/iumotril.org\/sitio\/iu-critica-la-utilizacion-partidista-de-los-problemas-de-la-agricultura-en-la-costa-por-parte-del-pp\/","url_meta":{"origin":4705,"position":0},"title":"IU critica la utilizaci\u00f3n partidista de los problemas de la agricultura en la Costa por parte del PP.","author":"Izquierda Unida Motril","date":"10 febrero, 2026","format":false,"excerpt":"Izquierda Unida ha instado a las distintas administraciones a avanzar en soluciones efectivas para el desarrollo de las conducciones de la presa de Rules y a abordar con rigor la planificaci\u00f3n h\u00eddrica en la Costa Tropical. La formaci\u00f3n recuerda que la infraestructura fue inaugurada en 2004 por la entonces ministra\u2026","rel":"","context":"En \u00abAgricultura\u00bb","block_context":{"text":"Agricultura","link":"https:\/\/iumotril.org\/sitio\/category\/agricultura\/"},"img":{"alt_text":"","src":"https:\/\/i0.wp.com\/iumotril.org\/sitio\/wp-content\/uploads\/2026\/02\/627754193_1479485224184880_998395821018395941_n.jpg?resize=350%2C200&ssl=1","width":350,"height":200,"srcset":"https:\/\/i0.wp.com\/iumotril.org\/sitio\/wp-content\/uploads\/2026\/02\/627754193_1479485224184880_998395821018395941_n.jpg?resize=350%2C200&ssl=1 1x, https:\/\/i0.wp.com\/iumotril.org\/sitio\/wp-content\/uploads\/2026\/02\/627754193_1479485224184880_998395821018395941_n.jpg?resize=525%2C300&ssl=1 1.5x, https:\/\/i0.wp.com\/iumotril.org\/sitio\/wp-content\/uploads\/2026\/02\/627754193_1479485224184880_998395821018395941_n.jpg?resize=700%2C400&ssl=1 2x"},"classes":[]},{"id":4859,"url":"https:\/\/iumotril.org\/sitio\/unidas-podemos-reclama-el-voto-a-su-candidatura-para-defender-la-costa-de-granada-en-el-congreso\/","url_meta":{"origin":4705,"position":1},"title":"Unidas Podemos reclama el voto a su candidatura para defender la Costa de Granada en el Congreso","author":"Izquierda Unida Motril","date":"24 abril, 2019","format":false,"excerpt":"Milena ha criticado la inacci\u00f3n de los actuales representantes pol\u00edticos en el Congreso de los Diputados, de modo especial del parlamentario popular Carlos Rojas, que despu\u00e9s de sucesivos mandatos ha sido incapaz de defender y sacar adelante proyectos de tanta importancia para la Costa y sus vecinos, como son las\u2026","rel":"","context":"En \u00abEST\u00c1 PASANDO\u00bb","block_context":{"text":"EST\u00c1 PASANDO","link":"https:\/\/iumotril.org\/sitio\/category\/esta-pasando\/"},"img":{"alt_text":"","src":"https:\/\/i0.wp.com\/iumotril.org\/sitio\/wp-content\/uploads\/2019\/04\/IMG_2227.jpg?resize=350%2C200","width":350,"height":200,"srcset":"https:\/\/i0.wp.com\/iumotril.org\/sitio\/wp-content\/uploads\/2019\/04\/IMG_2227.jpg?resize=350%2C200 1x, https:\/\/i0.wp.com\/iumotril.org\/sitio\/wp-content\/uploads\/2019\/04\/IMG_2227.jpg?resize=525%2C300 1.5x, https:\/\/i0.wp.com\/iumotril.org\/sitio\/wp-content\/uploads\/2019\/04\/IMG_2227.jpg?resize=700%2C400 2x, https:\/\/i0.wp.com\/iumotril.org\/sitio\/wp-content\/uploads\/2019\/04\/IMG_2227.jpg?resize=1050%2C600 3x, https:\/\/i0.wp.com\/iumotril.org\/sitio\/wp-content\/uploads\/2019\/04\/IMG_2227.jpg?resize=1400%2C800 4x"},"classes":[]},{"id":9382,"url":"https:\/\/iumotril.org\/sitio\/iu-verdes-equo-celebra-la-aprobacion-del-convenio-para-el-inicio-de-las-obras-del-desglosado-9-de-las-canalizaciones-de-rules\/","url_meta":{"origin":4705,"position":2},"title":"IU-Verdes Equo celebra la aprobaci\u00f3n del convenio para el inicio de las obras del desglosado 9 de las canalizaciones de Rules","author":"Izquierda Unida Motril","date":"29 junio, 2023","format":false,"excerpt":"Inma Omiste, representante de IU Verdes Equo en la Mancomunidad, ha celebrado la pr\u00f3xima firma del convenio de colaboraci\u00f3n, que tendr\u00e1 lugar el pr\u00f3ximo viernes en la Delegaci\u00f3n del Gobierno en Granada. Omiste, que ha reconocido el empe\u00f1o y buen trabajo de la Mancomunidad para sacar adelante el convenio, ha\u2026","rel":"","context":"En \u00abEST\u00c1 PASANDO\u00bb","block_context":{"text":"EST\u00c1 PASANDO","link":"https:\/\/iumotril.org\/sitio\/category\/esta-pasando\/"},"img":{"alt_text":"","src":"https:\/\/i0.wp.com\/iumotril.org\/sitio\/wp-content\/uploads\/2023\/06\/presa-de-rules-granada_1.jpg?resize=350%2C200&ssl=1","width":350,"height":200,"srcset":"https:\/\/i0.wp.com\/iumotril.org\/sitio\/wp-content\/uploads\/2023\/06\/presa-de-rules-granada_1.jpg?resize=350%2C200&ssl=1 1x, https:\/\/i0.wp.com\/iumotril.org\/sitio\/wp-content\/uploads\/2023\/06\/presa-de-rules-granada_1.jpg?resize=525%2C300&ssl=1 1.5x, https:\/\/i0.wp.com\/iumotril.org\/sitio\/wp-content\/uploads\/2023\/06\/presa-de-rules-granada_1.jpg?resize=700%2C400&ssl=1 2x"},"classes":[]},{"id":3552,"url":"https:\/\/iumotril.org\/sitio\/el-grupo-parlamentario-de-unidos-podemos-presentara-en-el-congreso-una-propuesta-de-mejora-de-las-playas-de-la-costa\/","url_meta":{"origin":4705,"position":3},"title":"El Grupo Parlamentario de Unidos Podemos presentar\u00e1 en el Congreso una propuesta de mejora de las playas de la Costa","author":"Izquierda Unida Motril","date":"9 mayo, 2018","format":false,"excerpt":"La portavoz de IU ha declarado que, con independencia de la construcci\u00f3n de espigones, son diversas las actuaciones que pueden llevarse a cabo para la mejora de las playas de nuestra ciudad. Se ha referido, en este sentido, a la construcci\u00f3n de un \u201cpaseo blando\u201d entre la playa de las\u2026","rel":"","context":"En \u00abEST\u00c1 PASANDO\u00bb","block_context":{"text":"EST\u00c1 PASANDO","link":"https:\/\/iumotril.org\/sitio\/category\/esta-pasando\/"},"img":{"alt_text":"","src":"https:\/\/i0.wp.com\/iumotril.org\/sitio\/wp-content\/uploads\/2018\/02\/portada-redes-iu.jpg?resize=350%2C200&ssl=1","width":350,"height":200,"srcset":"https:\/\/i0.wp.com\/iumotril.org\/sitio\/wp-content\/uploads\/2018\/02\/portada-redes-iu.jpg?resize=350%2C200&ssl=1 1x, https:\/\/i0.wp.com\/iumotril.org\/sitio\/wp-content\/uploads\/2018\/02\/portada-redes-iu.jpg?resize=525%2C300&ssl=1 1.5x, https:\/\/i0.wp.com\/iumotril.org\/sitio\/wp-content\/uploads\/2018\/02\/portada-redes-iu.jpg?resize=700%2C400&ssl=1 2x"},"classes":[]},{"id":7332,"url":"https:\/\/iumotril.org\/sitio\/iu-equo-pide-al-ayuntamiento-la-recuperacion-patrimonial-del-camino-de-panata\/","url_meta":{"origin":4705,"position":4},"title":"IU-Equo pide al Ayuntamiento la recuperaci\u00f3n patrimonial del camino de Panata","author":"Izquierda Unida Motril","date":"23 abril, 2021","format":false,"excerpt":"Desde Izquierda Unida se celebra que, por fin, se vaya a recuperar un camino que forma parte de la historia de Motril, gracias al trabajo y al compromiso de muchos compa\u00f1eros y compa\u00f1eras de esta organizaci\u00f3n y del colectivo de defensa del medio ambiente en la Comarca, que no han\u2026","rel":"","context":"En \u00abEST\u00c1 PASANDO\u00bb","block_context":{"text":"EST\u00c1 PASANDO","link":"https:\/\/iumotril.org\/sitio\/category\/esta-pasando\/"},"img":{"alt_text":"","src":"https:\/\/i0.wp.com\/iumotril.org\/sitio\/wp-content\/uploads\/2021\/01\/Inma-Omiste-20-enero-1024x768.jpg?resize=350%2C200","width":350,"height":200,"srcset":"https:\/\/i0.wp.com\/iumotril.org\/sitio\/wp-content\/uploads\/2021\/01\/Inma-Omiste-20-enero-1024x768.jpg?resize=350%2C200 1x, https:\/\/i0.wp.com\/iumotril.org\/sitio\/wp-content\/uploads\/2021\/01\/Inma-Omiste-20-enero-1024x768.jpg?resize=525%2C300 1.5x"},"classes":[]},{"id":2100,"url":"https:\/\/iumotril.org\/sitio\/los-afiliados-y-simpatizantes-de-izquierda-unida-en-la-costa-de-granada-dan-su-apoyo-mayoritario-a-la-coalicion-electoral-con-podemos\/","url_meta":{"origin":4705,"position":5},"title":"Los afiliados y simpatizantes de Izquierda Unida en la Costa de Granada dan su apoyo mayoritario a la Coalici\u00f3n electoral con Podemos","author":"Izquierda Unida Motril","date":"12 mayo, 2016","format":false,"excerpt":"9 de cada 10 de los afiliados y simpatizantes de Izquierda Unida consultados en la Costa han dado su apoyo a la formaci\u00f3n de una Coalici\u00f3n electoral con Podemos de cara al pr\u00f3ximo 26-J. 9 de cada 10 de los afiliados y simpatizantes de Izquierda Unida consultados en la Costa\u2026","rel":"","context":"En \u00abEST\u00c1 PASANDO\u00bb","block_context":{"text":"EST\u00c1 PASANDO","link":"https:\/\/iumotril.org\/sitio\/category\/esta-pasando\/"},"img":{"alt_text":"Sumamos para Ganar","src":"https:\/\/i0.wp.com\/iumotril.org\/sitio\/wp-content\/uploads\/2016\/05\/Sumamos-para-Ganar-300x200.jpg?resize=350%2C200","width":350,"height":200},"classes":[]}],"jetpack_likes_enabled":true,"_links":{"self":[{"href":"https:\/\/iumotril.org\/sitio\/wp-json\/wp\/v2\/posts\/4705","targetHints":{"allow":["GET"]}}],"collection":[{"href":"https:\/\/iumotril.org\/sitio\/wp-json\/wp\/v2\/posts"}],"about":[{"href":"https:\/\/iumotril.org\/sitio\/wp-json\/wp\/v2\/types\/post"}],"author":[{"embeddable":true,"href":"https:\/\/iumotril.org\/sitio\/wp-json\/wp\/v2\/users\/1"}],"replies":[{"embeddable":true,"href":"https:\/\/iumotril.org\/sitio\/wp-json\/wp\/v2\/comments?post=4705"}],"version-history":[{"count":4,"href":"https:\/\/iumotril.org\/sitio\/wp-json\/wp\/v2\/posts\/4705\/revisions"}],"predecessor-version":[{"id":4736,"href":"https:\/\/iumotril.org\/sitio\/wp-json\/wp\/v2\/posts\/4705\/revisions\/4736"}],"wp:attachment":[{"href":"https:\/\/iumotril.org\/sitio\/wp-json\/wp\/v2\/media?parent=4705"}],"wp:term":[{"taxonomy":"category","embeddable":true,"href":"https:\/\/iumotril.org\/sitio\/wp-json\/wp\/v2\/categories?post=4705"},{"taxonomy":"post_tag","embeddable":true,"href":"https:\/\/iumotril.org\/sitio\/wp-json\/wp\/v2\/tags?post=4705"}],"curies":[{"name":"wp","href":"https:\/\/api.w.org\/{rel}","templated":true}]}}