{"id":4686,"date":"2019-02-13T17:40:33","date_gmt":"2019-02-13T16:40:33","guid":{"rendered":"http:\/\/iumotril.org\/sitio\/?p=4686"},"modified":"2019-02-13T17:40:33","modified_gmt":"2019-02-13T16:40:33","slug":"izquierda-unida-propone-mejoras-en-el-area-de-deportes-municipal","status":"publish","type":"post","link":"https:\/\/iumotril.org\/sitio\/izquierda-unida-propone-mejoras-en-el-area-de-deportes-municipal\/","title":{"rendered":"Izquierda Unida propone mejoras en el \u00c1rea de Deportes municipal"},"content":{"rendered":"<ul>\n<li style=\"text-align: justify;\"><span style=\"color: #993300;\">Demanda mejoras en las condiciones laborales de los monitores deportivos y el adecuado mantenimiento de las instalaciones municipales<\/span><\/li>\n<li style=\"text-align: justify;\"><span style=\"color: #993300;\">La deficiente gesti\u00f3n del \u00c1rea de Deportes, en relaci\u00f3n con los trabajadores del \u00c1rea y la falta de mantenimiento de las instalaciones deportivas municipales, est\u00e1 teniendo consecuencias negativas en la calidad del servicio que finalmente se presta a los usuarios.<\/span><\/li>\n<li style=\"text-align: justify;\"><span style=\"color: #993300;\">Izquierda Unida se ha comprometido a llevar en su programa electoral la profesionalizaci\u00f3n de la gesti\u00f3n del \u00c1rea de Deportes Municipal.<\/span><\/li>\n<\/ul>\n<p style=\"text-align: justify;\">El Grupo Municipal de IU ha informado de la reuni\u00f3n mantenida la ma\u00f1ana del martes por su candidata a la Alcald\u00eda, <strong>Inma Omiste<\/strong>, y otros miembros de su formaci\u00f3n con una representaci\u00f3n de los monitores deportivos municipales para conocer las principales dificultades con las que se encuentran a la hora de llevar a cabo su actividad, sus necesidades y sus demandas laborales.<\/p>\n<p style=\"text-align: justify;\">Para la concejala de Izquierda Unida el Gobierno de <strong>Flor Alm\u00f3n no valora suficientemente el trabajo<\/strong> que desarrollan aproximadamente 40 monitores y monitoras deportivas que realizan su tarea en instalaciones municipales. Llevan cuatro a\u00f1os mare\u00e1ndoles, sin atender a sus justas demandas y realizando promesas que, finalmente, resultan incumplidas. Resulta llamativo que los monitores deportivos tengan, actualmente, <strong>uno de los niveles salariales m\u00e1s bajos<\/strong> de toda la plantilla municipal, seg\u00fan ha afirmado.<\/p>\n<p style=\"text-align: justify;\"><a href=\"https:\/\/iumotril.org\/sitio\/inma_2_balance-2018_4-enero\/\"><img loading=\"lazy\" decoding=\"async\" data-attachment-id=\"4345\" data-permalink=\"https:\/\/iumotril.org\/sitio\/izquierda-unida-propone-mejoras-en-el-area-de-deportes-municipal\/inma_2_balance-2018_4-enero\/\" data-orig-file=\"https:\/\/iumotril.org\/sitio\/wp-content\/uploads\/2019\/01\/Inma_2_Balance-2018_4-enero.jpg\" data-orig-size=\"3264,2448\" data-comments-opened=\"1\" data-image-meta=\"{&quot;aperture&quot;:&quot;2.2&quot;,&quot;credit&quot;:&quot;&quot;,&quot;camera&quot;:&quot;iPhone 6&quot;,&quot;caption&quot;:&quot;&quot;,&quot;created_timestamp&quot;:&quot;1546596311&quot;,&quot;copyright&quot;:&quot;&quot;,&quot;focal_length&quot;:&quot;4.15&quot;,&quot;iso&quot;:&quot;40&quot;,&quot;shutter_speed&quot;:&quot;0.03030303030303&quot;,&quot;title&quot;:&quot;&quot;,&quot;orientation&quot;:&quot;1&quot;}\" data-image-title=\"Inma_2_Balance 2018_4 enero\" data-image-description=\"\" data-image-caption=\"\" data-large-file=\"https:\/\/iumotril.org\/sitio\/wp-content\/uploads\/2019\/01\/Inma_2_Balance-2018_4-enero-1024x768.jpg\" class=\" wp-image-4345 alignleft\" src=\"https:\/\/iumotril.org\/sitio\/wp-content\/uploads\/2019\/01\/Inma_2_Balance-2018_4-enero.jpg\" alt=\"\" width=\"496\" height=\"373\" srcset=\"https:\/\/iumotril.org\/sitio\/wp-content\/uploads\/2019\/01\/Inma_2_Balance-2018_4-enero.jpg 3264w, https:\/\/iumotril.org\/sitio\/wp-content\/uploads\/2019\/01\/Inma_2_Balance-2018_4-enero-300x225.jpg 300w, https:\/\/iumotril.org\/sitio\/wp-content\/uploads\/2019\/01\/Inma_2_Balance-2018_4-enero-768x576.jpg 768w, https:\/\/iumotril.org\/sitio\/wp-content\/uploads\/2019\/01\/Inma_2_Balance-2018_4-enero-1024x768.jpg 1024w\" sizes=\"auto, (max-width: 496px) 100vw, 496px\" \/><\/a>Para Inma Omiste el papel y la funci\u00f3n de los monitores y monitoras de Deportes resulta clave para el adecuado desarrollo de las numerosas actividades deportivas que facilita el Ayuntamiento, al tratarse de un servicio altamente demandado por los vecinos y vecinas de Motril. Una importancia que <strong>el gobierno del PSOE-PA desprecia y ha despreciado<\/strong> a lo largo de su mandato.<\/p>\n<p style=\"text-align: justify;\">A sus <strong>problemas laborales<\/strong> se unen las deficiencias y <strong>falta de mantenimiento de muchas de las instalaciones deportivas municipales<\/strong> y, fundamentalmente, la <strong>falta de capacidad profesional de la direcci\u00f3n del \u00c1rea<\/strong>, bajo la responsabilidad de un <strong>cargo pol\u00edtico del Partido Andalucista<\/strong>, <strong>Emilio Garc\u00eda Castilla<\/strong>, que tiene diversos conflictos abiertos con los trabajadores y trabajadoras.<\/p>\n<p style=\"text-align: justify;\">Inma Omiste ha recordado que la Inspecci\u00f3n de Trabajo sancion\u00f3, el pasado mes de mayo, con <a href=\"https:\/\/iumotril.org\/sitio\/el-ayuntamiento-de-motril-sancionado-por-discriminar-a-una-trabajadora-por-razon-de-sexo\/\">6.200 euros<\/a> al Ayuntamiento de Motril al considerar que determinadas actuaciones del director del \u00c1rea supusieron una <strong>conducta discriminatoria por raz\u00f3n de sexo<\/strong> hacia una trabajadora municipal, motivo por el que se inicio el correspondiente expediente para determinar las posibles consecuencias disciplinarias. <strong>Un expediente que a\u00fan est\u00e1 sin resolver<\/strong>. A pesar de ello, el director del \u00c1rea ha seguido manteniendo su responsabilidad y sus funciones, como si nada hubiera sucedido.<\/p>\n<p style=\"text-align: justify;\">La candidata de IU se ha comprometido con la representaci\u00f3n de los trabajadores del \u00c1rea a tener en cuenta sus demandas e incorporar sus propuestas al <strong>programa de Deportes<\/strong> que su formaci\u00f3n presentar\u00e1 en las pr\u00f3ximas elecciones municipales con el objetivo de <strong>profesionalizar la gesti\u00f3n del \u00c1rea<\/strong> y trabajar en torno a tres ejes fundamentales: <strong>mejora del servicio a los usuarios<\/strong>, <strong>adecuadas condiciones laborales de los trabajadores<\/strong> y <strong>mantenimiento y mejora de las instalaciones deportivas municipales<\/strong>. En este sentido, ha manifestado que su formaci\u00f3n <strong>revisar\u00e1 a la baja los precios de las actividades y de las condiciones de utilizaci\u00f3n de las instalaciones<\/strong> con objeto de extender en mayor medida la cultura y los valores del deporte en nuestra ciudad.<\/p>\n<p style=\"text-align: justify;\">Inma Omiste est\u00e1 impulsando encuentros y reuniones con diferentes colectivos de diversos sectores de actividad profesional de Motril con el objetivo de conocer de primera mano su problem\u00e1tica, necesidades y demandas profesionales de cara a la <strong>elaboraci\u00f3n de un programa de gobierno<\/strong> que pueda dar soluciones y respuestas a las mismas.<\/p>\n<p style=\"text-align: justify;\">Adem\u00e1s de las reuniones que Izquierda Unida ha mantenido con una amplia representaci\u00f3n de los trabajadores y trabajadoras del sector hortofrut\u00edcola, tambi\u00e9n ha mantenido encuentros con diversos colectivos municipales, como los Bomberos, los Monitores Deportivos y el \u00c1rea de Turismo municipal y tiene previsto hacerlo a lo largo de esta semana con representantes de la Polic\u00eda Local y con la Representaci\u00f3n Legal de los Trabajadores del Ayuntamiento de Motril.<\/p>\n<p>&nbsp;<\/p>\n","protected":false},"excerpt":{"rendered":"<p>La candidata de IU se ha comprometido con la representaci\u00f3n de los trabajadores del \u00c1rea a tener en cuenta sus demandas e incorporar sus propuestas al programa de Deportes que su formaci\u00f3n presentar\u00e1 en las pr\u00f3ximas elecciones municipales con el objetivo de profesionalizar la gesti\u00f3n del \u00c1rea y trabajar en torno a tres ejes fundamentales: mejora del servicio a los usuarios, adecuadas condiciones laborales de los trabajadores y mantenimiento y mejora de las instalaciones deportivas municipales. En este sentido, ha manifestado que su formaci\u00f3n revisar\u00e1 a la baja los precios de las actividades y de las condiciones de utilizaci\u00f3n de las instalaciones con objeto de extender en mayor medida la cultura y los valores del deporte en nuestra ciudad.<\/p>\n","protected":false},"author":1,"featured_media":0,"comment_status":"open","ping_status":"open","sticky":false,"template":"","format":"standard","meta":{"cybocfi_hide_featured_image":"","_jetpack_newsletter_access":"","_jetpack_dont_email_post_to_subs":false,"_jetpack_newsletter_tier_id":0,"_jetpack_memberships_contains_paywalled_content":false,"_jetpack_memberships_contains_paid_content":false,"footnotes":""},"categories":[7,265],"tags":[1207,1216,1219,1221,1218,1217,1220],"class_list":["post-4686","post","type-post","status-publish","format-standard","hentry","category-ayuntamiento","category-esta-pasando","tag-condiciones-laborales","tag-deportes","tag-direccion-area","tag-emilio-garcia-castilla","tag-instalaciones","tag-monitores","tag-propuestas-iu"],"jetpack_featured_media_url":"","jetpack_sharing_enabled":true,"jetpack_shortlink":"https:\/\/wp.me\/p4QsU5-1dA","jetpack-related-posts":[{"id":10824,"url":"https:\/\/iumotril.org\/sitio\/iu%e2%80%91verdes-equo-alerta-del-esquilme-de-las-escuelas-deportivas-y-el-deterioro-de-las-instalaciones-deportivas-municipales\/","url_meta":{"origin":4686,"position":0},"title":"IU\u2011Verdes Equo alerta del esquilme de las escuelas deportivas y el deterioro de las instalaciones deportivas municipales.","author":"Izquierda Unida Motril","date":"6 octubre, 2025","format":false,"excerpt":"La formaci\u00f3n ha reiterado que la plantilla del \u00c1rea de Deportes es totalmente insuficiente para Motril. Es necesario que se dote al \u00c1rea tanto de personal estructural, plantilla fija, creando empleo p\u00fablico de calidad, como de personal para cubrir las bajas y dem\u00e1s incidencias, y as\u00ed poder garantizar el funcionamiento\u2026","rel":"","context":"En \u00abAyuntamiento\u00bb","block_context":{"text":"Ayuntamiento","link":"https:\/\/iumotril.org\/sitio\/category\/ayuntamiento\/"},"img":{"alt_text":"","src":"https:\/\/i0.wp.com\/iumotril.org\/sitio\/wp-content\/uploads\/2025\/10\/Ana-H-scaled.jpeg?resize=350%2C200&ssl=1","width":350,"height":200,"srcset":"https:\/\/i0.wp.com\/iumotril.org\/sitio\/wp-content\/uploads\/2025\/10\/Ana-H-scaled.jpeg?resize=350%2C200&ssl=1 1x, https:\/\/i0.wp.com\/iumotril.org\/sitio\/wp-content\/uploads\/2025\/10\/Ana-H-scaled.jpeg?resize=525%2C300&ssl=1 1.5x, https:\/\/i0.wp.com\/iumotril.org\/sitio\/wp-content\/uploads\/2025\/10\/Ana-H-scaled.jpeg?resize=700%2C400&ssl=1 2x, https:\/\/i0.wp.com\/iumotril.org\/sitio\/wp-content\/uploads\/2025\/10\/Ana-H-scaled.jpeg?resize=1050%2C600&ssl=1 3x, https:\/\/i0.wp.com\/iumotril.org\/sitio\/wp-content\/uploads\/2025\/10\/Ana-H-scaled.jpeg?resize=1400%2C800&ssl=1 4x"},"classes":[]},{"id":8371,"url":"https:\/\/iumotril.org\/sitio\/para-iu-equo-la-oferta-de-escuelas-deportivas-municipales-es-claramente-insuficiente\/","url_meta":{"origin":4686,"position":1},"title":"Para IU-Equo la oferta de escuelas deportivas municipales es claramente insuficiente","author":"Izquierda Unida Motril","date":"16 septiembre, 2022","format":false,"excerpt":"Desde el Grupo Municipal de IU-Equo se considera que la mala gesti\u00f3n de la alcaldesa Luisa Garc\u00eda Chamorro ha alcanzado, tambi\u00e9n, a las actividades del \u00c1rea de Deportes municipal, haci\u00e9ndose notar, fundamentalmente, en los d\u00e9ficits de personal, concretados en falta de monitores deportivos y de conserjes para\u00a0 atender las instalaciones\u2026","rel":"","context":"En \u00abEST\u00c1 PASANDO\u00bb","block_context":{"text":"EST\u00c1 PASANDO","link":"https:\/\/iumotril.org\/sitio\/category\/esta-pasando\/"},"img":{"alt_text":"","src":"https:\/\/i0.wp.com\/iumotril.org\/sitio\/wp-content\/uploads\/2022\/09\/Inma-Escuelas-deportivas-16-septiembre.jpg?resize=350%2C200","width":350,"height":200,"srcset":"https:\/\/i0.wp.com\/iumotril.org\/sitio\/wp-content\/uploads\/2022\/09\/Inma-Escuelas-deportivas-16-septiembre.jpg?resize=350%2C200 1x, https:\/\/i0.wp.com\/iumotril.org\/sitio\/wp-content\/uploads\/2022\/09\/Inma-Escuelas-deportivas-16-septiembre.jpg?resize=525%2C300 1.5x, https:\/\/i0.wp.com\/iumotril.org\/sitio\/wp-content\/uploads\/2022\/09\/Inma-Escuelas-deportivas-16-septiembre.jpg?resize=700%2C400 2x"},"classes":[]},{"id":5657,"url":"https:\/\/iumotril.org\/sitio\/iu-equo-denuncia-la-falta-de-monitores-en-el-area-de-deportes-municipal\/","url_meta":{"origin":4686,"position":2},"title":"IU-Equo denuncia la falta de monitores en el \u00c1rea de Deportes municipal","author":"Izquierda Unida Motril","date":"12 marzo, 2020","format":false,"excerpt":"El \u00c1rea de Deportes municipal es otra v\u00edctima de las pol\u00edticas de recortes y de la llamada austeridad del Partido Popular, al igual que el resto de las \u00e1reas municipales. A ello se le une la desastrosa pol\u00edtica de personal que las empleadas y empleados p\u00fablicos vienen sufriendo en los\u2026","rel":"","context":"En \u00abAyuntamiento\u00bb","block_context":{"text":"Ayuntamiento","link":"https:\/\/iumotril.org\/sitio\/category\/ayuntamiento\/"},"img":{"alt_text":"","src":"https:\/\/i0.wp.com\/iumotril.org\/sitio\/wp-content\/uploads\/2020\/03\/Jose-e-Inma_12-marzo-1024x768.jpg?resize=350%2C200","width":350,"height":200,"srcset":"https:\/\/i0.wp.com\/iumotril.org\/sitio\/wp-content\/uploads\/2020\/03\/Jose-e-Inma_12-marzo-1024x768.jpg?resize=350%2C200 1x, https:\/\/i0.wp.com\/iumotril.org\/sitio\/wp-content\/uploads\/2020\/03\/Jose-e-Inma_12-marzo-1024x768.jpg?resize=525%2C300 1.5x"},"classes":[]},{"id":10841,"url":"https:\/\/iumotril.org\/sitio\/iu-verdes-equo-denuncia-el-estado-de-abandono-de-las-instalaciones-deportivas-municipales\/","url_meta":{"origin":4686,"position":3},"title":"IU Verdes Equo denuncia el estado de abandono de las instalaciones deportivas municipales","author":"Izquierda Unida Motril","date":"18 octubre, 2025","format":false,"excerpt":"En los \u00faltimos treinta a\u00f1os no se hab\u00eda producido en la ciudad una situaci\u00f3n de falta de servicios p\u00fablicos y de mantenimiento en las instalaciones y dependencias municipales como la que se est\u00e1 dando estos \u00faltimos a\u00f1os. La falta de personal, la improvisaci\u00f3n en la toma de decisiones y la\u2026","rel":"","context":"En \u00abAyuntamiento\u00bb","block_context":{"text":"Ayuntamiento","link":"https:\/\/iumotril.org\/sitio\/category\/ayuntamiento\/"},"img":{"alt_text":"","src":"https:\/\/i0.wp.com\/iumotril.org\/sitio\/wp-content\/uploads\/2025\/10\/INMA-PABELLON-scaled.jpeg?resize=350%2C200&ssl=1","width":350,"height":200,"srcset":"https:\/\/i0.wp.com\/iumotril.org\/sitio\/wp-content\/uploads\/2025\/10\/INMA-PABELLON-scaled.jpeg?resize=350%2C200&ssl=1 1x, https:\/\/i0.wp.com\/iumotril.org\/sitio\/wp-content\/uploads\/2025\/10\/INMA-PABELLON-scaled.jpeg?resize=525%2C300&ssl=1 1.5x, https:\/\/i0.wp.com\/iumotril.org\/sitio\/wp-content\/uploads\/2025\/10\/INMA-PABELLON-scaled.jpeg?resize=700%2C400&ssl=1 2x, https:\/\/i0.wp.com\/iumotril.org\/sitio\/wp-content\/uploads\/2025\/10\/INMA-PABELLON-scaled.jpeg?resize=1050%2C600&ssl=1 3x, https:\/\/i0.wp.com\/iumotril.org\/sitio\/wp-content\/uploads\/2025\/10\/INMA-PABELLON-scaled.jpeg?resize=1400%2C800&ssl=1 4x"},"classes":[]},{"id":8100,"url":"https:\/\/iumotril.org\/sitio\/iu-equo-denuncia-el-deficiente-funcionamiento-de-las-instalaciones-deportivas-municipales\/","url_meta":{"origin":4686,"position":4},"title":"IU-EQUO denuncia el mal funcionamiento de las instalaciones deportivas municipales","author":"Izquierda Unida Motril","date":"29 marzo, 2022","format":false,"excerpt":"La falta de personal en la plantilla, la improvisaci\u00f3n en la toma de decisiones y la voluntad de privatizaci\u00f3n de los servicios p\u00fablicos est\u00e1 haciendo mella en todos los servicios municipales, desde los de Informaci\u00f3n y atenci\u00f3n a la ciudadan\u00eda, a los de mantenimiento y limpieza de la ciudad. El\u2026","rel":"","context":"En \u00abEST\u00c1 PASANDO\u00bb","block_context":{"text":"EST\u00c1 PASANDO","link":"https:\/\/iumotril.org\/sitio\/category\/esta-pasando\/"},"img":{"alt_text":"","src":"https:\/\/i0.wp.com\/iumotril.org\/sitio\/wp-content\/uploads\/2022\/02\/INma-23-F-Mocion-violinsta-2-scaled.jpg?resize=350%2C200","width":350,"height":200,"srcset":"https:\/\/i0.wp.com\/iumotril.org\/sitio\/wp-content\/uploads\/2022\/02\/INma-23-F-Mocion-violinsta-2-scaled.jpg?resize=350%2C200 1x, https:\/\/i0.wp.com\/iumotril.org\/sitio\/wp-content\/uploads\/2022\/02\/INma-23-F-Mocion-violinsta-2-scaled.jpg?resize=525%2C300 1.5x, https:\/\/i0.wp.com\/iumotril.org\/sitio\/wp-content\/uploads\/2022\/02\/INma-23-F-Mocion-violinsta-2-scaled.jpg?resize=700%2C400 2x, https:\/\/i0.wp.com\/iumotril.org\/sitio\/wp-content\/uploads\/2022\/02\/INma-23-F-Mocion-violinsta-2-scaled.jpg?resize=1050%2C600 3x, https:\/\/i0.wp.com\/iumotril.org\/sitio\/wp-content\/uploads\/2022\/02\/INma-23-F-Mocion-violinsta-2-scaled.jpg?resize=1400%2C800 4x"},"classes":[]},{"id":9294,"url":"https:\/\/iumotril.org\/sitio\/iu-verdes-equo-llevara-a-cabo-anualmente-un-plan-local-de-instalaciones-y-equipamientos-deportivos-que-garantice-su-utilizacion\/","url_meta":{"origin":4686,"position":5},"title":"IU-Verdes Equo llevar\u00e1 a cabo anualmente un Plan Local de Instalaciones y equipamientos deportivos que garantice su utilizaci\u00f3n","author":"Izquierda Unida Motril","date":"22 mayo, 2023","format":false,"excerpt":"La propuesta de IU-Verdes Equo en materia de Deportes se plantea como objetivo central extender a toda la ciudadan\u00eda los servicios deportivos a trav\u00e9s de entornos de proximidad, de manera que la pr\u00e1ctica deportiva llegue a todos los barrios de la ciudad y d\u00e9 cabida a todas las motrile\u00f1os y\u2026","rel":"","context":"En \u00abElecciones\u00bb","block_context":{"text":"Elecciones","link":"https:\/\/iumotril.org\/sitio\/category\/elecciones\/"},"img":{"alt_text":"","src":"https:\/\/i0.wp.com\/iumotril.org\/sitio\/wp-content\/uploads\/2023\/05\/estadio-municipal-de-atletismo-emilio-hidalgo-perez.jpg?resize=350%2C200&ssl=1","width":350,"height":200,"srcset":"https:\/\/i0.wp.com\/iumotril.org\/sitio\/wp-content\/uploads\/2023\/05\/estadio-municipal-de-atletismo-emilio-hidalgo-perez.jpg?resize=350%2C200&ssl=1 1x, https:\/\/i0.wp.com\/iumotril.org\/sitio\/wp-content\/uploads\/2023\/05\/estadio-municipal-de-atletismo-emilio-hidalgo-perez.jpg?resize=525%2C300&ssl=1 1.5x, https:\/\/i0.wp.com\/iumotril.org\/sitio\/wp-content\/uploads\/2023\/05\/estadio-municipal-de-atletismo-emilio-hidalgo-perez.jpg?resize=700%2C400&ssl=1 2x"},"classes":[]}],"jetpack_likes_enabled":true,"_links":{"self":[{"href":"https:\/\/iumotril.org\/sitio\/wp-json\/wp\/v2\/posts\/4686","targetHints":{"allow":["GET"]}}],"collection":[{"href":"https:\/\/iumotril.org\/sitio\/wp-json\/wp\/v2\/posts"}],"about":[{"href":"https:\/\/iumotril.org\/sitio\/wp-json\/wp\/v2\/types\/post"}],"author":[{"embeddable":true,"href":"https:\/\/iumotril.org\/sitio\/wp-json\/wp\/v2\/users\/1"}],"replies":[{"embeddable":true,"href":"https:\/\/iumotril.org\/sitio\/wp-json\/wp\/v2\/comments?post=4686"}],"version-history":[{"count":6,"href":"https:\/\/iumotril.org\/sitio\/wp-json\/wp\/v2\/posts\/4686\/revisions"}],"predecessor-version":[{"id":4710,"href":"https:\/\/iumotril.org\/sitio\/wp-json\/wp\/v2\/posts\/4686\/revisions\/4710"}],"wp:attachment":[{"href":"https:\/\/iumotril.org\/sitio\/wp-json\/wp\/v2\/media?parent=4686"}],"wp:term":[{"taxonomy":"category","embeddable":true,"href":"https:\/\/iumotril.org\/sitio\/wp-json\/wp\/v2\/categories?post=4686"},{"taxonomy":"post_tag","embeddable":true,"href":"https:\/\/iumotril.org\/sitio\/wp-json\/wp\/v2\/tags?post=4686"}],"curies":[{"name":"wp","href":"https:\/\/api.w.org\/{rel}","templated":true}]}}