{"id":4678,"date":"2019-02-06T18:34:43","date_gmt":"2019-02-06T17:34:43","guid":{"rendered":"http:\/\/iumotril.org\/sitio\/?p=4678"},"modified":"2019-02-06T18:34:43","modified_gmt":"2019-02-06T17:34:43","slug":"motril-necesita-politicas-activas-de-empleo-y-formacion","status":"publish","type":"post","link":"https:\/\/iumotril.org\/sitio\/motril-necesita-politicas-activas-de-empleo-y-formacion\/","title":{"rendered":"Motril necesita pol\u00edticas activas de empleo y formaci\u00f3n"},"content":{"rendered":"<p style=\"text-align: justify;\"><span style=\"color: #993300;\">Izquierda Unida denuncia la falta de eficacia de los programas de empleo municipales a la vista del creciente n\u00famero de personas desempleadas en Motril. En el \u00faltimo mes de enero el desempleo alcanz\u00f3 a 5.511 personas, la mayor parte de ellas, mujeres (3.108).\u00a0<\/span><span style=\"line-height: 1.4em; color: #993300;\">Reclama que el gobierno local deje de cobrar tasas por acceso al empleo a los desempleados y desempleadas y que garantice los principios de igualdad, m\u00e9rito y capacidad en las convocatorias para contrataciones temporales que realiza, una garant\u00eda que duda que se est\u00e9 dando en las \u00faltimas convocatorias publicadas por el Ayuntamiento.<\/span><\/p>\n<p style=\"text-align: justify;\">Tampoco son positivos los datos de contrataciones correspondientes al mes de enero. De los <strong>2.683 contratos realizado<\/strong>s (55 menos que en el mes de diciembre), el 95% son contratos temporales, incluso de horas o d\u00edas, de modo que, en Motril, <strong>9 de cada 10 contratos<\/strong> realizados en el mes de enero han sido <strong>temporales.<\/strong><\/p>\n<p style=\"text-align: justify;\"><a href=\"https:\/\/iumotril.org\/sitio\/inma-dani-y-jose_6-febrero\/\"><img loading=\"lazy\" decoding=\"async\" data-attachment-id=\"4688\" data-permalink=\"https:\/\/iumotril.org\/sitio\/motril-necesita-politicas-activas-de-empleo-y-formacion\/inma-dani-y-jose_6-febrero\/\" data-orig-file=\"https:\/\/iumotril.org\/sitio\/wp-content\/uploads\/2019\/02\/Inma-Dani-y-Jose_6-febrero.jpg\" data-orig-size=\"1600,777\" data-comments-opened=\"1\" data-image-meta=\"{&quot;aperture&quot;:&quot;0&quot;,&quot;credit&quot;:&quot;&quot;,&quot;camera&quot;:&quot;&quot;,&quot;caption&quot;:&quot;&quot;,&quot;created_timestamp&quot;:&quot;0&quot;,&quot;copyright&quot;:&quot;&quot;,&quot;focal_length&quot;:&quot;0&quot;,&quot;iso&quot;:&quot;0&quot;,&quot;shutter_speed&quot;:&quot;0&quot;,&quot;title&quot;:&quot;&quot;,&quot;orientation&quot;:&quot;0&quot;}\" data-image-title=\"Inma Dani y Jose_6 febrero\" data-image-description=\"\" data-image-caption=\"\" data-large-file=\"https:\/\/iumotril.org\/sitio\/wp-content\/uploads\/2019\/02\/Inma-Dani-y-Jose_6-febrero-1024x497.jpg\" class=\"alignleft wp-image-4688\" src=\"https:\/\/iumotril.org\/sitio\/wp-content\/uploads\/2019\/02\/Inma-Dani-y-Jose_6-febrero-1024x497.jpg\" alt=\"\" width=\"445\" height=\"216\" srcset=\"https:\/\/iumotril.org\/sitio\/wp-content\/uploads\/2019\/02\/Inma-Dani-y-Jose_6-febrero-1024x497.jpg 1024w, https:\/\/iumotril.org\/sitio\/wp-content\/uploads\/2019\/02\/Inma-Dani-y-Jose_6-febrero-300x146.jpg 300w, https:\/\/iumotril.org\/sitio\/wp-content\/uploads\/2019\/02\/Inma-Dani-y-Jose_6-febrero-768x373.jpg 768w, https:\/\/iumotril.org\/sitio\/wp-content\/uploads\/2019\/02\/Inma-Dani-y-Jose_6-febrero.jpg 1600w\" sizes=\"auto, (max-width: 445px) 100vw, 445px\" \/><\/a>A la vista de estos datos,<strong> Inma Omiste,<\/strong> portavoz adjunta del Grupo Municipal de Izquierda Unida ha reclamado a Flor Alm\u00f3n y a su equipo de gobierno que se tomen en serio el problema de paro que afecta a los motrile\u00f1os y motrile\u00f1os, y que trabajen para contribuir a su soluci\u00f3n.<\/p>\n<p style=\"text-align: justify;\">La portavoz adjunta y candidata a la Alcald\u00eda por Izquierda Unida, ha afeado a Flor Alm\u00f3n y a Antonio Esc\u00e1mez que utilicen la excusa de la creaci\u00f3n de empleo para justificar cualquiera de sus actuaciones por disparatadas que sean, en referencia a las promesas realizadas de que el nuevo espacio comercial abierto en el <strong>MOT-21<\/strong> ser\u00eda un importante \u201cyacimiento de empleo\u201d.<\/p>\n<p style=\"text-align: justify;\">Hay que ser serios cuando se aborda cualquier aspecto relacionado con la creaci\u00f3n de empleo, ha afirmado. Detr\u00e1s de los n\u00fameros y de los porcentajes hay personas, hombres y mujeres, j\u00f3venes, familias que est\u00e1n viviendo un drama cotidiano, que tienen dificultades para subsistir y para sacar adelante en condiciones dignas a sus hijos y a sus hijas.<\/p>\n<p style=\"text-align: justify;\">Izquierda Unida ha vuelto a reclamar <strong>planes de empleo y formaci\u00f3n municipales<\/strong> que tengan como objetivo paliar esta situaci\u00f3n en el corto, medio y largo plazo. A la vista de los resultados, es evidente que las pocas actuaciones llevadas a cabo por el gobierno municipal se han demostrado est\u00e9riles.<\/p>\n<p style=\"text-align: justify;\">Omiste ha reafirmado que para su formaci\u00f3n la principal prioridad es el empleo, su mantenimiento y la creaci\u00f3n de nuevos empleos dignos y de calidad. En este sentido se ha comprometido a que la primera actuaci\u00f3n que llevar\u00e1 a cabo un gobierno municipal en el que est\u00e9 presente Izquierda Unida ser\u00e1 la puesta en marcha de un <strong>Plan de pol\u00edticas activas de empleo y formaci\u00f3n, dirigido a mujeres, j\u00f3venes y personas mayores de 45 a\u00f1os.<\/strong><\/p>\n<p style=\"text-align: justify;\">A juicio de Inma Omiste, despu\u00e9s de seis a\u00f1os sin cubrir las vacantes que se han producido en el Ayuntamiento, es necesaria la <strong>convocatoria de una oferta de empleo p\u00fablico municipal,<\/strong> a pesar de los condicionantes del <strong>Plan de ajuste impuesto por el Partido Popular<\/strong> y que ha estado estrangulando econ\u00f3mica y financieramente a las Administraciones Locales y condicionando sus actuaciones y la prestaci\u00f3n de servicios.<\/p>\n<p style=\"text-align: justify;\">Muchos Ayuntamientos cuya situaci\u00f3n econ\u00f3mica est\u00e1 saneada \u2013como es el caso del Ayuntamiento de Motril&#8211; est\u00e1n llevando a cabo ofertas p\u00fablicas de empleo, despu\u00e9s de haber negociado con la Administraci\u00f3n central dicha iniciativa. Pero, en Motril no se ha movido un solo papel para que esto sea posible. Al contrario, parece que el mayor logro de este equipo de gobierno es el ahorro en las cuentas municipales, aunque sea a costa de los parados y paradas y del deterioro de los servicios p\u00fablicos, ha concluido.<\/p>\n<p style=\"text-align: justify;\">Esto es desentenderse de los problemas reales de la ciudad y de los ciudadanos y ciudadanas, algo en lo que Alm\u00f3n y Esc\u00e1mez se han especializado a lo largo de estos \u00faltimos y largos tres a\u00f1os, ha se\u00f1alado la portavoz adjunta de IU.<\/p>\n","protected":false},"excerpt":{"rendered":"<p>Hay que ser serios cuando se aborda cualquier aspecto relacionado con la creaci\u00f3n de empleo, ha afirmado. Detr\u00e1s de los n\u00fameros y de los porcentajes hay personas, hombres y mujeres, j\u00f3venes, familias que est\u00e1n viviendo un drama cotidiano, que tienen dificultades para subsistir y para sacar adelante en condiciones dignas a sus hijos y a sus hijas. Omiste ha reafirmado que para su formaci\u00f3n la principal prioridad es el empleo, su mantenimiento y la creaci\u00f3n de nuevos empleos dignos y de calidad. En este sentido se ha comprometido a que la primera actuaci\u00f3n que llevar\u00e1 a cabo un gobierno municipal en el que est\u00e9 presente Izquierda Unida ser\u00e1 la puesta en marcha de un Plan de pol\u00edticas activas de empleo y formaci\u00f3n, dirigido a mujeres, j\u00f3venes y personas mayores de 45 a\u00f1os.<\/p>\n","protected":false},"author":1,"featured_media":0,"comment_status":"open","ping_status":"open","sticky":false,"template":"","format":"standard","meta":{"cybocfi_hide_featured_image":"","_jetpack_newsletter_access":"","_jetpack_dont_email_post_to_subs":false,"_jetpack_newsletter_tier_id":0,"_jetpack_memberships_contains_paywalled_content":false,"_jetpack_memberships_contains_paid_content":false,"footnotes":""},"categories":[7,44,265],"tags":[406,405,47,1213,952,244,1215,1214],"class_list":["post-4678","post","type-post","status-publish","format-standard","hentry","category-ayuntamiento","category-empleo","category-esta-pasando","tag-desempleadas","tag-desempleados","tag-empleo-2","tag-formacion","tag-mot-21","tag-paro","tag-paro-enero","tag-politica-activas"],"jetpack_featured_media_url":"","jetpack_sharing_enabled":true,"jetpack_shortlink":"https:\/\/wp.me\/p4QsU5-1ds","jetpack-related-posts":[{"id":1839,"url":"https:\/\/iumotril.org\/sitio\/izquierda-unida-reclama-la-exencion-del-pago-de-tasas-municipales-a-los-desempleadosas\/","url_meta":{"origin":4678,"position":0},"title":"IZQUIERDA UNIDA RECLAMA LA EXENCI\u00d3N DEL PAGO DE TASAS MUNICIPALES A LOS DESEMPLEADOS\/AS","author":"Izquierda Unida Motril","date":"26 enero, 2016","format":false,"excerpt":"En una moci\u00f3n que ha presentado al pr\u00f3ximo Pleno municipal, que se celebra el viernes d\u00eda 29, solicita la modificaci\u00f3n de las Ordenanzas fiscales para que se exima del pago de tasas para participar en procesos de selecci\u00f3n de empleo p\u00fablico a las personas que est\u00e9n en situaci\u00f3n de desempleo\u2026","rel":"","context":"En \u00abAyuntamiento\u00bb","block_context":{"text":"Ayuntamiento","link":"https:\/\/iumotril.org\/sitio\/category\/ayuntamiento\/"},"img":{"alt_text":"sae motril","src":"https:\/\/i0.wp.com\/iumotril.org\/sitio\/wp-content\/uploads\/2015\/09\/sae-motril.jpg?resize=350%2C200","width":350,"height":200},"classes":[]},{"id":7505,"url":"https:\/\/iumotril.org\/sitio\/iu-equo-denuncia-el-intolerable-numero-de-personas-desempleadas-en-motril\/","url_meta":{"origin":4678,"position":1},"title":"IU-Equo denuncia el intolerable n\u00famero de personas desempleadas en Motril","author":"Izquierda Unida Motril","date":"3 junio, 2021","format":false,"excerpt":"Inma Omiste ha exigido a la alcaldesa Luisa Garc\u00eda Chamorro que \u201cse deje de batallitas pol\u00edticas y ponga a trabajar a su numeroso equipo de gobierno para atender y dar respuesta a las necesidades reales de las personas, de los motrile\u00f1os y las motrile\u00f1as, que reclaman un puesto de trabajo\u2026","rel":"","context":"En \u00abempleo\u00bb","block_context":{"text":"empleo","link":"https:\/\/iumotril.org\/sitio\/category\/empleo\/"},"img":{"alt_text":"","src":"https:\/\/i0.wp.com\/iumotril.org\/sitio\/wp-content\/uploads\/2021\/06\/Paro-en-Mayo-1024x377.png?resize=350%2C200","width":350,"height":200,"srcset":"https:\/\/i0.wp.com\/iumotril.org\/sitio\/wp-content\/uploads\/2021\/06\/Paro-en-Mayo-1024x377.png?resize=350%2C200 1x, https:\/\/i0.wp.com\/iumotril.org\/sitio\/wp-content\/uploads\/2021\/06\/Paro-en-Mayo-1024x377.png?resize=525%2C300 1.5x"},"classes":[]},{"id":4133,"url":"https:\/\/iumotril.org\/sitio\/el-ayuntamiento-de-motril-sigue-cobrando-tasas-a-los-parados-por-acceso-al-empleo\/","url_meta":{"origin":4678,"position":2},"title":"El Ayuntamiento de Motril sigue cobrando tasas a los parados por acceso al empleo","author":"Izquierda Unida Motril","date":"2 noviembre, 2018","format":false,"excerpt":"Estamos ante otro claro ejemplo del desentendimiento y de indiferencia de Flor Alm\u00f3n y del Partido Socialista hacia los problemas reales de la ciudadan\u00eda. Una falta de voluntad pol\u00edtica que se evidencia en el hecho de que el paro est\u00e1 enquistado en Motril situ\u00e1ndose en torno a las seis mil\u2026","rel":"","context":"En \u00abAyuntamiento\u00bb","block_context":{"text":"Ayuntamiento","link":"https:\/\/iumotril.org\/sitio\/category\/ayuntamiento\/"},"img":{"alt_text":"","src":"https:\/\/i0.wp.com\/iumotril.org\/sitio\/wp-content\/uploads\/2018\/11\/Desempleados-Argos-1024x492.jpeg?resize=350%2C200","width":350,"height":200,"srcset":"https:\/\/i0.wp.com\/iumotril.org\/sitio\/wp-content\/uploads\/2018\/11\/Desempleados-Argos-1024x492.jpeg?resize=350%2C200 1x, https:\/\/i0.wp.com\/iumotril.org\/sitio\/wp-content\/uploads\/2018\/11\/Desempleados-Argos-1024x492.jpeg?resize=525%2C300 1.5x"},"classes":[]},{"id":3347,"url":"https:\/\/iumotril.org\/sitio\/izquierda-unida-denuncia-la-ausencia-de-politicas-activas-de-empleo-en-motril\/","url_meta":{"origin":4678,"position":3},"title":"Izquierda Unida denuncia la ausencia de pol\u00edticas activas de empleo en Motril","author":"Izquierda Unida Motril","date":"8 febrero, 2018","format":false,"excerpt":"Izquierda Unida ha recordado que, desde 2015, viene reclamando un Plan de empleo local para Motril que incluya, entre otras medidas, una oferta p\u00fablica de empleo municipal, incentivos a la contrataci\u00f3n de j\u00f3venes, mujeres y mayores de 45 a\u00f1os y la puesta en marcha de programas de formaci\u00f3n para el\u2026","rel":"","context":"En \u00abEST\u00c1 PASANDO\u00bb","block_context":{"text":"EST\u00c1 PASANDO","link":"https:\/\/iumotril.org\/sitio\/category\/esta-pasando\/"},"img":{"alt_text":"","src":"https:\/\/i0.wp.com\/iumotril.org\/sitio\/wp-content\/uploads\/2018\/02\/Christina-e-Inma_febrero-e1518088146912-768x1024.jpg?resize=350%2C200","width":350,"height":200},"classes":[]},{"id":1487,"url":"https:\/\/iumotril.org\/sitio\/izquierda-unida-exige-que-se-hagan-publicos-los-criterios-de-seleccion-de-los-contratos-del-programa-de-insercion-laboral-de-la-junta\/","url_meta":{"origin":4678,"position":4},"title":"IZQUIERDA UNIDA EXIGE QUE SE HAGAN P\u00daBLICOS LOS CRITERIOS DE SELECCI\u00d3N DE LOS CONTRATOS DEL PROGRAMA DE INSERCI\u00d3N LABORAL DE LA JUNTA","author":"Izquierda Unida Motril","date":"15 octubre, 2015","format":false,"excerpt":"Izquierda Unida ha denunciado la falta de transparencia con la que se est\u00e1 gestionando el Programa de Medidas Urgentes para la inserci\u00f3n laboral de la Junta de Andaluc\u00eda por el que se destinan 1,7 millones de euros para que el Ayuntamiento de Motril realice 212 contratos a otras tantos desempleados\u2026","rel":"","context":"En \u00abEST\u00c1 PASANDO\u00bb","block_context":{"text":"EST\u00c1 PASANDO","link":"https:\/\/iumotril.org\/sitio\/category\/esta-pasando\/"},"img":{"alt_text":"hombres mujeres plantilla","src":"https:\/\/i0.wp.com\/iumotril.org\/sitio\/wp-content\/uploads\/2015\/10\/hombres-mujeres-plantilla-300x200.jpg?resize=350%2C200","width":350,"height":200},"classes":[]},{"id":7403,"url":"https:\/\/iumotril.org\/sitio\/inma-omiste-iu-equo-pide-a-la-alcaldesa-que-se-ponga-en-la-piel-de-los-6-837-parados-y-paradas-de-motril\/","url_meta":{"origin":4678,"position":5},"title":"Inma Omiste pide a la alcaldesa que se ponga en la piel de los 6.837 parados y paradas de Motril","author":"Izquierda Unida Motril","date":"7 mayo, 2021","format":false,"excerpt":"La portavoz de IU-Equo ha reclamado a la alcaldesa que \u201cse deje de los grandes proyectos, de los reportajes fotogr\u00e1ficos y de los anuncios propagand\u00edsticos y se ponga a trabajar para resolver las necesidades de la gente porque, al final, va a ser ella quien acabe haciendo historia por el\u2026","rel":"","context":"En \u00abempleo\u00bb","block_context":{"text":"empleo","link":"https:\/\/iumotril.org\/sitio\/category\/empleo\/"},"img":{"alt_text":"","src":"https:\/\/i0.wp.com\/iumotril.org\/sitio\/wp-content\/uploads\/2021\/05\/Inma-7-de-mayo_1-1024x768.jpg?resize=350%2C200","width":350,"height":200,"srcset":"https:\/\/i0.wp.com\/iumotril.org\/sitio\/wp-content\/uploads\/2021\/05\/Inma-7-de-mayo_1-1024x768.jpg?resize=350%2C200 1x, https:\/\/i0.wp.com\/iumotril.org\/sitio\/wp-content\/uploads\/2021\/05\/Inma-7-de-mayo_1-1024x768.jpg?resize=525%2C300 1.5x"},"classes":[]}],"jetpack_likes_enabled":true,"_links":{"self":[{"href":"https:\/\/iumotril.org\/sitio\/wp-json\/wp\/v2\/posts\/4678","targetHints":{"allow":["GET"]}}],"collection":[{"href":"https:\/\/iumotril.org\/sitio\/wp-json\/wp\/v2\/posts"}],"about":[{"href":"https:\/\/iumotril.org\/sitio\/wp-json\/wp\/v2\/types\/post"}],"author":[{"embeddable":true,"href":"https:\/\/iumotril.org\/sitio\/wp-json\/wp\/v2\/users\/1"}],"replies":[{"embeddable":true,"href":"https:\/\/iumotril.org\/sitio\/wp-json\/wp\/v2\/comments?post=4678"}],"version-history":[{"count":6,"href":"https:\/\/iumotril.org\/sitio\/wp-json\/wp\/v2\/posts\/4678\/revisions"}],"predecessor-version":[{"id":4692,"href":"https:\/\/iumotril.org\/sitio\/wp-json\/wp\/v2\/posts\/4678\/revisions\/4692"}],"wp:attachment":[{"href":"https:\/\/iumotril.org\/sitio\/wp-json\/wp\/v2\/media?parent=4678"}],"wp:term":[{"taxonomy":"category","embeddable":true,"href":"https:\/\/iumotril.org\/sitio\/wp-json\/wp\/v2\/categories?post=4678"},{"taxonomy":"post_tag","embeddable":true,"href":"https:\/\/iumotril.org\/sitio\/wp-json\/wp\/v2\/tags?post=4678"}],"curies":[{"name":"wp","href":"https:\/\/api.w.org\/{rel}","templated":true}]}}