{"id":4661,"date":"2019-01-30T17:17:49","date_gmt":"2019-01-30T16:17:49","guid":{"rendered":"http:\/\/iumotril.org\/sitio\/?p=4661"},"modified":"2019-01-30T17:17:49","modified_gmt":"2019-01-30T16:17:49","slug":"izquierda-unida-reclama-la-recuperacion-de-los-servicios-municipales-privatizados","status":"publish","type":"post","link":"https:\/\/iumotril.org\/sitio\/izquierda-unida-reclama-la-recuperacion-de-los-servicios-municipales-privatizados\/","title":{"rendered":"Izquierda Unida reclama la recuperaci\u00f3n de los servicios municipales privatizados."},"content":{"rendered":"<p style=\"text-align: justify;\"><span style=\"color: #993300;\">Ha presentado una moci\u00f3n al pr\u00f3ximo pleno municipal en la que propone iniciar los procedimientos legales necesarios para municipalizar los servicios p\u00fablicos que han sido privatizados en los \u00faltimos a\u00f1os, durante los gobiernos del Partido Popular y del PSOE.\u00a0Demanda que la Corporaci\u00f3n Municipal asuma el firme compromiso de no privatizar en el futuro ninguno de los servicios p\u00fablicos que actualmente atiende con los trabajadores y trabajadoras de su plantilla.<\/span><\/p>\n<p style=\"text-align: justify;\">La moci\u00f3n de Izquierda Unida critica la <strong>privatizaci\u00f3n de trece servicios municipales<\/strong> de los que se ha desprendido el gobierno local de Motril en los \u00faltimos a\u00f1os, entre otros el mantenimiento de todas las fuentes de Motril, el servicio de se\u00f1alizaci\u00f3n horizontal y el de instalaci\u00f3n de vados, reservas y zonas de carga y descarga de mercanc\u00edas, el de reposici\u00f3n de l\u00e1mparas en las farolas de la ciudad, el \u00c1rea de jardines p\u00fablicos, el servicio parcial de la limpieza p\u00fablica a favor de FCC, que interviene en Santa Adela, Varadero y Playa Granada, adem\u00e1s de en los pol\u00edgonos industriales y en los puntos diseminados del t\u00e9rmino municipal, el de limpieza de aseos, vestuarios y pasarelas en las playas, desbrozado de hierbas y de la <a href=\"https:\/\/iumotril.org\/sitio\/rechazamos-frontalmente-la-privatizacion-de-la-grua-municipal\/\">Gr\u00faa municipal<\/a> y aparcamiento de la Plaza del Tranv\u00eda.<\/p>\n<p style=\"text-align: justify;\"><a href=\"https:\/\/iumotril.org\/sitio\/inma-omiste_servicios-publicos-30-enero\/\"><img loading=\"lazy\" decoding=\"async\" data-attachment-id=\"4659\" data-permalink=\"https:\/\/iumotril.org\/sitio\/izquierda-unida-reclama-la-recuperacion-de-los-servicios-municipales-privatizados\/inma-omiste_servicios-publicos-30-enero\/\" data-orig-file=\"https:\/\/iumotril.org\/sitio\/wp-content\/uploads\/2019\/01\/Inma-Omiste_Servicios-p\u00fablicos-30-enero.jpg\" data-orig-size=\"3264,2448\" data-comments-opened=\"1\" data-image-meta=\"{&quot;aperture&quot;:&quot;2.2&quot;,&quot;credit&quot;:&quot;&quot;,&quot;camera&quot;:&quot;iPhone 6&quot;,&quot;caption&quot;:&quot;&quot;,&quot;created_timestamp&quot;:&quot;1548845481&quot;,&quot;copyright&quot;:&quot;&quot;,&quot;focal_length&quot;:&quot;4.15&quot;,&quot;iso&quot;:&quot;32&quot;,&quot;shutter_speed&quot;:&quot;0.03030303030303&quot;,&quot;title&quot;:&quot;&quot;,&quot;orientation&quot;:&quot;1&quot;}\" data-image-title=\"Inma Omiste_Servicios p\u00fablicos-30 enero\" data-image-description=\"\" data-image-caption=\"\" data-large-file=\"https:\/\/iumotril.org\/sitio\/wp-content\/uploads\/2019\/01\/Inma-Omiste_Servicios-p\u00fablicos-30-enero-1024x768.jpg\" class=\"alignleft wp-image-4659\" src=\"https:\/\/iumotril.org\/sitio\/wp-content\/uploads\/2019\/01\/Inma-Omiste_Servicios-p\u00fablicos-30-enero-1024x768.jpg\" alt=\"\" width=\"485\" height=\"365\" srcset=\"https:\/\/iumotril.org\/sitio\/wp-content\/uploads\/2019\/01\/Inma-Omiste_Servicios-p\u00fablicos-30-enero-1024x768.jpg 1024w, https:\/\/iumotril.org\/sitio\/wp-content\/uploads\/2019\/01\/Inma-Omiste_Servicios-p\u00fablicos-30-enero-300x225.jpg 300w, https:\/\/iumotril.org\/sitio\/wp-content\/uploads\/2019\/01\/Inma-Omiste_Servicios-p\u00fablicos-30-enero-768x576.jpg 768w\" sizes=\"auto, (max-width: 485px) 100vw, 485px\" \/><\/a>La portavoz adjunta del Grupo Municipal de Izquierda Unida,<strong> Inma Omiste,<\/strong> ha criticado la gesti\u00f3n de <strong>Flor Alm\u00f3n<\/strong> al frente del Ayuntamiento de Motril, que <strong>se ha desentendido de la defensa de lo p\u00fablico<\/strong> y ha preferido, por incompetencia y comodidad, dejar en manos privadas determinados servicios municipales, lo que est\u00e1 suponiendo un incremento de sus costes que recaen, finalmente, en los vecinos y vecinas de Motril.<\/p>\n<p style=\"text-align: justify;\">En vez de abordar la mejora de dichos servicios y afrontar sus deficiencias para asegurar su eficacia y una<strong> mayor eficiencia de los recursos p\u00fablicos<\/strong>, Flor Alm\u00f3n ha elegido no realizar el m\u00ednimo esfuerzo para que los motrile\u00f1os y motrile\u00f1as tengan unos servicios p\u00fablicos municipales adecuados a sus demandas y necesidades..<\/p>\n<p style=\"text-align: justify;\">Para Omiste, el <strong>sobrecoste que supone estas privatizaciones<\/strong>, que es muy elevado, saldr\u00e1 directamente del bolsillo de los ciudadanos y ciudadanas. Ha se\u00f1alado que, \u00fanicamente en <a href=\"https:\/\/iumotril.org\/sitio\/la-privatizacion-de-la-limpieza-la-pagaran-en-sus-recibos-los-vecinos-de-motril\/\">contratos de limpieza<\/a>, y parques y jardines, a los largo del \u00faltimo a\u00f1o se han adjudicado servicios por un valor de <strong>m\u00e1s de 1,3 millones de euros<\/strong>. A este importe hay que sumarle los costes de la plantilla municipal que ven\u00edan realizando estas tareas. Un disparate que ilustra a la perfecci\u00f3n la <strong>desastrosa gesti\u00f3n llevada a cabo por la Sra. Flor Alm\u00f3n<\/strong> al frente del Ayuntamiento de Motril.<\/p>\n","protected":false},"excerpt":{"rendered":"<p>La portavoz adjunta del Grupo Municipal de Izquierda Unida, Inma Omiste, ha criticado la gesti\u00f3n de Flor Alm\u00f3n al frente del Ayuntamiento de Motril, que se ha desentendido de la defensa de lo p\u00fablico y ha preferido, por incompetencia y comodidad, dejar en manos privadas determinados servicios municipales, lo que est\u00e1 suponiendo un incremento de sus costes que recaen, finalmente, en los vecinos y vecinas de Motril.<\/p>\n","protected":false},"author":1,"featured_media":0,"comment_status":"open","ping_status":"open","sticky":false,"template":"","format":"standard","meta":{"cybocfi_hide_featured_image":"","_jetpack_newsletter_access":"","_jetpack_dont_email_post_to_subs":false,"_jetpack_newsletter_tier_id":0,"_jetpack_memberships_contains_paywalled_content":false,"_jetpack_memberships_contains_paid_content":false,"footnotes":""},"categories":[7,265,36],"tags":[117,115,448,200,376,426,364,928,229],"class_list":["post-4661","post","type-post","status-publish","format-standard","hentry","category-ayuntamiento","category-esta-pasando","category-mociones-pleno","tag-flor-almon","tag-inma-omiste","tag-limpieza","tag-mociones","tag-parques-y-jardines","tag-privatizaciones","tag-remunicipalizacion","tag-servicios-municipales","tag-servicios-publicos"],"jetpack_featured_media_url":"","jetpack_sharing_enabled":true,"jetpack_shortlink":"https:\/\/wp.me\/p4QsU5-1db","jetpack-related-posts":[{"id":4658,"url":"https:\/\/iumotril.org\/sitio\/presentamos-mocion-al-pleno-para-la-mejora-de-las-zonas-infantiles-de-parques-y-espacios-publicos\/","url_meta":{"origin":4661,"position":0},"title":"Presentamos Moci\u00f3n al Pleno para la mejora de las zonas infantiles de parques y espacios p\u00fablicos","author":"Izquierda Unida Motril","date":"31 enero, 2019","format":false,"excerpt":"La moci\u00f3n presentada por Izquierda Unida propone, adem\u00e1s de la elaboraci\u00f3n de un inventario con el estado actual de las diferentes zonas infantiles de juego de la ciudad, de sus instalaciones y de su equipamiento, la elaboraci\u00f3n de un plan de choque de limpieza integral de todas las zonas infantiles\u2026","rel":"","context":"En \u00abCiudad\u00bb","block_context":{"text":"Ciudad","link":"https:\/\/iumotril.org\/sitio\/category\/ciudad\/"},"img":{"alt_text":"","src":"https:\/\/i0.wp.com\/iumotril.org\/sitio\/wp-content\/uploads\/2019\/01\/Daniela-e-Inma_mociones_30-enero.jpg?resize=350%2C200","width":350,"height":200},"classes":[]},{"id":8324,"url":"https:\/\/iumotril.org\/sitio\/iu-equo-reclama-un-refuerzo-de-la-plantilla-municipal-para-garantizar-el-adecuado-funcionamiento-de-las-instalaciones-municipales\/","url_meta":{"origin":4661,"position":1},"title":"IU-EQUO reclama un refuerzo de la plantilla municipal para garantizar el adecuado funcionamiento de las instalaciones municipales","author":"Izquierda Unida Motril","date":"27 julio, 2022","format":false,"excerpt":"Museos, instalaciones deportivas y bibliotecas, adem\u00e1s de centros educativos, son las instalaciones que se est\u00e1n viendo afectadas en los \u00faltimos meses por estas circunstancias: la falta de personal que abra y cierre las instalaciones y preste la atenci\u00f3n necesaria a su funcionamiento. Esta situaci\u00f3n y la falta de respuesta del\u2026","rel":"","context":"En \u00abAyuntamiento\u00bb","block_context":{"text":"Ayuntamiento","link":"https:\/\/iumotril.org\/sitio\/category\/ayuntamiento\/"},"img":{"alt_text":"","src":"https:\/\/i0.wp.com\/iumotril.org\/sitio\/wp-content\/uploads\/2022\/07\/Inma-OK-27-julio-scaled.jpg?resize=350%2C200","width":350,"height":200,"srcset":"https:\/\/i0.wp.com\/iumotril.org\/sitio\/wp-content\/uploads\/2022\/07\/Inma-OK-27-julio-scaled.jpg?resize=350%2C200 1x, https:\/\/i0.wp.com\/iumotril.org\/sitio\/wp-content\/uploads\/2022\/07\/Inma-OK-27-julio-scaled.jpg?resize=525%2C300 1.5x, https:\/\/i0.wp.com\/iumotril.org\/sitio\/wp-content\/uploads\/2022\/07\/Inma-OK-27-julio-scaled.jpg?resize=700%2C400 2x, https:\/\/i0.wp.com\/iumotril.org\/sitio\/wp-content\/uploads\/2022\/07\/Inma-OK-27-julio-scaled.jpg?resize=1050%2C600 3x, https:\/\/i0.wp.com\/iumotril.org\/sitio\/wp-content\/uploads\/2022\/07\/Inma-OK-27-julio-scaled.jpg?resize=1400%2C800 4x"},"classes":[]},{"id":1928,"url":"https:\/\/iumotril.org\/sitio\/izquierda-unida-presenta-al-pleno-una-mocion-para-la-recuperacion-de-los-derechos-de-los-empleados-y-las-empleadas-publicos-municipales\/","url_meta":{"origin":4661,"position":2},"title":"IZQUIERDA UNIDA PRESENTA AL PLENO UNA MOCI\u00d3N PARA LA RECUPERACI\u00d3N DE LOS DERECHOS DE LOS EMPLEADOS Y LAS EMPLEADAS P\u00daBLICOS MUNICIPALES","author":"Izquierda Unida Motril","date":"3 marzo, 2016","format":false,"excerpt":"Adem\u00e1s de esta Moci\u00f3n, el Grupo Municipal de Izquierda Unida presenta otra solicitando la revocaci\u00f3n de la concesi\u00f3n de la parcela de dominio p\u00fablico municipal al Chiringuito Oleaje, por incumplimiento de las condiciones del contrato, y una moci\u00f3n adicional reclamando la elaboraci\u00f3n un proyecto de rehabilitaci\u00f3n integral de la F\u00e1brica\u2026","rel":"","context":"En \u00abEST\u00c1 PASANDO\u00bb","block_context":{"text":"EST\u00c1 PASANDO","link":"https:\/\/iumotril.org\/sitio\/category\/esta-pasando\/"},"img":{"alt_text":"Daniela Paqu\u00e9 promete su cargo como Concejalal del Ayuntamiento de Motril","src":"https:\/\/i0.wp.com\/iumotril.org\/sitio\/wp-content\/uploads\/2015\/06\/Daniela_5635-1024x682.jpg?resize=350%2C200","width":350,"height":200},"classes":[]},{"id":4829,"url":"https:\/\/iumotril.org\/sitio\/izquierda-unida-exige-a-flor-almon-el-cumplimiento-de-los-acuerdos-con-los-empleados-municipales\/","url_meta":{"origin":4661,"position":3},"title":"Izquierda Unida exige a Flor Alm\u00f3n el cumplimiento de los acuerdos con los empleados municipales","author":"Izquierda Unida Motril","date":"10 abril, 2019","format":false,"excerpt":"Para Izquierda Unida, Flor Alm\u00f3n y el partido socialista est\u00e1n pagando, un elevado peaje por\u00a0 presidir el gobierno municipal. Han sido, durante todo su mandato, espectadores mudos de los manejos de los hermanos Esc\u00e1mez. El mandato de Alm\u00f3n ha sido una ocasi\u00f3n perdida para la recuperaci\u00f3n de los derechos arrebatados\u2026","rel":"","context":"En \u00abAyuntamiento\u00bb","block_context":{"text":"Ayuntamiento","link":"https:\/\/iumotril.org\/sitio\/category\/ayuntamiento\/"},"img":{"alt_text":"Inma Omiste, candidata a la Alcald\u00eda de Motril y Jose Llorente","src":"https:\/\/i0.wp.com\/iumotril.org\/sitio\/wp-content\/uploads\/2019\/04\/Inma-y-Jose_10-abril.jpg?resize=350%2C200","width":350,"height":200,"srcset":"https:\/\/i0.wp.com\/iumotril.org\/sitio\/wp-content\/uploads\/2019\/04\/Inma-y-Jose_10-abril.jpg?resize=350%2C200 1x, https:\/\/i0.wp.com\/iumotril.org\/sitio\/wp-content\/uploads\/2019\/04\/Inma-y-Jose_10-abril.jpg?resize=525%2C300 1.5x, https:\/\/i0.wp.com\/iumotril.org\/sitio\/wp-content\/uploads\/2019\/04\/Inma-y-Jose_10-abril.jpg?resize=700%2C400 2x, https:\/\/i0.wp.com\/iumotril.org\/sitio\/wp-content\/uploads\/2019\/04\/Inma-y-Jose_10-abril.jpg?resize=1050%2C600 3x, https:\/\/i0.wp.com\/iumotril.org\/sitio\/wp-content\/uploads\/2019\/04\/Inma-y-Jose_10-abril.jpg?resize=1400%2C800 4x"},"classes":[]},{"id":2004,"url":"https:\/\/iumotril.org\/sitio\/izquierda-unida-reclama-la-apertura-de-la-escuela-municipal-de-musica-y-danza-en-el-curso-20162017\/","url_meta":{"origin":4661,"position":4},"title":"IZQUIERDA UNIDA RECLAMA LA APERTURA DE LA ESCUELA MUNICIPAL DE M\u00daSICA Y DANZA EN EL CURSO 2016\/2017","author":"Izquierda Unida Motril","date":"31 marzo, 2016","format":false,"excerpt":"Izquierda Unida defiende la recuperaci\u00f3n de todos los servicios p\u00fablicos arrasados por las pol\u00edticas privatizadoras y corruptas de la derecha, por lo que propone a trav\u00e9s de esta moci\u00f3n que desde el equipo de gobierno se adopten las medidas oportunas para que la Escuela municipal de m\u00fasica y danza est\u00e9\u2026","rel":"","context":"En \u00abEST\u00c1 PASANDO\u00bb","block_context":{"text":"EST\u00c1 PASANDO","link":"https:\/\/iumotril.org\/sitio\/category\/esta-pasando\/"},"img":{"alt_text":"Escuela m\u00fasica","src":"https:\/\/i0.wp.com\/iumotril.org\/sitio\/wp-content\/uploads\/2016\/03\/Escuela-m%C3%BAsica-300x259.jpg?resize=350%2C200","width":350,"height":200},"classes":[]},{"id":4801,"url":"https:\/\/iumotril.org\/sitio\/izquierda-unida-denuncia-sobrecostes-en-el-servicio-de-limpieza-municipal\/","url_meta":{"origin":4661,"position":5},"title":"Izquierda Unida denuncia sobrecostes en el servicio de limpieza municipal","author":"Izquierda Unida Motril","date":"27 marzo, 2019","format":false,"excerpt":"Rechazamos la privatizaci\u00f3n de los servicios p\u00fablicos municipales. No es la soluci\u00f3n para resolver los problemas de limpieza. Entendemos que la soluci\u00f3n pasa por dotar de los medios y recursos necesarios a las empresas p\u00fablicas para que lleven a cabo su tarea eficazmente y gestionarlas de forma profesional. Carece de\u2026","rel":"","context":"En \u00abCiudad\u00bb","block_context":{"text":"Ciudad","link":"https:\/\/iumotril.org\/sitio\/category\/ciudad\/"},"img":{"alt_text":"","src":"https:\/\/i0.wp.com\/iumotril.org\/sitio\/wp-content\/uploads\/2019\/03\/Inma-y-Jose-2_Marzo.jpg?resize=350%2C200","width":350,"height":200,"srcset":"https:\/\/i0.wp.com\/iumotril.org\/sitio\/wp-content\/uploads\/2019\/03\/Inma-y-Jose-2_Marzo.jpg?resize=350%2C200 1x, https:\/\/i0.wp.com\/iumotril.org\/sitio\/wp-content\/uploads\/2019\/03\/Inma-y-Jose-2_Marzo.jpg?resize=525%2C300 1.5x, https:\/\/i0.wp.com\/iumotril.org\/sitio\/wp-content\/uploads\/2019\/03\/Inma-y-Jose-2_Marzo.jpg?resize=700%2C400 2x, https:\/\/i0.wp.com\/iumotril.org\/sitio\/wp-content\/uploads\/2019\/03\/Inma-y-Jose-2_Marzo.jpg?resize=1050%2C600 3x, https:\/\/i0.wp.com\/iumotril.org\/sitio\/wp-content\/uploads\/2019\/03\/Inma-y-Jose-2_Marzo.jpg?resize=1400%2C800 4x"},"classes":[]}],"jetpack_likes_enabled":true,"_links":{"self":[{"href":"https:\/\/iumotril.org\/sitio\/wp-json\/wp\/v2\/posts\/4661","targetHints":{"allow":["GET"]}}],"collection":[{"href":"https:\/\/iumotril.org\/sitio\/wp-json\/wp\/v2\/posts"}],"about":[{"href":"https:\/\/iumotril.org\/sitio\/wp-json\/wp\/v2\/types\/post"}],"author":[{"embeddable":true,"href":"https:\/\/iumotril.org\/sitio\/wp-json\/wp\/v2\/users\/1"}],"replies":[{"embeddable":true,"href":"https:\/\/iumotril.org\/sitio\/wp-json\/wp\/v2\/comments?post=4661"}],"version-history":[{"count":7,"href":"https:\/\/iumotril.org\/sitio\/wp-json\/wp\/v2\/posts\/4661\/revisions"}],"predecessor-version":[{"id":4668,"href":"https:\/\/iumotril.org\/sitio\/wp-json\/wp\/v2\/posts\/4661\/revisions\/4668"}],"wp:attachment":[{"href":"https:\/\/iumotril.org\/sitio\/wp-json\/wp\/v2\/media?parent=4661"}],"wp:term":[{"taxonomy":"category","embeddable":true,"href":"https:\/\/iumotril.org\/sitio\/wp-json\/wp\/v2\/categories?post=4661"},{"taxonomy":"post_tag","embeddable":true,"href":"https:\/\/iumotril.org\/sitio\/wp-json\/wp\/v2\/tags?post=4661"}],"curies":[{"name":"wp","href":"https:\/\/api.w.org\/{rel}","templated":true}]}}