{"id":435,"date":"2015-01-30T15:50:00","date_gmt":"2015-01-30T14:50:00","guid":{"rendered":"http:\/\/iumotril.org\/sitio\/?p=435"},"modified":"2015-01-30T12:55:06","modified_gmt":"2015-01-30T11:55:06","slug":"iu-motril-advierte-de-que-el-pp-vuelve-a-vender-humo-con-el-carril-bici-de-los-alamos","status":"publish","type":"post","link":"https:\/\/iumotril.org\/sitio\/iu-motril-advierte-de-que-el-pp-vuelve-a-vender-humo-con-el-carril-bici-de-los-alamos\/","title":{"rendered":"IU-Motril advierte de que el PP vuelve a vender humo con el Carril Bici de los \u00c1lamos"},"content":{"rendered":"<p><strong>As\u00ed lo anuncian desde el \u00c1rea de Juventud de la formaci\u00f3n de izquierdas tras percatarse de que, tras la sonada inauguraci\u00f3n del carril, el mismo est\u00e1 necesitando el arreglo de diferentes zonas que imposibilitan su recorrido.<\/strong><br \/>\n<a href=\"https:\/\/iumotril.org\/sitio\/wp-content\/uploads\/2015\/01\/IMG-20150130-WA0002.jpg\"><img loading=\"lazy\" decoding=\"async\" data-attachment-id=\"437\" data-permalink=\"https:\/\/iumotril.org\/sitio\/iu-motril-advierte-de-que-el-pp-vuelve-a-vender-humo-con-el-carril-bici-de-los-alamos\/img-20150130-wa0002\/\" data-orig-file=\"https:\/\/iumotril.org\/sitio\/wp-content\/uploads\/2015\/01\/IMG-20150130-WA0002.jpg\" data-orig-size=\"1280,720\" data-comments-opened=\"1\" data-image-meta=\"{&quot;aperture&quot;:&quot;0&quot;,&quot;credit&quot;:&quot;&quot;,&quot;camera&quot;:&quot;&quot;,&quot;caption&quot;:&quot;&quot;,&quot;created_timestamp&quot;:&quot;0&quot;,&quot;copyright&quot;:&quot;&quot;,&quot;focal_length&quot;:&quot;0&quot;,&quot;iso&quot;:&quot;0&quot;,&quot;shutter_speed&quot;:&quot;0&quot;,&quot;title&quot;:&quot;&quot;,&quot;orientation&quot;:&quot;0&quot;}\" data-image-title=\"IMG-20150130-WA0002\" data-image-description=\"\" data-image-caption=\"\" data-large-file=\"https:\/\/iumotril.org\/sitio\/wp-content\/uploads\/2015\/01\/IMG-20150130-WA0002-1024x576.jpg\" src=\"https:\/\/iumotril.org\/sitio\/wp-content\/uploads\/2015\/01\/IMG-20150130-WA0002-300x168.jpg\" alt=\"IMG-20150130-WA0002\" width=\"300\" height=\"168\" class=\"aligncenter size-medium wp-image-437\" \/><\/a><\/p>\n<p>Christian Linares, coordinador del \u00e1rea, lamenta que \u201cel PP motrile\u00f1o demuestre, una vez m\u00e1s, que lo importante es que la se\u00f1ora Chamorro, acompa\u00f1ada de su s\u00e9quito, tengan la foto correspondiente en lugar de ofrecer servicios de calidad a su ciudad\u201d. Esto es as\u00ed porque \u201ccomo se puede ver, es imposible recorrer el carril bici dada la cantidad de obst\u00e1culos que nos encontramos a lo largo de la Rambla de los \u00c1lamos y que nos obligan a salir del mismo, con el consiguiente peligro para ciclistas, dem\u00e1s veh\u00edculos y peatones\u201d.<\/p>\n<p>href=\u00bbhttps:\/\/iumotril.org\/sitio\/wp-content\/uploads\/2015\/01\/IMG-20150130-WA0000.jpg\u00bb><img loading=\"lazy\" decoding=\"async\" data-attachment-id=\"436\" data-permalink=\"https:\/\/iumotril.org\/sitio\/iu-motril-advierte-de-que-el-pp-vuelve-a-vender-humo-con-el-carril-bici-de-los-alamos\/img-20150130-wa0000\/\" data-orig-file=\"https:\/\/iumotril.org\/sitio\/wp-content\/uploads\/2015\/01\/IMG-20150130-WA0000.jpg\" data-orig-size=\"1280,720\" data-comments-opened=\"1\" data-image-meta=\"{&quot;aperture&quot;:&quot;0&quot;,&quot;credit&quot;:&quot;&quot;,&quot;camera&quot;:&quot;&quot;,&quot;caption&quot;:&quot;&quot;,&quot;created_timestamp&quot;:&quot;0&quot;,&quot;copyright&quot;:&quot;&quot;,&quot;focal_length&quot;:&quot;0&quot;,&quot;iso&quot;:&quot;0&quot;,&quot;shutter_speed&quot;:&quot;0&quot;,&quot;title&quot;:&quot;&quot;,&quot;orientation&quot;:&quot;0&quot;}\" data-image-title=\"IMG-20150130-WA0000\" data-image-description=\"\" data-image-caption=\"\" data-large-file=\"https:\/\/iumotril.org\/sitio\/wp-content\/uploads\/2015\/01\/IMG-20150130-WA0000-1024x576.jpg\" src=\"https:\/\/iumotril.org\/sitio\/wp-content\/uploads\/2015\/01\/IMG-20150130-WA0000-300x168.jpg\" alt=\"IMG-20150130-WA0000\" width=\"300\" height=\"168\" class=\"aligncenter size-medium wp-image-436\" \/><\/a><\/p>\n<p>Estamos, por tanto, ante \u201cuna nueva desfachatez pol\u00edtica del se\u00f1or Navarro, como responsable del \u00e1rea, que tiene en su punto de mira las elecciones y los m\u00e9ritos personales, en lugar de las necesidades que realmente tiene Motril\u201d. En opini\u00f3n de Linares, \u201csi el se\u00f1or Nicol\u00e1s Navarro, coordinador de campa\u00f1a del PP, hace chapuzas como estas \u00a0a escasos meses de las elecciones, qu\u00e9 no har\u00e1 si las ganan\u201d.<br \/>\n<a href=\"https:\/\/iumotril.org\/sitio\/wp-content\/uploads\/2015\/01\/IMG-20150130-WA0009.jpg\"><img loading=\"lazy\" decoding=\"async\" data-attachment-id=\"438\" data-permalink=\"https:\/\/iumotril.org\/sitio\/iu-motril-advierte-de-que-el-pp-vuelve-a-vender-humo-con-el-carril-bici-de-los-alamos\/img-20150130-wa0009\/\" data-orig-file=\"https:\/\/iumotril.org\/sitio\/wp-content\/uploads\/2015\/01\/IMG-20150130-WA0009.jpg\" data-orig-size=\"720,1280\" data-comments-opened=\"1\" data-image-meta=\"{&quot;aperture&quot;:&quot;0&quot;,&quot;credit&quot;:&quot;&quot;,&quot;camera&quot;:&quot;&quot;,&quot;caption&quot;:&quot;&quot;,&quot;created_timestamp&quot;:&quot;0&quot;,&quot;copyright&quot;:&quot;&quot;,&quot;focal_length&quot;:&quot;0&quot;,&quot;iso&quot;:&quot;0&quot;,&quot;shutter_speed&quot;:&quot;0&quot;,&quot;title&quot;:&quot;&quot;,&quot;orientation&quot;:&quot;0&quot;}\" data-image-title=\"IMG-20150130-WA0009\" data-image-description=\"\" data-image-caption=\"\" data-large-file=\"https:\/\/iumotril.org\/sitio\/wp-content\/uploads\/2015\/01\/IMG-20150130-WA0009-576x1024.jpg\" src=\"https:\/\/iumotril.org\/sitio\/wp-content\/uploads\/2015\/01\/IMG-20150130-WA0009-168x300.jpg\" alt=\"IMG-20150130-WA0009\" width=\"168\" height=\"300\" class=\"aligncenter size-medium wp-image-438\" \/><\/a><\/p>\n<p>\u201cLos motrile\u00f1os tienen que conocer la pol\u00edtica que lleva a cabo el PP, en la cual lo importante es el logro personal. En esta ocasi\u00f3n lo han vuelto a demostrar al inaugurar un carril bici anunci\u00e1ndolo a bombo y platillo a trav\u00e9s de prensa y redes sociales, obviando la sorpresa que m\u00e1s tarde se llevan los ciclistas al descubrir que hay numerosos bordillos que a d\u00eda de hoy a\u00fan no han sido eliminados, alcantarillas donde las ruedas se pueden quedar atrancadas, finales abruptos y un largo etc\u00e9tera que deja patente que la citada inauguraci\u00f3n no fue m\u00e1s que otra venta de humo, como ya es caracter\u00edstico en este gobierno popular\u201d, achaca Linares.<\/p>\n<p>\u201cEl se\u00f1or Navarro, portavoz de la prepotencia del gobierno municipal, deber\u00eda de haber dimitido hace a\u00f1os, pues lo \u00fanico que consigue es dejar bien claro por qu\u00e9 los motrile\u00f1os no deber\u00edan volver a confiar el voto a un partido que solo piensa en la vanagloria personal, m\u00e1s all\u00e1 de lo que sus votantes y el resto de ciudadanos esperen de ellos\u201d, contin\u00faa el coordinador juvenil de IU, \u201cpero somos conscientes de que, precisamente por ese orgullo, lo que el se\u00f1or Nicol\u00e1s Navarro har\u00e1 ser\u00e1 atacar con opiniones que nada tienen que ver con la problem\u00e1tica que hoy aqu\u00ed presentamos\u201d.<br \/>\n<a href=\"https:\/\/iumotril.org\/sitio\/wp-content\/uploads\/2015\/01\/IMG-20150130-WA0005.jpg\"><img loading=\"lazy\" decoding=\"async\" data-attachment-id=\"441\" data-permalink=\"https:\/\/iumotril.org\/sitio\/iu-motril-advierte-de-que-el-pp-vuelve-a-vender-humo-con-el-carril-bici-de-los-alamos\/img-20150130-wa0005\/\" data-orig-file=\"https:\/\/iumotril.org\/sitio\/wp-content\/uploads\/2015\/01\/IMG-20150130-WA0005.jpg\" data-orig-size=\"720,1280\" data-comments-opened=\"1\" data-image-meta=\"{&quot;aperture&quot;:&quot;0&quot;,&quot;credit&quot;:&quot;&quot;,&quot;camera&quot;:&quot;&quot;,&quot;caption&quot;:&quot;&quot;,&quot;created_timestamp&quot;:&quot;0&quot;,&quot;copyright&quot;:&quot;&quot;,&quot;focal_length&quot;:&quot;0&quot;,&quot;iso&quot;:&quot;0&quot;,&quot;shutter_speed&quot;:&quot;0&quot;,&quot;title&quot;:&quot;&quot;,&quot;orientation&quot;:&quot;0&quot;}\" data-image-title=\"IMG-20150130-WA0005\" data-image-description=\"\" data-image-caption=\"\" data-large-file=\"https:\/\/iumotril.org\/sitio\/wp-content\/uploads\/2015\/01\/IMG-20150130-WA0005-576x1024.jpg\" src=\"https:\/\/iumotril.org\/sitio\/wp-content\/uploads\/2015\/01\/IMG-20150130-WA0005-168x300.jpg\" alt=\"IMG-20150130-WA0005\" width=\"168\" height=\"300\" class=\"aligncenter size-medium wp-image-441\" \/><\/a><br \/>\nPara finalizar, Christian Linares anuncia que en el programa electoral con el que Izquierda Unida se presenta a las elecciones \u201cincluir\u00e1 diferentes medidas para promocionar el deporte saludable, as\u00ed como la creaci\u00f3n de rutas y senderos donde practicarlo. Adem\u00e1s, en la web de IU Motril se aceptar\u00e1n las propuestas que nuestros vecinos quieran realizar sobre este y otros temas\u201d.<a \n<\/p>\n","protected":false},"excerpt":{"rendered":"<p>As\u00ed lo anuncian desde el \u00c1rea de Juventud de la [&hellip;]<\/p>\n","protected":false},"author":1,"featured_media":0,"comment_status":"open","ping_status":"open","sticky":false,"template":"","format":"standard","meta":{"cybocfi_hide_featured_image":"","_jetpack_newsletter_access":"","_jetpack_dont_email_post_to_subs":false,"_jetpack_newsletter_tier_id":0,"_jetpack_memberships_contains_paywalled_content":false,"_jetpack_memberships_contains_paid_content":false,"footnotes":""},"categories":[1],"tags":[],"class_list":["post-435","post","type-post","status-publish","format-standard","hentry","category-sin-categoria"],"jetpack_featured_media_url":"","jetpack_sharing_enabled":true,"jetpack_shortlink":"https:\/\/wp.me\/p4QsU5-71","jetpack-related-posts":[{"id":483,"url":"https:\/\/iumotril.org\/sitio\/el-pp-prometio-mas-arboles-por-persona-pero-destruye-el-arbolado-de-forma-sistematica\/","url_meta":{"origin":435,"position":0},"title":"EL PP PROMETI\u00d3 M\u00c1S \u00c1RBOLES POR PERSONA PERO DESTRUYE EL ARBOLADO DE FORMA SISTEM\u00c1TICA.","author":"Izquierda Unida Motril","date":"27 febrero, 2015","format":false,"excerpt":"El Grupo Municipal de Izquierda Unida ha denunciado una nueva destrucci\u00f3n de zona verde p\u00fablica en nuestra ciudad, en esta ocasi\u00f3n, el Gobierno de Garc\u00eda Chamorro ha hecho lo m\u00e1s f\u00e1cil ya que para adecentar la zona de la Rambla de los \u00e1lamos, en lugar de adaptar la obra al\u2026","rel":"","context":"En \u00abSin categor\u00eda\u00bb","block_context":{"text":"Sin categor\u00eda","link":"https:\/\/iumotril.org\/sitio\/category\/sin-categoria\/"},"img":{"alt_text":"alamos carriol  bici","src":"https:\/\/i0.wp.com\/iumotril.org\/sitio\/wp-content\/uploads\/2015\/02\/alamos-carriol-bici-225x300.jpg?resize=350%2C200","width":350,"height":200},"classes":[]},{"id":331,"url":"https:\/\/iumotril.org\/sitio\/la-alcaldesa-tambien-la-lia-con-los-vendedores-ambulantes\/","url_meta":{"origin":435,"position":1},"title":"LA ALCALDESA TAMBI\u00c9N LA L\u00cdA CON LOS VENDEDORES AMBULANTES","author":"Izquierda Unida Motril","date":"18 noviembre, 2014","format":false,"excerpt":"La decisi\u00f3n unilateral de Gobierno Municipal de reubicar el mercado de la Rambla de los \u00c1lamos en la Ronda de Levante ha levantado ampollas entre los vendedores ambulantes que esta ma\u00f1ana se han concentrado en las puertas del Ayuntamiento para pedir una reuni\u00f3n con la Alcaldesa donde trasladarle sus protestas\u2026","rel":"","context":"En \u00abAyuntamiento\u00bb","block_context":{"text":"Ayuntamiento","link":"https:\/\/iumotril.org\/sitio\/category\/ayuntamiento\/"},"img":{"alt_text":"IMG_20141118_100826","src":"https:\/\/i0.wp.com\/iumotril.org\/sitio\/wp-content\/uploads\/2014\/11\/IMG_20141118_100826-300x225.jpg?resize=350%2C200","width":350,"height":200},"classes":[]},{"id":7181,"url":"https:\/\/iumotril.org\/sitio\/iu-equo-reclama-el-arreglo-de-diversos-tramos-del-paseo-de-la-carretera-de-la-playa\/","url_meta":{"origin":435,"position":2},"title":"IU-Equo reclama el arreglo de diversos tramos del paseo de la carretera de la playa","author":"Izquierda Unida Motril","date":"19 febrero, 2021","format":false,"excerpt":"Seg\u00fan Inma Omiste el deterioro de este paseo que recorre la carretera de la playa se debe, fundamentalmente, a la falta de personal en los servicios municipales, especialmente en el \u00c1rea de mantenimiento de la ciudad. Ha recordado que desde su formaci\u00f3n se viene insistiendo continuamente en la necesidad de\u2026","rel":"","context":"En \u00abCiudad\u00bb","block_context":{"text":"Ciudad","link":"https:\/\/iumotril.org\/sitio\/category\/ciudad\/"},"img":{"alt_text":"","src":"https:\/\/i0.wp.com\/iumotril.org\/sitio\/wp-content\/uploads\/2021\/02\/Inma-19-febrero-1024x768.jpg?resize=350%2C200","width":350,"height":200,"srcset":"https:\/\/i0.wp.com\/iumotril.org\/sitio\/wp-content\/uploads\/2021\/02\/Inma-19-febrero-1024x768.jpg?resize=350%2C200 1x, https:\/\/i0.wp.com\/iumotril.org\/sitio\/wp-content\/uploads\/2021\/02\/Inma-19-febrero-1024x768.jpg?resize=525%2C300 1.5x"},"classes":[]},{"id":254,"url":"https:\/\/iumotril.org\/sitio\/izquierda-unida-considera-el-cambio-de-actitud-del-pp-con-la-poblacion-rumana-como-de-interesado\/","url_meta":{"origin":435,"position":3},"title":"IZQUIERDA UNIDA CONSIDERA EL CAMBIO DE ACTITUD DEL PP CON LA POBLACI\u00d3N RUMANA COMO DE INTERESADO","author":"Izquierda Unida Motril","date":"22 octubre, 2014","format":false,"excerpt":"IU Motril ha aplaudido el anuncio realizado por la Alcaldesa que en el centro intercultural de Los \u00c1lamos se instalar\u00e1 una mesa electoral para los comicios a la presidencia de Ruman\u00eda, pero ve con recelo el cambio de actitud del PP con los ciudadan@s ruman@s, y se muestra convencida que\u2026","rel":"","context":"En \u00abSin categor\u00eda\u00bb","block_context":{"text":"Sin categor\u00eda","link":"https:\/\/iumotril.org\/sitio\/category\/sin-categoria\/"},"img":{"alt_text":"daniela","src":"https:\/\/i0.wp.com\/iumotril.org\/sitio\/wp-content\/uploads\/2014\/07\/daniela.jpg?resize=350%2C200","width":350,"height":200},"classes":[]},{"id":9253,"url":"https:\/\/iumotril.org\/sitio\/iu-verdes-equo-llevara-actuaciones-integrales-de-mejora-en-el-barrio-de-los-alamos-y-en-otros-barrios-de-la-ciudad\/","url_meta":{"origin":435,"position":4},"title":"IU-Verdes Equo desarrollar\u00e1 actuaciones integrales de mejora en el barrio de los \u00c1lamos y en otros barrios de la ciudad","author":"Izquierda Unida Motril","date":"16 mayo, 2023","format":false,"excerpt":"La candidata de la coalici\u00f3n de izquierdas y ecologista ha informado de las actuaciones que llevar\u00e1 a cabo, adem\u00e1s de en el barrio de los \u00c1lamos, en el de Las Angustias, en Varadero, Santa Adela y en el barrio de Aviaci\u00f3n, as\u00ed como en los anejos de Carchuna-Calahonda, La Garnatilla\u2026","rel":"","context":"En \u00abElecciones\u00bb","block_context":{"text":"Elecciones","link":"https:\/\/iumotril.org\/sitio\/category\/elecciones\/"},"img":{"alt_text":"","src":"https:\/\/i0.wp.com\/iumotril.org\/sitio\/wp-content\/uploads\/2023\/05\/Los-alamos-1.jpg?resize=350%2C200&ssl=1","width":350,"height":200,"srcset":"https:\/\/i0.wp.com\/iumotril.org\/sitio\/wp-content\/uploads\/2023\/05\/Los-alamos-1.jpg?resize=350%2C200&ssl=1 1x, https:\/\/i0.wp.com\/iumotril.org\/sitio\/wp-content\/uploads\/2023\/05\/Los-alamos-1.jpg?resize=525%2C300&ssl=1 1.5x, https:\/\/i0.wp.com\/iumotril.org\/sitio\/wp-content\/uploads\/2023\/05\/Los-alamos-1.jpg?resize=700%2C400&ssl=1 2x, https:\/\/i0.wp.com\/iumotril.org\/sitio\/wp-content\/uploads\/2023\/05\/Los-alamos-1.jpg?resize=1050%2C600&ssl=1 3x"},"classes":[]},{"id":381,"url":"https:\/\/iumotril.org\/sitio\/el-pp-descuida-el-parque-de-los-pueblos-de-america\/","url_meta":{"origin":435,"position":5},"title":"El PP descuida el Parque de los Pueblos de Am\u00e9rica","author":"Izquierda Unida Motril","date":"9 enero, 2015","format":false,"excerpt":"As\u00ed lo confirman desde el \u00c1rea de Juventud de IU-Motril, que, durante varios d\u00edas aleatorios, ha querido conocer la opini\u00f3n de motrile\u00f1os, motrile\u00f1as y visitantes de nuestra localidad acerca del estado en el que se encuentra uno de los pulmones de la Costa Tropical. Su portavoz, Christian Linares, es contundente\u2026","rel":"","context":"En \u00abSin categor\u00eda\u00bb","block_context":{"text":"Sin categor\u00eda","link":"https:\/\/iumotril.org\/sitio\/category\/sin-categoria\/"},"img":{"alt_text":"christian 2014","src":"https:\/\/i0.wp.com\/iumotril.org\/sitio\/wp-content\/uploads\/2015\/01\/christian-2014-198x300.jpg?resize=350%2C200","width":350,"height":200},"classes":[]}],"jetpack_likes_enabled":true,"_links":{"self":[{"href":"https:\/\/iumotril.org\/sitio\/wp-json\/wp\/v2\/posts\/435","targetHints":{"allow":["GET"]}}],"collection":[{"href":"https:\/\/iumotril.org\/sitio\/wp-json\/wp\/v2\/posts"}],"about":[{"href":"https:\/\/iumotril.org\/sitio\/wp-json\/wp\/v2\/types\/post"}],"author":[{"embeddable":true,"href":"https:\/\/iumotril.org\/sitio\/wp-json\/wp\/v2\/users\/1"}],"replies":[{"embeddable":true,"href":"https:\/\/iumotril.org\/sitio\/wp-json\/wp\/v2\/comments?post=435"}],"version-history":[{"count":5,"href":"https:\/\/iumotril.org\/sitio\/wp-json\/wp\/v2\/posts\/435\/revisions"}],"predecessor-version":[{"id":445,"href":"https:\/\/iumotril.org\/sitio\/wp-json\/wp\/v2\/posts\/435\/revisions\/445"}],"wp:attachment":[{"href":"https:\/\/iumotril.org\/sitio\/wp-json\/wp\/v2\/media?parent=435"}],"wp:term":[{"taxonomy":"category","embeddable":true,"href":"https:\/\/iumotril.org\/sitio\/wp-json\/wp\/v2\/categories?post=435"},{"taxonomy":"post_tag","embeddable":true,"href":"https:\/\/iumotril.org\/sitio\/wp-json\/wp\/v2\/tags?post=435"}],"curies":[{"name":"wp","href":"https:\/\/api.w.org\/{rel}","templated":true}]}}