{"id":4310,"date":"2018-12-19T18:16:32","date_gmt":"2018-12-19T17:16:32","guid":{"rendered":"http:\/\/iumotril.org\/sitio\/?p=4310"},"modified":"2018-12-19T18:21:07","modified_gmt":"2018-12-19T17:21:07","slug":"siete-monitores-del-area-de-deportes-llevan-mas-de-un-mes-esperando-a-que-se-firme-la-resolucion-de-sus-expedientes-disciplinarios","status":"publish","type":"post","link":"https:\/\/iumotril.org\/sitio\/siete-monitores-del-area-de-deportes-llevan-mas-de-un-mes-esperando-a-que-se-firme-la-resolucion-de-sus-expedientes-disciplinarios\/","title":{"rendered":"Siete monitores del \u00c1rea de Deportes llevan m\u00e1s de un mes a la espera de que se resuelvan sus expedientes disciplinarios."},"content":{"rendered":"\n<ul class=\"wp-block-list\"><li><em><strong>A pesar de que desde el pasado mes de noviembre, existe una propuesta de archivo de los expedientes, la Alcaldesa a\u00fan no ha firmado el correspondiente Decreto certificando dicho archivo.<\/strong><\/em><\/li><li><em><strong>La deficiente coordinaci\u00f3n y planificaci\u00f3n de las actividades del \u00c1rea de Deportes est\u00e1 generando un conflicto generalizado entre la Direcci\u00f3n y los trabajadores.<\/strong><\/em><\/li><li><em><strong>Izquierda Unida exige la intervenci\u00f3n de la Alcaldesa para poner fin a una situaci\u00f3n que est\u00e1 contribuyendo al deterioro progresivo del servicio que se presta a los usuarios.<\/strong><\/em><\/li><\/ul>\n\n\n\n<p>Los monitores y monitoras de nataci\u00f3n trasladaron en el mes de septiembre a la direcci\u00f3n del \u00c1rea su solicitud para dejar de impartir clases de <em>aqua-gym, aqua-salud y aqua-pilates<\/em>, al carecer de la cualificaci\u00f3n profesional necesaria para ello. Ante la falta de respuesta, los monitores decidieron dejar de poner m\u00fasica durante dichas clases. Una actuaci\u00f3n que los responsables del \u00c1rea consideraron que era merecedora de la <strong>apertura de un expediente sancionador<\/strong>, como as\u00ed se hizo de forma inmediata.<\/p>\n\n\n\n<p>Los monitores han venido desarrollando su tarea en los \u00faltimos a\u00f1os con la mayor profesionalidad posible, a pesar de las deficientes condiciones de trabajo que se les ha ido imponiendo.<\/p>\n\n\n\n<p>El expediente cuenta ya con una <strong>propuesta de resoluci\u00f3n favorable a los trabajadores <\/strong>del pasado mes de noviembre. Sin embargo, m\u00e1s de un mes despu\u00e9s, sigue sin ser firmado el correspondiente Decreto por parte de la Alcaldesa, Flor Alm\u00f3n. <strong>Una situaci\u00f3n cuando menos an\u00f3mala<\/strong>, a juicio de Inma Omiste, portavoz adjunta de Izquierda Unida.<\/p>\n\n\n\n<p>Las actuaciones y el estilo de direcci\u00f3n en el \u00c1rea de Deportes en los \u00faltimos a\u00f1os han dado lugar a la presentaci\u00f3n de varias <strong>denuncias ante la Inspecci\u00f3n de Trabajo<\/strong> y a la representaci\u00f3n de los trabajadores formulados por trabajadoras y trabajadores del \u00c1rea contra su Director.<\/p>\n\n\n\n<div class=\"wp-block-image\"><figure class=\"alignleft is-resized\"><img loading=\"lazy\" decoding=\"async\" data-attachment-id=\"4309\" data-permalink=\"https:\/\/iumotril.org\/sitio\/inma-omiste_19-diciembre\/\" data-orig-file=\"https:\/\/iumotril.org\/sitio\/wp-content\/uploads\/2018\/12\/Inma-Omiste_19-diciembre.jpg\" data-orig-size=\"3264,2448\" data-comments-opened=\"1\" data-image-meta=\"{&quot;aperture&quot;:&quot;2.2&quot;,&quot;credit&quot;:&quot;&quot;,&quot;camera&quot;:&quot;iPhone 6&quot;,&quot;caption&quot;:&quot;&quot;,&quot;created_timestamp&quot;:&quot;1545208808&quot;,&quot;copyright&quot;:&quot;&quot;,&quot;focal_length&quot;:&quot;4.15&quot;,&quot;iso&quot;:&quot;32&quot;,&quot;shutter_speed&quot;:&quot;0.03030303030303&quot;,&quot;title&quot;:&quot;&quot;,&quot;orientation&quot;:&quot;1&quot;}\" data-image-title=\"Inma Omiste_19 diciembre\" data-image-description=\"\" data-image-caption=\"\" data-large-file=\"https:\/\/iumotril.org\/sitio\/wp-content\/uploads\/2018\/12\/Inma-Omiste_19-diciembre-1024x768.jpg\" src=\"https:\/\/iumotril.org\/sitio\/wp-content\/uploads\/2018\/12\/Inma-Omiste_19-diciembre-1024x768.jpg\" alt=\"Inma Omiste\" class=\"wp-image-4309\" width=\"391\" height=\"293\" srcset=\"https:\/\/iumotril.org\/sitio\/wp-content\/uploads\/2018\/12\/Inma-Omiste_19-diciembre-1024x768.jpg 1024w, https:\/\/iumotril.org\/sitio\/wp-content\/uploads\/2018\/12\/Inma-Omiste_19-diciembre-300x225.jpg 300w, https:\/\/iumotril.org\/sitio\/wp-content\/uploads\/2018\/12\/Inma-Omiste_19-diciembre-768x576.jpg 768w\" sizes=\"auto, (max-width: 391px) 100vw, 391px\" \/><\/figure><\/div>\n\n\n\n<p>A la vista de esta situaci\u00f3n, el comit\u00e9 de empresa considera que existen numerosos <strong>problemas de tipo organizativo y del estilo de mando en el \u00c1rea<\/strong>. Una actitud que est\u00e1 generando un malestar generalizado entre los trabajadores, lo que ha motivado la solicitud de traslado por parte de varios de ellos.<\/p>\n\n\n\n<p>En el pasado mes de abril se incoaba expediente disciplinario al <strong>Director del \u00c1rea de Deportes <\/strong>por su <a href=\"https:\/\/iumotril.org\/sitio\/el-ayuntamiento-de-motril-sancionado-por-discriminar-a-una-trabajadora-por-razon-de-sexo\/\" target=\"_blank\" rel=\"noreferrer noopener\" aria-label=\"En el pasado mes de abril se incoaba expediente disciplinario al Director del \u00c1rea de Deportes por su conducta discriminatoria hacia una trabajadora por raz\u00f3n de sexo en relaci\u00f3n con su maternidad. (opens in a new tab)\">conducta discriminatoria hacia una trabajadora<\/a> por raz\u00f3n de sexo en relaci\u00f3n con su maternidad.<\/p>\n\n\n\n<p>Diez meses despu\u00e9s, el expediente sigue su tramitaci\u00f3n. Mientras tanto, el Director del \u00c1rea <strong>sigue desempe\u00f1ando sus funciones<\/strong> como si tal cosa, manteniendo la discriminaci\u00f3n en el trato hacia las trabajadoras y los trabajadores y provocando el consiguiente malestar de estos.<\/p>\n\n\n\n<p>Seg\u00fan <strong>Inmaculada Omiste<\/strong>, nos encontramos ante otro lamentable ejemplo de la <strong>nefasta gesti\u00f3n que est\u00e1n llevando a cabo Flor Alm\u00f3n y su equipo <\/strong>en la Administraci\u00f3n Municipal.&nbsp;<\/p>\n\n\n\n<p>Izquierda Unida reclama, en este sentido, un cambio de la pol\u00edtica de Personal del Ayuntamiento que haga posible una <strong>gesti\u00f3n profesionalizada y rigurosa de los recursos humanos municipales, <\/strong>algo que con este gobierno local brilla por su ausencia ya que s\u00f3lo se contemplan criterios pol\u00edticos para la designaci\u00f3n de los diferentes responsables y coordinadores de las \u00c1reas.<\/p>\n","protected":false},"excerpt":{"rendered":"<p>Izquierda Unida reclama un cambio de la pol\u00edtica de Personal del Ayuntamiento que haga posible una gesti\u00f3n profesionalizada y rigurosa de los recursos humanos municipales, <\/p>\n","protected":false},"author":1,"featured_media":0,"comment_status":"open","ping_status":"open","sticky":false,"template":"","format":"standard","meta":{"cybocfi_hide_featured_image":"","_jetpack_newsletter_access":"","_jetpack_dont_email_post_to_subs":false,"_jetpack_newsletter_tier_id":0,"_jetpack_memberships_contains_paywalled_content":false,"_jetpack_memberships_contains_paid_content":false,"footnotes":""},"categories":[7,375,265],"tags":[1191,621,438,117,1190,1189],"class_list":["post-4310","post","type-post","status-publish","format-standard","hentry","category-ayuntamiento","category-denuncia","category-esta-pasando","tag-acoso-laboral","tag-area-deportes","tag-empleados-publicos","tag-flor-almon","tag-monitores-deportes","tag-sanciones"],"jetpack_featured_media_url":"","jetpack_sharing_enabled":true,"jetpack_shortlink":"https:\/\/wp.me\/p4QsU5-17w","jetpack-related-posts":[{"id":4686,"url":"https:\/\/iumotril.org\/sitio\/izquierda-unida-propone-mejoras-en-el-area-de-deportes-municipal\/","url_meta":{"origin":4310,"position":0},"title":"Izquierda Unida propone mejoras en el \u00c1rea de Deportes municipal","author":"Izquierda Unida Motril","date":"13 febrero, 2019","format":false,"excerpt":"La candidata de IU se ha comprometido con la representaci\u00f3n de los trabajadores del \u00c1rea a tener en cuenta sus demandas e incorporar sus propuestas al programa de Deportes que su formaci\u00f3n presentar\u00e1 en las pr\u00f3ximas elecciones municipales con el objetivo de profesionalizar la gesti\u00f3n del \u00c1rea y trabajar en\u2026","rel":"","context":"En \u00abAyuntamiento\u00bb","block_context":{"text":"Ayuntamiento","link":"https:\/\/iumotril.org\/sitio\/category\/ayuntamiento\/"},"img":{"alt_text":"","src":"https:\/\/i0.wp.com\/iumotril.org\/sitio\/wp-content\/uploads\/2019\/01\/Inma_2_Balance-2018_4-enero.jpg?resize=350%2C200","width":350,"height":200},"classes":[]},{"id":8371,"url":"https:\/\/iumotril.org\/sitio\/para-iu-equo-la-oferta-de-escuelas-deportivas-municipales-es-claramente-insuficiente\/","url_meta":{"origin":4310,"position":1},"title":"Para IU-Equo la oferta de escuelas deportivas municipales es claramente insuficiente","author":"Izquierda Unida Motril","date":"16 septiembre, 2022","format":false,"excerpt":"Desde el Grupo Municipal de IU-Equo se considera que la mala gesti\u00f3n de la alcaldesa Luisa Garc\u00eda Chamorro ha alcanzado, tambi\u00e9n, a las actividades del \u00c1rea de Deportes municipal, haci\u00e9ndose notar, fundamentalmente, en los d\u00e9ficits de personal, concretados en falta de monitores deportivos y de conserjes para\u00a0 atender las instalaciones\u2026","rel":"","context":"En \u00abEST\u00c1 PASANDO\u00bb","block_context":{"text":"EST\u00c1 PASANDO","link":"https:\/\/iumotril.org\/sitio\/category\/esta-pasando\/"},"img":{"alt_text":"","src":"https:\/\/i0.wp.com\/iumotril.org\/sitio\/wp-content\/uploads\/2022\/09\/Inma-Escuelas-deportivas-16-septiembre.jpg?resize=350%2C200","width":350,"height":200,"srcset":"https:\/\/i0.wp.com\/iumotril.org\/sitio\/wp-content\/uploads\/2022\/09\/Inma-Escuelas-deportivas-16-septiembre.jpg?resize=350%2C200 1x, https:\/\/i0.wp.com\/iumotril.org\/sitio\/wp-content\/uploads\/2022\/09\/Inma-Escuelas-deportivas-16-septiembre.jpg?resize=525%2C300 1.5x, https:\/\/i0.wp.com\/iumotril.org\/sitio\/wp-content\/uploads\/2022\/09\/Inma-Escuelas-deportivas-16-septiembre.jpg?resize=700%2C400 2x"},"classes":[]},{"id":5657,"url":"https:\/\/iumotril.org\/sitio\/iu-equo-denuncia-la-falta-de-monitores-en-el-area-de-deportes-municipal\/","url_meta":{"origin":4310,"position":2},"title":"IU-Equo denuncia la falta de monitores en el \u00c1rea de Deportes municipal","author":"Izquierda Unida Motril","date":"12 marzo, 2020","format":false,"excerpt":"El \u00c1rea de Deportes municipal es otra v\u00edctima de las pol\u00edticas de recortes y de la llamada austeridad del Partido Popular, al igual que el resto de las \u00e1reas municipales. A ello se le une la desastrosa pol\u00edtica de personal que las empleadas y empleados p\u00fablicos vienen sufriendo en los\u2026","rel":"","context":"En \u00abAyuntamiento\u00bb","block_context":{"text":"Ayuntamiento","link":"https:\/\/iumotril.org\/sitio\/category\/ayuntamiento\/"},"img":{"alt_text":"","src":"https:\/\/i0.wp.com\/iumotril.org\/sitio\/wp-content\/uploads\/2020\/03\/Jose-e-Inma_12-marzo-1024x768.jpg?resize=350%2C200","width":350,"height":200,"srcset":"https:\/\/i0.wp.com\/iumotril.org\/sitio\/wp-content\/uploads\/2020\/03\/Jose-e-Inma_12-marzo-1024x768.jpg?resize=350%2C200 1x, https:\/\/i0.wp.com\/iumotril.org\/sitio\/wp-content\/uploads\/2020\/03\/Jose-e-Inma_12-marzo-1024x768.jpg?resize=525%2C300 1.5x"},"classes":[]},{"id":10124,"url":"https:\/\/iumotril.org\/sitio\/el-gobierno-de-garcia-chamorro-esta-liquidando-el-area-de-deportes-municipal\/","url_meta":{"origin":4310,"position":3},"title":"El gobierno de Garc\u00eda Chamorro est\u00e1 liquidando el \u00c1rea de municipal de Deportes","author":"Izquierda Unida Motril","date":"24 septiembre, 2024","format":false,"excerpt":"A pesar de los anuncios y compromisos de la alcaldesa y del responsable del \u00c1rea, la piscina sigue cerrada, sin posibilidad de realizar inscripciones obligando a los usuarios a buscar alternativas, principalmente en instalaciones privadas, ya que no existe ninguna alternativa p\u00fablica para esta pr\u00e1ctica deportiva. Asimismo, Omiste ha denunciado\u2026","rel":"","context":"En \u00abAyuntamiento\u00bb","block_context":{"text":"Ayuntamiento","link":"https:\/\/iumotril.org\/sitio\/category\/ayuntamiento\/"},"img":{"alt_text":"","src":"https:\/\/i0.wp.com\/iumotril.org\/sitio\/wp-content\/uploads\/2024\/09\/Area-deportes.-jpeg.jpeg?resize=350%2C200&ssl=1","width":350,"height":200,"srcset":"https:\/\/i0.wp.com\/iumotril.org\/sitio\/wp-content\/uploads\/2024\/09\/Area-deportes.-jpeg.jpeg?resize=350%2C200&ssl=1 1x, https:\/\/i0.wp.com\/iumotril.org\/sitio\/wp-content\/uploads\/2024\/09\/Area-deportes.-jpeg.jpeg?resize=525%2C300&ssl=1 1.5x, https:\/\/i0.wp.com\/iumotril.org\/sitio\/wp-content\/uploads\/2024\/09\/Area-deportes.-jpeg.jpeg?resize=700%2C400&ssl=1 2x, https:\/\/i0.wp.com\/iumotril.org\/sitio\/wp-content\/uploads\/2024\/09\/Area-deportes.-jpeg.jpeg?resize=1050%2C600&ssl=1 3x"},"classes":[]},{"id":10224,"url":"https:\/\/iumotril.org\/sitio\/piscina-municipal-negligencia-incompetencia-y-poca-verguenza\/","url_meta":{"origin":4310,"position":4},"title":"Piscina municipal. Negligencia, incompetencia y poca verg\u00fcenza","author":"Izquierda Unida Motril","date":"6 noviembre, 2024","format":false,"excerpt":"Nos encontramos ante la pura incompetencia y desinter\u00e9s por la gesti\u00f3n eficaz de los recursos p\u00fablicos por parte de su gobierno, ha criticado la portavoz de IU Verdes Equo. La portavoz municipal de la coalici\u00f3n de izquierdas ha se\u00f1alado que, como siempre, los principales damnificados de esta situaci\u00f3n son los\u2026","rel":"","context":"En \u00abCiudad\u00bb","block_context":{"text":"Ciudad","link":"https:\/\/iumotril.org\/sitio\/category\/ciudad\/"},"img":{"alt_text":"","src":"https:\/\/i0.wp.com\/iumotril.org\/sitio\/wp-content\/uploads\/2024\/10\/Inma-RP-Area-Deportes-549x1024.jpg?resize=350%2C200&ssl=1","width":350,"height":200,"srcset":"https:\/\/i0.wp.com\/iumotril.org\/sitio\/wp-content\/uploads\/2024\/10\/Inma-RP-Area-Deportes-549x1024.jpg?resize=350%2C200&ssl=1 1x, https:\/\/i0.wp.com\/iumotril.org\/sitio\/wp-content\/uploads\/2024\/10\/Inma-RP-Area-Deportes-549x1024.jpg?resize=525%2C300&ssl=1 1.5x"},"classes":[]},{"id":8100,"url":"https:\/\/iumotril.org\/sitio\/iu-equo-denuncia-el-deficiente-funcionamiento-de-las-instalaciones-deportivas-municipales\/","url_meta":{"origin":4310,"position":5},"title":"IU-EQUO denuncia el mal funcionamiento de las instalaciones deportivas municipales","author":"Izquierda Unida Motril","date":"29 marzo, 2022","format":false,"excerpt":"La falta de personal en la plantilla, la improvisaci\u00f3n en la toma de decisiones y la voluntad de privatizaci\u00f3n de los servicios p\u00fablicos est\u00e1 haciendo mella en todos los servicios municipales, desde los de Informaci\u00f3n y atenci\u00f3n a la ciudadan\u00eda, a los de mantenimiento y limpieza de la ciudad. El\u2026","rel":"","context":"En \u00abEST\u00c1 PASANDO\u00bb","block_context":{"text":"EST\u00c1 PASANDO","link":"https:\/\/iumotril.org\/sitio\/category\/esta-pasando\/"},"img":{"alt_text":"","src":"https:\/\/i0.wp.com\/iumotril.org\/sitio\/wp-content\/uploads\/2022\/02\/INma-23-F-Mocion-violinsta-2-scaled.jpg?resize=350%2C200","width":350,"height":200,"srcset":"https:\/\/i0.wp.com\/iumotril.org\/sitio\/wp-content\/uploads\/2022\/02\/INma-23-F-Mocion-violinsta-2-scaled.jpg?resize=350%2C200 1x, https:\/\/i0.wp.com\/iumotril.org\/sitio\/wp-content\/uploads\/2022\/02\/INma-23-F-Mocion-violinsta-2-scaled.jpg?resize=525%2C300 1.5x, https:\/\/i0.wp.com\/iumotril.org\/sitio\/wp-content\/uploads\/2022\/02\/INma-23-F-Mocion-violinsta-2-scaled.jpg?resize=700%2C400 2x, https:\/\/i0.wp.com\/iumotril.org\/sitio\/wp-content\/uploads\/2022\/02\/INma-23-F-Mocion-violinsta-2-scaled.jpg?resize=1050%2C600 3x, https:\/\/i0.wp.com\/iumotril.org\/sitio\/wp-content\/uploads\/2022\/02\/INma-23-F-Mocion-violinsta-2-scaled.jpg?resize=1400%2C800 4x"},"classes":[]}],"jetpack_likes_enabled":true,"_links":{"self":[{"href":"https:\/\/iumotril.org\/sitio\/wp-json\/wp\/v2\/posts\/4310","targetHints":{"allow":["GET"]}}],"collection":[{"href":"https:\/\/iumotril.org\/sitio\/wp-json\/wp\/v2\/posts"}],"about":[{"href":"https:\/\/iumotril.org\/sitio\/wp-json\/wp\/v2\/types\/post"}],"author":[{"embeddable":true,"href":"https:\/\/iumotril.org\/sitio\/wp-json\/wp\/v2\/users\/1"}],"replies":[{"embeddable":true,"href":"https:\/\/iumotril.org\/sitio\/wp-json\/wp\/v2\/comments?post=4310"}],"version-history":[{"count":9,"href":"https:\/\/iumotril.org\/sitio\/wp-json\/wp\/v2\/posts\/4310\/revisions"}],"predecessor-version":[{"id":4319,"href":"https:\/\/iumotril.org\/sitio\/wp-json\/wp\/v2\/posts\/4310\/revisions\/4319"}],"wp:attachment":[{"href":"https:\/\/iumotril.org\/sitio\/wp-json\/wp\/v2\/media?parent=4310"}],"wp:term":[{"taxonomy":"category","embeddable":true,"href":"https:\/\/iumotril.org\/sitio\/wp-json\/wp\/v2\/categories?post=4310"},{"taxonomy":"post_tag","embeddable":true,"href":"https:\/\/iumotril.org\/sitio\/wp-json\/wp\/v2\/tags?post=4310"}],"curies":[{"name":"wp","href":"https:\/\/api.w.org\/{rel}","templated":true}]}}