{"id":4253,"date":"2018-12-12T18:45:00","date_gmt":"2018-12-12T17:45:00","guid":{"rendered":"http:\/\/iumotril.org\/sitio\/?p=4253"},"modified":"2018-12-21T20:30:03","modified_gmt":"2018-12-21T19:30:03","slug":"el-acceso-al-nuevo-espacio-comercial-de-motril-es-un-peligro-para-conductores-viandantes-y-vecinos","status":"publish","type":"post","link":"https:\/\/iumotril.org\/sitio\/el-acceso-al-nuevo-espacio-comercial-de-motril-es-un-peligro-para-conductores-viandantes-y-vecinos\/","title":{"rendered":"El acceso al nuevo espacio comercial de Motril es un peligro para vecinos,  viandantes y conductores."},"content":{"rendered":"\n<p class=\"has-text-color has-medium-font-size has-very-dark-gray-color\">Los vecinos de la Avenida Europa reclaman la instalaci\u00f3n de pasos de peatones sobre elevados, el acerado completo de la Avenida, mayor iluminaci\u00f3n y la eliminaci\u00f3n de las barreras arquitect\u00f3nicas existentes para garantizar las condiciones de seguridad de los usuarios de esa v\u00eda.<\/p>\n\n\n\n<p class=\"has-text-color has-medium-font-size has-very-dark-gray-color\">Izquierda Unida ha denunciado&nbsp; las irregularidades que han caracterizado el proyecto y la ejecuci\u00f3n del nuevo espacio comercial del MOT-21, que se han concretado en la apertura de una investigaci\u00f3n por parte de la Fiscal\u00eda y en la presentaci\u00f3n de recursos por parte de diversas asociaciones,que ponen en duda la legalidad de las obras.<\/p>\n\n\n\n<p>Con el inicio de las obras de la <strong>nueva zona comercial,<\/strong> junto a Alcampo, se han evidenciado muchas de las deficiencias de la avenida Europa, que es una de las principales v\u00edas de acceso y salida de Motril, as\u00ed como de su entorno, una zona de viviendas en las que residen cerca de 200 familias.<\/p>\n\n\n\n<div class=\"wp-block-image\"><figure class=\"alignleft is-resized\"><img loading=\"lazy\" decoding=\"async\" data-attachment-id=\"4277\" data-permalink=\"https:\/\/iumotril.org\/sitio\/avenida-europa_3\/\" data-orig-file=\"https:\/\/iumotril.org\/sitio\/wp-content\/uploads\/2018\/12\/Avenida-europa_3.jpg\" data-orig-size=\"3264,2448\" data-comments-opened=\"1\" data-image-meta=\"{&quot;aperture&quot;:&quot;2.2&quot;,&quot;credit&quot;:&quot;&quot;,&quot;camera&quot;:&quot;iPhone 6&quot;,&quot;caption&quot;:&quot;&quot;,&quot;created_timestamp&quot;:&quot;1544610000&quot;,&quot;copyright&quot;:&quot;&quot;,&quot;focal_length&quot;:&quot;4.15&quot;,&quot;iso&quot;:&quot;32&quot;,&quot;shutter_speed&quot;:&quot;0.00017699115044248&quot;,&quot;title&quot;:&quot;&quot;,&quot;orientation&quot;:&quot;1&quot;}\" data-image-title=\"Avenida europa_3\" data-image-description=\"\" data-image-caption=\"\" data-large-file=\"https:\/\/iumotril.org\/sitio\/wp-content\/uploads\/2018\/12\/Avenida-europa_3-1024x768.jpg\" src=\"https:\/\/iumotril.org\/sitio\/wp-content\/uploads\/2018\/12\/Avenida-europa_3-1024x768.jpg\" alt=\"deterioro aceras avenida europa\" class=\"wp-image-4277\" width=\"418\" height=\"314\" srcset=\"https:\/\/iumotril.org\/sitio\/wp-content\/uploads\/2018\/12\/Avenida-europa_3-1024x768.jpg 1024w, https:\/\/iumotril.org\/sitio\/wp-content\/uploads\/2018\/12\/Avenida-europa_3-300x225.jpg 300w, https:\/\/iumotril.org\/sitio\/wp-content\/uploads\/2018\/12\/Avenida-europa_3-768x576.jpg 768w\" sizes=\"auto, (max-width: 418px) 100vw, 418px\" \/><\/figure><\/div>\n\n\n\n<p>Izquierda Unida se ha hecho eco de las <strong>denuncias de los vecinos y vecinas de la zona,<\/strong> que se sienten abandonados por el Ayuntamiento de Motril, a pesar de llevar meses reclamando soluciones a sus demandas. <\/p>\n\n\n\n<p>El <strong>incremento del tr\u00e1fico rodado por la Avenida<\/strong>, la velocidad con la que circulan los veh\u00edculos, la falta de iluminaci\u00f3n y de acondicionamiento de los pasos de peatones suponen un riesgo evidente para todas las personas que vivimos y transitamos por esta zona, ha declarado un portavoz de los vecinos y vecinas.<\/p>\n\n\n\n<div class=\"wp-block-image\"><figure class=\"alignleft is-resized\"><img loading=\"lazy\" decoding=\"async\" data-attachment-id=\"4119\" data-permalink=\"https:\/\/iumotril.org\/sitio\/avda-europa_1\/\" data-orig-file=\"https:\/\/iumotril.org\/sitio\/wp-content\/uploads\/2018\/10\/Avda-Europa_1.jpg\" data-orig-size=\"480,645\" data-comments-opened=\"1\" data-image-meta=\"{&quot;aperture&quot;:&quot;0&quot;,&quot;credit&quot;:&quot;&quot;,&quot;camera&quot;:&quot;&quot;,&quot;caption&quot;:&quot;&quot;,&quot;created_timestamp&quot;:&quot;0&quot;,&quot;copyright&quot;:&quot;&quot;,&quot;focal_length&quot;:&quot;0&quot;,&quot;iso&quot;:&quot;0&quot;,&quot;shutter_speed&quot;:&quot;0&quot;,&quot;title&quot;:&quot;&quot;,&quot;orientation&quot;:&quot;0&quot;}\" data-image-title=\"Avda Europa_1\" data-image-description=\"\" data-image-caption=\"\" data-large-file=\"https:\/\/iumotril.org\/sitio\/wp-content\/uploads\/2018\/10\/Avda-Europa_1.jpg\" src=\"https:\/\/iumotril.org\/sitio\/wp-content\/uploads\/2018\/10\/Avda-Europa_1.jpg\" alt=\"\" class=\"wp-image-4119\" width=\"418\" height=\"561\" srcset=\"https:\/\/iumotril.org\/sitio\/wp-content\/uploads\/2018\/10\/Avda-Europa_1.jpg 480w, https:\/\/iumotril.org\/sitio\/wp-content\/uploads\/2018\/10\/Avda-Europa_1-223x300.jpg 223w\" sizes=\"auto, (max-width: 418px) 100vw, 418px\" \/><\/figure><\/div>\n\n\n\n<p>Adem\u00e1s de diversas actuaciones en la avenida, como la mejora de los pasos de peatones, el acerado de todos sus tramos y mayor iluminaci\u00f3n, reclaman para el entorno y la zona de viviendas una mayor intensidad de las labores de limpieza por parte de los servicios municipales, el mantenimiento y adecuaci\u00f3n del arbolado y del parque infantil de la calle Roma, as\u00ed como la eliminaci\u00f3n de las barreras arquitect\u00f3nicas actualmente existentes.<\/p>\n\n\n\n<p>Tras reunirse con una representaci\u00f3n de los vecinos y vecinas, <strong>Inma Omiste<\/strong>, portavoz adjunta de Izquierda Unida, ha manifestado el apoyo de su formaci\u00f3n a las demandas, justas y de sentido com\u00fan, de los vecinos y su compromiso de llevar a cabo las actuaciones necesarias para que el equipo de Gobierno de <strong>Flor Alm\u00f3n<\/strong>, d\u00e9 la cara y proponga soluciones para resolver los problemas existentes. <\/p>\n\n\n\n<p>Cualquier persona que transite por esta Avenida puede comprobar el deplorable estado en que se encuentra, con coches en los arcenes restando visibilidad a los pasos de peatones, obras a medio acabar, escasa iluminaci\u00f3n, aceras inexistentes\u2026 <strong>un panorama desolador<\/strong> en una avenida que es una de las principales v\u00edas de acceso a la ciudad de Motril, ha declarado.<\/p>\n\n\n\n<h2 class=\"wp-block-heading\"><strong>La Fiscal\u00eda investiga las obras en el MOT-21<\/strong><\/h2>\n\n\n\n<p>Izquierda Unida <a rel=\"noreferrer noopener\" aria-label=\"IzquierdaUnida ya denunci\u00f3 en su momento el disparate de la implantaci\u00f3n de un granespacio comercial en la parcela del MOT-21 por las dificultades de disponer deuna v\u00eda de acceso adecuada que permitiera absorber el incremento de tr\u00e1fico queprevisiblemente se generar\u00e1. (opens in a new tab)\" href=\"https:\/\/iumotril.org\/sitio\/la-ubicacion-del-nuevo-espacio-comercial-de-motril-en-el-mot-21-solo-creara-inconvenientes\/\" target=\"_blank\">ya denunci\u00f3<\/a> en su momento el disparate de la implantaci\u00f3n de un gran <strong>espacio comercial en la parcela del MOT-21<\/strong> por las dificultades de disponer de una <strong>v\u00eda de acceso adecuada<\/strong> que permitiera absorber el incremento de tr\u00e1fico que previsiblemente se generar\u00e1.<\/p>\n\n\n\n<p>El empe\u00f1o del gobierno de Flor Alm\u00f3n y de <strong>su socio, Antonio Esc\u00e1mez<\/strong> por iniciar y ejecutar de cualquier manera las obras de la nueva zona comercial est\u00e1 poniendo negro sobre blanco la inadecuaci\u00f3n de esa zona de acceso a Motril desde la N-340 pasando por&nbsp; \u201cEl Candel\u00f3n\u201d, ha declarado la portavoz municipal de IU.<\/p>\n\n\n\n<p>El pasado mes de noviembre se hac\u00eda p\u00fablico que <strong>la Fiscal\u00eda ha ordenado investigar<\/strong> si las <a href=\"https:\/\/www.eldiario.es\/andalucia\/granada\/Granada-Motril-urbanismo-recalificacion-corrupcion_0_830467609.html\" target=\"_blank\" rel=\"noreferrer noopener\" aria-label=\"El pasado mes de noviembre se hac\u00eda p\u00fablico que la Fiscal\u00eda ha ordenado investigar si las obras de construcci\u00f3n de los centros comerciales se iniciaron sin las correspondientes licencias, adem\u00e1s de poner en duda los planes de movilidad y sostenibilidad econ\u00f3mica utilizados.  (opens in a new tab)\">obras de construcci\u00f3n de los centros comerciales<\/a> se iniciaron sin las correspondientes licencias, adem\u00e1s de poner en duda los planes de movilidad y sostenibilidad econ\u00f3mica utilizados. <\/p>\n\n\n\n<p>Por su parte, &nbsp;la adecuaci\u00f3n del acceso al nuevo espacio comercial ha sido recurrida por <strong>diversas Asociaciones que han calificado la operaci\u00f3n urban\u00edstica llevada a cabo de \u201cpelotazo urban\u00edstico\u201d<\/strong>. Seg\u00fan un portavoz de Ecologistas en Acci\u00f3n \u201cparece que alguien se hubiese empe\u00f1ado en encajar en ese preciso lugar las nuevas tiendas\u201d.<\/p>\n\n\n\n<p>Se trata de unos hechos que no se est\u00e1n dando a conocer a los vecinos y vecinas de Motril que pueden resolverse con sentencias contrarias a las actuaciones llevadas a cabo por el Ayuntamiento, lo que supondr\u00eda un enorme <strong>perjuicio econ\u00f3mico para los intereses de la ciudad <\/strong>y de los motrile\u00f1os y motrile\u00f1as, ha se\u00f1alado la portavoz de IU.<\/p>\n\n\n\n<figure class=\"wp-block-image\"><img loading=\"lazy\" decoding=\"async\" width=\"755\" height=\"425\" data-attachment-id=\"4297\" data-permalink=\"https:\/\/iumotril.org\/sitio\/rotonda-cropped_9002662_20181209202723\/\" data-orig-file=\"https:\/\/iumotril.org\/sitio\/wp-content\/uploads\/2018\/12\/rotonda-cropped_9002662_20181209202723.jpg\" data-orig-size=\"755,425\" data-comments-opened=\"1\" data-image-meta=\"{&quot;aperture&quot;:&quot;0&quot;,&quot;credit&quot;:&quot;&quot;,&quot;camera&quot;:&quot;&quot;,&quot;caption&quot;:&quot;&quot;,&quot;created_timestamp&quot;:&quot;0&quot;,&quot;copyright&quot;:&quot;&quot;,&quot;focal_length&quot;:&quot;0&quot;,&quot;iso&quot;:&quot;0&quot;,&quot;shutter_speed&quot;:&quot;0&quot;,&quot;title&quot;:&quot;&quot;,&quot;orientation&quot;:&quot;0&quot;}\" data-image-title=\"rotonda-cropped_9002662_20181209202723\" data-image-description=\"\" data-image-caption=\"&lt;p&gt;Rotonda acceso zona comercial (AMAyT)&lt;\/p&gt;\n\" data-large-file=\"https:\/\/iumotril.org\/sitio\/wp-content\/uploads\/2018\/12\/rotonda-cropped_9002662_20181209202723.jpg\" src=\"https:\/\/iumotril.org\/sitio\/wp-content\/uploads\/2018\/12\/rotonda-cropped_9002662_20181209202723.jpg\" alt=\"\" class=\"wp-image-4297\" srcset=\"https:\/\/iumotril.org\/sitio\/wp-content\/uploads\/2018\/12\/rotonda-cropped_9002662_20181209202723.jpg 755w, https:\/\/iumotril.org\/sitio\/wp-content\/uploads\/2018\/12\/rotonda-cropped_9002662_20181209202723-300x169.jpg 300w\" sizes=\"auto, (max-width: 755px) 100vw, 755px\" \/><figcaption>Rotonda acceso zona comercial (AMAyT)<\/figcaption><\/figure>\n\n\n\n<p><strong>Inma Omiste<\/strong> ha criticado esta forma de gobernar de Flor Alm\u00f3n y su equipo, de espaldas a los vecinos, despreciando sus necesidades e intereses reales para abordar, en cambio, <strong>grandes proyectos que reportan suculentos beneficios a particulares y a empresas privadas<\/strong> y pocos, por no decir ninguno, a la ciudad a sus vecinos y vecinas.<\/p>\n\n\n\n<p>Omiste ha recordado que su Grupo Municipal ha sido el \u00fanico que <a href=\"https:\/\/iumotril.org\/sitio\/izquierda-unida-reclama-la-paralizacion-de-las-obras-del-mot-21\/\" target=\"_blank\" rel=\"noreferrer noopener\" aria-label=\"Omiste ha recordado que su Grupo Municipal ha sido el \u00fanico que no ha dado su apoyo a la modificaci\u00f3n del PGOU que permiti\u00f3 poner en marcha este proyecto, que fue votada favorablemente por los restantes grupos pol\u00edticos. Cuando se trata de especulaci\u00f3n y de grandes negocios que favorecen a intereses privados, el Partido Popular, el Partido Socialista y el Partido Andalucista van todos a una. Sus intereses son los mismos, ha declarado la portavoz adjunta de Izquierda Unida.&nbsp; (opens in a new tab)\">no ha dado su apoyo a la modificaci\u00f3n del PGOU<\/a> que permiti\u00f3 poner en marcha este proyecto, que fue votada favorablemente por los restantes grupos pol\u00edticos. C<strong>uando se trata de especulaci\u00f3n y de grandes negocios que favorecen a intereses privados, el Partido Popular, el Partido Socialista y el Partido Andalucista van todos a una<\/strong>. Sus intereses son los mismos, ha declarado la portavoz adjunta de Izquierda Unida.&nbsp;<\/p>\n\n\n\n<h2 class=\"wp-block-heading\"><\/h2>\n","protected":false},"excerpt":{"rendered":"<p>Omiste ha recordado que su Grupo Municipal ha sido el \u00fanico que no ha dado su apoyo a la modificaci\u00f3n del PGOU que permiti\u00f3 poner en marcha este proyecto, que fue votada favorablemente por los restantes grupos pol\u00edticos. Cuando se trata de especulaci\u00f3n y de grandes negocios que favorecen a intereses privados, el Partido Popular, el Partido Socialista y el Partido Andalucista van todos a una. Sus intereses son los mismos, ha declarado la portavoz adjunta de Izquierda Unida. <\/p>\n","protected":false},"author":1,"featured_media":0,"comment_status":"open","ping_status":"open","sticky":false,"template":"","format":"standard","meta":{"cybocfi_hide_featured_image":"","_jetpack_newsletter_access":"","_jetpack_dont_email_post_to_subs":false,"_jetpack_newsletter_tier_id":0,"_jetpack_memberships_contains_paywalled_content":false,"_jetpack_memberships_contains_paid_content":false,"footnotes":""},"categories":[177,265],"tags":[1159,90,73,10,657,952,670,631],"class_list":["post-4253","post","type-post","status-publish","format-standard","hentry","category-ciudad","category-esta-pasando","tag-avenida-europa","tag-barrios","tag-corrupcion","tag-denuncia","tag-fiscalia","tag-mot-21","tag-movilidad","tag-pelotazo-urbanistico"],"jetpack_featured_media_url":"","jetpack_sharing_enabled":true,"jetpack_shortlink":"https:\/\/wp.me\/p4QsU5-16B","jetpack-related-posts":[{"id":4321,"url":"https:\/\/iumotril.org\/sitio\/izquierda-unida-reclama-mejoras-en-el-acceso-al-nuevo-espacio-comercial-de-motril\/","url_meta":{"origin":4253,"position":0},"title":"Izquierda Unida reclama mejoras en el acceso al nuevo espacio comercial de Motril","author":"Izquierda Unida Motril","date":"20 diciembre, 2018","format":false,"excerpt":"Izquierda Unida viene denunciando de forma reiterada el empe\u00f1o de Flor Alm\u00f3n y de Antonio Esc\u00e1mez en sacar adelante este proyecto al coste que seaCuando se trata de especulaci\u00f3n y de grandes negocios que favorecen a intereses privados, el Partido Popular, el Partido Socialista y el Partido Andalucista van todos\u2026","rel":"","context":"En \u00abCiudad\u00bb","block_context":{"text":"Ciudad","link":"https:\/\/iumotril.org\/sitio\/category\/ciudad\/"},"img":{"alt_text":"","src":"https:\/\/i0.wp.com\/iumotril.org\/sitio\/wp-content\/uploads\/2018\/12\/rotonda-cropped_9002662_20181209202723.jpg?resize=350%2C200&ssl=1","width":350,"height":200,"srcset":"https:\/\/i0.wp.com\/iumotril.org\/sitio\/wp-content\/uploads\/2018\/12\/rotonda-cropped_9002662_20181209202723.jpg?resize=350%2C200&ssl=1 1x, https:\/\/i0.wp.com\/iumotril.org\/sitio\/wp-content\/uploads\/2018\/12\/rotonda-cropped_9002662_20181209202723.jpg?resize=525%2C300&ssl=1 1.5x, https:\/\/i0.wp.com\/iumotril.org\/sitio\/wp-content\/uploads\/2018\/12\/rotonda-cropped_9002662_20181209202723.jpg?resize=700%2C400&ssl=1 2x"},"classes":[]},{"id":4093,"url":"https:\/\/iumotril.org\/sitio\/izquierda-unida-reclama-diversas-mejoras-en-el-acceso-a-motril-por-la-avenida-europa\/","url_meta":{"origin":4253,"position":1},"title":"Izquierda Unida reclama diversas mejoras en el acceso a Motril por la Avenida Europa","author":"Izquierda Unida Motril","date":"23 octubre, 2018","format":false,"excerpt":"El Grupo Municipal de Izquierda Unida se ha hecho eco de las denuncias de los vecinos y vecinas de la zona, que se sienten abandonados por el Ayuntamiento de Motril. Adem\u00e1s de diversas actuaciones en la avenida, como la mejora de los pasos de peatones y el acerado de todos\u2026","rel":"","context":"En \u00abCiudad\u00bb","block_context":{"text":"Ciudad","link":"https:\/\/iumotril.org\/sitio\/category\/ciudad\/"},"img":{"alt_text":"","src":"https:\/\/i0.wp.com\/iumotril.org\/sitio\/wp-content\/uploads\/2018\/10\/Avda.-Europa_3-176x176.jpg?resize=350%2C200&ssl=1","width":350,"height":200},"classes":[]},{"id":4329,"url":"https:\/\/iumotril.org\/sitio\/el-pleno-aprueba-dos-propuestas-de-izquierda-unida-para-mejorar-motril\/","url_meta":{"origin":4253,"position":2},"title":"El Pleno aprueba dos propuestas de Izquierda Unida para mejorar Motril","author":"Izquierda Unida Motril","date":"21 diciembre, 2018","format":false,"excerpt":"Ahora toca perseguir su cumplimiento, lo que no es una tarea f\u00e1cil con un gobierno local acostumbrado a no cumplir con sus compromisos y saltarse cualquier acuerdo con los vecinos o con los grupos pol\u00edticos. Un gobierno que no es de fiar, que mantiene guardadas en el caj\u00f3n decenas de\u2026","rel":"","context":"En \u00abCiudad\u00bb","block_context":{"text":"Ciudad","link":"https:\/\/iumotril.org\/sitio\/category\/ciudad\/"},"img":{"alt_text":"","src":"https:\/\/i0.wp.com\/iumotril.org\/sitio\/wp-content\/uploads\/2018\/12\/Grupo-IU-en-el-Pleno-21-d.jpg?resize=350%2C200&ssl=1","width":350,"height":200,"srcset":"https:\/\/i0.wp.com\/iumotril.org\/sitio\/wp-content\/uploads\/2018\/12\/Grupo-IU-en-el-Pleno-21-d.jpg?resize=350%2C200&ssl=1 1x, https:\/\/i0.wp.com\/iumotril.org\/sitio\/wp-content\/uploads\/2018\/12\/Grupo-IU-en-el-Pleno-21-d.jpg?resize=525%2C300&ssl=1 1.5x, https:\/\/i0.wp.com\/iumotril.org\/sitio\/wp-content\/uploads\/2018\/12\/Grupo-IU-en-el-Pleno-21-d.jpg?resize=700%2C400&ssl=1 2x, https:\/\/i0.wp.com\/iumotril.org\/sitio\/wp-content\/uploads\/2018\/12\/Grupo-IU-en-el-Pleno-21-d.jpg?resize=1050%2C600&ssl=1 3x, https:\/\/i0.wp.com\/iumotril.org\/sitio\/wp-content\/uploads\/2018\/12\/Grupo-IU-en-el-Pleno-21-d.jpg?resize=1400%2C800&ssl=1 4x"},"classes":[]},{"id":5233,"url":"https:\/\/iumotril.org\/sitio\/iu-equo-propone-mejoras-en-el-parque-de-las-provincias-y-en-la-avenida-europa\/","url_meta":{"origin":4253,"position":3},"title":"IU-Equo propone mejoras en el Parque de las provincias y en la Avenida Europa.","author":"Izquierda Unida Motril","date":"24 julio, 2019","format":false,"excerpt":"Presenta al Pleno del 26 de julio dos mociones para que se acote un espacio para mascotas en el Parque de las provincias y para que se mejore la seguridad, accesibilidad y movilidad en la Avenida Europa y su entorno. Presenta tambi\u00e9n otra moci\u00f3n de car\u00e1cter general en la que\u2026","rel":"","context":"En \u00abEST\u00c1 PASANDO\u00bb","block_context":{"text":"EST\u00c1 PASANDO","link":"https:\/\/iumotril.org\/sitio\/category\/esta-pasando\/"},"img":{"alt_text":"","src":"https:\/\/i0.wp.com\/iumotril.org\/sitio\/wp-content\/uploads\/2019\/07\/Inma-Omiste-yJose-Llorente-1024x768.jpg?resize=350%2C200","width":350,"height":200,"srcset":"https:\/\/i0.wp.com\/iumotril.org\/sitio\/wp-content\/uploads\/2019\/07\/Inma-Omiste-yJose-Llorente-1024x768.jpg?resize=350%2C200 1x, https:\/\/i0.wp.com\/iumotril.org\/sitio\/wp-content\/uploads\/2019\/07\/Inma-Omiste-yJose-Llorente-1024x768.jpg?resize=525%2C300 1.5x"},"classes":[]},{"id":5242,"url":"https:\/\/iumotril.org\/sitio\/el-pleno-del-ayuntamiento-de-motril-aprueba-mejoras-en-la-avenida-europa-y-en-el-parque-de-las-provincias\/","url_meta":{"origin":4253,"position":4},"title":"El Pleno del Ayuntamiento de Motril aprueba mejoras en la Avenida Europa y en el Parque de las Provincias","author":"Izquierda Unida Motril","date":"30 julio, 2019","format":false,"excerpt":"La portavoz de IU-Equo, Inma Omiste, que ha defendido ambas mociones, ha emplazado al Teniente de Alcalde de Urbanismo a que cumpla con ese compromiso y \u00a0a que cuente con la participaci\u00f3n de los vecinos del barrio y con los usuarios del Parque para llevar a cabo dichas actuaciones y,\u2026","rel":"","context":"En \u00abEST\u00c1 PASANDO\u00bb","block_context":{"text":"EST\u00c1 PASANDO","link":"https:\/\/iumotril.org\/sitio\/category\/esta-pasando\/"},"img":{"alt_text":"","src":"https:\/\/i0.wp.com\/iumotril.org\/sitio\/wp-content\/uploads\/2019\/07\/Inma-Jose_2-julio-1024x902-1-1024x902.jpg?resize=350%2C200","width":350,"height":200,"srcset":"https:\/\/i0.wp.com\/iumotril.org\/sitio\/wp-content\/uploads\/2019\/07\/Inma-Jose_2-julio-1024x902-1-1024x902.jpg?resize=350%2C200 1x, https:\/\/i0.wp.com\/iumotril.org\/sitio\/wp-content\/uploads\/2019\/07\/Inma-Jose_2-julio-1024x902-1-1024x902.jpg?resize=525%2C300 1.5x"},"classes":[]},{"id":3467,"url":"https:\/\/iumotril.org\/sitio\/izquierda-unida-reclama-la-paralizacion-de-las-obras-del-mot-21\/","url_meta":{"origin":4253,"position":5},"title":"Izquierda Unida reclama la paralizaci\u00f3n de las obras del MOT-21","author":"Izquierda Unida Motril","date":"10 abril, 2018","format":false,"excerpt":"Inma Omiste ha denunciado la actuaci\u00f3n del Partido Socialista, que no ha dudado en subirse al mismo barco que la derecha motrile\u00f1a, el de la especulaci\u00f3n y el pelotazo urban\u00edstico. Tambi\u00e9n ha criticado que el equipo de gobierno se haya puesto en \u201cmodo electoral\u201d al pretender resolver a toda prisa\u2026","rel":"","context":"En \u00abEST\u00c1 PASANDO\u00bb","block_context":{"text":"EST\u00c1 PASANDO","link":"https:\/\/iumotril.org\/sitio\/category\/esta-pasando\/"},"img":{"alt_text":"","src":"https:\/\/i0.wp.com\/iumotril.org\/sitio\/wp-content\/uploads\/2018\/04\/Mot21-2_abril.jpg?resize=350%2C200","width":350,"height":200,"srcset":"https:\/\/i0.wp.com\/iumotril.org\/sitio\/wp-content\/uploads\/2018\/04\/Mot21-2_abril.jpg?resize=350%2C200 1x, https:\/\/i0.wp.com\/iumotril.org\/sitio\/wp-content\/uploads\/2018\/04\/Mot21-2_abril.jpg?resize=525%2C300 1.5x"},"classes":[]}],"jetpack_likes_enabled":true,"_links":{"self":[{"href":"https:\/\/iumotril.org\/sitio\/wp-json\/wp\/v2\/posts\/4253","targetHints":{"allow":["GET"]}}],"collection":[{"href":"https:\/\/iumotril.org\/sitio\/wp-json\/wp\/v2\/posts"}],"about":[{"href":"https:\/\/iumotril.org\/sitio\/wp-json\/wp\/v2\/types\/post"}],"author":[{"embeddable":true,"href":"https:\/\/iumotril.org\/sitio\/wp-json\/wp\/v2\/users\/1"}],"replies":[{"embeddable":true,"href":"https:\/\/iumotril.org\/sitio\/wp-json\/wp\/v2\/comments?post=4253"}],"version-history":[{"count":23,"href":"https:\/\/iumotril.org\/sitio\/wp-json\/wp\/v2\/posts\/4253\/revisions"}],"predecessor-version":[{"id":4308,"href":"https:\/\/iumotril.org\/sitio\/wp-json\/wp\/v2\/posts\/4253\/revisions\/4308"}],"wp:attachment":[{"href":"https:\/\/iumotril.org\/sitio\/wp-json\/wp\/v2\/media?parent=4253"}],"wp:term":[{"taxonomy":"category","embeddable":true,"href":"https:\/\/iumotril.org\/sitio\/wp-json\/wp\/v2\/categories?post=4253"},{"taxonomy":"post_tag","embeddable":true,"href":"https:\/\/iumotril.org\/sitio\/wp-json\/wp\/v2\/tags?post=4253"}],"curies":[{"name":"wp","href":"https:\/\/api.w.org\/{rel}","templated":true}]}}