{"id":4235,"date":"2018-12-03T18:58:29","date_gmt":"2018-12-03T17:58:29","guid":{"rendered":"http:\/\/iumotril.org\/sitio\/?p=4235"},"modified":"2018-12-03T18:58:29","modified_gmt":"2018-12-03T17:58:29","slug":"izquierda-unida-no-participara-en-el-acto-institucional-del-dia-de-la-constitucion","status":"publish","type":"post","link":"https:\/\/iumotril.org\/sitio\/izquierda-unida-no-participara-en-el-acto-institucional-del-dia-de-la-constitucion\/","title":{"rendered":"Izquierda Unida no participar\u00e1 en el acto institucional del d\u00eda de la Constituci\u00f3n"},"content":{"rendered":"<p style=\"text-align: justify;\"><strong><span style=\"color: #993300;\">Rechaza que el acto gire en torno a una charla acerca del papel del ej\u00e9rcito en la Constituci\u00f3n a cargo de un General del Ej\u00e9rcito de Tierra, rompiendo unilateralmente con el formato de anteriores actos que permit\u00eda la participaci\u00f3n de todas las fuerzas pol\u00edticas con representaci\u00f3n municipal.<\/span><\/strong><\/p>\n<p style=\"text-align: justify;\"><strong><span style=\"color: #993300;\">Critica la deriva de la Alcaldesa, Flor Alm\u00f3n, que no duda en organizar juras de bandera civiles, festivales a\u00e9reos militares y desfiles procesionales convirtiendo Motril en un espect\u00e1culo de charanga y pandereta para desviar la atenci\u00f3n de la nefasta gesti\u00f3n de su equipo de gobierno<\/span><\/strong>.<\/p>\n<p style=\"text-align: justify;\">Ning\u00fan representante de Izquierda Unida de Motril asistir\u00e1 al acto institucional organizado por el Ayuntamiento de Motril para conmemorar el <strong>40 aniversario de la Constituci\u00f3n Espa\u00f1ola<\/strong>, al entender que se desvirt\u00faa el sentido de dicho acto con la programaci\u00f3n de una charla sobre el papel del ej\u00e9rcito en la norma constitucional a cargo del General y Secretario General del Mando de <strong>Adoctrinamiento y Doctrina<\/strong> del Ej\u00e9rcito de Tierra.<\/p>\n<p style=\"text-align: justify;\"><a href=\"https:\/\/iumotril.org\/sitio\/acto-ce\/\"><img loading=\"lazy\" decoding=\"async\" data-attachment-id=\"4247\" data-permalink=\"https:\/\/iumotril.org\/sitio\/izquierda-unida-no-participara-en-el-acto-institucional-del-dia-de-la-constitucion\/acto-ce\/\" data-orig-file=\"https:\/\/iumotril.org\/sitio\/wp-content\/uploads\/2018\/12\/acto-ce.jpg\" data-orig-size=\"2448,3264\" data-comments-opened=\"1\" data-image-meta=\"{&quot;aperture&quot;:&quot;2.2&quot;,&quot;credit&quot;:&quot;&quot;,&quot;camera&quot;:&quot;iPhone 6&quot;,&quot;caption&quot;:&quot;&quot;,&quot;created_timestamp&quot;:&quot;1543839546&quot;,&quot;copyright&quot;:&quot;&quot;,&quot;focal_length&quot;:&quot;4.15&quot;,&quot;iso&quot;:&quot;50&quot;,&quot;shutter_speed&quot;:&quot;0.01&quot;,&quot;title&quot;:&quot;&quot;,&quot;orientation&quot;:&quot;0&quot;}\" data-image-title=\"acto ce\" data-image-description=\"\" data-image-caption=\"\" data-large-file=\"https:\/\/iumotril.org\/sitio\/wp-content\/uploads\/2018\/12\/acto-ce-768x1024.jpg\" class=\"alignleft wp-image-4247\" title=\"Constituci\u00f3n Espa\u00f1ola, Motril\" src=\"https:\/\/iumotril.org\/sitio\/wp-content\/uploads\/2018\/12\/acto-ce-768x1024.jpg\" alt=\"Acto d\u00eda Constituci\u00f3n\" width=\"440\" height=\"587\" srcset=\"https:\/\/iumotril.org\/sitio\/wp-content\/uploads\/2018\/12\/acto-ce-768x1024.jpg 768w, https:\/\/iumotril.org\/sitio\/wp-content\/uploads\/2018\/12\/acto-ce-225x300.jpg 225w\" sizes=\"auto, (max-width: 440px) 100vw, 440px\" \/><\/a>En anteriores ocasiones, el formato elegido consistente en la <strong>lectura de art\u00edculos de la Constituci\u00f3n seleccionados por representantes pol\u00edticos y de la sociedad civil<\/strong>, permit\u00eda la participaci\u00f3n sosegada \u00a0de todas las fuerzas pol\u00edticas que, de ese modo, pod\u00edan manifestar su posici\u00f3n con respecto a la Carta Magna.<\/p>\n<p style=\"text-align: justify;\">La elecci\u00f3n del tema de la intervenci\u00f3n programada en el acto resulta significativa y retrata a la perfecci\u00f3n la posici\u00f3n pol\u00edtica del PSOE y de Flor Alm\u00f3n que prefieren disertar sobre el papel del Ej\u00e9rcito en vez de abordar asuntos como el <strong>blindaje de las pensiones en la norma constitucional, del derecho a un trabajo digno o a la vivienda<\/strong>, por ejemplo, temas de inter\u00e9s social que preocupan realmente a miles de motrile\u00f1os y motrile\u00f1as.<\/p>\n<p style=\"text-align: justify;\">Izquierda Unida entiende que la ciudadan\u00eda, las clases populares, no tienen nada que celebrar el pr\u00f3ximo d\u00eda 6 de diciembre. Al contrario,<strong> hay que lamentar que la Constituci\u00f3n se haya convertido en un instrumento para preservar los privilegios de los poderosos<\/strong> y servir de escudo a la decadencia de la Monarqu\u00eda, una instituci\u00f3n caduca y anacr\u00f3nica, manchada con las sombras de la corrupci\u00f3n.<\/p>\n<p style=\"text-align: justify;\">En cualquier caso, Izquierda Unida reafirma su posici\u00f3n en defensa de un nuevo <a href=\"https:\/\/iumotril.org\/sitio\/izquierda-unida-hace-un-llamamiento-a-participar-en-los-actos-de-homenaje-a-la-republica-en-motril\/\" target=\"_blank\" rel=\"noopener\">proceso constituyente<\/a> que, en primer lugar, someta a<strong> consulta la forma de Estado permitiendo que la ciudadan\u00eda decida entre Monarqu\u00eda y Rep\u00fablica<\/strong> para hacer posible, posteriormente, un marco normativo que permita avanzar hacia una sociedad m\u00e1s justa e igualitaria.<\/p>\n","protected":false},"excerpt":{"rendered":"<p>Izquierda Unida entiende que la ciudadan\u00eda, las clases populares, no tienen nada que celebrar el pr\u00f3ximo d\u00eda 6 de diciembre. Al contrario, hay que lamentar que la Constituci\u00f3n se haya convertido en un instrumento para preservar los privilegios de los poderosos y servir de escudo a la decadencia de la Monarqu\u00eda, una instituci\u00f3n caduca y anacr\u00f3nica, manchada con las sombras de la corrupci\u00f3n.<\/p>\n","protected":false},"author":1,"featured_media":0,"comment_status":"open","ping_status":"open","sticky":false,"template":"","format":"standard","meta":{"cybocfi_hide_featured_image":"","_jetpack_newsletter_access":"","_jetpack_dont_email_post_to_subs":false,"_jetpack_newsletter_tier_id":0,"_jetpack_memberships_contains_paywalled_content":false,"_jetpack_memberships_contains_paid_content":false,"footnotes":""},"categories":[265],"tags":[1183,1186,1182,1184,1188,1185,1187],"class_list":["post-4235","post","type-post","status-publish","format-standard","hentry","category-esta-pasando","tag-acto-institucional","tag-charanga-y-pandereta","tag-constitucion-espanola","tag-ejercito","tag-forma-de-estado","tag-patrioterismo","tag-proceso-constituyente"],"jetpack_featured_media_url":"","jetpack_sharing_enabled":true,"jetpack_shortlink":"https:\/\/wp.me\/p4QsU5-16j","jetpack-related-posts":[{"id":2807,"url":"https:\/\/iumotril.org\/sitio\/la-visita-de-susana-diaz-a-motril-un-acto-de-campana-camuflado-como-institucional\/","url_meta":{"origin":4235,"position":0},"title":"LA VISITA DE SUSANA D\u00cdAZ A MOTRIL: UN ACTO DE CAMPA\u00d1A CAMUFLADO COMO INSTITUCIONAL","author":"Izquierda Unida Motril","date":"17 abril, 2017","format":false,"excerpt":"El Grupo Municipal de Izquierda Unida ha entregado a Susana D\u00edaz un documento en el que critica el olvido y el abandono que sufre la ciudad por parte de la Administraci\u00f3n auton\u00f3mica, que se evidencia en la carencia de las inversiones necesarias para resituar Motril. En este documento Izquierda Unida\u2026","rel":"","context":"En \u00abEST\u00c1 PASANDO\u00bb","block_context":{"text":"EST\u00c1 PASANDO","link":"https:\/\/iumotril.org\/sitio\/category\/esta-pasando\/"},"img":{"alt_text":"","src":"https:\/\/i0.wp.com\/iumotril.org\/sitio\/wp-content\/uploads\/2017\/04\/Susana-en-Motril-971x1024.jpeg?resize=350%2C200","width":350,"height":200,"srcset":"https:\/\/i0.wp.com\/iumotril.org\/sitio\/wp-content\/uploads\/2017\/04\/Susana-en-Motril-971x1024.jpeg?resize=350%2C200 1x, https:\/\/i0.wp.com\/iumotril.org\/sitio\/wp-content\/uploads\/2017\/04\/Susana-en-Motril-971x1024.jpeg?resize=525%2C300 1.5x"},"classes":[]},{"id":7879,"url":"https:\/\/iumotril.org\/sitio\/iu-equo-pide-a-la-alcaldesa-que-retire-la-medalla-de-oro-de-la-ciudad-al-dictador-francisco-franco-para-conmemorar-el-dia-de-la-constitucion\/","url_meta":{"origin":4235,"position":1},"title":"IU-Equo pide a la alcaldesa que retire la medalla de oro de la ciudad al dictador Francisco Franco para conmemorar el d\u00eda de la Constituci\u00f3n","author":"Izquierda Unida Motril","date":"3 diciembre, 2021","format":false,"excerpt":"Desde IU-Equo se entiende que el 6 de diciembre es un d\u00eda para recordar a quienes lo dieron todo para traer la democracia a nuestro pa\u00eds, luchando contra la dictadura, por lo que sufrieron c\u00e1rcel, torturas, humillaci\u00f3n, exilio o la muerte. Conmemorar la Constituci\u00f3n con motivo de su aprobaci\u00f3n en\u2026","rel":"","context":"En \u00abAyuntamiento\u00bb","block_context":{"text":"Ayuntamiento","link":"https:\/\/iumotril.org\/sitio\/category\/ayuntamiento\/"},"img":{"alt_text":"","src":"https:\/\/i0.wp.com\/iumotril.org\/sitio\/wp-content\/uploads\/2021\/12\/desbandaweb-kQaE-U7060039853704D-624x385%40Ideal.jpg?resize=350%2C200","width":350,"height":200,"srcset":"https:\/\/i0.wp.com\/iumotril.org\/sitio\/wp-content\/uploads\/2021\/12\/desbandaweb-kQaE-U7060039853704D-624x385%40Ideal.jpg?resize=350%2C200 1x, https:\/\/i0.wp.com\/iumotril.org\/sitio\/wp-content\/uploads\/2021\/12\/desbandaweb-kQaE-U7060039853704D-624x385%40Ideal.jpg?resize=525%2C300 1.5x"},"classes":[]},{"id":6522,"url":"https:\/\/iumotril.org\/sitio\/izquierda-unida-equo-critica-que-el-ayuntamiento-organice-un-acto-confesional-para-recordar-a-las-victimas-de-la-covid-19\/","url_meta":{"origin":4235,"position":2},"title":"Izquierda Unida-Equo critica que el Ayuntamiento organice un acto confesional para recordar a las v\u00edctimas de la Covid-19","author":"Izquierda Unida Motril","date":"23 julio, 2020","format":false,"excerpt":"Se trata de un acto de car\u00e1cter confesional que deja fuera a las v\u00edctimas y a sus familiares que no profesen la religi\u00f3n cat\u00f3lica y que colisiona frontalmente con el principio de aconfesionalidad del Estado. la alcaldesa de Motril no quiere entender que ninguna confesi\u00f3n religiosa tiene car\u00e1cter estatal o\u2026","rel":"","context":"En \u00abCovid_19\u00bb","block_context":{"text":"Covid_19","link":"https:\/\/iumotril.org\/sitio\/category\/covid_19\/"},"img":{"alt_text":"","src":"https:\/\/i0.wp.com\/iumotril.org\/sitio\/wp-content\/uploads\/2020\/04\/B59B7D7E-06C1-4FC0-84F7-B5247151CA8E_1_201_a.jpeg?resize=350%2C200","width":350,"height":200},"classes":[]},{"id":2746,"url":"https:\/\/iumotril.org\/sitio\/los-retos-del-pais-en-el-siglo-xxi-alberto-garzon-y-antonio-maillo-en-motril\/","url_meta":{"origin":4235,"position":3},"title":"Los retos del pa\u00eds en el siglo XXI. Alberto Garz\u00f3n y Antonio Ma\u00edllo en Motril","author":"Izquierda Unida Motril","date":"21 marzo, 2017","format":false,"excerpt":"Los m\u00e1ximos responsables en los \u00e1mbitos federal, andaluz y local de Izquierda Unida han elegido Motril para participar en un acto organizado por su formaci\u00f3n, el mi\u00e9rcoles d\u00eda 22, en el que abordar\u00e1n los retos que afronta nuestro pa\u00eds en estos momentos. Desde Izquierda Unida en la Costa de Granada\u2026","rel":"","context":"En \u00abEST\u00c1 PASANDO\u00bb","block_context":{"text":"EST\u00c1 PASANDO","link":"https:\/\/iumotril.org\/sitio\/category\/esta-pasando\/"},"img":{"alt_text":"","src":"https:\/\/i0.wp.com\/iumotril.org\/sitio\/wp-content\/uploads\/2017\/03\/acto-garzon-maillo_marzo-724x1024.jpg?resize=350%2C200","width":350,"height":200,"srcset":"https:\/\/i0.wp.com\/iumotril.org\/sitio\/wp-content\/uploads\/2017\/03\/acto-garzon-maillo_marzo-724x1024.jpg?resize=350%2C200 1x, https:\/\/i0.wp.com\/iumotril.org\/sitio\/wp-content\/uploads\/2017\/03\/acto-garzon-maillo_marzo-724x1024.jpg?resize=525%2C300 1.5x"},"classes":[]},{"id":2135,"url":"https:\/\/iumotril.org\/sitio\/cayo-lara-participa-en-un-acto-publico-en-almunecar\/","url_meta":{"origin":4235,"position":4},"title":"Cayo Lara participa en un acto p\u00fablico en Almu\u00f1\u00e9car","author":"Izquierda Unida Motril","date":"25 mayo, 2016","format":false,"excerpt":"El coordinador federal de Izquierda Unida, Cayo Lara, participa el jueves 26 de mayo en un acto p\u00fablico organizado por la Asamblea Local de IU de Almu\u00f1\u00e9car-La Herradura. Adem\u00e1s de Cayo Lara, intervendr\u00e1n en el acto Diego Castillo y Eva Fern\u00e1ndez, candidatos al Congreso y al Senado respectivamente por la\u2026","rel":"","context":"En \u00abEST\u00c1 PASANDO\u00bb","block_context":{"text":"EST\u00c1 PASANDO","link":"https:\/\/iumotril.org\/sitio\/category\/esta-pasando\/"},"img":{"alt_text":"Cayo en Almu\u00f1ecar_mayo 2016","src":"https:\/\/i0.wp.com\/iumotril.org\/sitio\/wp-content\/uploads\/2016\/05\/Cayo-en-Almu%C3%B1ecar_mayo-2016.jpg?resize=350%2C200","width":350,"height":200},"classes":[]},{"id":7456,"url":"https:\/\/iumotril.org\/sitio\/izquierda-unida-llama-a-la-participacion-en-la-marcha-por-la-libertad-del-pueblo-saharaui-en-la-costa-de-granada\/","url_meta":{"origin":4235,"position":5},"title":"Izquierda Unida llama a la participaci\u00f3n en la Marcha por la libertad del Pueblo Saharaui en la Costa de Granada","author":"Izquierda Unida Motril","date":"24 mayo, 2021","format":false,"excerpt":"Izquierda Unida ha hecho un llamamiento a las instituciones y a la ciudadan\u00eda para su concienciaci\u00f3n de la situaci\u00f3n de emergencia humanitaria que vive el pueblo saharaui, que se viene prolongando desde la ocupaci\u00f3n marroqu\u00ed del Sahara occidental en 1975 y su instalaci\u00f3n en los campos de refugiados de Tinduf\u2026","rel":"","context":"En \u00abEST\u00c1 PASANDO\u00bb","block_context":{"text":"EST\u00c1 PASANDO","link":"https:\/\/iumotril.org\/sitio\/category\/esta-pasando\/"},"img":{"alt_text":"","src":"https:\/\/i0.wp.com\/iumotril.org\/sitio\/wp-content\/uploads\/2021\/05\/ec603cd1-4074-4b13-943b-7541e4f28cbd-e1621872082509.jpg?resize=350%2C200","width":350,"height":200,"srcset":"https:\/\/i0.wp.com\/iumotril.org\/sitio\/wp-content\/uploads\/2021\/05\/ec603cd1-4074-4b13-943b-7541e4f28cbd-e1621872082509.jpg?resize=350%2C200 1x, https:\/\/i0.wp.com\/iumotril.org\/sitio\/wp-content\/uploads\/2021\/05\/ec603cd1-4074-4b13-943b-7541e4f28cbd-e1621872082509.jpg?resize=525%2C300 1.5x, https:\/\/i0.wp.com\/iumotril.org\/sitio\/wp-content\/uploads\/2021\/05\/ec603cd1-4074-4b13-943b-7541e4f28cbd-e1621872082509.jpg?resize=700%2C400 2x"},"classes":[]}],"jetpack_likes_enabled":true,"_links":{"self":[{"href":"https:\/\/iumotril.org\/sitio\/wp-json\/wp\/v2\/posts\/4235","targetHints":{"allow":["GET"]}}],"collection":[{"href":"https:\/\/iumotril.org\/sitio\/wp-json\/wp\/v2\/posts"}],"about":[{"href":"https:\/\/iumotril.org\/sitio\/wp-json\/wp\/v2\/types\/post"}],"author":[{"embeddable":true,"href":"https:\/\/iumotril.org\/sitio\/wp-json\/wp\/v2\/users\/1"}],"replies":[{"embeddable":true,"href":"https:\/\/iumotril.org\/sitio\/wp-json\/wp\/v2\/comments?post=4235"}],"version-history":[{"count":6,"href":"https:\/\/iumotril.org\/sitio\/wp-json\/wp\/v2\/posts\/4235\/revisions"}],"predecessor-version":[{"id":4251,"href":"https:\/\/iumotril.org\/sitio\/wp-json\/wp\/v2\/posts\/4235\/revisions\/4251"}],"wp:attachment":[{"href":"https:\/\/iumotril.org\/sitio\/wp-json\/wp\/v2\/media?parent=4235"}],"wp:term":[{"taxonomy":"category","embeddable":true,"href":"https:\/\/iumotril.org\/sitio\/wp-json\/wp\/v2\/categories?post=4235"},{"taxonomy":"post_tag","embeddable":true,"href":"https:\/\/iumotril.org\/sitio\/wp-json\/wp\/v2\/tags?post=4235"}],"curies":[{"name":"wp","href":"https:\/\/api.w.org\/{rel}","templated":true}]}}