{"id":4176,"date":"2018-11-14T13:10:32","date_gmt":"2018-11-14T12:10:32","guid":{"rendered":"http:\/\/iumotril.org\/sitio\/?p=4176"},"modified":"2018-11-14T13:10:32","modified_gmt":"2018-11-14T12:10:32","slug":"proponemos-mayores-bonificaciones-en-el-recibo-del-agua-para-familias-y-pensionistas","status":"publish","type":"post","link":"https:\/\/iumotril.org\/sitio\/proponemos-mayores-bonificaciones-en-el-recibo-del-agua-para-familias-y-pensionistas\/","title":{"rendered":"Proponemos mayores bonificaciones en el recibo del agua para familias y pensionistas"},"content":{"rendered":"<ul>\n<li style=\"text-align: justify;\"><span style=\"color: #993300;\">Izquierda Unida ha presentado alegaciones a la Ordenanza Reguladora de los servicios vinculados al ciclo integral del Agua para que incluya reducciones en sus cuotas de contrataci\u00f3n, consumo y reconexi\u00f3n.<\/span><\/li>\n<li style=\"text-align: justify;\"><span style=\"line-height: 1.4em; color: #993300;\">Defiende la recuperaci\u00f3n de la gesti\u00f3n p\u00fablica del servicio para mejorar su calidad y reducir los costes de consumo a las familias para y evitar que el agua sea un negocio sucio en manos privadas.<\/span><\/li>\n<li style=\"text-align: justify;\"><span style=\"line-height: 1.4em; color: #993300;\">Denuncia la connivencia del PSOE y del PP para la privatizaci\u00f3n de la gesti\u00f3n del agua en su momento y su falta de voluntad pol\u00edtica para revertir esta situaci\u00f3n.<\/span><\/li>\n<\/ul>\n<p style=\"text-align: justify;\">Para la representaci\u00f3n de Izquierda Unida en la Mancomunidad de Municipios las bonificaciones que contempla la Ordenanza propuesta resultan claramente insuficientes.<\/p>\n<p style=\"text-align: justify;\">Izquierda Unida considera que <a href=\"https:\/\/iumotril.org\/sitio\/la-mancomunidad-aprueba-una-subida-del-725-en-el-recibo-del-agua-con-el-beneplacito-del-pp-y-del-psoe\/\" target=\"_blank\" rel=\"noopener\"><strong>los recibos por consumo de agua son excesivos<\/strong><\/a> para la mayor parte de los vecinos y vecinas y, de manera especial, para los colectivos y familias en riesgo de exclusi\u00f3n social. Por ello, r<strong>eclama una bajada de las tarifas y un incremento de las bonificaciones<\/strong>.<\/p>\n<p style=\"text-align: justify;\">Los vecinos y vecinas por el simple hecho de utilizar <strong>un servicio b\u00e1sico<\/strong>, como es el agua, est\u00e1n engrosando la cuenta de beneficios de una empresa privada, <a href=\"https:\/\/www.aguasyservicios.es\/quienes-somos\/\" target=\"_blank\" rel=\"noopener\"><strong>Aguas y Servicios<\/strong><\/a>, que ingresa millones de euros anuales por la gesti\u00f3n de ese servicio.<\/p>\n<p style=\"text-align: justify;\"><a href=\"https:\/\/iumotril.org\/sitio\/izquierda-unida-recurre-la-subida-del-7-en-el-recibo-del-agua-en-la-costa-de-granada\/agua_mancomunidad_20-noviembre\/\" rel=\"attachment wp-att-3209\"><img loading=\"lazy\" decoding=\"async\" data-attachment-id=\"3209\" data-permalink=\"https:\/\/iumotril.org\/sitio\/izquierda-unida-recurre-la-subida-del-7-en-el-recibo-del-agua-en-la-costa-de-granada\/agua_mancomunidad_20-noviembre\/\" data-orig-file=\"https:\/\/iumotril.org\/sitio\/wp-content\/uploads\/2017\/11\/Agua_Mancomunidad_20-noviembre.jpg\" data-orig-size=\"1600,777\" data-comments-opened=\"1\" data-image-meta=\"{&quot;aperture&quot;:&quot;0&quot;,&quot;credit&quot;:&quot;&quot;,&quot;camera&quot;:&quot;&quot;,&quot;caption&quot;:&quot;&quot;,&quot;created_timestamp&quot;:&quot;0&quot;,&quot;copyright&quot;:&quot;&quot;,&quot;focal_length&quot;:&quot;0&quot;,&quot;iso&quot;:&quot;0&quot;,&quot;shutter_speed&quot;:&quot;0&quot;,&quot;title&quot;:&quot;&quot;,&quot;orientation&quot;:&quot;0&quot;}\" data-image-title=\"Agua_Mancomunidad_20 noviembre\" data-image-description=\"\" data-image-caption=\"\" data-large-file=\"https:\/\/iumotril.org\/sitio\/wp-content\/uploads\/2017\/11\/Agua_Mancomunidad_20-noviembre-1024x497.jpg\" class=\"alignleft wp-image-3209\" src=\"https:\/\/iumotril.org\/sitio\/wp-content\/uploads\/2017\/11\/Agua_Mancomunidad_20-noviembre-1024x497.jpg\" alt=\"\" width=\"500\" height=\"243\" srcset=\"https:\/\/iumotril.org\/sitio\/wp-content\/uploads\/2017\/11\/Agua_Mancomunidad_20-noviembre-1024x497.jpg 1024w, https:\/\/iumotril.org\/sitio\/wp-content\/uploads\/2017\/11\/Agua_Mancomunidad_20-noviembre-300x146.jpg 300w, https:\/\/iumotril.org\/sitio\/wp-content\/uploads\/2017\/11\/Agua_Mancomunidad_20-noviembre-768x373.jpg 768w, https:\/\/iumotril.org\/sitio\/wp-content\/uploads\/2017\/11\/Agua_Mancomunidad_20-noviembre-620x300.jpg 620w, https:\/\/iumotril.org\/sitio\/wp-content\/uploads\/2017\/11\/Agua_Mancomunidad_20-noviembre.jpg 1600w\" sizes=\"auto, (max-width: 500px) 100vw, 500px\" \/><\/a>Se trata de una situaci\u00f3n intolerable, ha denunciado Inmaculada Omiste, representante de IU en la Mancomunidad. <strong>Defendemos la recuperaci\u00f3n de la gesti\u00f3n p\u00fablica del servicio<\/strong> para mejorar la calidad de su prestaci\u00f3n e impedir que el agua sea un negocio sucio en manos privadas.<\/p>\n<p style=\"text-align: justify;\">Inma Omiste ha denunciado la <strong>connivencia del PSOE del Partido Popular<\/strong> para la privatizaci\u00f3n de la gesti\u00f3n del agua en su momento y su falta de voluntad pol\u00edtica para revertir esta situaci\u00f3n.<\/p>\n<p style=\"text-align: justify;\">La representante de IU ha ratificado el<strong> compromiso de su formaci\u00f3n con la recuperaci\u00f3n de la gesti\u00f3n p\u00fablica del agua en la Costa de Granada<\/strong>.<\/p>\n<p style=\"text-align: justify;\">En las alegaciones presentadas propone una <strong>reducci\u00f3n de la cuota del 95%<\/strong> <strong>para familias<\/strong> en situaci\u00f3n econ\u00f3mica precaria, as\u00ed como del <strong>90% para pensionistas y jubilados<\/strong> y del <strong>50% para familias numerosas.<\/strong> En el caso del corte de suministro por impago, propone que \u00e9ste no se produzca cuando pueda comprobarse que los afectados se encuentran en situaci\u00f3n de vulnerabilidad.<\/p>\n","protected":false},"excerpt":{"rendered":"<p>Izquierda Unida considera que los recibos por consumo de agua son excesivos para la mayor parte de los vecinos y vecinas y, de manera especial, para los colectivos y familias en riesgo de exclusi\u00f3n social. Por ello, reclama una bajada de las tarifas y un incremento de las bonificaciones.<\/p>\n","protected":false},"author":1,"featured_media":0,"comment_status":"open","ping_status":"open","sticky":false,"template":"","format":"standard","meta":{"cybocfi_hide_featured_image":"","_jetpack_newsletter_access":"","_jetpack_dont_email_post_to_subs":false,"_jetpack_newsletter_tier_id":0,"_jetpack_memberships_contains_paywalled_content":false,"_jetpack_memberships_contains_paid_content":false,"footnotes":""},"categories":[265,43],"tags":[],"class_list":["post-4176","post","type-post","status-publish","format-standard","hentry","category-esta-pasando","category-impuestos-locales"],"jetpack_featured_media_url":"","jetpack_sharing_enabled":true,"jetpack_shortlink":"https:\/\/wp.me\/p4QsU5-15m","jetpack-related-posts":[{"id":2045,"url":"https:\/\/iumotril.org\/sitio\/izquierda-unida-propone-bonificaciones-en-el-recibo-del-agua-para-desempleados-pensionistas-y-familias-numerosas\/","url_meta":{"origin":4176,"position":0},"title":"IZQUIERDA UNIDA PROPONE BONIFICACIONES EN EL RECIBO DEL AGUA PARA DESEMPLEADOS, PENSIONISTAS y FAMILIAS NUMEROSAS","author":"Izquierda Unida Motril","date":"15 abril, 2016","format":false,"excerpt":"Izquierda Unida de la Comarca de la Costa Tropical considera inaceptable que la Ordenanza Fiscal reguladora de la tasa por la prestaci\u00f3n de los servicios vinculados al ciclo integral del agua, no contemple ning\u00fan tipo de exenci\u00f3n ni bonificaci\u00f3n para los colectivos m\u00e1s desfavorecidos o en riesgo de exclusi\u00f3n social.\u2026","rel":"","context":"En \u00abEST\u00c1 PASANDO\u00bb","block_context":{"text":"EST\u00c1 PASANDO","link":"https:\/\/iumotril.org\/sitio\/category\/esta-pasando\/"},"img":{"alt_text":"Mancomunidad_Inma_abril 2016","src":"https:\/\/i0.wp.com\/iumotril.org\/sitio\/wp-content\/uploads\/2016\/04\/Mancomunidad_Inma_abril-2016-300x300.jpg?resize=350%2C200","width":350,"height":200},"classes":[]},{"id":6940,"url":"https:\/\/iumotril.org\/sitio\/izquierda-unida-denuncia-la-subida-de-los-recibos-y-cortes-de-agua-a-familias-sin-recursos\/","url_meta":{"origin":4176,"position":1},"title":"Izquierda Unida denuncia la subida de los recibos y cortes de agua a familias sin recursos","author":"Izquierda Unida Motril","date":"25 noviembre, 2020","format":false,"excerpt":"Seg\u00fan la portavoz de Izquierda Unida, el modelo de gesti\u00f3n privada del ciclo integral del Agua es el paradigma de la privatizaci\u00f3n de los servicios p\u00fablicos, que s\u00f3lo aporta beneficios para la empresa gestora, que no mejora la calidad en la prestaci\u00f3n del servicio y que no atiende a ninguna\u2026","rel":"","context":"En \u00abEST\u00c1 PASANDO\u00bb","block_context":{"text":"EST\u00c1 PASANDO","link":"https:\/\/iumotril.org\/sitio\/category\/esta-pasando\/"},"img":{"alt_text":"","src":"https:\/\/i0.wp.com\/iumotril.org\/sitio\/wp-content\/uploads\/2020\/11\/Inma-25-noviembre_Recibos-agua-176x176.jpg?resize=350%2C200","width":350,"height":200,"srcset":"https:\/\/i0.wp.com\/iumotril.org\/sitio\/wp-content\/uploads\/2020\/11\/Inma-25-noviembre_Recibos-agua-176x176.jpg?resize=350%2C200 1x, https:\/\/i0.wp.com\/iumotril.org\/sitio\/wp-content\/uploads\/2020\/11\/Inma-25-noviembre_Recibos-agua-176x176.jpg?resize=525%2C300 1.5x"},"classes":[]},{"id":2306,"url":"https:\/\/iumotril.org\/sitio\/izquierda-unida-denuncia-la-nueva-subida-del-recibo-del-agua\/","url_meta":{"origin":4176,"position":2},"title":"IZQUIERDA UNIDA DENUNCIA LA NUEVA SUBIDA DEL RECIBO DEL AGUA","author":"Izquierda Unida Motril","date":"2 agosto, 2016","format":false,"excerpt":"Izquierda Unida se ha opuesto a la propuesta de modificaci\u00f3n de la ordenanza fiscal reguladora de la tasa por la prestaci\u00f3n de servicios, que supondr\u00e1 una subida del recibo del 4,7%, al considerarla injusta y totalmente injustificada. Para Izquierda Unida, la nueva subida en el recibo del agua viene a\u2026","rel":"","context":"En \u00abEST\u00c1 PASANDO\u00bb","block_context":{"text":"EST\u00c1 PASANDO","link":"https:\/\/iumotril.org\/sitio\/category\/esta-pasando\/"},"img":{"alt_text":"Aguas y servicios XX aniversario","src":"https:\/\/i0.wp.com\/iumotril.org\/sitio\/wp-content\/uploads\/2016\/06\/Aguas-y-servicios-XX-aniversario.jpg?resize=350%2C200","width":350,"height":200,"srcset":"https:\/\/i0.wp.com\/iumotril.org\/sitio\/wp-content\/uploads\/2016\/06\/Aguas-y-servicios-XX-aniversario.jpg?resize=350%2C200 1x, https:\/\/i0.wp.com\/iumotril.org\/sitio\/wp-content\/uploads\/2016\/06\/Aguas-y-servicios-XX-aniversario.jpg?resize=525%2C300 1.5x, https:\/\/i0.wp.com\/iumotril.org\/sitio\/wp-content\/uploads\/2016\/06\/Aguas-y-servicios-XX-aniversario.jpg?resize=700%2C400 2x"},"classes":[]},{"id":6499,"url":"https:\/\/iumotril.org\/sitio\/izquierda-unida-denuncia-una-subida-insolidaria-y-abusiva-de-los-recibos-de-agua-2020\/","url_meta":{"origin":4176,"position":3},"title":"Izquierda Unida denuncia una subida insolidaria y abusiva de los recibos de agua 2020","author":"Izquierda Unida Motril","date":"9 julio, 2020","format":false,"excerpt":"Para la portavoz de Izquierda Unida, resulta reprobable que, en momentos tan dif\u00edciles como los actuales, se incrementen las tarifas de consumo de agua para las familias, para las industrias y para los comercios con la \u00fanica finalidad de garantizar los beneficios econ\u00f3micos de la empresa concesionaria. El negocio y\u2026","rel":"","context":"En \u00abCovid_19\u00bb","block_context":{"text":"Covid_19","link":"https:\/\/iumotril.org\/sitio\/category\/covid_19\/"},"img":{"alt_text":"","src":"https:\/\/i0.wp.com\/iumotril.org\/sitio\/wp-content\/uploads\/2020\/07\/PHOTO-2020-07-09-12-28-45.jpg?resize=350%2C200","width":350,"height":200,"srcset":"https:\/\/i0.wp.com\/iumotril.org\/sitio\/wp-content\/uploads\/2020\/07\/PHOTO-2020-07-09-12-28-45.jpg?resize=350%2C200 1x, https:\/\/i0.wp.com\/iumotril.org\/sitio\/wp-content\/uploads\/2020\/07\/PHOTO-2020-07-09-12-28-45.jpg?resize=525%2C300 1.5x, https:\/\/i0.wp.com\/iumotril.org\/sitio\/wp-content\/uploads\/2020\/07\/PHOTO-2020-07-09-12-28-45.jpg?resize=700%2C400 2x"},"classes":[]},{"id":3212,"url":"https:\/\/iumotril.org\/sitio\/el-recibo-del-agua-sube-en-la-costa-de-granada-los-beneficios-de-la-empresa-crecen\/","url_meta":{"origin":4176,"position":4},"title":"EL RECIBO DEL AGUA SUBE EN LA COSTA DE GRANADA, LOS BENEFICIOS DE LA EMPRESA CRECEN","author":"Izquierda Unida Motril","date":"1 diciembre, 2017","format":false,"excerpt":"La diputada andaluza de IU, M\u00aa Carmen P\u00e9rez, denunci\u00f3 recientemente en Motril esta nueva subida del agua en la Costa de Granada, que est\u00e1 condenando a muchas familias a situaciones de pobreza energ\u00e9tica, mientras que la empresa concesionaria Aguas y Servicios est\u00e1 obteniendo en los \u00faltimos a\u00f1os beneficios econ\u00f3micos cercanos\u2026","rel":"","context":"En \u00abEST\u00c1 PASANDO\u00bb","block_context":{"text":"EST\u00c1 PASANDO","link":"https:\/\/iumotril.org\/sitio\/category\/esta-pasando\/"},"img":{"alt_text":"","src":"https:\/\/i0.wp.com\/iumotril.org\/sitio\/wp-content\/uploads\/2017\/12\/PLENO-MANCOMUNIDAD-14-09-15-39.jpg?resize=350%2C200","width":350,"height":200,"srcset":"https:\/\/i0.wp.com\/iumotril.org\/sitio\/wp-content\/uploads\/2017\/12\/PLENO-MANCOMUNIDAD-14-09-15-39.jpg?resize=350%2C200 1x, https:\/\/i0.wp.com\/iumotril.org\/sitio\/wp-content\/uploads\/2017\/12\/PLENO-MANCOMUNIDAD-14-09-15-39.jpg?resize=525%2C300 1.5x, https:\/\/i0.wp.com\/iumotril.org\/sitio\/wp-content\/uploads\/2017\/12\/PLENO-MANCOMUNIDAD-14-09-15-39.jpg?resize=700%2C400 2x"},"classes":[]},{"id":2398,"url":"https:\/\/iumotril.org\/sitio\/izquierda-unida-denunciara-a-la-mancomunidad-de-municipios-por-falta-de-transparencia-en-su-gestion\/","url_meta":{"origin":4176,"position":5},"title":"IZQUIERDA UNIDA DENUNCIAR\u00c1 A LA MANCOMUNIDAD DE MUNICIPIOS POR FALTA DE TRANSPARENCIA EN SU GESTI\u00d3N.","author":"Izquierda Unida Motril","date":"5 octubre, 2016","format":false,"excerpt":"Los portavoces de Izquierda Unida a nivel comarcal han anunciado que dar\u00e1n traslado al Consejo de Transparencia de Andaluc\u00eda lo que consideran que es un incumplimiento de la Ley al no estar publicando en el Portal de Transparencia Corporativo la informaci\u00f3n relacionada con los contratos, convenios y acuerdos que el\u2026","rel":"","context":"En \u00abEST\u00c1 PASANDO\u00bb","block_context":{"text":"EST\u00c1 PASANDO","link":"https:\/\/iumotril.org\/sitio\/category\/esta-pasando\/"},"img":{"alt_text":"prensa-inma-y-juani","src":"https:\/\/i0.wp.com\/iumotril.org\/sitio\/wp-content\/uploads\/2016\/10\/prensa-Inma-y-Juani.jpg?resize=350%2C200","width":350,"height":200,"srcset":"https:\/\/i0.wp.com\/iumotril.org\/sitio\/wp-content\/uploads\/2016\/10\/prensa-Inma-y-Juani.jpg?resize=350%2C200 1x, https:\/\/i0.wp.com\/iumotril.org\/sitio\/wp-content\/uploads\/2016\/10\/prensa-Inma-y-Juani.jpg?resize=525%2C300 1.5x"},"classes":[]}],"jetpack_likes_enabled":true,"_links":{"self":[{"href":"https:\/\/iumotril.org\/sitio\/wp-json\/wp\/v2\/posts\/4176","targetHints":{"allow":["GET"]}}],"collection":[{"href":"https:\/\/iumotril.org\/sitio\/wp-json\/wp\/v2\/posts"}],"about":[{"href":"https:\/\/iumotril.org\/sitio\/wp-json\/wp\/v2\/types\/post"}],"author":[{"embeddable":true,"href":"https:\/\/iumotril.org\/sitio\/wp-json\/wp\/v2\/users\/1"}],"replies":[{"embeddable":true,"href":"https:\/\/iumotril.org\/sitio\/wp-json\/wp\/v2\/comments?post=4176"}],"version-history":[{"count":3,"href":"https:\/\/iumotril.org\/sitio\/wp-json\/wp\/v2\/posts\/4176\/revisions"}],"predecessor-version":[{"id":4180,"href":"https:\/\/iumotril.org\/sitio\/wp-json\/wp\/v2\/posts\/4176\/revisions\/4180"}],"wp:attachment":[{"href":"https:\/\/iumotril.org\/sitio\/wp-json\/wp\/v2\/media?parent=4176"}],"wp:term":[{"taxonomy":"category","embeddable":true,"href":"https:\/\/iumotril.org\/sitio\/wp-json\/wp\/v2\/categories?post=4176"},{"taxonomy":"post_tag","embeddable":true,"href":"https:\/\/iumotril.org\/sitio\/wp-json\/wp\/v2\/tags?post=4176"}],"curies":[{"name":"wp","href":"https:\/\/api.w.org\/{rel}","templated":true}]}}