{"id":417,"date":"2015-01-29T17:41:53","date_gmt":"2015-01-29T16:41:53","guid":{"rendered":"http:\/\/iumotril.org\/sitio\/?p=417"},"modified":"2015-01-29T12:47:13","modified_gmt":"2015-01-29T11:47:13","slug":"iu-critica-que-la-alcaldesa-necesite-a-mas-de-nueve-personas-para-presentar-una-guia-turistica-en-fitur","status":"publish","type":"post","link":"https:\/\/iumotril.org\/sitio\/iu-critica-que-la-alcaldesa-necesite-a-mas-de-nueve-personas-para-presentar-una-guia-turistica-en-fitur\/","title":{"rendered":"IU CRITICA QUE LA ALCALDESA NECESITE A M\u00c1S DE NUEVE PERSONAS PARA PRESENTAR UNA GU\u00cdA TUR\u00cdSTICA EN FITUR"},"content":{"rendered":"<p style=\"text-align: justify;\"><strong>IU ha calificado como de desfachatez el desplazamiento de un m\u00ednimo de nueve personas a la Feria Internacional de Turismo, convertida en los \u00faltimos a\u00f1os, en el escaparate propagand\u00edstico de pol\u00edticos, para presentar como propuesta estrella de nuestra ciudad una gu\u00eda tur\u00edstica.<br \/>\n<a href=\"https:\/\/iumotril.org\/sitio\/wp-content\/uploads\/2015\/01\/DANIELA-25N.jpg\"><img loading=\"lazy\" decoding=\"async\" data-attachment-id=\"418\" data-permalink=\"https:\/\/iumotril.org\/sitio\/iu-critica-que-la-alcaldesa-necesite-a-mas-de-nueve-personas-para-presentar-una-guia-turistica-en-fitur\/daniela-25n\/\" data-orig-file=\"https:\/\/iumotril.org\/sitio\/wp-content\/uploads\/2015\/01\/DANIELA-25N.jpg\" data-orig-size=\"2304,3456\" data-comments-opened=\"1\" data-image-meta=\"{&quot;aperture&quot;:&quot;5&quot;,&quot;credit&quot;:&quot;&quot;,&quot;camera&quot;:&quot;Canon EOS 550D&quot;,&quot;caption&quot;:&quot;&quot;,&quot;created_timestamp&quot;:&quot;1416915240&quot;,&quot;copyright&quot;:&quot;&quot;,&quot;focal_length&quot;:&quot;33&quot;,&quot;iso&quot;:&quot;400&quot;,&quot;shutter_speed&quot;:&quot;0.016666666666667&quot;,&quot;title&quot;:&quot;&quot;,&quot;orientation&quot;:&quot;1&quot;}\" data-image-title=\"DANIELA 25N\" data-image-description=\"\" data-image-caption=\"\" data-large-file=\"https:\/\/iumotril.org\/sitio\/wp-content\/uploads\/2015\/01\/DANIELA-25N-683x1024.jpg\" class=\"aligncenter size-medium wp-image-418\" src=\"https:\/\/iumotril.org\/sitio\/wp-content\/uploads\/2015\/01\/DANIELA-25N-200x300.jpg\" alt=\"DANIELA 25N\" width=\"200\" height=\"300\" srcset=\"https:\/\/iumotril.org\/sitio\/wp-content\/uploads\/2015\/01\/DANIELA-25N-200x300.jpg 200w, https:\/\/iumotril.org\/sitio\/wp-content\/uploads\/2015\/01\/DANIELA-25N-768x1152.jpg 768w, https:\/\/iumotril.org\/sitio\/wp-content\/uploads\/2015\/01\/DANIELA-25N-683x1024.jpg 683w\" sizes=\"auto, (max-width: 200px) 100vw, 200px\" \/><\/a><\/strong><\/p>\n<p>&nbsp;<\/p>\n<p style=\"text-align: justify;\">\u201cEs lamentable que nuestra alcaldesa se desplace junto a un s\u00e9quito entre concejales, cargos de confianza y personal de la televisi\u00f3n motrile\u00f1a, a cargo de fondos p\u00fablicos, para\u00a0 presentar un proyecto nada novedoso, y del que dudamos logre generar\u00a0 puestos de trabajo, tan necesarios en nuestra ciudad\u201d. Ha manifestado Daniela Paqu\u00e9, Concejala de la formaci\u00f3n en el Ayto. Motril<\/p>\n<p style=\"text-align: justify;\">Para Paqu\u00e9 es vergonzoso que lo \u00fanico que se le haya ocurrido al Gobierno de la Sra. Chamorro para promocionar tur\u00edsticamente a nuestra ciudad sea \u201cuna gu\u00eda 10 sensaciones para vender la ciudad\u201d.<\/p>\n<p style=\"text-align: justify;\">\u00abNo sabemos si es que la Alcaldesa vive en una realidad paralela y alternativa a la del resto de Motrile\u00f1@s, o es no quiere tomar en pelo haciendo estas declaraciones anunciando esta gu\u00eda para vender nuestra ciudad como destino aparejado a una decena de emociones \u00fanicas que pueden vivirse durante una visita a Motril m\u00e1s all\u00e1 de su propia oferta. Una oferta que carece de lo m\u00e1s b\u00e1sico, aquello que el PP ha prometido durante a\u00f1os, como es la creaci\u00f3n de plazas hoteleras necesarias para que Motril sea destino Tur\u00edstico. Tod@s a\u00f1oramos, 8 a\u00f1os despu\u00e9s, las m\u00e1s de 7.000 plazas hoteleras que el PP prometi\u00f3 construir\u00bb. Ha ironizado Paqu\u00e9.<\/p>\n<p style=\"text-align: justify;\">\u00a0Que ha continuado a\u00f1adiendo \u201cCreemos que la Alcaldesa y su s\u00e9quito de acompa\u00f1antes utilizan esta plataforma para proyectar su imagen pol\u00edtica y salir en cuantas m\u00e1s fotos mejor, que a fin de cuentas es lo que m\u00e1s les gusta hacer a los miembros del Gobierno Municipal, enfrascados en su din\u00e1mica de intentar sacar cuello de cara a los pr\u00f3ximas citas electorales.\u201d<\/p>\n<p style=\"text-align: justify;\">La Edil ha apostillado \u00abAdem\u00e1s olvidan que es un insulto a la ciudadan\u00eda el hecho de que Garc\u00eda Chamorro necesite a nueve personas para promocionar nuestra ciudad con una gu\u00eda y todo ello a cargo del erario p\u00fablico sin importar de que instituci\u00f3n provenga. Sobre todo cuando Motril se ha convertido por su gesti\u00f3n en una ciudad en decadencia, con una tasa elevad\u00edsima de paro, sin futuro ni proyectos, por culpa de su Gobierno Municipal m\u00e1s proclive a la devoci\u00f3n institucional religiosa que a trabajar por estimular la econom\u00eda local, proteger el patrimonio natural e hist\u00f3rico de nuestra ciudad, que si podr\u00eda generar riqueza y turismo\u00bb.<\/p>\n<p style=\"text-align: justify;\">\u00abLe aconsejamos que como ejemplo de buena gesti\u00f3n para atraer turismo ponga en valor todos aquellos elementos caracter\u00edsticos de nuestra ciudad capaces de atraer a los visitantes, como la mina del cerro del toro, la ampliaci\u00f3n de la Charca Su\u00e1rez as\u00ed como \u00a0convertir a Motril en ciudad cabecera de la ruta de la ca\u00f1a de az\u00facar, por nombrar algunas de las miles de posibilidades reales que tiene nuestra ciudad. Hoy m\u00e1s que nunca Motril necesita unos dirigentes con altura de mirar, algo de lo que carecen los miembros del Gobierno del PP\u00bb. Ha sentenciado Paqu\u00e9<\/p>\n","protected":false},"excerpt":{"rendered":"<p>IU ha calificado como de desfachatez el desplazamiento de un [&hellip;]<\/p>\n","protected":false},"author":1,"featured_media":0,"comment_status":"open","ping_status":"open","sticky":false,"template":"","format":"standard","meta":{"cybocfi_hide_featured_image":"","_jetpack_newsletter_access":"","_jetpack_dont_email_post_to_subs":false,"_jetpack_newsletter_tier_id":0,"_jetpack_memberships_contains_paywalled_content":false,"_jetpack_memberships_contains_paid_content":false,"footnotes":""},"categories":[44,1,16],"tags":[],"class_list":["post-417","post","type-post","status-publish","format-standard","hentry","category-empleo","category-sin-categoria","category-turismo"],"jetpack_featured_media_url":"","jetpack_sharing_enabled":true,"jetpack_shortlink":"https:\/\/wp.me\/p4QsU5-6J","jetpack-related-posts":[{"id":8265,"url":"https:\/\/iumotril.org\/sitio\/iu-equo-exige-a-la-alcaldesa-actuaciones-urgentes-para-solucionar-el-deficiente-estado-de-las-playas-de-motril\/","url_meta":{"origin":417,"position":0},"title":"IU-EQUO exige a la alcaldesa actuaciones urgentes para solucionar el deficiente estado de las playas de Motril","author":"Izquierda Unida Motril","date":"7 julio, 2022","format":false,"excerpt":"Seg\u00fan la portavoz de IU-Equo, las playas de Motril llevaban mucho tiempo sin presentar un estado de utilizaci\u00f3n tan lamentable, sin las pasarelas de acceso instaladas, con las duchas inutilizadas y sin papeleras y contenedores de basura adecuados. A ello se le une un entorno en el que las zonas\u2026","rel":"","context":"En \u00abEST\u00c1 PASANDO\u00bb","block_context":{"text":"EST\u00c1 PASANDO","link":"https:\/\/iumotril.org\/sitio\/category\/esta-pasando\/"},"img":{"alt_text":"","src":"https:\/\/i0.wp.com\/iumotril.org\/sitio\/wp-content\/uploads\/2022\/07\/playa-cable-1-176x176.jpg?resize=350%2C200&ssl=1","width":350,"height":200,"srcset":"https:\/\/i0.wp.com\/iumotril.org\/sitio\/wp-content\/uploads\/2022\/07\/playa-cable-1-176x176.jpg?resize=350%2C200&ssl=1 1x, https:\/\/i0.wp.com\/iumotril.org\/sitio\/wp-content\/uploads\/2022\/07\/playa-cable-1-176x176.jpg?resize=525%2C300&ssl=1 1.5x, https:\/\/i0.wp.com\/iumotril.org\/sitio\/wp-content\/uploads\/2022\/07\/playa-cable-1-176x176.jpg?resize=700%2C400&ssl=1 2x, https:\/\/i0.wp.com\/iumotril.org\/sitio\/wp-content\/uploads\/2022\/07\/playa-cable-1-176x176.jpg?resize=1050%2C600&ssl=1 3x, https:\/\/i0.wp.com\/iumotril.org\/sitio\/wp-content\/uploads\/2022\/07\/playa-cable-1-176x176.jpg?resize=1400%2C800&ssl=1 4x"},"classes":[]},{"id":398,"url":"https:\/\/iumotril.org\/sitio\/iu-solicita-la-creacion-de-una-comision-de-investigacion-sobre-el-chiringuito-oleaje\/","url_meta":{"origin":417,"position":1},"title":"IU SOLICITA LA CREACI\u00d3N DE UNA COMISI\u00d3N DE INVESTIGACI\u00d3N SOBRE EL CHIRINGUITO OLEAJE","author":"Izquierda Unida Motril","date":"21 enero, 2015","format":false,"excerpt":"La formaci\u00f3n de izquierdas ha registrado una moci\u00f3n solicitando la creaci\u00f3n de una comisi\u00f3n de investigaci\u00f3n para depurar responsabilidades pol\u00edticas, en torno a posibles irregularidades en los procedimientos administrativos del chiringuito Oleaje. Daniela Paqu\u00e9, Concejala de la formaci\u00f3n en el ayuntamiento motrile\u00f1o, ha explicado los motivos que han llevado a\u2026","rel":"","context":"En \u00abAyuntamiento\u00bb","block_context":{"text":"Ayuntamiento","link":"https:\/\/iumotril.org\/sitio\/category\/ayuntamiento\/"},"img":{"alt_text":"d 15","src":"https:\/\/i0.wp.com\/iumotril.org\/sitio\/wp-content\/uploads\/2015\/01\/d-15-300x224.jpg?resize=350%2C200","width":350,"height":200},"classes":[]},{"id":136,"url":"https:\/\/iumotril.org\/sitio\/el-pp-motril-vuelve-a-confundir-el-interes-general-con-intereses-privados\/","url_meta":{"origin":417,"position":2},"title":"El PP MOTRIL VUELVE A CONFUNDIR EL INTER\u00c9S GENERAL CON INTERESES PRIVADOS","author":"Izquierda Unida Motril","date":"18 septiembre, 2014","format":false,"excerpt":"IU ha criticado duramente la vista en el d\u00eda de ayer de la Alcaldesa y su s\u00e9quito a las obras de un centro deportivo privado ubicado en suelo p\u00fablico que ten\u00eda que llevar tres a\u00f1os abierto. \u00a0 \u00abCon esta visita se pone nuevamente de relieve la falta de imparcialidad que\u2026","rel":"","context":"En \u00abSin categor\u00eda\u00bb","block_context":{"text":"Sin categor\u00eda","link":"https:\/\/iumotril.org\/sitio\/category\/sin-categoria\/"},"img":{"alt_text":"","src":"","width":0,"height":0},"classes":[]},{"id":273,"url":"https:\/\/iumotril.org\/sitio\/la-junta-de-andalucia-da-la-razon-a-iu\/","url_meta":{"origin":417,"position":3},"title":"LA JUNTA DE ANDALUC\u00cdA DA LA RAZ\u00d3N A IU","author":"Izquierda Unida Motril","date":"28 octubre, 2014","format":false,"excerpt":"El anuncio realizado en el d\u00eda de ayer por la Alcaldesa sobre el permiso de la Junta de Andaluc\u00eda a un nuevo parque comercial a cambio de reprogramar el PGOU de la ciudad, da la raz\u00f3n a aquello que de forma reiterada se ha venido defendiendo desde la formaci\u00f3n de\u2026","rel":"","context":"En \u00abSin categor\u00eda\u00bb","block_context":{"text":"Sin categor\u00eda","link":"https:\/\/iumotril.org\/sitio\/category\/sin-categoria\/"},"img":{"alt_text":"daniela sep","src":"https:\/\/i0.wp.com\/iumotril.org\/sitio\/wp-content\/uploads\/2014\/09\/daniela-sep-225x300.jpg?resize=350%2C200","width":350,"height":200},"classes":[]},{"id":244,"url":"https:\/\/iumotril.org\/sitio\/tras-la-denuncia-de-iu-el-ayuntamiento-retira-las-pegatinas-de-nichos-y-panteones\/","url_meta":{"origin":417,"position":4},"title":"TRAS LA DENUNCIA DE IU EL AYUNTAMIENTO RETIRA LAS PEGATINAS DE NICHOS Y PANTEONES","author":"Izquierda Unida Motril","date":"16 octubre, 2014","format":false,"excerpt":"Para IU Motril el hecho de que el Gobierno presidido por la Sra. Chamorro haya tardado menos de 48 en retirar las pegatinas colocadas en los nichos y panteones para informar sobre quienes no est\u00e1 al cobro de los respectivos pagos municipales, deja claro que la actuaci\u00f3n de los responsables\u2026","rel":"","context":"En \u00abSin categor\u00eda\u00bb","block_context":{"text":"Sin categor\u00eda","link":"https:\/\/iumotril.org\/sitio\/category\/sin-categoria\/"},"img":{"alt_text":"daniela IV","src":"https:\/\/i0.wp.com\/iumotril.org\/sitio\/wp-content\/uploads\/2014\/10\/daniela-IV-300x208.jpg?resize=350%2C200","width":350,"height":200},"classes":[]},{"id":163,"url":"https:\/\/iumotril.org\/sitio\/la-sra-chamorro-pasara-a-la-historia-por-ser-la-alcaldesa-con-mayor-numero-de-fotografias-en-su-haber\/","url_meta":{"origin":417,"position":5},"title":"LA SRA. CHAMORRO PASAR\u00c1 A LA HISTORIA POR SER LA ALCALDESA CON MAYOR N\u00daMERO DE FOTOGRAF\u00cdAS EN SU HABER","author":"Izquierda Unida Motril","date":"25 septiembre, 2014","format":false,"excerpt":"IU Motril ha criticado la edici\u00f3n de un d\u00edptico por parte del Ayuntamiento con motivo de la celebraci\u00f3n de la semana del mayor donde la foto de portada, \u00abinexplicablemente es una foto de la Alcaldesa\u00bb. \u00abLa adicci\u00f3n desmesurada de la Alcaldesa a posar ante las c\u00e1maras, protagonizar portadas y a\u2026","rel":"","context":"En \u00abSin categor\u00eda\u00bb","block_context":{"text":"Sin categor\u00eda","link":"https:\/\/iumotril.org\/sitio\/category\/sin-categoria\/"},"img":{"alt_text":"semana del mayor[1]","src":"https:\/\/i0.wp.com\/iumotril.org\/sitio\/wp-content\/uploads\/2014\/09\/semana-del-mayor1-217x300.jpg?resize=350%2C200","width":350,"height":200},"classes":[]}],"jetpack_likes_enabled":true,"_links":{"self":[{"href":"https:\/\/iumotril.org\/sitio\/wp-json\/wp\/v2\/posts\/417","targetHints":{"allow":["GET"]}}],"collection":[{"href":"https:\/\/iumotril.org\/sitio\/wp-json\/wp\/v2\/posts"}],"about":[{"href":"https:\/\/iumotril.org\/sitio\/wp-json\/wp\/v2\/types\/post"}],"author":[{"embeddable":true,"href":"https:\/\/iumotril.org\/sitio\/wp-json\/wp\/v2\/users\/1"}],"replies":[{"embeddable":true,"href":"https:\/\/iumotril.org\/sitio\/wp-json\/wp\/v2\/comments?post=417"}],"version-history":[{"count":3,"href":"https:\/\/iumotril.org\/sitio\/wp-json\/wp\/v2\/posts\/417\/revisions"}],"predecessor-version":[{"id":421,"href":"https:\/\/iumotril.org\/sitio\/wp-json\/wp\/v2\/posts\/417\/revisions\/421"}],"wp:attachment":[{"href":"https:\/\/iumotril.org\/sitio\/wp-json\/wp\/v2\/media?parent=417"}],"wp:term":[{"taxonomy":"category","embeddable":true,"href":"https:\/\/iumotril.org\/sitio\/wp-json\/wp\/v2\/categories?post=417"},{"taxonomy":"post_tag","embeddable":true,"href":"https:\/\/iumotril.org\/sitio\/wp-json\/wp\/v2\/tags?post=417"}],"curies":[{"name":"wp","href":"https:\/\/api.w.org\/{rel}","templated":true}]}}