{"id":4133,"date":"2018-11-02T11:39:06","date_gmt":"2018-11-02T10:39:06","guid":{"rendered":"http:\/\/iumotril.org\/sitio\/?p=4133"},"modified":"2018-11-02T11:39:06","modified_gmt":"2018-11-02T10:39:06","slug":"el-ayuntamiento-de-motril-sigue-cobrando-tasas-a-los-parados-por-acceso-al-empleo","status":"publish","type":"post","link":"https:\/\/iumotril.org\/sitio\/el-ayuntamiento-de-motril-sigue-cobrando-tasas-a-los-parados-por-acceso-al-empleo\/","title":{"rendered":"El Ayuntamiento de Motril sigue cobrando tasas a los parados por acceso al empleo"},"content":{"rendered":"<ul>\n<li style=\"text-align: justify;\"><span style=\"font-weight: 400; color: #993300;\">En enero de 2016, la Corporaci\u00f3n acord\u00f3 por unanimidad la exenci\u00f3n del pago de tasas para la participaci\u00f3n en procesos de selecci\u00f3n de empleo p\u00fablico a las personas en situaci\u00f3n de desempleo.<\/span><\/li>\n<li style=\"text-align: justify;\"><span style=\"font-weight: 400; color: #993300;\">M\u00e1s de tres a\u00f1os despu\u00e9s, el gobierno local no ha movido un papel para iniciar los tr\u00e1mites de modificaci\u00f3n de la Ordenanza Fiscal reguladora de las tasas municipales, a pesar de las reclamaciones recibidas.<\/span><\/li>\n<li style=\"text-align: justify;\"><span style=\"font-weight: 400; color: #993300;\">En septiembre de 2018, en Motril siguen registradas 5.760 personas en situaci\u00f3n de desempleo, 63 m\u00e1s que en el mes de enero. La mayor parte de ellas son mujeres (3.259)<\/span><\/li>\n<\/ul>\n<p style=\"text-align: justify;\"><span style=\"font-weight: 400;\">A pesar de haberse acordado de forma un\u00e1nime el inicio de la tramitaci\u00f3n del expediente para la modificaci\u00f3n de la <strong>Ordenanza Fiscal reguladora de la Tasa por Acceso a Empleo<\/strong> p\u00fablico para eximir de su pago a los solicitantes que se encuentran en situaci\u00f3n de desempleo, se sigue cobrando a los aspirantes en procesos selectivos convocados por el Ayuntamiento o por cualquiera de sus organismos. Estas tasas oscilan <strong>entre los 50 y los 20 euros.<\/strong><\/span><\/p>\n<p style=\"text-align: justify;\"><span style=\"font-weight: 400;\">La moci\u00f3n solicitando dicha modificaci\u00f3n fue presentada por el Grupo Municipal de Izquierda Unida en <a href=\"https:\/\/iumotril.org\/sitio\/izquierda-unida-reclama-la-exencion-del-pago-de-tasas-municipales-a-los-desempleadosas\/\" target=\"_blank\" rel=\"noopener\">enero de 2016<\/a>. Mereci\u00f3 el apoyo de todos los grupos pol\u00edticos, incluidos el PSOE y el Partido Andalucista.<\/span><\/p>\n<p style=\"text-align: justify;\"><span style=\"font-weight: 400;\">La portavoz adjunta del Grupo Municipal de Izquierda Unida, Inmaculada Omiste, ha denunciado esta situaci\u00f3n que, a su juicio, supone una flagrante <strong>discriminaci\u00f3n hacia las paradas y los parados motrile\u00f1os<\/strong> que, en muchos casos, no pueden hacer frente al pago de dichas tasas y, en consecuencia, se ven excluidas y excluidos de los procesos selectivos para el acceso al empleo.<\/span><\/p>\n<p style=\"text-align: justify;\"><span style=\"font-weight: 400;\">Para Inmaculada Omiste estamos ante otro claro ejemplo del <strong>desentendimiento y de indiferencia de Flor Alm\u00f3n y del Partido Socialista hacia los problemas reales de la ciudadan\u00eda<\/strong>. Con cerca de seis mil paradas y parados en Motril, el \u00c1rea de el empleo del gobierno local se limita a gestionar los programas de la Junta de Andaluc\u00eda sin poner en marcha ninguna iniciativa de car\u00e1cter municipal que contribuya a paliar, aunque sea m\u00ednimamente, la precariedad y el riesgo de exclusi\u00f3n de miles de motrile\u00f1as y motrile\u00f1os. <\/span><\/p>\n<p style=\"text-align: justify;\"><span style=\"font-weight: 400;\">Una falta de voluntad pol\u00edtica que se evidencia en el hecho de que el paro est\u00e1 enquistado en Motril situ\u00e1ndose en torno a las <strong>seis mil personas desempleadas<\/strong>. Unas tasas de desempleo intolerables que, unidas a la precarizaci\u00f3n de las condiciones laborales en cuanto a contrataciones y salarios conforman un escenario que sit\u00faa a miles de ciudadanos y ciudadanas y a sus familias en los <strong>umbrales de la pobreza<\/strong>.<\/span><\/p>\n<figure id=\"attachment_4132\" aria-describedby=\"caption-attachment-4132\" style=\"width: 640px\" class=\"wp-caption aligncenter\"><a href=\"https:\/\/iumotril.org\/sitio\/desempleados-argos\/\"><img loading=\"lazy\" decoding=\"async\" data-attachment-id=\"4132\" data-permalink=\"https:\/\/iumotril.org\/sitio\/el-ayuntamiento-de-motril-sigue-cobrando-tasas-a-los-parados-por-acceso-al-empleo\/desempleados-argos\/\" data-orig-file=\"https:\/\/iumotril.org\/sitio\/wp-content\/uploads\/2018\/11\/Desempleados-Argos.jpeg\" data-orig-size=\"1081,519\" data-comments-opened=\"1\" data-image-meta=\"{&quot;aperture&quot;:&quot;0&quot;,&quot;credit&quot;:&quot;&quot;,&quot;camera&quot;:&quot;&quot;,&quot;caption&quot;:&quot;&quot;,&quot;created_timestamp&quot;:&quot;0&quot;,&quot;copyright&quot;:&quot;&quot;,&quot;focal_length&quot;:&quot;0&quot;,&quot;iso&quot;:&quot;0&quot;,&quot;shutter_speed&quot;:&quot;0&quot;,&quot;title&quot;:&quot;&quot;,&quot;orientation&quot;:&quot;0&quot;}\" data-image-title=\"Desempleados Argos\" data-image-description=\"\" data-image-caption=\"\" data-large-file=\"https:\/\/iumotril.org\/sitio\/wp-content\/uploads\/2018\/11\/Desempleados-Argos-1024x492.jpeg\" class=\"wp-image-4132 size-large\" src=\"https:\/\/iumotril.org\/sitio\/wp-content\/uploads\/2018\/11\/Desempleados-Argos-1024x492.jpeg\" alt=\"\" width=\"640\" height=\"308\" srcset=\"https:\/\/iumotril.org\/sitio\/wp-content\/uploads\/2018\/11\/Desempleados-Argos-1024x492.jpeg 1024w, https:\/\/iumotril.org\/sitio\/wp-content\/uploads\/2018\/11\/Desempleados-Argos-300x144.jpeg 300w, https:\/\/iumotril.org\/sitio\/wp-content\/uploads\/2018\/11\/Desempleados-Argos-768x369.jpeg 768w, https:\/\/iumotril.org\/sitio\/wp-content\/uploads\/2018\/11\/Desempleados-Argos.jpeg 1081w\" sizes=\"auto, (max-width: 640px) 100vw, 640px\" \/><\/a><figcaption id=\"caption-attachment-4132\" class=\"wp-caption-text\">Fuente: Observatorio ARGOS. Junta de Andaluc\u00eda<\/figcaption><\/figure>\n<p style=\"text-align: justify;\"><span style=\"font-weight: 400;\">La portavoz de Izquierda Unida ha denunciado la incapacidad manifiesta de la responsable municipal de empleo para <strong>impulsar pol\u00edticas activas de empleo<\/strong>, como son los Talleres y de empleo y las Casas de oficio, iniciativas que el gobierno local no ha puesto en marcha a lo largo de sus m\u00e1s de tres a\u00f1os al frente del Ayuntamiento.<\/span><\/p>\n<p style=\"text-align: justify;\"><span style=\"font-weight: 400;\">Seg\u00fan Omiste, estamos ante un fracaso evidente de las <strong>pol\u00edticas de empleo de la Junta de Andaluc\u00eda<\/strong>, que se han demostrado insuficientes para combatir la lacra del paro y de la precariedad en nuestra Comunidad, reclamando<\/span><span style=\"font-weight: 400;\">\u00a0la <strong>derogaci\u00f3n de las reformas laborales del PP y del PSOE<\/strong> y la transici\u00f3n hacia un nuevo modelo apoyado en la negociaci\u00f3n colectiva que no condene a los trabajadores y a las trabajadoras a salarios de miseria y condiciones de semiesclavitud.<\/span><\/p>\n<p style=\"text-align: justify;\"><span style=\"font-weight: 400;\">En este sentido, la portavoz adjunta del Grupo Municipal de Izquierda Unida ha afirmado que conf\u00eda en que los andaluces y las andaluzas apoyen la <strong>propuesta de <a href=\"https:\/\/adelanteandalucia.org\/programa\/\" target=\"_blank\" rel=\"noopener\">Adelante Andaluc\u00eda<\/a><\/strong> en las pr\u00f3ximas elecciones para sacar a Susana D\u00edaz del gobierno y poner en marcha pol\u00edticas de progreso y transformaci\u00f3n social para nuestra tierra.<\/span><\/p>\n<figure id=\"attachment_4131\" aria-describedby=\"caption-attachment-4131\" style=\"width: 640px\" class=\"wp-caption aligncenter\"><a href=\"https:\/\/iumotril.org\/sitio\/contratos-octubre\/\"><img loading=\"lazy\" decoding=\"async\" data-attachment-id=\"4131\" data-permalink=\"https:\/\/iumotril.org\/sitio\/el-ayuntamiento-de-motril-sigue-cobrando-tasas-a-los-parados-por-acceso-al-empleo\/contratos-octubre\/\" data-orig-file=\"https:\/\/iumotril.org\/sitio\/wp-content\/uploads\/2018\/11\/contratos-octubre.jpeg\" data-orig-size=\"1120,598\" data-comments-opened=\"1\" data-image-meta=\"{&quot;aperture&quot;:&quot;0&quot;,&quot;credit&quot;:&quot;&quot;,&quot;camera&quot;:&quot;&quot;,&quot;caption&quot;:&quot;&quot;,&quot;created_timestamp&quot;:&quot;0&quot;,&quot;copyright&quot;:&quot;&quot;,&quot;focal_length&quot;:&quot;0&quot;,&quot;iso&quot;:&quot;0&quot;,&quot;shutter_speed&quot;:&quot;0&quot;,&quot;title&quot;:&quot;&quot;,&quot;orientation&quot;:&quot;0&quot;}\" data-image-title=\"contratos octubre\" data-image-description=\"\" data-image-caption=\"\" data-large-file=\"https:\/\/iumotril.org\/sitio\/wp-content\/uploads\/2018\/11\/contratos-octubre-1024x547.jpeg\" class=\"wp-image-4131 size-large\" src=\"https:\/\/iumotril.org\/sitio\/wp-content\/uploads\/2018\/11\/contratos-octubre-1024x547.jpeg\" alt=\"\" width=\"640\" height=\"342\" srcset=\"https:\/\/iumotril.org\/sitio\/wp-content\/uploads\/2018\/11\/contratos-octubre-1024x547.jpeg 1024w, https:\/\/iumotril.org\/sitio\/wp-content\/uploads\/2018\/11\/contratos-octubre-300x160.jpeg 300w, https:\/\/iumotril.org\/sitio\/wp-content\/uploads\/2018\/11\/contratos-octubre-768x410.jpeg 768w, https:\/\/iumotril.org\/sitio\/wp-content\/uploads\/2018\/11\/contratos-octubre.jpeg 1120w\" sizes=\"auto, (max-width: 640px) 100vw, 640px\" \/><\/a><figcaption id=\"caption-attachment-4131\" class=\"wp-caption-text\">Fuente: Observatorio ARGOS. Junta de Andaluc\u00eda<\/figcaption><\/figure>\n","protected":false},"excerpt":{"rendered":"<p>Estamos ante otro claro ejemplo del desentendimiento y de indiferencia de Flor Alm\u00f3n y del Partido Socialista hacia los problemas reales de la ciudadan\u00eda. Una falta de voluntad pol\u00edtica que se evidencia en el hecho de que el paro est\u00e1 enquistado en Motril situ\u00e1ndose en torno a las seis mil personas desempleadas.<\/p>\n","protected":false},"author":1,"featured_media":0,"comment_status":"open","ping_status":"open","sticky":false,"template":"","format":"standard","meta":{"cybocfi_hide_featured_image":"","_jetpack_newsletter_access":"","_jetpack_dont_email_post_to_subs":false,"_jetpack_newsletter_tier_id":0,"_jetpack_memberships_contains_paywalled_content":false,"_jetpack_memberships_contains_paid_content":false,"footnotes":""},"categories":[7,265],"tags":[323,117,244,1165,1163,1164],"class_list":["post-4133","post","type-post","status-publish","format-standard","hentry","category-ayuntamiento","category-esta-pasando","tag-desempleo","tag-flor-almon","tag-paro","tag-politicas-activas-empleo","tag-tasas-acceso-empleo","tag-trabajadores-pobres"],"jetpack_featured_media_url":"","jetpack_sharing_enabled":true,"jetpack_shortlink":"https:\/\/wp.me\/p4QsU5-14F","jetpack-related-posts":[{"id":1839,"url":"https:\/\/iumotril.org\/sitio\/izquierda-unida-reclama-la-exencion-del-pago-de-tasas-municipales-a-los-desempleadosas\/","url_meta":{"origin":4133,"position":0},"title":"IZQUIERDA UNIDA RECLAMA LA EXENCI\u00d3N DEL PAGO DE TASAS MUNICIPALES A LOS DESEMPLEADOS\/AS","author":"Izquierda Unida Motril","date":"26 enero, 2016","format":false,"excerpt":"En una moci\u00f3n que ha presentado al pr\u00f3ximo Pleno municipal, que se celebra el viernes d\u00eda 29, solicita la modificaci\u00f3n de las Ordenanzas fiscales para que se exima del pago de tasas para participar en procesos de selecci\u00f3n de empleo p\u00fablico a las personas que est\u00e9n en situaci\u00f3n de desempleo\u2026","rel":"","context":"En \u00abAyuntamiento\u00bb","block_context":{"text":"Ayuntamiento","link":"https:\/\/iumotril.org\/sitio\/category\/ayuntamiento\/"},"img":{"alt_text":"sae motril","src":"https:\/\/i0.wp.com\/iumotril.org\/sitio\/wp-content\/uploads\/2015\/09\/sae-motril.jpg?resize=350%2C200","width":350,"height":200},"classes":[]},{"id":3587,"url":"https:\/\/iumotril.org\/sitio\/el-ayuntamiento-sigue-cobrando-tasas-a-los-parados-para-el-acceso-al-empleo-publico\/","url_meta":{"origin":4133,"position":1},"title":"El Ayuntamiento sigue cobrando tasas a los parados para el acceso al empleo p\u00fablico","author":"Izquierda Unida Motril","date":"17 mayo, 2018","format":false,"excerpt":"Seguir cobrando tasas a las personas desempleadas de Motril para que tengan la posibilidad de acceder a un puesto de trabajo p\u00fablico, adem\u00e1s de ser indecente y vergonzoso, supone un elemento de disuasi\u00f3n para los parados y las paradas motrile\u00f1as que, en muchos casos, no disponen de esas cantidades para\u2026","rel":"","context":"En \u00abEST\u00c1 PASANDO\u00bb","block_context":{"text":"EST\u00c1 PASANDO","link":"https:\/\/iumotril.org\/sitio\/category\/esta-pasando\/"},"img":{"alt_text":"","src":"https:\/\/i0.wp.com\/iumotril.org\/sitio\/wp-content\/uploads\/2018\/05\/Daniela-centro-de-mayores-300x225.jpg?resize=350%2C200","width":350,"height":200},"classes":[]},{"id":7049,"url":"https:\/\/iumotril.org\/sitio\/iu-equo-reclama-que-las-bolsas-de-empleo-municipales-sean-operativas\/","url_meta":{"origin":4133,"position":2},"title":"IU-Equo reclama que las bolsas de empleo municipales sean operativas","author":"Izquierda Unida Motril","date":"14 enero, 2021","format":false,"excerpt":"El Grupo Municipal de Izquierda Unida-Equo ha pedido al gobierno local, ante el anuncio de una nueva convocatoria de bolsa de empleo para administrativos, que no utilice propagand\u00edsticamente estas convocatorias como en ocasiones anteriores, que han servido \u00fanicamente para generar falsas expectativas y recaudar tasas municipales. Desde IU-Equo se vuelve\u2026","rel":"","context":"En \u00abEST\u00c1 PASANDO\u00bb","block_context":{"text":"EST\u00c1 PASANDO","link":"https:\/\/iumotril.org\/sitio\/category\/esta-pasando\/"},"img":{"alt_text":"","src":"https:\/\/i0.wp.com\/iumotril.org\/sitio\/wp-content\/uploads\/2020\/10\/Jose-e-Inma-27-octubre_2-1024x768.jpg?resize=350%2C200","width":350,"height":200,"srcset":"https:\/\/i0.wp.com\/iumotril.org\/sitio\/wp-content\/uploads\/2020\/10\/Jose-e-Inma-27-octubre_2-1024x768.jpg?resize=350%2C200 1x, https:\/\/i0.wp.com\/iumotril.org\/sitio\/wp-content\/uploads\/2020\/10\/Jose-e-Inma-27-octubre_2-1024x768.jpg?resize=525%2C300 1.5x"},"classes":[]},{"id":7251,"url":"https:\/\/iumotril.org\/sitio\/el-gobierno-local-esta-utilizando-la-convocatoria-de-bolsas-de-trabajo-para-camuflar-la-falta-de-actuaciones-frente-al-desempleo-en-motril\/","url_meta":{"origin":4133,"position":3},"title":"El gobierno local est\u00e1 utilizando la convocatoria de bolsas de trabajo para camuflar la falta de actuaciones frente al desempleo en Motril","author":"Izquierda Unida Motril","date":"30 marzo, 2021","format":false,"excerpt":"En el a\u00f1o 2020, fueron 387 los motrile\u00f1os y motrile\u00f1as que solicitaron formar parte de alguna de las tres bolsas de trabajo convocadas (conductores del servicio limpieza, peones de limpieza y personal de limpieza de edificios). Sin embargo, s\u00f3lo se llevaron a cabo 9 contrataciones finalmente. Izquierda Unida-Equo ha vuelto\u2026","rel":"","context":"En \u00abEST\u00c1 PASANDO\u00bb","block_context":{"text":"EST\u00c1 PASANDO","link":"https:\/\/iumotril.org\/sitio\/category\/esta-pasando\/"},"img":{"alt_text":"","src":"https:\/\/i0.wp.com\/iumotril.org\/sitio\/wp-content\/uploads\/2021\/03\/Inma-Omiste_30-marzo-1024x768.jpg?resize=350%2C200","width":350,"height":200,"srcset":"https:\/\/i0.wp.com\/iumotril.org\/sitio\/wp-content\/uploads\/2021\/03\/Inma-Omiste_30-marzo-1024x768.jpg?resize=350%2C200 1x, https:\/\/i0.wp.com\/iumotril.org\/sitio\/wp-content\/uploads\/2021\/03\/Inma-Omiste_30-marzo-1024x768.jpg?resize=525%2C300 1.5x"},"classes":[]},{"id":7208,"url":"https:\/\/iumotril.org\/sitio\/seis-de-cada-10-personas-paradas-registradas-en-motril-son-mujeres\/","url_meta":{"origin":4133,"position":4},"title":"Seis de cada 10 personas paradas registradas en Motril son mujeres","author":"Izquierda Unida Motril","date":"4 marzo, 2021","format":false,"excerpt":"Ya est\u00e1 bien de presumir de gesti\u00f3n eficaz, de actuaciones propagand\u00edsticas y de que a la se\u00f1ora alcaldesa se llene la boca con lo que califica de realizaciones hist\u00f3ricas del equipo de gobierno y, de una vez por todas, se emprendan actuaciones a favor de las necesidades esenciales de las\u2026","rel":"","context":"En \u00abEST\u00c1 PASANDO\u00bb","block_context":{"text":"EST\u00c1 PASANDO","link":"https:\/\/iumotril.org\/sitio\/category\/esta-pasando\/"},"img":{"alt_text":"","src":"https:\/\/i0.wp.com\/iumotril.org\/sitio\/wp-content\/uploads\/2020\/11\/Jose-26-noviembre-917x1024.jpg?resize=350%2C200","width":350,"height":200,"srcset":"https:\/\/i0.wp.com\/iumotril.org\/sitio\/wp-content\/uploads\/2020\/11\/Jose-26-noviembre-917x1024.jpg?resize=350%2C200 1x, https:\/\/i0.wp.com\/iumotril.org\/sitio\/wp-content\/uploads\/2020\/11\/Jose-26-noviembre-917x1024.jpg?resize=525%2C300 1.5x"},"classes":[]},{"id":7302,"url":"https:\/\/iumotril.org\/sitio\/la-situacion-de-desempleo-en-motril-es-inaceptable-y-exige-actuaciones-urgentes\/","url_meta":{"origin":4133,"position":5},"title":"La situaci\u00f3n de desempleo en Motril es inaceptable y exige actuaciones urgentes","author":"Izquierda Unida Motril","date":"8 abril, 2021","format":false,"excerpt":"El gobierno de Garc\u00eda Chamorro ha apostado por la realizaci\u00f3n de grandes proyectos en el medio y largo plazo y por el \u201cembellecimiento\u201d de la ciudad, confiando la creaci\u00f3n de empleo a estas actuaciones. Se pretende vender a los vecinos una ciudad de colores que no se corresponde con la\u2026","rel":"","context":"En \u00abEST\u00c1 PASANDO\u00bb","block_context":{"text":"EST\u00c1 PASANDO","link":"https:\/\/iumotril.org\/sitio\/category\/esta-pasando\/"},"img":{"alt_text":"","src":"https:\/\/i0.wp.com\/iumotril.org\/sitio\/wp-content\/uploads\/2021\/04\/Inma-Omiste-8-de-abril-2021-768x1024.jpg?resize=350%2C200","width":350,"height":200,"srcset":"https:\/\/i0.wp.com\/iumotril.org\/sitio\/wp-content\/uploads\/2021\/04\/Inma-Omiste-8-de-abril-2021-768x1024.jpg?resize=350%2C200 1x, https:\/\/i0.wp.com\/iumotril.org\/sitio\/wp-content\/uploads\/2021\/04\/Inma-Omiste-8-de-abril-2021-768x1024.jpg?resize=525%2C300 1.5x"},"classes":[]}],"jetpack_likes_enabled":true,"_links":{"self":[{"href":"https:\/\/iumotril.org\/sitio\/wp-json\/wp\/v2\/posts\/4133","targetHints":{"allow":["GET"]}}],"collection":[{"href":"https:\/\/iumotril.org\/sitio\/wp-json\/wp\/v2\/posts"}],"about":[{"href":"https:\/\/iumotril.org\/sitio\/wp-json\/wp\/v2\/types\/post"}],"author":[{"embeddable":true,"href":"https:\/\/iumotril.org\/sitio\/wp-json\/wp\/v2\/users\/1"}],"replies":[{"embeddable":true,"href":"https:\/\/iumotril.org\/sitio\/wp-json\/wp\/v2\/comments?post=4133"}],"version-history":[{"count":6,"href":"https:\/\/iumotril.org\/sitio\/wp-json\/wp\/v2\/posts\/4133\/revisions"}],"predecessor-version":[{"id":4149,"href":"https:\/\/iumotril.org\/sitio\/wp-json\/wp\/v2\/posts\/4133\/revisions\/4149"}],"wp:attachment":[{"href":"https:\/\/iumotril.org\/sitio\/wp-json\/wp\/v2\/media?parent=4133"}],"wp:term":[{"taxonomy":"category","embeddable":true,"href":"https:\/\/iumotril.org\/sitio\/wp-json\/wp\/v2\/categories?post=4133"},{"taxonomy":"post_tag","embeddable":true,"href":"https:\/\/iumotril.org\/sitio\/wp-json\/wp\/v2\/tags?post=4133"}],"curies":[{"name":"wp","href":"https:\/\/api.w.org\/{rel}","templated":true}]}}