{"id":41,"date":"2014-07-01T11:19:12","date_gmt":"2014-07-01T11:19:12","guid":{"rendered":"http:\/\/iumotril.org\/sitio\/?p=41"},"modified":"2014-07-25T11:22:21","modified_gmt":"2014-07-25T11:22:21","slug":"modernizacion","status":"publish","type":"post","link":"https:\/\/iumotril.org\/sitio\/modernizacion\/","title":{"rendered":"Modernizaci\u00f3n&#8230;."},"content":{"rendered":"<div class=\"_wk\"><span class=\"userContent\">Seg\u00fan el PP los \u00fanicos que no apreciamos la modernizaci\u00f3n de Motril somos IU.<\/span><\/div>\n<div class=\"_wk\"><span class=\"userContent\"><br \/>\nIgual los vecinos de la Calle Ancha, Rambla de los \u00c1lamos, Angustias, San Antonio no comparten su opini\u00f3n.<\/span><\/div>\n<div class=\"_wk\"><\/div>\n<div class=\"_wk\"><span class=\"userContent\">Aunque habr\u00eda que preguntar al PP Motril que entiende por modernizaci\u00f3n&#8230;.ES ESTO? &#8230;..<\/span><\/div>\n<div class=\"_wk\"><\/div>\n<div class=\"_wk\"><a href=\"https:\/\/iumotril.org\/sitio\/wp-content\/uploads\/2014\/07\/modernizaci\u00f3n1.jpg\"><img loading=\"lazy\" decoding=\"async\" data-attachment-id=\"42\" data-permalink=\"https:\/\/iumotril.org\/sitio\/modernizacion\/modernizacion1\/\" data-orig-file=\"https:\/\/iumotril.org\/sitio\/wp-content\/uploads\/2014\/07\/modernizaci\u00f3n1.jpg\" data-orig-size=\"960,640\" data-comments-opened=\"1\" data-image-meta=\"{&quot;aperture&quot;:&quot;0&quot;,&quot;credit&quot;:&quot;&quot;,&quot;camera&quot;:&quot;&quot;,&quot;caption&quot;:&quot;&quot;,&quot;created_timestamp&quot;:&quot;0&quot;,&quot;copyright&quot;:&quot;&quot;,&quot;focal_length&quot;:&quot;0&quot;,&quot;iso&quot;:&quot;0&quot;,&quot;shutter_speed&quot;:&quot;0&quot;,&quot;title&quot;:&quot;&quot;,&quot;orientation&quot;:&quot;0&quot;}\" data-image-title=\"modernizaci\u00f3n1\" data-image-description=\"\" data-image-caption=\"\" data-large-file=\"https:\/\/iumotril.org\/sitio\/wp-content\/uploads\/2014\/07\/modernizaci\u00f3n1.jpg\" class=\"size-medium wp-image-42 aligncenter\" src=\"https:\/\/iumotril.org\/sitio\/wp-content\/uploads\/2014\/07\/modernizaci\u00f3n1-300x200.jpg\" alt=\"modernizaci\u00f3n1\" width=\"300\" height=\"200\" srcset=\"https:\/\/iumotril.org\/sitio\/wp-content\/uploads\/2014\/07\/modernizaci\u00f3n1-300x200.jpg 300w, https:\/\/iumotril.org\/sitio\/wp-content\/uploads\/2014\/07\/modernizaci\u00f3n1-768x512.jpg 768w, https:\/\/iumotril.org\/sitio\/wp-content\/uploads\/2014\/07\/modernizaci\u00f3n1.jpg 960w\" sizes=\"auto, (max-width: 300px) 100vw, 300px\" \/><\/a> <a href=\"https:\/\/iumotril.org\/sitio\/wp-content\/uploads\/2014\/07\/modernizaci\u00f3n2.jpg\"><img loading=\"lazy\" decoding=\"async\" data-attachment-id=\"43\" data-permalink=\"https:\/\/iumotril.org\/sitio\/modernizacion\/modernizacion2\/\" data-orig-file=\"https:\/\/iumotril.org\/sitio\/wp-content\/uploads\/2014\/07\/modernizaci\u00f3n2.jpg\" data-orig-size=\"960,640\" data-comments-opened=\"1\" data-image-meta=\"{&quot;aperture&quot;:&quot;0&quot;,&quot;credit&quot;:&quot;&quot;,&quot;camera&quot;:&quot;&quot;,&quot;caption&quot;:&quot;&quot;,&quot;created_timestamp&quot;:&quot;0&quot;,&quot;copyright&quot;:&quot;&quot;,&quot;focal_length&quot;:&quot;0&quot;,&quot;iso&quot;:&quot;0&quot;,&quot;shutter_speed&quot;:&quot;0&quot;,&quot;title&quot;:&quot;&quot;,&quot;orientation&quot;:&quot;0&quot;}\" data-image-title=\"modernizaci\u00f3n2\" data-image-description=\"\" data-image-caption=\"\" data-large-file=\"https:\/\/iumotril.org\/sitio\/wp-content\/uploads\/2014\/07\/modernizaci\u00f3n2.jpg\" class=\"size-medium wp-image-43 aligncenter\" src=\"https:\/\/iumotril.org\/sitio\/wp-content\/uploads\/2014\/07\/modernizaci\u00f3n2-300x200.jpg\" alt=\"modernizaci\u00f3n2\" width=\"300\" height=\"200\" srcset=\"https:\/\/iumotril.org\/sitio\/wp-content\/uploads\/2014\/07\/modernizaci\u00f3n2-300x200.jpg 300w, https:\/\/iumotril.org\/sitio\/wp-content\/uploads\/2014\/07\/modernizaci\u00f3n2-768x512.jpg 768w, https:\/\/iumotril.org\/sitio\/wp-content\/uploads\/2014\/07\/modernizaci\u00f3n2.jpg 960w\" sizes=\"auto, (max-width: 300px) 100vw, 300px\" \/><\/a> <a href=\"https:\/\/iumotril.org\/sitio\/wp-content\/uploads\/2014\/07\/modernizaci\u00f3n3.jpg\"><img loading=\"lazy\" decoding=\"async\" data-attachment-id=\"44\" data-permalink=\"https:\/\/iumotril.org\/sitio\/modernizacion\/modernizacion3\/\" data-orig-file=\"https:\/\/iumotril.org\/sitio\/wp-content\/uploads\/2014\/07\/modernizaci\u00f3n3.jpg\" data-orig-size=\"960,640\" data-comments-opened=\"1\" data-image-meta=\"{&quot;aperture&quot;:&quot;0&quot;,&quot;credit&quot;:&quot;&quot;,&quot;camera&quot;:&quot;&quot;,&quot;caption&quot;:&quot;&quot;,&quot;created_timestamp&quot;:&quot;0&quot;,&quot;copyright&quot;:&quot;&quot;,&quot;focal_length&quot;:&quot;0&quot;,&quot;iso&quot;:&quot;0&quot;,&quot;shutter_speed&quot;:&quot;0&quot;,&quot;title&quot;:&quot;&quot;,&quot;orientation&quot;:&quot;0&quot;}\" data-image-title=\"modernizaci\u00f3n3\" data-image-description=\"\" data-image-caption=\"\" data-large-file=\"https:\/\/iumotril.org\/sitio\/wp-content\/uploads\/2014\/07\/modernizaci\u00f3n3.jpg\" class=\"size-medium wp-image-44 aligncenter\" src=\"https:\/\/iumotril.org\/sitio\/wp-content\/uploads\/2014\/07\/modernizaci\u00f3n3-300x200.jpg\" alt=\"modernizaci\u00f3n3\" width=\"300\" height=\"200\" srcset=\"https:\/\/iumotril.org\/sitio\/wp-content\/uploads\/2014\/07\/modernizaci\u00f3n3-300x200.jpg 300w, https:\/\/iumotril.org\/sitio\/wp-content\/uploads\/2014\/07\/modernizaci\u00f3n3-768x512.jpg 768w, https:\/\/iumotril.org\/sitio\/wp-content\/uploads\/2014\/07\/modernizaci\u00f3n3.jpg 960w\" sizes=\"auto, (max-width: 300px) 100vw, 300px\" \/><\/a> <a href=\"https:\/\/iumotril.org\/sitio\/wp-content\/uploads\/2014\/07\/modernizaci\u00f3n4.jpg\"><img loading=\"lazy\" decoding=\"async\" data-attachment-id=\"45\" data-permalink=\"https:\/\/iumotril.org\/sitio\/modernizacion\/modernizacion4\/\" data-orig-file=\"https:\/\/iumotril.org\/sitio\/wp-content\/uploads\/2014\/07\/modernizaci\u00f3n4.jpg\" data-orig-size=\"960,640\" data-comments-opened=\"1\" data-image-meta=\"{&quot;aperture&quot;:&quot;0&quot;,&quot;credit&quot;:&quot;&quot;,&quot;camera&quot;:&quot;&quot;,&quot;caption&quot;:&quot;&quot;,&quot;created_timestamp&quot;:&quot;0&quot;,&quot;copyright&quot;:&quot;&quot;,&quot;focal_length&quot;:&quot;0&quot;,&quot;iso&quot;:&quot;0&quot;,&quot;shutter_speed&quot;:&quot;0&quot;,&quot;title&quot;:&quot;&quot;,&quot;orientation&quot;:&quot;0&quot;}\" data-image-title=\"modernizaci\u00f3n4\" data-image-description=\"\" data-image-caption=\"\" data-large-file=\"https:\/\/iumotril.org\/sitio\/wp-content\/uploads\/2014\/07\/modernizaci\u00f3n4.jpg\" class=\"size-medium wp-image-45 aligncenter\" src=\"https:\/\/iumotril.org\/sitio\/wp-content\/uploads\/2014\/07\/modernizaci\u00f3n4-300x200.jpg\" alt=\"modernizaci\u00f3n4\" width=\"300\" height=\"200\" srcset=\"https:\/\/iumotril.org\/sitio\/wp-content\/uploads\/2014\/07\/modernizaci\u00f3n4-300x200.jpg 300w, https:\/\/iumotril.org\/sitio\/wp-content\/uploads\/2014\/07\/modernizaci\u00f3n4-768x512.jpg 768w, https:\/\/iumotril.org\/sitio\/wp-content\/uploads\/2014\/07\/modernizaci\u00f3n4.jpg 960w\" sizes=\"auto, (max-width: 300px) 100vw, 300px\" \/><\/a><\/div>\n","protected":false},"excerpt":{"rendered":"<p>Seg\u00fan el PP los \u00fanicos que no apreciamos la modernizaci\u00f3n [&hellip;]<\/p>\n","protected":false},"author":1,"featured_media":0,"comment_status":"open","ping_status":"open","sticky":false,"template":"","format":"standard","meta":{"cybocfi_hide_featured_image":"","_jetpack_newsletter_access":"","_jetpack_dont_email_post_to_subs":false,"_jetpack_newsletter_tier_id":0,"_jetpack_memberships_contains_paywalled_content":false,"_jetpack_memberships_contains_paid_content":false,"footnotes":""},"categories":[7],"tags":[],"class_list":["post-41","post","type-post","status-publish","format-standard","hentry","category-ayuntamiento"],"jetpack_featured_media_url":"","jetpack_sharing_enabled":true,"jetpack_shortlink":"https:\/\/wp.me\/p4QsU5-F","jetpack-related-posts":[{"id":5025,"url":"https:\/\/iumotril.org\/sitio\/iu-equo-acometera-de-forma-prioritaria-y-urgente-mejoras-en-los-barrios-de-motril\/","url_meta":{"origin":41,"position":0},"title":"IU-Equo acometer\u00e1 de forma prioritaria y urgente mejoras en los barrios de Motril","author":"Izquierda Unida Motril","date":"13 mayo, 2019","format":false,"excerpt":"Queremos un ayuntamiento al servicio de la ciudad y de sus vecinos y no al rev\u00e9s como hasta ahora: unos vecinos al servicio del ayuntamiento. En este sentido, la implantaci\u00f3n de la administraci\u00f3n electr\u00f3nica debe ser un elemento determinante en nuestro proyecto de modernizaci\u00f3n de la administraci\u00f3n municipal. Nos proponemos\u2026","rel":"","context":"En \u00abEST\u00c1 PASANDO\u00bb","block_context":{"text":"EST\u00c1 PASANDO","link":"https:\/\/iumotril.org\/sitio\/category\/esta-pasando\/"},"img":{"alt_text":"","src":"https:\/\/i0.wp.com\/iumotril.org\/sitio\/wp-content\/uploads\/2019\/05\/Inma-Avenida-Europa_13-mayo-e1557761216290-768x1024.jpg?resize=350%2C200","width":350,"height":200},"classes":[]},{"id":4829,"url":"https:\/\/iumotril.org\/sitio\/izquierda-unida-exige-a-flor-almon-el-cumplimiento-de-los-acuerdos-con-los-empleados-municipales\/","url_meta":{"origin":41,"position":1},"title":"Izquierda Unida exige a Flor Alm\u00f3n el cumplimiento de los acuerdos con los empleados municipales","author":"Izquierda Unida Motril","date":"10 abril, 2019","format":false,"excerpt":"Para Izquierda Unida, Flor Alm\u00f3n y el partido socialista est\u00e1n pagando, un elevado peaje por\u00a0 presidir el gobierno municipal. Han sido, durante todo su mandato, espectadores mudos de los manejos de los hermanos Esc\u00e1mez. El mandato de Alm\u00f3n ha sido una ocasi\u00f3n perdida para la recuperaci\u00f3n de los derechos arrebatados\u2026","rel":"","context":"En \u00abAyuntamiento\u00bb","block_context":{"text":"Ayuntamiento","link":"https:\/\/iumotril.org\/sitio\/category\/ayuntamiento\/"},"img":{"alt_text":"Inma Omiste, candidata a la Alcald\u00eda de Motril y Jose Llorente","src":"https:\/\/i0.wp.com\/iumotril.org\/sitio\/wp-content\/uploads\/2019\/04\/Inma-y-Jose_10-abril.jpg?resize=350%2C200","width":350,"height":200,"srcset":"https:\/\/i0.wp.com\/iumotril.org\/sitio\/wp-content\/uploads\/2019\/04\/Inma-y-Jose_10-abril.jpg?resize=350%2C200 1x, https:\/\/i0.wp.com\/iumotril.org\/sitio\/wp-content\/uploads\/2019\/04\/Inma-y-Jose_10-abril.jpg?resize=525%2C300 1.5x, https:\/\/i0.wp.com\/iumotril.org\/sitio\/wp-content\/uploads\/2019\/04\/Inma-y-Jose_10-abril.jpg?resize=700%2C400 2x, https:\/\/i0.wp.com\/iumotril.org\/sitio\/wp-content\/uploads\/2019\/04\/Inma-y-Jose_10-abril.jpg?resize=1050%2C600 3x, https:\/\/i0.wp.com\/iumotril.org\/sitio\/wp-content\/uploads\/2019\/04\/Inma-y-Jose_10-abril.jpg?resize=1400%2C800 4x"},"classes":[]},{"id":3727,"url":"https:\/\/iumotril.org\/sitio\/reclamamos-que-se-puedan-realizar-tramites-y-gestiones-de-trafico-en-motril\/","url_meta":{"origin":41,"position":2},"title":"Reclamamos que se puedan realizar  tr\u00e1mites y gestiones de Tr\u00e1fico en Motril","author":"Izquierda Unida Motril","date":"19 julio, 2018","format":false,"excerpt":"Daniela Paqu\u00e9, portavoz del Grupo Municipal de IU ha reclamado al Ayuntamiento de Motril que d\u00e9 inicio a las gestiones que sean necesarias para que Motril formalice el correspondiente Convenio con la Direcci\u00f3n General de Tr\u00e1fico para facilitar a sus vecinos y vecinas la realizaci\u00f3n de los tr\u00e1mites y gestiones\u2026","rel":"","context":"En \u00abAyuntamiento\u00bb","block_context":{"text":"Ayuntamiento","link":"https:\/\/iumotril.org\/sitio\/category\/ayuntamiento\/"},"img":{"alt_text":"","src":"https:\/\/i0.wp.com\/iumotril.org\/sitio\/wp-content\/uploads\/2018\/07\/jpt-granada.jpg?resize=350%2C200","width":350,"height":200},"classes":[]},{"id":2999,"url":"https:\/\/iumotril.org\/sitio\/mientras-la-ciudad-va-a-la-deriva-para-flor-almon-motril-es-un-oasis-de-bienestar-y-prosperidad\/","url_meta":{"origin":41,"position":3},"title":"Mientras la ciudad va a la deriva, para Flor Alm\u00f3n Motril es un oasis de bienestar y prosperidad","author":"Izquierda Unida Motril","date":"17 julio, 2017","format":false,"excerpt":"La portavoz de Izquierda Unida ha reclamado al gobierno local un cambio de rumbo en su gesti\u00f3n que apueste por pol\u00edticas de progreso para Motril y para sus vecinos y vecinas. En concreto, ha reclamado la modernizaci\u00f3n de la Administraci\u00f3n local para ponerse al servicio real de los ciudadanos y\u2026","rel":"","context":"En \u00abEST\u00c1 PASANDO\u00bb","block_context":{"text":"EST\u00c1 PASANDO","link":"https:\/\/iumotril.org\/sitio\/category\/esta-pasando\/"},"img":{"alt_text":"","src":"https:\/\/i0.wp.com\/iumotril.org\/sitio\/wp-content\/uploads\/2017\/07\/debate-ciudad-1024x768.jpeg?resize=350%2C200","width":350,"height":200,"srcset":"https:\/\/i0.wp.com\/iumotril.org\/sitio\/wp-content\/uploads\/2017\/07\/debate-ciudad-1024x768.jpeg?resize=350%2C200 1x, https:\/\/i0.wp.com\/iumotril.org\/sitio\/wp-content\/uploads\/2017\/07\/debate-ciudad-1024x768.jpeg?resize=525%2C300 1.5x"},"classes":[]},{"id":7463,"url":"https:\/\/iumotril.org\/sitio\/inma-omiste-la-alcaldesa-reclama-al-gobierno-de-espana-la-gestion-de-fondos-europeos-pero-es-incapaz-de-ejecutar-el-presupuesto-de-ayudas-al-pequeno-comercio-de-motril\/","url_meta":{"origin":41,"position":4},"title":"Inma Omiste: la alcaldesa reclama al gobierno de Espa\u00f1a la gesti\u00f3n de fondos europeos, pero es incapaz de ejecutar el presupuesto de ayudas al peque\u00f1o comercio de Motril","author":"Izquierda Unida Motril","date":"25 mayo, 2021","format":false,"excerpt":"La portavoz de IU-Equo, ha pedido a la alcaldesa que se deje de \u201cbatallitas pol\u00edticas contra el gobierno de Espa\u00f1a\u201d y se dedique, de una vez por todas, a trabajar por Motril y atender las necesidades de sus vecinas y de sus vecinas que, como en el caso del peque\u00f1o\u2026","rel":"","context":"En \u00abEST\u00c1 PASANDO\u00bb","block_context":{"text":"EST\u00c1 PASANDO","link":"https:\/\/iumotril.org\/sitio\/category\/esta-pasando\/"},"img":{"alt_text":"","src":"https:\/\/i0.wp.com\/iumotril.org\/sitio\/wp-content\/uploads\/2021\/05\/Luisa-protesta-Madrid.jpg?resize=350%2C200","width":350,"height":200,"srcset":"https:\/\/i0.wp.com\/iumotril.org\/sitio\/wp-content\/uploads\/2021\/05\/Luisa-protesta-Madrid.jpg?resize=350%2C200 1x, https:\/\/i0.wp.com\/iumotril.org\/sitio\/wp-content\/uploads\/2021\/05\/Luisa-protesta-Madrid.jpg?resize=525%2C300 1.5x, https:\/\/i0.wp.com\/iumotril.org\/sitio\/wp-content\/uploads\/2021\/05\/Luisa-protesta-Madrid.jpg?resize=700%2C400 2x"},"classes":[]},{"id":10721,"url":"https:\/\/iumotril.org\/sitio\/iu-verdes-equo-propone-mejoras-en-el-acerado-de-motril\/","url_meta":{"origin":41,"position":5},"title":"IU Verdes Equo propone mejoras en el acerado de Motril","author":"Izquierda Unida Motril","date":"24 julio, 2025","format":false,"excerpt":"La formaci\u00f3n defiende que Motril sea una ciudad 100% accesible, amable e inclusiva, por lo que establece como una prioridad eliminar las barreras y obst\u00e1culos del acerado que dificultan el tr\u00e1nsito por determinadas calles. Para la mejora de la infraestructura peatonal proponen la realizaci\u00f3n de un diagn\u00f3stico del estado de\u2026","rel":"","context":"En \u00abAyuntamiento\u00bb","block_context":{"text":"Ayuntamiento","link":"https:\/\/iumotril.org\/sitio\/category\/ayuntamiento\/"},"img":{"alt_text":"","src":"https:\/\/i0.wp.com\/iumotril.org\/sitio\/wp-content\/uploads\/2025\/07\/Ana-Herrera-e-Inma-Omiste-scaled.jpg?resize=350%2C200&ssl=1","width":350,"height":200,"srcset":"https:\/\/i0.wp.com\/iumotril.org\/sitio\/wp-content\/uploads\/2025\/07\/Ana-Herrera-e-Inma-Omiste-scaled.jpg?resize=350%2C200&ssl=1 1x, https:\/\/i0.wp.com\/iumotril.org\/sitio\/wp-content\/uploads\/2025\/07\/Ana-Herrera-e-Inma-Omiste-scaled.jpg?resize=525%2C300&ssl=1 1.5x, https:\/\/i0.wp.com\/iumotril.org\/sitio\/wp-content\/uploads\/2025\/07\/Ana-Herrera-e-Inma-Omiste-scaled.jpg?resize=700%2C400&ssl=1 2x, https:\/\/i0.wp.com\/iumotril.org\/sitio\/wp-content\/uploads\/2025\/07\/Ana-Herrera-e-Inma-Omiste-scaled.jpg?resize=1050%2C600&ssl=1 3x, https:\/\/i0.wp.com\/iumotril.org\/sitio\/wp-content\/uploads\/2025\/07\/Ana-Herrera-e-Inma-Omiste-scaled.jpg?resize=1400%2C800&ssl=1 4x"},"classes":[]}],"jetpack_likes_enabled":true,"_links":{"self":[{"href":"https:\/\/iumotril.org\/sitio\/wp-json\/wp\/v2\/posts\/41","targetHints":{"allow":["GET"]}}],"collection":[{"href":"https:\/\/iumotril.org\/sitio\/wp-json\/wp\/v2\/posts"}],"about":[{"href":"https:\/\/iumotril.org\/sitio\/wp-json\/wp\/v2\/types\/post"}],"author":[{"embeddable":true,"href":"https:\/\/iumotril.org\/sitio\/wp-json\/wp\/v2\/users\/1"}],"replies":[{"embeddable":true,"href":"https:\/\/iumotril.org\/sitio\/wp-json\/wp\/v2\/comments?post=41"}],"version-history":[{"count":1,"href":"https:\/\/iumotril.org\/sitio\/wp-json\/wp\/v2\/posts\/41\/revisions"}],"predecessor-version":[{"id":46,"href":"https:\/\/iumotril.org\/sitio\/wp-json\/wp\/v2\/posts\/41\/revisions\/46"}],"wp:attachment":[{"href":"https:\/\/iumotril.org\/sitio\/wp-json\/wp\/v2\/media?parent=41"}],"wp:term":[{"taxonomy":"category","embeddable":true,"href":"https:\/\/iumotril.org\/sitio\/wp-json\/wp\/v2\/categories?post=41"},{"taxonomy":"post_tag","embeddable":true,"href":"https:\/\/iumotril.org\/sitio\/wp-json\/wp\/v2\/tags?post=41"}],"curies":[{"name":"wp","href":"https:\/\/api.w.org\/{rel}","templated":true}]}}