{"id":4085,"date":"2018-10-16T17:51:22","date_gmt":"2018-10-16T15:51:22","guid":{"rendered":"http:\/\/iumotril.org\/sitio\/?p=4085"},"modified":"2018-10-16T18:28:44","modified_gmt":"2018-10-16T16:28:44","slug":"izquierda-unida-denuncia-las-deficiencias-de-seguridad-en-la-retirada-de-amianto-en-una-nave-colindante-al-ceip-cardenal-belluga","status":"publish","type":"post","link":"https:\/\/iumotril.org\/sitio\/izquierda-unida-denuncia-las-deficiencias-de-seguridad-en-la-retirada-de-amianto-en-una-nave-colindante-al-ceip-cardenal-belluga\/","title":{"rendered":"Izquierda Unida denuncia las deficiencias de seguridad en la retirada de amianto en una nave colindante al CEIP Cardenal Belluga"},"content":{"rendered":"<p style=\"text-align: justify;\"><span style=\"color: #993300;\">La Concejal\u00eda de Educaci\u00f3n inform\u00f3 a la direcci\u00f3n del Centro cuando las obras ya estaban avanzadas.\u00a0La asociaci\u00f3n de padres y madres ha denunciado que las instalaciones escolares se est\u00e1n viendo afectadas por el derrumbe y retirada de placas de fibrocemento del antiguo dep\u00f3sito de veh\u00edculos, colindante al centro, sin haberse valorado suficientemente los posibles riesgos para la salud de escolares.<\/span><\/p>\n<p style=\"text-align: justify;\">A juicio de Izquierda Unida el derrumbe y retirada de las placas de uralita no ha seguido el protocolo de seguridad establecido para las actuaciones con este tipo de materiales. Las obras las realiza el Ayuntamiento de Motril en el <strong>antiguo dep\u00f3sito de veh\u00edculos<\/strong> situado en el Cercado de la Virgen, colindante con las instalaciones del CEIP Cardenal Belluga.<\/p>\n<p><a href=\"https:\/\/iumotril.org\/sitio\/mari-carmen-y-daniela_16-oct\/\"><img loading=\"lazy\" decoding=\"async\" data-attachment-id=\"4097\" data-permalink=\"https:\/\/iumotril.org\/sitio\/izquierda-unida-denuncia-las-deficiencias-de-seguridad-en-la-retirada-de-amianto-en-una-nave-colindante-al-ceip-cardenal-belluga\/mari-carmen-y-daniela_16-oct\/\" data-orig-file=\"https:\/\/iumotril.org\/sitio\/wp-content\/uploads\/2018\/10\/Mari-carmen-y-Daniela_16-oct.jpg\" data-orig-size=\"1083,800\" data-comments-opened=\"1\" data-image-meta=\"{&quot;aperture&quot;:&quot;0&quot;,&quot;credit&quot;:&quot;&quot;,&quot;camera&quot;:&quot;&quot;,&quot;caption&quot;:&quot;&quot;,&quot;created_timestamp&quot;:&quot;0&quot;,&quot;copyright&quot;:&quot;&quot;,&quot;focal_length&quot;:&quot;0&quot;,&quot;iso&quot;:&quot;0&quot;,&quot;shutter_speed&quot;:&quot;0&quot;,&quot;title&quot;:&quot;&quot;,&quot;orientation&quot;:&quot;0&quot;}\" data-image-title=\"Mari carmen y Daniela_16 oct\" data-image-description=\"\" data-image-caption=\"\" data-large-file=\"https:\/\/iumotril.org\/sitio\/wp-content\/uploads\/2018\/10\/Mari-carmen-y-Daniela_16-oct-1024x756.jpg\" class=\"alignleft wp-image-4097\" src=\"https:\/\/iumotril.org\/sitio\/wp-content\/uploads\/2018\/10\/Mari-carmen-y-Daniela_16-oct-300x222.jpg\" alt=\"\" width=\"435\" height=\"321\" srcset=\"https:\/\/iumotril.org\/sitio\/wp-content\/uploads\/2018\/10\/Mari-carmen-y-Daniela_16-oct-300x222.jpg 300w, https:\/\/iumotril.org\/sitio\/wp-content\/uploads\/2018\/10\/Mari-carmen-y-Daniela_16-oct-768x567.jpg 768w, https:\/\/iumotril.org\/sitio\/wp-content\/uploads\/2018\/10\/Mari-carmen-y-Daniela_16-oct-1024x756.jpg 1024w, https:\/\/iumotril.org\/sitio\/wp-content\/uploads\/2018\/10\/Mari-carmen-y-Daniela_16-oct.jpg 1083w\" sizes=\"auto, (max-width: 435px) 100vw, 435px\" \/><\/a><\/p>\n<p style=\"text-align: justify;\">La Portavoz de Izquierda Unida, Daniela Paqu\u00e9, ha criticado la <strong>desidia e incompetencia de la concejala de educaci\u00f3n<\/strong> en la gesti\u00f3n de un asunto tan sensible para la seguridad y salud de los ni\u00f1os y ni\u00f1as del Centro, provocando la consiguiente inquietud en los padres y madres de los y las escolares.<\/p>\n<p style=\"text-align: justify;\">La Concejal\u00eda de Educaci\u00f3n es <strong>un departamento fantasma<\/strong> en la estructura municipal, carente de iniciativas e incapaz de contribuir a la soluci\u00f3n de los diversos problemas que afectan a los centros educativos de Motril, ha manifestado la portavoz de Izquierda Unida.<\/p>\n<p style=\"text-align: justify;\">Despu\u00e9s de casi cuatro a\u00f1os de gesti\u00f3n, la labor de la concejala de educaci\u00f3n ha sido irrelevante. Su falta de iniciativa y su incapacidad han puesto de manifiesto el desd\u00e9n y la <strong>falta de compromiso \u00a0de Flor Alm\u00f3n y de su equipo con la defensa de la ense\u00f1anza p\u00fablica en nuestra ciudad<\/strong> y con la mejora de la calidad de los centros educativos que gestiona la Junta de Andaluc\u00eda.<\/p>\n<p style=\"text-align: justify;\">Izquierda Unida considera que despu\u00e9s de la desastrosa gesti\u00f3n de este asunto por parte de la concejala de educaci\u00f3n, Flor Alm\u00f3n debe exigir a la edil las correspondientes responsabilidades pol\u00edticas, \u00a0reclamar que presente su <strong>dimisi\u00f3n<\/strong> o, en caso contrario, proceder a su <strong>inmediato cese<\/strong>.<\/p>\n","protected":false},"excerpt":{"rendered":"<p>Despu\u00e9s de casi cuatro a\u00f1os de gesti\u00f3n, la labor de la concejala de educaci\u00f3n ha sido irrelevante. Su falta de iniciativa y su incapacidad han puesto de manifiesto el desd\u00e9n y la falta de compromiso \u00a0de Flor Alm\u00f3n y de su equipo con la defensa de la ense\u00f1anza p\u00fablica en nuestra ciudad y con la mejora de la calidad de los centros educativos que gestiona la Junta de Andaluc\u00eda.<\/p>\n","protected":false},"author":1,"featured_media":0,"comment_status":"open","ping_status":"open","sticky":false,"template":"","format":"standard","meta":{"cybocfi_hide_featured_image":"","_jetpack_newsletter_access":"","_jetpack_dont_email_post_to_subs":false,"_jetpack_newsletter_tier_id":0,"_jetpack_memberships_contains_paywalled_content":false,"_jetpack_memberships_contains_paid_content":false,"footnotes":""},"categories":[265],"tags":[1156,1152,1151,1154,1153,1155],"class_list":["post-4085","post","type-post","status-publish","format-standard","hentry","category-esta-pasando","tag-amianto","tag-ceip-cardenal-belluga","tag-colegios-publicos","tag-concejala-educacion","tag-concejalia-educacion","tag-mercedes-sanchez"],"jetpack_featured_media_url":"","jetpack_sharing_enabled":true,"jetpack_shortlink":"https:\/\/wp.me\/p4QsU5-13T","jetpack-related-posts":[{"id":4099,"url":"https:\/\/iumotril.org\/sitio\/izquierda-unida-reclama-un-mayor-compromiso-con-la-educacion-publica-en-motril\/","url_meta":{"origin":4085,"position":0},"title":"Izquierda Unida reclama un mayor compromiso con la educaci\u00f3n p\u00fablica en Motril","author":"Izquierda Unida Motril","date":"17 octubre, 2018","format":false,"excerpt":"En referencia a la pr\u00f3xima cita electoral en Andaluc\u00eda, ha reivindicado la defensa de los intereses de la provincia y de la Costa Tropical, afirmando que Granada y la Costa existen en el mapa de Andaluc\u00eda y requieren atenci\u00f3n espec\u00edfica y medidas concretas que resuelvan sus muchas deficiencias en infraestructuras,\u2026","rel":"","context":"En \u00abEST\u00c1 PASANDO\u00bb","block_context":{"text":"EST\u00c1 PASANDO","link":"https:\/\/iumotril.org\/sitio\/category\/esta-pasando\/"},"img":{"alt_text":"","src":"https:\/\/i0.wp.com\/iumotril.org\/sitio\/wp-content\/uploads\/2018\/05\/IMG_4626-e1525806711517-225x300.jpg?resize=350%2C200","width":350,"height":200},"classes":[]},{"id":4124,"url":"https:\/\/iumotril.org\/sitio\/exigimos-la-modificacion-de-ordenanzas-fiscales-para-favorecer-a-comerciantes-familias-y-desempleados\/","url_meta":{"origin":4085,"position":1},"title":"Exigimos la modificaci\u00f3n de Ordenanzas Fiscales para favorecer a comerciantes, familias y desempleados","author":"Izquierda Unida Motril","date":"5 noviembre, 2018","format":false,"excerpt":"Izquierda Unida viene denunciando durante todo el mandato de Flor Alm\u00f3n el incumplimiento reiterado por parte del gobierno local de las mociones aprobadas por el Pleno de la Corporaci\u00f3n. Una falta de compromiso que entiende como un desprecio a las reglas de funcionamiento democr\u00e1tico de la instituci\u00f3n municipal y, sobre\u2026","rel":"","context":"En \u00abAyuntamiento\u00bb","block_context":{"text":"Ayuntamiento","link":"https:\/\/iumotril.org\/sitio\/category\/ayuntamiento\/"},"img":{"alt_text":"","src":"https:\/\/i0.wp.com\/iumotril.org\/sitio\/wp-content\/uploads\/2017\/11\/cajero-300x200.jpg?resize=350%2C200","width":350,"height":200},"classes":[]},{"id":4786,"url":"https:\/\/iumotril.org\/sitio\/izquierda-unida-reclama-mejoras-en-centros-educativos-de-motril\/","url_meta":{"origin":4085,"position":2},"title":"Izquierda Unida reclama mejoras en Centros educativos de Motril","author":"Izquierda Unida Motril","date":"25 marzo, 2019","format":false,"excerpt":"Inma Omiste ha denunciando la desidia y dejadez de la concejal\u00eda de Educaci\u00f3n del Ayuntamiento de Motril que no hace frente a estos problemas ni ofrece ninguna soluci\u00f3n, a pesar de las demandas de la direcci\u00f3n del centro y de las madres y padres de los alumnos. La Candidata de\u2026","rel":"","context":"En \u00abAdelante Andaluc\u00eda\u00bb","block_context":{"text":"Adelante Andaluc\u00eda","link":"https:\/\/iumotril.org\/sitio\/category\/adelante-andalucia\/"},"img":{"alt_text":"","src":"https:\/\/i0.wp.com\/iumotril.org\/sitio\/wp-content\/uploads\/2019\/03\/Chus-Inma-y-Dani-Principe-Felipe_25-marzo-e1553532849496.jpg?resize=350%2C200","width":350,"height":200,"srcset":"https:\/\/i0.wp.com\/iumotril.org\/sitio\/wp-content\/uploads\/2019\/03\/Chus-Inma-y-Dani-Principe-Felipe_25-marzo-e1553532849496.jpg?resize=350%2C200 1x, https:\/\/i0.wp.com\/iumotril.org\/sitio\/wp-content\/uploads\/2019\/03\/Chus-Inma-y-Dani-Principe-Felipe_25-marzo-e1553532849496.jpg?resize=525%2C300 1.5x, https:\/\/i0.wp.com\/iumotril.org\/sitio\/wp-content\/uploads\/2019\/03\/Chus-Inma-y-Dani-Principe-Felipe_25-marzo-e1553532849496.jpg?resize=700%2C400 2x, https:\/\/i0.wp.com\/iumotril.org\/sitio\/wp-content\/uploads\/2019\/03\/Chus-Inma-y-Dani-Principe-Felipe_25-marzo-e1553532849496.jpg?resize=1050%2C600 3x, https:\/\/i0.wp.com\/iumotril.org\/sitio\/wp-content\/uploads\/2019\/03\/Chus-Inma-y-Dani-Principe-Felipe_25-marzo-e1553532849496.jpg?resize=1400%2C800 4x"},"classes":[]},{"id":10953,"url":"https:\/\/iumotril.org\/sitio\/iu-denuncia-la-falta-de-inversion-y-mantenimeinto-en-los-centros-educativos\/","url_meta":{"origin":4085,"position":3},"title":"IU denuncia la falta de inversi\u00f3n y mantenimiento en los centros educativos.","author":"Izquierda Unida Motril","date":"10 febrero, 2026","format":false,"excerpt":"No es compresible ni justificable la situaci\u00f3n que se est\u00e1 produciendo en el Ceip Pr\u00edncipe Felipe, ya que en el mes de noviembre tanto Junta como Ayuntamiento recibieron sendos escritos donde se informaba de la deteriorada situaci\u00f3n del centro, no solo de la cubierta sino tambi\u00e9n de las numerosas deficiencias\u2026","rel":"","context":"En \u00abAyuntamiento\u00bb","block_context":{"text":"Ayuntamiento","link":"https:\/\/iumotril.org\/sitio\/category\/ayuntamiento\/"},"img":{"alt_text":"","src":"https:\/\/i0.wp.com\/iumotril.org\/sitio\/wp-content\/uploads\/2025\/03\/IMG_1227-scaled-e1774865273542.jpeg?resize=350%2C200&ssl=1","width":350,"height":200,"srcset":"https:\/\/i0.wp.com\/iumotril.org\/sitio\/wp-content\/uploads\/2025\/03\/IMG_1227-scaled-e1774865273542.jpeg?resize=350%2C200&ssl=1 1x, https:\/\/i0.wp.com\/iumotril.org\/sitio\/wp-content\/uploads\/2025\/03\/IMG_1227-scaled-e1774865273542.jpeg?resize=525%2C300&ssl=1 1.5x"},"classes":[]},{"id":3101,"url":"https:\/\/iumotril.org\/sitio\/izquierda-unida-reclama-a-la-junta-que-dote-la-plaza-de-docente-de-ingles-en-el-ceip-rio-ebro\/","url_meta":{"origin":4085,"position":4},"title":"IZQUIERDA UNIDA RECLAMA A LA JUNTA QUE DOTE LA PLAZA DE DOCENTE DE INGL\u00c9S EN EL CEIP R\u00cdO EBRO","author":"Izquierda Unida Motril","date":"4 octubre, 2017","format":false,"excerpt":"Ante la movilizaci\u00f3n de las madres y padres del Colegio, la delegaci\u00f3n provincial de educaci\u00f3n anunciaba ayer que una profesora del colegio se ocupar\u00e1 de la asignatura de ingl\u00e9s, a pesar de que en la plantilla del centro no existen docentes con la habilitaci\u00f3n requerida para impartir dicha asignatura. Una\u2026","rel":"","context":"En \u00abEST\u00c1 PASANDO\u00bb","block_context":{"text":"EST\u00c1 PASANDO","link":"https:\/\/iumotril.org\/sitio\/category\/esta-pasando\/"},"img":{"alt_text":"","src":"https:\/\/i0.wp.com\/iumotril.org\/sitio\/wp-content\/uploads\/2017\/10\/Colegio-Rio-Ebro-de-Motril-300x201.jpg?resize=350%2C200","width":350,"height":200},"classes":[]},{"id":1523,"url":"https:\/\/iumotril.org\/sitio\/izquierda-unida-denuncia-el-abandono-del-comedor-escolar-del-colegio-ave-maria-esparraguera-por-parte-de-la-junta\/","url_meta":{"origin":4085,"position":5},"title":"IZQUIERDA UNIDA DENUNCIA EL ABANDONO DEL COMEDOR ESCOLAR DEL COLEGIO AVE MAR\u00cdA ESPARRAGUERA POR PARTE DE LA JUNTA","author":"Izquierda Unida Motril","date":"27 octubre, 2015","format":false,"excerpt":"El Grupo Municipal de Izquierda Unida considera que esta es una situaci\u00f3n inaceptable que hace incompresible la pasividad de los responsables municipales ante una emergencia social de esta naturaleza que afecta directamente a 29 familias motrile\u00f1as desfavorecidas. Hoy se ha conocido que la Fiscal\u00eda ha abierto diligencias contra la Junta\u2026","rel":"","context":"En \u00abEST\u00c1 PASANDO\u00bb","block_context":{"text":"EST\u00c1 PASANDO","link":"https:\/\/iumotril.org\/sitio\/category\/esta-pasando\/"},"img":{"alt_text":"Ave Mar\u00eda","src":"https:\/\/i0.wp.com\/iumotril.org\/sitio\/wp-content\/uploads\/2015\/10\/Ave-Mar%C3%ADa-1024x704.jpg?resize=350%2C200","width":350,"height":200,"srcset":"https:\/\/i0.wp.com\/iumotril.org\/sitio\/wp-content\/uploads\/2015\/10\/Ave-Mar%C3%ADa-1024x704.jpg?resize=350%2C200 1x, https:\/\/i0.wp.com\/iumotril.org\/sitio\/wp-content\/uploads\/2015\/10\/Ave-Mar%C3%ADa-1024x704.jpg?resize=525%2C300 1.5x"},"classes":[]}],"jetpack_likes_enabled":true,"_links":{"self":[{"href":"https:\/\/iumotril.org\/sitio\/wp-json\/wp\/v2\/posts\/4085","targetHints":{"allow":["GET"]}}],"collection":[{"href":"https:\/\/iumotril.org\/sitio\/wp-json\/wp\/v2\/posts"}],"about":[{"href":"https:\/\/iumotril.org\/sitio\/wp-json\/wp\/v2\/types\/post"}],"author":[{"embeddable":true,"href":"https:\/\/iumotril.org\/sitio\/wp-json\/wp\/v2\/users\/1"}],"replies":[{"embeddable":true,"href":"https:\/\/iumotril.org\/sitio\/wp-json\/wp\/v2\/comments?post=4085"}],"version-history":[{"count":5,"href":"https:\/\/iumotril.org\/sitio\/wp-json\/wp\/v2\/posts\/4085\/revisions"}],"predecessor-version":[{"id":4098,"href":"https:\/\/iumotril.org\/sitio\/wp-json\/wp\/v2\/posts\/4085\/revisions\/4098"}],"wp:attachment":[{"href":"https:\/\/iumotril.org\/sitio\/wp-json\/wp\/v2\/media?parent=4085"}],"wp:term":[{"taxonomy":"category","embeddable":true,"href":"https:\/\/iumotril.org\/sitio\/wp-json\/wp\/v2\/categories?post=4085"},{"taxonomy":"post_tag","embeddable":true,"href":"https:\/\/iumotril.org\/sitio\/wp-json\/wp\/v2\/tags?post=4085"}],"curies":[{"name":"wp","href":"https:\/\/api.w.org\/{rel}","templated":true}]}}