{"id":408,"date":"2015-02-02T17:00:42","date_gmt":"2015-02-02T16:00:42","guid":{"rendered":"http:\/\/iumotril.org\/sitio\/?p=408"},"modified":"2015-02-02T17:08:20","modified_gmt":"2015-02-02T16:08:20","slug":"motril-en-fitur-2015-una-presencia-irrelevante-un-resultado-cuestionable","status":"publish","type":"post","link":"https:\/\/iumotril.org\/sitio\/motril-en-fitur-2015-una-presencia-irrelevante-un-resultado-cuestionable\/","title":{"rendered":"Motril en FITUR 2015, una presencia irrelevante, un resultado cuestionable"},"content":{"rendered":"<p style=\"text-align: justify;\">La Feria Internacional de Turismo (FITUR) se ha convertido en una de las citas tur\u00edsticas m\u00e1s grandes del mundo. Es un espacio de m\u00e1s de 50 mil metros cuadrados que re\u00fane a 9.000 empresas expositoras de 165 pa\u00edses. La presencia de los distintos agentes del sector tur\u00edstico (agencias de viajes, tour operadores, empresas hosteleras y de servicios, destinos tur\u00edsticos) parece inevitable. FITUR se convierte para todos ellos en un acontecimiento que ofrece interesantes oportunidades de promoci\u00f3n.<\/p>\n<p style=\"text-align: justify;\">De este modo, FITUR es\u00a0en un escaparate p\u00fablico que propicia su utilizaci\u00f3n por parte de ministros, consejeros, alcaldes, alcaldesas, presidentes de diputaci\u00f3n y representantes de entidades\u00a0p\u00fablicas relacionadas con el sector tur\u00edstico para su promoci\u00f3n pol\u00edtica o personal. La participaci\u00f3n de Motril en FITUR 2015 es un buen ejemplo de esta utilizaci\u00f3n interesada\u00a0de las oportunidades que ofrece la Feria. Una ocasi\u00f3n desaprovechada para promocionar adecuadamente a Motril como un destino tur\u00edstico atractivo.<\/p>\n<p style=\"text-align: justify;\">Si no se visita la Feria, la percepci\u00f3n de la participaci\u00f3n de Motril en FITUR 2015 puede resultar enga\u00f1osa. Desde hace dos semanas, asistimos a un bombardeo publicitario en los medios de comunicaci\u00f3n locales (esto es importante) acerca de la presencia de Motril en los recintos feriales de IFEMA: esl\u00f3ganes sobre el compromiso del Ayuntamiento con el desarrollo tur\u00edstico,<span style=\"text-decoration: underline;\"><strong> <a title=\"Embajadores de Motril. Gu\u00eda sensaciones\" href=\"http:\/\/www.motril.es\/index.php?id=23&amp;tx_ttnews[tt_news]=9581&amp;tx_ttnews[backPid]=1&amp;cHash=7a6f32fb92\" target=\"_blank\">iniciativas<\/a><\/strong><\/span> de dudoso contenido y otros<strong> <a title=\"Gu\u00eda marinera\" href=\"http:\/\/www.motril.es\/index.php?id=23&amp;tx_ttnews[tt_news]=9588&amp;tx_ttnews[backPid]=1&amp;cHash=bb999e217f\" target=\"_blank\">productos <\/a><\/strong>a los que se da una relevancia desmedida.<\/p>\n<p style=\"text-align: justify;\">Sin embargo, si se forma parte de los m\u00e1s de 200.000 profesionales y particulares y de los medios comunicaci\u00f3n que acuden a FITUR, la presencia de Motril como destino tur\u00edstico pasa inadvertida, resulta irrelevante.<\/p>\n<p style=\"text-align: justify;\"><a href=\"https:\/\/iumotril.org\/sitio\/wp-content\/uploads\/2015\/01\/folletos-motril-fitur-2015.jpg\"><img loading=\"lazy\" decoding=\"async\" data-attachment-id=\"433\" data-permalink=\"https:\/\/iumotril.org\/sitio\/motril-en-fitur-2015-una-presencia-irrelevante-un-resultado-cuestionable\/folletos-motril-fitur-2015\/\" data-orig-file=\"https:\/\/iumotril.org\/sitio\/wp-content\/uploads\/2015\/01\/folletos-motril-fitur-2015.jpg\" data-orig-size=\"3264,2448\" data-comments-opened=\"1\" data-image-meta=\"{&quot;aperture&quot;:&quot;2.4&quot;,&quot;credit&quot;:&quot;&quot;,&quot;camera&quot;:&quot;iPhone 5&quot;,&quot;caption&quot;:&quot;&quot;,&quot;created_timestamp&quot;:&quot;1422536010&quot;,&quot;copyright&quot;:&quot;&quot;,&quot;focal_length&quot;:&quot;4.12&quot;,&quot;iso&quot;:&quot;50&quot;,&quot;shutter_speed&quot;:&quot;0.02&quot;,&quot;title&quot;:&quot;&quot;,&quot;orientation&quot;:&quot;0&quot;}\" data-image-title=\"folletos motril fitur 2015\" data-image-description=\"\" data-image-caption=\"\" data-large-file=\"https:\/\/iumotril.org\/sitio\/wp-content\/uploads\/2015\/01\/folletos-motril-fitur-2015-1024x768.jpg\" class=\"alignleft size-medium wp-image-433\" src=\"https:\/\/iumotril.org\/sitio\/wp-content\/uploads\/2015\/01\/folletos-motril-fitur-2015-300x225.jpg\" alt=\"Presencia Motril en FITUR 2015\" width=\"300\" height=\"225\" srcset=\"https:\/\/iumotril.org\/sitio\/wp-content\/uploads\/2015\/01\/folletos-motril-fitur-2015-300x225.jpg 300w, https:\/\/iumotril.org\/sitio\/wp-content\/uploads\/2015\/01\/folletos-motril-fitur-2015-768x576.jpg 768w, https:\/\/iumotril.org\/sitio\/wp-content\/uploads\/2015\/01\/folletos-motril-fitur-2015-1024x768.jpg 1024w\" sizes=\"auto, (max-width: 300px) 100vw, 300px\" \/><\/a>Motril comparte el stand de la Diputaci\u00f3n de Granada con otros destinos provinciales, entre otros, \u00a0Granada, Almu\u00f1\u00e9car y Salobre\u00f1a. Un espacio sin diferenciar en el que se agolpan folletos, carteles y objetos promocionales de las diferentes ofertas tur\u00edsticas. Un stand de tama\u00f1o medio integrado en la zona de exposici\u00f3n de\u00a0Andaluc\u00eda (5.300 metros cuadrados). Seg\u00fan mantienen los expertos, el tama\u00f1o importa. Para llamar la atenci\u00f3n de los visitantes y, tambi\u00e9n, como forma de mostrar poder\u00edo tur\u00edstico.<\/p>\n<p style=\"text-align: justify;\">Adem\u00e1s del stand de la provincia de Granada, el espacio dispone de una sala para presentaciones donde los destinos tur\u00edsticos comunican sus ofertas a visitantes, interesados y a medios de comunicaci\u00f3n. Se trata de presentaciones por parte de los diferentes destinos o de los patrocinados que se suceden a lo largo de las jornadas, con duraciones entre 40 y 60 minutos.<\/p>\n<p style=\"text-align: justify;\">Seg\u00fan la informaci\u00f3n de FITUR, Motril realizar\u00e1 a lo largo de los tres d\u00edas de la Feria dirigida a los profesionales, dos presentaciones diarias. Las presentaciones, como pueden imaginar, no se caracterizan por la masiva presencia de p\u00fablico, de profesionales o de medios de comunicaci\u00f3n de \u00e1mbito estatal. Sus asistentes suelen ser los s\u00e9quitos y acompa\u00f1antes de los representantes pol\u00edticos, los medios de comunicaci\u00f3n locales y algunos curiosos y despistados. El programa de presentaciones y ruedas de prensa que difunde la <strong><span style=\"text-decoration: underline;\"><a title=\"Dossier prensa FITUR\" href=\"http:\/\/www.ifema.es\/PresentacionInet\/groups\/public\/documents\/binario\/if_072922.pdf\" target=\"_blank\">Oficina de prensa<\/a> <\/span><\/strong>de la Feria no incluye entre las 224 que se desarrollar\u00e1n\u00a0ninguna convocatoria a los medios de\u00a0alguna\u00a0de las comparecencias que lleva a cabo el stand de Granada ni el destino Motril.<\/p>\n<p style=\"text-align: justify;\">Por ello, llama la atenci\u00f3n el trasiego de la Alcaldesa, Luisa Garc\u00eda Chamorro, por la zona de presentaciones seguida por las c\u00e1maras de Telemotril y custodiada por su s\u00e9quito. Qu\u00e9 cuenta, cabe preguntarse y, sobre todo, a qui\u00e9n se lo cuenta: a los operadores tur\u00edsticos? A las empresas hoteleras? A las agencias de viaje? Parece que no. Se lo cuenta a los motrile\u00f1os a trav\u00e9s de la televisi\u00f3n que utiliza con fines partidistas y pol\u00edticos. Pero se lo cuenta desde Madrid, con un coste econ\u00f3mico importante para motrile\u00f1@s debido al <strong><a title=\"colaboradores alcaldesa en Fitur 2015\" href=\"http:\/\/wp.me\/p4QsU5-6J\">despliegue de colaboradores<\/a><\/strong> que la acompa\u00f1an.<\/p>\n<p style=\"text-align: justify;\">En definitiva, el Ayuntamiento de Motril, su alcaldesa, el equipo de gobierno municipal utiliza los recursos p\u00fablicos para su promoci\u00f3n pol\u00edtica y personal en busca de r\u00e9ditos pol\u00edticos y electorales.<\/p>\n<h3 style=\"text-align: justify;\"><span style=\"color: #000080;\">El sector tur\u00edstico como motor de generador de empleo<\/span><\/h3>\n<p style=\"text-align: justify;\">La Feria Internacional de Turismo FITUR encarna un modelo de desarrollo tur\u00edstico <strong><span style=\"text-decoration: underline;\">basado en los <a title=\"Los negocios ganan terreno en Fitur\" href=\"http:\/\/economia.elpais.com\/economia\/2015\/01\/28\/actualidad\/1422477539_647070.html\" target=\"_blank\">negocios<\/a><\/span><\/strong>. Un modelo tur\u00edstico invasivo, dif\u00edcilmente sostenible y de espaldas a los intereses de las personas y de la ciudadan\u00eda. Un modelo de desarrollo tur\u00edstico que IU-LV Convocatoria por Andaluc\u00eda no puede compartir.<\/p>\n<p style=\"text-align: justify;\">Entendemos que, en Motril, es prioritario impulsar el sector tur\u00edstico como motor esencial para la generaci\u00f3n de empleo, huyendo del modelo especulativo del que solo se han beneficiado unos pocos, y apoyando el desarrollo de las iniciativas locales generadas por los motrile\u00f1os y las motrile\u00f1as.<\/p>\n<p style=\"text-align: justify;\">As\u00ed lo recogemos en nuestra propuesta de programa de cara a las pr\u00f3ximas elecciones municipales. Un programa abierto que supone un compromiso \u00e9tico con la ciudan\u00eda que antepone la transparencia y la honestidad en la gesti\u00f3n de los recursos p\u00fablicos a los intereses personales y pol\u00edticos de los representantes elegidos por los ciudadan@s.<\/p>\n<p style=\"text-align: justify;\">En definitiva, un compromiso con los motrile\u00f1@s en el que no tendr\u00e1n cabida actuaciones como las que la Alcaldesa de Motril y su equipo de gobierno est\u00e1n llevando a cabo en FITUR, en este caso, desaprovechando una excelente oportunidad para la promoci\u00f3n de Motril como destino tur\u00edstico, utilizando\u00a0la presencia en la Feria con objetivos claramente propagand\u00edsticos. pol\u00edticos y electorales.<\/p>\n<p style=\"text-align: justify;\">Dede IU-LVCA decimos que \u00a1Ya est\u00e1 bien! Hay que ganar Motril para los ciudadan@s. Participa con tus propuestas en nuestra Programa Abierto.<\/p>\n","protected":false},"excerpt":{"rendered":"<p>Si no se visita la Feria, la percepci\u00f3n de la participaci\u00f3n de Motril en FITUR 2015 puede resultar enga\u00f1osa. Sin embargo, si se forma parte de los m\u00e1s de 200.000 profesionales y particulares y de los medios comunicaci\u00f3n que acuden a FITUR, la presencia de Motril como destino tur\u00edstico pasa inadvertida, resulta irrelevante.  Para IULV-CA es prioritario impulsar el sector tur\u00edstico como motor esencial para la generaci\u00f3n de empleo, huyendo del modelo especulativo del que solo se han beneficiado unos pocos, y apoyando el desarrollo de las iniciativas locales generadas por los motrile\u00f1os y las motrile\u00f1as.<\/p>\n","protected":false},"author":1,"featured_media":0,"comment_status":"open","ping_status":"open","sticky":false,"template":"","format":"standard","meta":{"cybocfi_hide_featured_image":"","_jetpack_newsletter_access":"","_jetpack_dont_email_post_to_subs":false,"_jetpack_newsletter_tier_id":0,"_jetpack_memberships_contains_paywalled_content":false,"_jetpack_memberships_contains_paid_content":false,"footnotes":""},"categories":[44,16],"tags":[47,46,48,49,223],"class_list":["post-408","post","type-post","status-publish","format-standard","hentry","category-empleo","category-turismo","tag-empleo-2","tag-fitur-2015","tag-iulv-ca","tag-modelo-desarrollo-turistico","tag-turismo"],"jetpack_featured_media_url":"","jetpack_sharing_enabled":true,"jetpack_shortlink":"https:\/\/wp.me\/p4QsU5-6A","jetpack-related-posts":[{"id":3307,"url":"https:\/\/iumotril.org\/sitio\/motril-en-fitur-el-viaje-a-ninguna-parte\/","url_meta":{"origin":408,"position":0},"title":"Motril en FITUR: el viaje a ninguna parte","author":"Izquierda Unida Motril","date":"18 enero, 2018","format":false,"excerpt":"Un a\u00f1o m\u00e1s una nutrida representaci\u00f3n del Ayuntamiento de Motril viaja a Madrid para presentar sus iniciativas y dar a conocer la oferta tur\u00edstica de nuestra ciudad. Unos d\u00edas intensos para los responsables municipales que tendr\u00e1n que sortear diversas presentaciones vendiendo fuegos de artificio y poco m\u00e1s que humo. Nada\u2026","rel":"","context":"En \u00abEST\u00c1 PASANDO\u00bb","block_context":{"text":"EST\u00c1 PASANDO","link":"https:\/\/iumotril.org\/sitio\/category\/esta-pasando\/"},"img":{"alt_text":"","src":"https:\/\/i0.wp.com\/iumotril.org\/sitio\/wp-content\/uploads\/2018\/01\/Motril-en-Fitur-300x200.jpg?resize=350%2C200","width":350,"height":200,"srcset":"https:\/\/i0.wp.com\/iumotril.org\/sitio\/wp-content\/uploads\/2018\/01\/Motril-en-Fitur-300x200.jpg?resize=350%2C200 1x, https:\/\/i0.wp.com\/iumotril.org\/sitio\/wp-content\/uploads\/2018\/01\/Motril-en-Fitur-300x200.jpg?resize=525%2C300 1.5x"},"classes":[]},{"id":9745,"url":"https:\/\/iumotril.org\/sitio\/motril-en-fitur-2024-el-viaje-a-ninguna-parte\/","url_meta":{"origin":408,"position":1},"title":"Motril en FITUR 2024: el viaje a ninguna parte","author":"Izquierda Unida Motril","date":"24 enero, 2024","format":false,"excerpt":"IU Verdes Equo critica\u00a0 la propuesta tur\u00edstica que presentar\u00e1 Motril en FITUR 2024, al considerarla vac\u00eda de contenidos, intangible y falta de atracci\u00f3n para visitantes, turistas y operadores. Considera que el gobierno local de Motril viaja a FITUR sin una estrategia de promoci\u00f3n del destino definida, con un paquete de\u2026","rel":"","context":"En \u00abAyuntamiento\u00bb","block_context":{"text":"Ayuntamiento","link":"https:\/\/iumotril.org\/sitio\/category\/ayuntamiento\/"},"img":{"alt_text":"","src":"https:\/\/i0.wp.com\/iumotril.org\/sitio\/wp-content\/uploads\/2024\/01\/motril-se-proyecta-al-mundo-con-la-apertura-de-villa-astrida-a-una-semana-de.webp?resize=350%2C200&ssl=1","width":350,"height":200,"srcset":"https:\/\/i0.wp.com\/iumotril.org\/sitio\/wp-content\/uploads\/2024\/01\/motril-se-proyecta-al-mundo-con-la-apertura-de-villa-astrida-a-una-semana-de.webp?resize=350%2C200&ssl=1 1x, https:\/\/i0.wp.com\/iumotril.org\/sitio\/wp-content\/uploads\/2024\/01\/motril-se-proyecta-al-mundo-con-la-apertura-de-villa-astrida-a-una-semana-de.webp?resize=525%2C300&ssl=1 1.5x"},"classes":[]},{"id":417,"url":"https:\/\/iumotril.org\/sitio\/iu-critica-que-la-alcaldesa-necesite-a-mas-de-nueve-personas-para-presentar-una-guia-turistica-en-fitur\/","url_meta":{"origin":408,"position":2},"title":"IU CRITICA QUE LA ALCALDESA NECESITE A M\u00c1S DE NUEVE PERSONAS PARA PRESENTAR UNA GU\u00cdA TUR\u00cdSTICA EN FITUR","author":"Izquierda Unida Motril","date":"29 enero, 2015","format":false,"excerpt":"IU ha calificado como de desfachatez el desplazamiento de un m\u00ednimo de nueve personas a la Feria Internacional de Turismo, convertida en los \u00faltimos a\u00f1os, en el escaparate propagand\u00edstico de pol\u00edticos, para presentar como propuesta estrella de nuestra ciudad una gu\u00eda tur\u00edstica. \u00a0 \u201cEs lamentable que nuestra alcaldesa se desplace\u2026","rel":"","context":"En \u00abempleo\u00bb","block_context":{"text":"empleo","link":"https:\/\/iumotril.org\/sitio\/category\/empleo\/"},"img":{"alt_text":"DANIELA 25N","src":"https:\/\/i0.wp.com\/iumotril.org\/sitio\/wp-content\/uploads\/2015\/01\/DANIELA-25N-200x300.jpg?resize=350%2C200","width":350,"height":200},"classes":[]},{"id":10543,"url":"https:\/\/iumotril.org\/sitio\/anuncios-y-promesas-en-fitur-humo-y-mentiras-en-motril\/","url_meta":{"origin":408,"position":3},"title":"Anuncios y promesas en FITUR, humo y mentiras en Motril","author":"Izquierda Unida Motril","date":"7 abril, 2025","format":false,"excerpt":"Para IU Vedes Equo la falta de credibilidad acreditada de Garc\u00eda Chamorro est\u00e1 llegando a extremos insostenibles, incapaz de llevar a cabo la gesti\u00f3n b\u00e1sica de la instituci\u00f3n municipal, falta a la verdad incluso en las fechas de inicio de actividades anunciadas y promocionadas a nivel internacional ya que ha\u2026","rel":"","context":"En \u00abAyuntamiento\u00bb","block_context":{"text":"Ayuntamiento","link":"https:\/\/iumotril.org\/sitio\/category\/ayuntamiento\/"},"img":{"alt_text":"","src":"https:\/\/i0.wp.com\/iumotril.org\/sitio\/wp-content\/uploads\/2025\/04\/IMG_4283.jpg?resize=350%2C200&ssl=1","width":350,"height":200,"srcset":"https:\/\/i0.wp.com\/iumotril.org\/sitio\/wp-content\/uploads\/2025\/04\/IMG_4283.jpg?resize=350%2C200&ssl=1 1x, https:\/\/i0.wp.com\/iumotril.org\/sitio\/wp-content\/uploads\/2025\/04\/IMG_4283.jpg?resize=525%2C300&ssl=1 1.5x, https:\/\/i0.wp.com\/iumotril.org\/sitio\/wp-content\/uploads\/2025\/04\/IMG_4283.jpg?resize=700%2C400&ssl=1 2x"},"classes":[]},{"id":5554,"url":"https:\/\/iumotril.org\/sitio\/iu-equo-critica-la-multitudinaria-delegacion-municipal-desplazada-a-fitur\/","url_meta":{"origin":408,"position":4},"title":"IU-Equo critica la multitudinaria delegaci\u00f3n municipal desplazada a FITUR","author":"Izquierda Unida Motril","date":"23 enero, 2020","format":false,"excerpt":"En Motril hay muchas familias que lo siguen pasando muy mal que deben merecer todo el respeto por parte de los gestores p\u00fablicos y que se lleve a cabo una gesti\u00f3n cuidadosa y responsable de los recursos municipales, que son dineros de todos los contribuyentes, de los vecinos y de\u2026","rel":"","context":"En \u00abAyuntamiento\u00bb","block_context":{"text":"Ayuntamiento","link":"https:\/\/iumotril.org\/sitio\/category\/ayuntamiento\/"},"img":{"alt_text":"","src":"https:\/\/i0.wp.com\/iumotril.org\/sitio\/wp-content\/uploads\/2019\/11\/Inma-25N_2-1024x768.jpg?resize=350%2C200","width":350,"height":200,"srcset":"https:\/\/i0.wp.com\/iumotril.org\/sitio\/wp-content\/uploads\/2019\/11\/Inma-25N_2-1024x768.jpg?resize=350%2C200 1x, https:\/\/i0.wp.com\/iumotril.org\/sitio\/wp-content\/uploads\/2019\/11\/Inma-25N_2-1024x768.jpg?resize=525%2C300 1.5x"},"classes":[]},{"id":693,"url":"https:\/\/iumotril.org\/sitio\/izquierda-unida-pondra-en-marcha-un-plan-integral-por-el-empleo-que-rescate-del-paro-a-los-jovenes-y-a-los-mayores-de-45-anos\/","url_meta":{"origin":408,"position":5},"title":"Izquierda Unida pondr\u00e1 en marcha un Plan Integral por el Empleo que rescate del paro a los j\u00f3venes y a los mayores de 45 a\u00f1os","author":"Izquierda Unida Motril","date":"12 mayo, 2015","format":false,"excerpt":"El objetivo central del Programa de Gobierno de Izquierda Unida es el empleo y la lucha contra la pobreza. Para alcanzarlo articular\u00e1 medidas e iniciativas desde una triple estrategia: apoyando a la econom\u00eda local, captando recursos for\u00e1neos para hacer de Motril una ciudad comercial y creando empleo de emergencia social.\u2026","rel":"","context":"En \u00abempleo\u00bb","block_context":{"text":"empleo","link":"https:\/\/iumotril.org\/sitio\/category\/empleo\/"},"img":{"alt_text":"Oficina-Empleo","src":"https:\/\/i0.wp.com\/iumotril.org\/sitio\/wp-content\/uploads\/2015\/05\/Oficina-Empleo.jpg?resize=350%2C200","width":350,"height":200,"srcset":"https:\/\/i0.wp.com\/iumotril.org\/sitio\/wp-content\/uploads\/2015\/05\/Oficina-Empleo.jpg?resize=350%2C200 1x, https:\/\/i0.wp.com\/iumotril.org\/sitio\/wp-content\/uploads\/2015\/05\/Oficina-Empleo.jpg?resize=525%2C300 1.5x, https:\/\/i0.wp.com\/iumotril.org\/sitio\/wp-content\/uploads\/2015\/05\/Oficina-Empleo.jpg?resize=700%2C400 2x"},"classes":[]}],"jetpack_likes_enabled":true,"_links":{"self":[{"href":"https:\/\/iumotril.org\/sitio\/wp-json\/wp\/v2\/posts\/408","targetHints":{"allow":["GET"]}}],"collection":[{"href":"https:\/\/iumotril.org\/sitio\/wp-json\/wp\/v2\/posts"}],"about":[{"href":"https:\/\/iumotril.org\/sitio\/wp-json\/wp\/v2\/types\/post"}],"author":[{"embeddable":true,"href":"https:\/\/iumotril.org\/sitio\/wp-json\/wp\/v2\/users\/1"}],"replies":[{"embeddable":true,"href":"https:\/\/iumotril.org\/sitio\/wp-json\/wp\/v2\/comments?post=408"}],"version-history":[{"count":16,"href":"https:\/\/iumotril.org\/sitio\/wp-json\/wp\/v2\/posts\/408\/revisions"}],"predecessor-version":[{"id":453,"href":"https:\/\/iumotril.org\/sitio\/wp-json\/wp\/v2\/posts\/408\/revisions\/453"}],"wp:attachment":[{"href":"https:\/\/iumotril.org\/sitio\/wp-json\/wp\/v2\/media?parent=408"}],"wp:term":[{"taxonomy":"category","embeddable":true,"href":"https:\/\/iumotril.org\/sitio\/wp-json\/wp\/v2\/categories?post=408"},{"taxonomy":"post_tag","embeddable":true,"href":"https:\/\/iumotril.org\/sitio\/wp-json\/wp\/v2\/tags?post=408"}],"curies":[{"name":"wp","href":"https:\/\/api.w.org\/{rel}","templated":true}]}}