{"id":3825,"date":"2018-09-19T13:00:33","date_gmt":"2018-09-19T11:00:33","guid":{"rendered":"http:\/\/iumotril.org\/sitio\/?p=3825"},"modified":"2018-09-19T13:00:33","modified_gmt":"2018-09-19T11:00:33","slug":"izquierda-unida-reclama-el-cumplimiento-de-diversas-mociones-de-caracter-social-aprobadas-por-el-pleno","status":"publish","type":"post","link":"https:\/\/iumotril.org\/sitio\/izquierda-unida-reclama-el-cumplimiento-de-diversas-mociones-de-caracter-social-aprobadas-por-el-pleno\/","title":{"rendered":"Izquierda Unida reclama el cumplimiento de diversas mociones de car\u00e1cter social aprobadas por el Pleno"},"content":{"rendered":"<p class=\"p1\"><span class=\"s1\"><b><span style=\"color: #993300;\">Ha solicitado informaci\u00f3n por escrito de los motivos por los que no se han llevado a cabo las medidas aprobadas por el Pleno de la Corporaci\u00f3n para articular ayudas a las familias para la educaci\u00f3n y formaci\u00f3n de sus hijas e hijos, para la puesta en marcha de una l\u00ednea directa de autob\u00fas entre M\u00e1laga y Motril y para la aplicaci\u00f3n de bonificaciones fiscales al peque\u00f1o comercio de Motril, entre otras. Todas ellas, mociones presentadas por su Grupo Municipal a lo largo de 2018 y aprobadas por la mayor\u00eda del Pleno<\/span>.<\/b><\/span><\/p>\n<p class=\"p1\"><span class=\"s1\">Ante el incumplimiento de gran parte de las mociones aprobadas por el Pleno municipal y la negativa del gobierno local a informar de los tr\u00e1mites llevados a cabo para hacerlas efectivas, el Grupo Municipal de Izquierda Unida present\u00f3 el pasado mes de marzo una <a href=\"https:\/\/iumotril.org\/sitio\/wp-content\/uploads\/2018\/09\/201800032555-2.pdf\">queja<\/a> ante<strong> el Defensor del Pueblo Andaluz<\/strong>, que fue admitida a tr\u00e1mite.<\/span><\/p>\n<p class=\"p1\"><span class=\"s1\">Recientemente, la oficina del Defensor comunicaba a este Grupo Municipal que <strong>el Ayuntamiento de Motril no ha dado respuesta a sus requerimientos de informaci\u00f3n<\/strong> al respecto, por lo que le ha trasladado, nuevamente, \u201cla necesidad de resolver expresamente sin m\u00e1s dilaciones\u201d las solicitudes de informaci\u00f3n formuladas en su momento.<\/span><span class=\"s1\"><a href=\"https:\/\/iumotril.org\/sitio\/izquierda-unida-reclama-el-cumplimiento-de-diversas-mociones-de-caracter-social-aprobadas-por-el-pleno\/daniela-y-jose_rp_11-julio\/\" rel=\"attachment wp-att-3871\"><img loading=\"lazy\" decoding=\"async\" data-attachment-id=\"3871\" data-permalink=\"https:\/\/iumotril.org\/sitio\/izquierda-unida-reclama-el-cumplimiento-de-diversas-mociones-de-caracter-social-aprobadas-por-el-pleno\/daniela-y-jose_rp_11-julio\/\" data-orig-file=\"https:\/\/iumotril.org\/sitio\/wp-content\/uploads\/2018\/09\/Daniela-y-Jose_RP_11-julio.jpg\" data-orig-size=\"710,474\" data-comments-opened=\"1\" data-image-meta=\"{&quot;aperture&quot;:&quot;0&quot;,&quot;credit&quot;:&quot;&quot;,&quot;camera&quot;:&quot;&quot;,&quot;caption&quot;:&quot;&quot;,&quot;created_timestamp&quot;:&quot;0&quot;,&quot;copyright&quot;:&quot;&quot;,&quot;focal_length&quot;:&quot;0&quot;,&quot;iso&quot;:&quot;0&quot;,&quot;shutter_speed&quot;:&quot;0&quot;,&quot;title&quot;:&quot;&quot;,&quot;orientation&quot;:&quot;1&quot;}\" data-image-title=\"Daniela y Jose_RP_11 julio\" data-image-description=\"\" data-image-caption=\"\" data-large-file=\"https:\/\/iumotril.org\/sitio\/wp-content\/uploads\/2018\/09\/Daniela-y-Jose_RP_11-julio.jpg\" class=\"alignleft wp-image-3871\" src=\"https:\/\/iumotril.org\/sitio\/wp-content\/uploads\/2018\/09\/Daniela-y-Jose_RP_11-julio-300x200.jpg\" alt=\"\" width=\"500\" height=\"334\" srcset=\"https:\/\/iumotril.org\/sitio\/wp-content\/uploads\/2018\/09\/Daniela-y-Jose_RP_11-julio-300x200.jpg 300w, https:\/\/iumotril.org\/sitio\/wp-content\/uploads\/2018\/09\/Daniela-y-Jose_RP_11-julio.jpg 710w\" sizes=\"auto, (max-width: 500px) 100vw, 500px\" \/><\/a> Paqu\u00e9, portavoz del Grupo Municipal de Izquierda Unida, ha declarado que, a pesar de todos los impedimentos y dificultades que Flor Alm\u00f3n y su equipo est\u00e1n poniendo, Izquierda Unida no va a cejar en su empe\u00f1o de que se cumplan las <a href=\"https:\/\/iumotril.org\/sitio\/izquierda-unida-propone-la-concesion-de-becas-educativas-a-los-estudiantes-de-motril\/\">mociones<\/a> y que se lleven a cabo los acuerdos aprobados, ya que suponen <strong>medidas reales que benefician a los motrile\u00f1os y motrile\u00f1as, como es el caso de las becas educativas o las bonificaciones al peque\u00f1o comercio. <\/strong><\/span><\/p>\n<p class=\"p1\"><span class=\"s1\">Ya es hora de que l<strong>a pol\u00edtica municipal se dirija prioritariamente a las familias que est\u00e1n padeciendo el paro y la precariedad en el empleo y a los colectivos m\u00e1s vulnerables<\/strong> de nuestro municipio, ha afirmado.<\/span><\/p>\n<p class=\"p1\"><span class=\"s1\">Para la portavoz de Izquierda Unida, la actuaci\u00f3n del gobierno local de Motril evidencia, una vez m\u00e1s, una manera de entender la pol\u00edtica municipal que es necesario superar, ya que supone un <strong>desprecio hacia la ciudadan\u00eda y a las instituciones democr\u00e1ticas<\/strong> que velan por el respeto a sus derechos, como es el caso del <a href=\"http:\/\/www.defensordelpuebloandaluz.es\/\">Defensor del Pueblo Andaluz<\/a>.<\/span><\/p>\n<p class=\"p1\"><span class=\"s1\">Daniela Paqu\u00e9 ha manifestado que conf\u00eda en que los vecinas y vecinos de Motril, tras la negativa experiencia del gobierno de Flor Alm\u00f3n durante estos \u00faltimos a\u00f1os y su escasa sensibilidad social, valoren la oportunidad de dar paso a <strong>un proyecto regenerador de la pol\u00edtica municipal para Motril<\/strong> como el que est\u00e1 impulsando Izquierda Unida junto con otras fuerzas pol\u00edticas en el marco de su proceso de confluencias.<\/span><\/p>\n","protected":false},"excerpt":{"rendered":"<p>Ya es hora de que la pol\u00edtica municipal se dirija prioritariamente a las familias que est\u00e1n padeciendo el paro y la precariedad en el empleo y a los colectivos m\u00e1s vulnerables de nuestro municipio, ha afirmado.<br \/>\nPara la portavoz de Izquierda Unida, la actuaci\u00f3n del gobierno local de Motril evidencia, una vez m\u00e1s, una manera de entender la pol\u00edtica municipal que es necesario superar, ya que supone un desprecio hacia la ciudadan\u00eda y a las instituciones democr\u00e1ticas que velan por el respeto a sus derechos, como es el caso del Defensor del Pueblo Andaluz.<\/p>\n","protected":false},"author":1,"featured_media":0,"comment_status":"open","ping_status":"open","sticky":false,"template":"","format":"standard","meta":{"cybocfi_hide_featured_image":"","_jetpack_newsletter_access":"","_jetpack_dont_email_post_to_subs":false,"_jetpack_newsletter_tier_id":0,"_jetpack_memberships_contains_paywalled_content":false,"_jetpack_memberships_contains_paid_content":false,"footnotes":""},"categories":[7,265],"tags":[962,1050,1048,1047,117,1049,969,1051],"class_list":["post-3825","post","type-post","status-publish","format-standard","hentry","category-ayuntamiento","category-esta-pasando","tag-becas-estudiantes","tag-bonificaciones-comerciantes","tag-cumplimiento-mociones","tag-defensor-del-pueblo","tag-flor-almon","tag-medidas-sociales","tag-proyecto-politico-de-izquierda","tag-regeneracion-politica-municipal"],"jetpack_featured_media_url":"","jetpack_sharing_enabled":true,"jetpack_shortlink":"https:\/\/wp.me\/p4QsU5-ZH","jetpack-related-posts":[{"id":3472,"url":"https:\/\/iumotril.org\/sitio\/iu-emprendera-acciones-legales-para-que-el-ayuntamiento-cumpla-las-mociones-aprobadas-por-el-pleno\/","url_meta":{"origin":3825,"position":0},"title":"Izquierda Unida emprender\u00e1 acciones legales para que el Ayuntamiento cumpla las mociones aprobadas por el Pleno","author":"Izquierda Unida Motril","date":"13 abril, 2018","format":false,"excerpt":"Son medidas con un claro contenido social cuyos efectos no llegan a la ciudadan\u00eda por el modo de hacer pol\u00edtica del PSOE de Motril, alejado de los intereses de la mayor\u00eda social al estar m\u00e1s preocupado por otros intereses, en opini\u00f3n del concejal de Izquierda Unida.","rel":"","context":"En \u00abAyuntamiento\u00bb","block_context":{"text":"Ayuntamiento","link":"https:\/\/iumotril.org\/sitio\/category\/ayuntamiento\/"},"img":{"alt_text":"","src":"https:\/\/i0.wp.com\/iumotril.org\/sitio\/wp-content\/uploads\/2018\/04\/Chris-y-Dani_13-abril-300x225.jpg?resize=350%2C200","width":350,"height":200},"classes":[]},{"id":11027,"url":"https:\/\/iumotril.org\/sitio\/aprobadas-las-mociones-presentadas-por-iu-a-pleno-para-la-mejora-de-la-zona-norte-y-contra-el-bloqueo-de-cuba\/","url_meta":{"origin":3825,"position":1},"title":"Aprobadas las mociones presentadas por IU a Pleno para la mejora de la Zona Norte y contra el bloqueo de Cuba.","author":"Izquierda Unida Motril","date":"30 marzo, 2026","format":false,"excerpt":"Izquierda Unida ha informado de la aprobaci\u00f3n en pleno de las mociones presentadas por su formaci\u00f3n, centradas en la mejora de los barrios y en la defensa de la solidaridad internacional. La primera de las iniciativas aprobadas responde a las demandas vecinales de la zona Norte de Motril, donde desde\u2026","rel":"","context":"En \u00abAyuntamiento\u00bb","block_context":{"text":"Ayuntamiento","link":"https:\/\/iumotril.org\/sitio\/category\/ayuntamiento\/"},"img":{"alt_text":"","src":"https:\/\/i0.wp.com\/iumotril.org\/sitio\/wp-content\/uploads\/2025\/03\/IMG_1227-scaled-e1774865273542.jpeg?resize=350%2C200&ssl=1","width":350,"height":200,"srcset":"https:\/\/i0.wp.com\/iumotril.org\/sitio\/wp-content\/uploads\/2025\/03\/IMG_1227-scaled-e1774865273542.jpeg?resize=350%2C200&ssl=1 1x, https:\/\/i0.wp.com\/iumotril.org\/sitio\/wp-content\/uploads\/2025\/03\/IMG_1227-scaled-e1774865273542.jpeg?resize=525%2C300&ssl=1 1.5x"},"classes":[]},{"id":4124,"url":"https:\/\/iumotril.org\/sitio\/exigimos-la-modificacion-de-ordenanzas-fiscales-para-favorecer-a-comerciantes-familias-y-desempleados\/","url_meta":{"origin":3825,"position":2},"title":"Exigimos la modificaci\u00f3n de Ordenanzas Fiscales para favorecer a comerciantes, familias y desempleados","author":"Izquierda Unida Motril","date":"5 noviembre, 2018","format":false,"excerpt":"Izquierda Unida viene denunciando durante todo el mandato de Flor Alm\u00f3n el incumplimiento reiterado por parte del gobierno local de las mociones aprobadas por el Pleno de la Corporaci\u00f3n. Una falta de compromiso que entiende como un desprecio a las reglas de funcionamiento democr\u00e1tico de la instituci\u00f3n municipal y, sobre\u2026","rel":"","context":"En \u00abAyuntamiento\u00bb","block_context":{"text":"Ayuntamiento","link":"https:\/\/iumotril.org\/sitio\/category\/ayuntamiento\/"},"img":{"alt_text":"","src":"https:\/\/i0.wp.com\/iumotril.org\/sitio\/wp-content\/uploads\/2017\/11\/cajero-300x200.jpg?resize=350%2C200","width":350,"height":200},"classes":[]},{"id":10882,"url":"https:\/\/iumotril.org\/sitio\/aprobadas-en-pleno-por-unanimidad-las-mociones-para-la-reforma-de-la-plaza-junto-al-ies-julio-rodriguez-y-contra-el-recorte-del-22-en-el-presupuesto-de-la-pac\/","url_meta":{"origin":3825,"position":3},"title":"Aprobadas en Pleno por unanimidad las mociones de IU para la reforma de la plaza junto al IES Julio Rodr\u00edguez y contra el recorte del 22% en el presupuesto de la PAC.","author":"Izquierda Unida Motril","date":"28 noviembre, 2025","format":false,"excerpt":"Aprobadas en Pleno por unanimidad las mociones para la reforma de la plaza junto al IES Julio Rodr\u00edguez y contra el recorte del 22% en el presupuesto de la PAC. La concejala Ana Herrera ha explicado que \u201clos vecinos y vecinas llevan tiempo reclamando un espacio digno, limpio, seguro y\u2026","rel":"","context":"En \u00abAgricultura\u00bb","block_context":{"text":"Agricultura","link":"https:\/\/iumotril.org\/sitio\/category\/agricultura\/"},"img":{"alt_text":"","src":"https:\/\/i0.wp.com\/iumotril.org\/sitio\/wp-content\/uploads\/2025\/11\/Ana-Herrera-scaled-e1764324275583.jpeg?resize=350%2C200&ssl=1","width":350,"height":200,"srcset":"https:\/\/i0.wp.com\/iumotril.org\/sitio\/wp-content\/uploads\/2025\/11\/Ana-Herrera-scaled-e1764324275583.jpeg?resize=350%2C200&ssl=1 1x, https:\/\/i0.wp.com\/iumotril.org\/sitio\/wp-content\/uploads\/2025\/11\/Ana-Herrera-scaled-e1764324275583.jpeg?resize=525%2C300&ssl=1 1.5x, https:\/\/i0.wp.com\/iumotril.org\/sitio\/wp-content\/uploads\/2025\/11\/Ana-Herrera-scaled-e1764324275583.jpeg?resize=700%2C400&ssl=1 2x, https:\/\/i0.wp.com\/iumotril.org\/sitio\/wp-content\/uploads\/2025\/11\/Ana-Herrera-scaled-e1764324275583.jpeg?resize=1050%2C600&ssl=1 3x, https:\/\/i0.wp.com\/iumotril.org\/sitio\/wp-content\/uploads\/2025\/11\/Ana-Herrera-scaled-e1764324275583.jpeg?resize=1400%2C800&ssl=1 4x"},"classes":[]},{"id":1805,"url":"https:\/\/iumotril.org\/sitio\/por-iniciativa-de-izquierda-unida-se-pondran-en-marcha-medidas-de-apoyo-al-sector-agrario\/","url_meta":{"origin":3825,"position":4},"title":"POR INICIATIVA DE IZQUIERDA UNIDA SE PONDR\u00c1N EN MARCHA MEDIDAS DE APOYO AL SECTOR AGRARIO","author":"Izquierda Unida Motril","date":"22 diciembre, 2015","format":false,"excerpt":"Ante la grave situaci\u00f3n por la que est\u00e1n pasando los peque\u00f1os agricultores en Motril y su comarca debida a la ca\u00edda de los precios hasta niveles por debajo del umbral del coste de producci\u00f3n, el Grupo Municipal de Izquierda Unida ha logrado el apoyo del Pleno Municipal a su propuesta\u2026","rel":"","context":"En \u00abEST\u00c1 PASANDO\u00bb","block_context":{"text":"EST\u00c1 PASANDO","link":"https:\/\/iumotril.org\/sitio\/category\/esta-pasando\/"},"img":{"alt_text":"Motril@Digital","src":"https:\/\/i0.wp.com\/iumotril.org\/sitio\/wp-content\/uploads\/2015\/12\/crisis-pepinos.jpg?resize=350%2C200","width":350,"height":200},"classes":[]},{"id":2140,"url":"https:\/\/iumotril.org\/sitio\/izquierda-unida-propone-que-se-contraten-desempleados-para-labores-de-apoyo-a-la-jornada-electoral-del-26-j-en-motril\/","url_meta":{"origin":3825,"position":5},"title":"Izquierda Unida propone que se contraten desempleados para labores de apoyo a la jornada electoral del 26-J en Motril","author":"Izquierda Unida Motril","date":"30 mayo, 2016","format":false,"excerpt":"El Grupo Municipal de Izquierda Unida defender\u00e1 en el pr\u00f3ximo pleno municipal dos mociones para su debate y consideraci\u00f3n. La primera de ellas para que en las pr\u00f3ximas elecciones generales sean personas desempleadas las que realicen las tareas administrativas que requiere el desarrollo de la jornada electoral en nuestra ciudad.\u2026","rel":"","context":"En \u00abEST\u00c1 PASANDO\u00bb","block_context":{"text":"EST\u00c1 PASANDO","link":"https:\/\/iumotril.org\/sitio\/category\/esta-pasando\/"},"img":{"alt_text":"Pleno 1 junio_rueda prensa","src":"https:\/\/i0.wp.com\/iumotril.org\/sitio\/wp-content\/uploads\/2016\/05\/Pleno-1-junio_rueda-prensa-300x225.jpg?resize=350%2C200","width":350,"height":200},"classes":[]}],"jetpack_likes_enabled":true,"_links":{"self":[{"href":"https:\/\/iumotril.org\/sitio\/wp-json\/wp\/v2\/posts\/3825","targetHints":{"allow":["GET"]}}],"collection":[{"href":"https:\/\/iumotril.org\/sitio\/wp-json\/wp\/v2\/posts"}],"about":[{"href":"https:\/\/iumotril.org\/sitio\/wp-json\/wp\/v2\/types\/post"}],"author":[{"embeddable":true,"href":"https:\/\/iumotril.org\/sitio\/wp-json\/wp\/v2\/users\/1"}],"replies":[{"embeddable":true,"href":"https:\/\/iumotril.org\/sitio\/wp-json\/wp\/v2\/comments?post=3825"}],"version-history":[{"count":5,"href":"https:\/\/iumotril.org\/sitio\/wp-json\/wp\/v2\/posts\/3825\/revisions"}],"predecessor-version":[{"id":3874,"href":"https:\/\/iumotril.org\/sitio\/wp-json\/wp\/v2\/posts\/3825\/revisions\/3874"}],"wp:attachment":[{"href":"https:\/\/iumotril.org\/sitio\/wp-json\/wp\/v2\/media?parent=3825"}],"wp:term":[{"taxonomy":"category","embeddable":true,"href":"https:\/\/iumotril.org\/sitio\/wp-json\/wp\/v2\/categories?post=3825"},{"taxonomy":"post_tag","embeddable":true,"href":"https:\/\/iumotril.org\/sitio\/wp-json\/wp\/v2\/tags?post=3825"}],"curies":[{"name":"wp","href":"https:\/\/api.w.org\/{rel}","templated":true}]}}