{"id":3818,"date":"2018-09-14T12:43:17","date_gmt":"2018-09-14T10:43:17","guid":{"rendered":"http:\/\/iumotril.org\/sitio\/?p=3818"},"modified":"2018-09-18T18:02:36","modified_gmt":"2018-09-18T16:02:36","slug":"izquierda-unida-reclama-ayudas-a-las-familias-para-afrontar-los-gastos-del-curso-escolar","status":"publish","type":"post","link":"https:\/\/iumotril.org\/sitio\/izquierda-unida-reclama-ayudas-a-las-familias-para-afrontar-los-gastos-del-curso-escolar\/","title":{"rendered":"Izquierda Unida reclama ayudas a las familias para afrontar los gastos del curso escolar"},"content":{"rendered":"<p class=\"Cuerpo\" style=\"text-align: justify; text-justify: inter-ideograph;\"><strong><span lang=\"ES-TRAD\" style=\"font-family: Arial, sans-serif; color: #993300;\">Critica la falta de voluntad pol\u00edtica de la alcaldesa de Motril al no haber puesto en marcha diversas iniciativas de car\u00e1cter social aprobadas por el Pleno de la Corporaci\u00f3n, como es el caso de la concesi\u00f3n de becas educativas a los estudiantes motrile\u00f1os.<\/span><\/strong><\/p>\n<p class=\"Cuerpo\" style=\"text-align: justify; text-justify: inter-ideograph;\"><span lang=\"ES-TRAD\" style=\"font-family: 'Arial','sans-serif';\">Daniela Paqu\u00e9, portavoz del Grupo Municipal de Izquierda Unida, ha denunciado la <strong>falta de sensibilidad social del gobierno local de Motril<\/strong> para apoyar a las familias motrile\u00f1as, en particular a las m\u00e1s desfavorecidas que deben afrontar numerosos gastos con motivo del inicio del curso escolar y que, sin embargo, no cuentan con ninguna ayuda por parte de su administraci\u00f3n m\u00e1s cercana, el ayuntamiento de su ciudad.<\/span><\/p>\n<p class=\"Cuerpo\" style=\"text-align: justify; text-justify: inter-ideograph;\"><span lang=\"ES-TRAD\" style=\"font-family: 'Arial','sans-serif';\"><a href=\"https:\/\/iumotril.org\/sitio\/daniela-y-christian-rueda-prensa-14-septiembre\/\"><img loading=\"lazy\" decoding=\"async\" data-attachment-id=\"3827\" data-permalink=\"https:\/\/iumotril.org\/sitio\/izquierda-unida-reclama-ayudas-a-las-familias-para-afrontar-los-gastos-del-curso-escolar\/daniela-y-christian-rueda-prensa-14-septiembre\/\" data-orig-file=\"https:\/\/iumotril.org\/sitio\/wp-content\/uploads\/2018\/09\/Daniela-y-Christian-rueda-prensa-14-septiembre.jpg\" data-orig-size=\"448,336\" data-comments-opened=\"1\" data-image-meta=\"{&quot;aperture&quot;:&quot;2.2&quot;,&quot;credit&quot;:&quot;&quot;,&quot;camera&quot;:&quot;iPhone 6&quot;,&quot;caption&quot;:&quot;&quot;,&quot;created_timestamp&quot;:&quot;1536910477&quot;,&quot;copyright&quot;:&quot;&quot;,&quot;focal_length&quot;:&quot;4.15&quot;,&quot;iso&quot;:&quot;80&quot;,&quot;shutter_speed&quot;:&quot;0.03030303030303&quot;,&quot;title&quot;:&quot;&quot;,&quot;orientation&quot;:&quot;1&quot;}\" data-image-title=\"Daniela y Christian, rueda prensa 14 septiembre\" data-image-description=\"\" data-image-caption=\"\" data-large-file=\"https:\/\/iumotril.org\/sitio\/wp-content\/uploads\/2018\/09\/Daniela-y-Christian-rueda-prensa-14-septiembre.jpg\" class=\"alignleft wp-image-3827\" title=\"IU Motril\" src=\"https:\/\/iumotril.org\/sitio\/wp-content\/uploads\/2018\/09\/Daniela-y-Christian-rueda-prensa-14-septiembre.jpg\" alt=\"\" width=\"500\" height=\"375\" srcset=\"https:\/\/iumotril.org\/sitio\/wp-content\/uploads\/2018\/09\/Daniela-y-Christian-rueda-prensa-14-septiembre.jpg 448w, https:\/\/iumotril.org\/sitio\/wp-content\/uploads\/2018\/09\/Daniela-y-Christian-rueda-prensa-14-septiembre-300x225.jpg 300w\" sizes=\"auto, (max-width: 500px) 100vw, 500px\" \/><\/a>Cerca de <strong>diez mil estudiantes inician sus clases en Motril<\/strong> durante el mes de septiembre, a los que hay que sumar los cientos de estudiantes universitarios que cursan sus estudios en M\u00e1laga y Granada o en otras ciudades.<\/span><\/p>\n<p class=\"Cuerpo\" style=\"text-align: justify; text-justify: inter-ideograph;\"><span lang=\"ES-TRAD\" style=\"font-family: 'Arial','sans-serif';\">El pasado mes de marzo el Grupo Municipal de Izquierda Unida present\u00f3 una moci\u00f3n para la concesi\u00f3n de <strong>becas educativas a los estudiantes de Motril,<\/strong> que fue aprobada por unanimidad por el pleno de la Corporaci\u00f3n. En la moci\u00f3n se acordaba que los servicios municipales presentar\u00edan en el mes de septiembre una propuesta de convocatoria de dichas becas para su publicaci\u00f3n y concesi\u00f3n antes de la finalizaci\u00f3n de 2018.<\/span><\/p>\n<p class=\"Cuerpo\" style=\"text-align: justify; text-justify: inter-ideograph;\"><span lang=\"ES-TRAD\" style=\"font-family: 'Arial','sans-serif';\">Alcanzado ese plazo, la portavoz de Izquierda Unida ha denunciado que cinco meses despu\u00e9s de aprobada la moci\u00f3n <strong>no se ha movido un solo papel para su cumplimiento.<\/strong> <\/span><\/p>\n<p class=\"Cuerpo\" style=\"text-align: justify; text-justify: inter-ideograph;\"><span lang=\"ES-TRAD\" style=\"font-family: 'Arial','sans-serif';\">Seg\u00fan Paqu\u00e9, <strong>resulta intolerable que el equipo de gobierno d\u00e9 la espalda a las necesidades de sus vecinos y vecinas<\/strong> en temas tan esenciales como es la educaci\u00f3n y la formaci\u00f3n de sus hijas y de sus hijos. Est\u00e1n en otras cosas, ha afirmado, en sus grandes obras y proyectos, en sus festivales y festejos, en el fotocol de turno, pero desde luego no est\u00e1n atendiendo a las necesidades de la ciudad ni las de los motrile\u00f1os y motrile\u00f1as.<\/span><\/p>\n<p class=\"Cuerpo\" style=\"text-align: justify; text-justify: inter-ideograph;\"><span lang=\"ES-TRAD\" style=\"font-family: 'Arial','sans-serif';\">Para Daniela Paqu\u00e9, los m\u00e1s de <strong>tres a\u00f1os de Flor Alm\u00f3n y su equipo al frente de la Corporaci\u00f3n Municipal<\/strong> no han podido ser m\u00e1s <strong>desalentadores<\/strong>. Ha dejado por el camino las expectativas de progreso generadas en buena parte de la ciudadan\u00eda con su actitud de desidia y desentendimiento de los verdaderos problemas de la ciudad y de sus vecinos y vecinas. <\/span><\/p>\n<p class=\"Cuerpo\" style=\"text-align: justify; text-justify: inter-ideograph;\"><span lang=\"ES-TRAD\" style=\"font-family: 'Arial','sans-serif';\">Tres a\u00f1os decepcionantes que <strong>Izquierda Unida se compromete a superar tras las pr\u00f3ximas elecciones con un proyecto para Motril que cuente con la m\u00e1xima participaci\u00f3n vecina<\/strong>l posible y se fije como objetivo la regeneraci\u00f3n de la administraci\u00f3n local para ponerla al servicio de la ciudadan\u00eda.<\/span><\/p>\n","protected":false},"excerpt":{"rendered":"<p>Resulta intolerable que el equipo de gobierno d\u00e9 la espalda a las necesidades de sus vecinos y vecinas en temas tan esenciales como es la educaci\u00f3n y la formaci\u00f3n de sus hijas y de sus hijos. Est\u00e1n en otras cosas, ha afirmado, en sus grandes obras y proyectos, en sus festivales y festejos, en el fotocol de turno, pero desde luego no est\u00e1n atendiendo a las necesidades de la ciudad ni las de los motrile\u00f1os y motrile\u00f1as.<\/p>\n","protected":false},"author":1,"featured_media":0,"comment_status":"open","ping_status":"open","sticky":false,"template":"","format":"standard","meta":{"cybocfi_hide_featured_image":"","_jetpack_newsletter_access":"","_jetpack_dont_email_post_to_subs":false,"_jetpack_newsletter_tier_id":0,"_jetpack_memberships_contains_paywalled_content":false,"_jetpack_memberships_contains_paid_content":false,"footnotes":""},"categories":[265,275],"tags":[395,918,185,234,1046,1045],"class_list":["post-3818","post","type-post","status-publish","format-standard","hentry","category-esta-pasando","category-propuestas-iumotril","tag-ayudas","tag-becas","tag-desfavorecidos","tag-educacion","tag-familias","tag-sensibilidad-social"],"jetpack_featured_media_url":"","jetpack_sharing_enabled":true,"jetpack_shortlink":"https:\/\/wp.me\/p4QsU5-ZA","jetpack-related-posts":[{"id":8434,"url":"https:\/\/iumotril.org\/sitio\/el-gobierno-local-rechaza-ayudar-economicamente-a-las-familias-motrilenas-para-afrontar-los-gastos-en-material-escolar\/","url_meta":{"origin":3818,"position":0},"title":"El gobierno local rechaza ayudar econ\u00f3micamente a las familias motrile\u00f1as para afrontar los gastos en material escolar","author":"Izquierda Unida Motril","date":"30 septiembre, 2022","format":false,"excerpt":"Desde IU-Equo, su portavoz, Inma Omiste, ha criticado la hipocres\u00eda del gobierno de Garc\u00eda Chamorro por utilizar a las familias con menos recursos a su conveniencia, cuando le va bien a sus intereses, pero, a lo hora de la verdad, los deja de lado, d\u00e1ndoles la espalda. Inma Omiste ha\u2026","rel":"","context":"En \u00abEST\u00c1 PASANDO\u00bb","block_context":{"text":"EST\u00c1 PASANDO","link":"https:\/\/iumotril.org\/sitio\/category\/esta-pasando\/"},"img":{"alt_text":"","src":"https:\/\/i0.wp.com\/iumotril.org\/sitio\/wp-content\/uploads\/2022\/09\/INma-30-septiembre-scaled.jpg?resize=350%2C200","width":350,"height":200,"srcset":"https:\/\/i0.wp.com\/iumotril.org\/sitio\/wp-content\/uploads\/2022\/09\/INma-30-septiembre-scaled.jpg?resize=350%2C200 1x, https:\/\/i0.wp.com\/iumotril.org\/sitio\/wp-content\/uploads\/2022\/09\/INma-30-septiembre-scaled.jpg?resize=525%2C300 1.5x, https:\/\/i0.wp.com\/iumotril.org\/sitio\/wp-content\/uploads\/2022\/09\/INma-30-septiembre-scaled.jpg?resize=700%2C400 2x, https:\/\/i0.wp.com\/iumotril.org\/sitio\/wp-content\/uploads\/2022\/09\/INma-30-septiembre-scaled.jpg?resize=1050%2C600 3x, https:\/\/i0.wp.com\/iumotril.org\/sitio\/wp-content\/uploads\/2022\/09\/INma-30-septiembre-scaled.jpg?resize=1400%2C800 4x"},"classes":[]},{"id":1320,"url":"https:\/\/iumotril.org\/sitio\/izquierda-unida-considera-necesario-potenciar-y-reforzar-la-educacion-publica-de-calidad-en-motril\/","url_meta":{"origin":3818,"position":1},"title":"Izquierda Unida considera necesario potenciar y reforzar la educaci\u00f3n p\u00fablica de calidad en Motril","author":"Izquierda Unida Motril","date":"8 septiembre, 2015","format":false,"excerpt":"El Ayuntamiento debe ser un instrumento para asegurar y conseguir derechos ciudadanos. La apuesta por una educaci\u00f3n p\u00fablica de calidad pasa necesariamente por el aumento de plazas p\u00fablicas de guarder\u00eda y por el refuerzo de los servicios b\u00e1sicos educativos (comedores escolares, instalaciones, ayudas para el material escolar, organizaci\u00f3n de actividades\u2026","rel":"","context":"En \u00abAyuntamiento\u00bb","block_context":{"text":"Ayuntamiento","link":"https:\/\/iumotril.org\/sitio\/category\/ayuntamiento\/"},"img":{"alt_text":"cole 3","src":"https:\/\/i0.wp.com\/iumotril.org\/sitio\/wp-content\/uploads\/2015\/09\/cole-3.jpg?resize=350%2C200","width":350,"height":200},"classes":[]},{"id":8356,"url":"https:\/\/iumotril.org\/sitio\/iu-equo-reclama-ayudas-economicas-directas-a-las-familias-para-la-compra-de-material-escolar\/","url_meta":{"origin":3818,"position":2},"title":"IU-Equo reclama ayudas econ\u00f3micas directas a las familias para la compra de material escolar","author":"Izquierda Unida Motril","date":"9 septiembre, 2022","format":false,"excerpt":"La propuesta de IU-Equo pretende hacer m\u00e1s llevadera la vuelta a las aulas de los hijos e hijas de muchas familias trabajadoras motrile\u00f1as que por su nivel de renta tienen verdaderas dificultades para hacer frente a los cuantiosos gastos que les supone la adquisici\u00f3n del material necesario para afrontar el\u2026","rel":"","context":"En \u00abEST\u00c1 PASANDO\u00bb","block_context":{"text":"EST\u00c1 PASANDO","link":"https:\/\/iumotril.org\/sitio\/category\/esta-pasando\/"},"img":{"alt_text":"","src":"https:\/\/i0.wp.com\/iumotril.org\/sitio\/wp-content\/uploads\/2022\/09\/IMG-6557-scaled.jpg?resize=350%2C200","width":350,"height":200,"srcset":"https:\/\/i0.wp.com\/iumotril.org\/sitio\/wp-content\/uploads\/2022\/09\/IMG-6557-scaled.jpg?resize=350%2C200 1x, https:\/\/i0.wp.com\/iumotril.org\/sitio\/wp-content\/uploads\/2022\/09\/IMG-6557-scaled.jpg?resize=525%2C300 1.5x, https:\/\/i0.wp.com\/iumotril.org\/sitio\/wp-content\/uploads\/2022\/09\/IMG-6557-scaled.jpg?resize=700%2C400 2x, https:\/\/i0.wp.com\/iumotril.org\/sitio\/wp-content\/uploads\/2022\/09\/IMG-6557-scaled.jpg?resize=1050%2C600 3x, https:\/\/i0.wp.com\/iumotril.org\/sitio\/wp-content\/uploads\/2022\/09\/IMG-6557-scaled.jpg?resize=1400%2C800 4x"},"classes":[]},{"id":3382,"url":"https:\/\/iumotril.org\/sitio\/izquierda-unida-propone-la-concesion-de-becas-educativas-a-los-estudiantes-de-motril\/","url_meta":{"origin":3818,"position":3},"title":"Izquierda Unida propone la concesi\u00f3n de becas educativas a los estudiantes de Motril","author":"Izquierda Unida Motril","date":"1 marzo, 2018","format":false,"excerpt":"La dotaci\u00f3n econ\u00f3mica m\u00ednima para las becas, seg\u00fan la propuesta presentada por el Grupo Municipal de Izquierda Unida, ser\u00eda de 15 mil euros por curso acad\u00e9mico. Las becas ir\u00e1n destinadas a los alumnos y alumnas residentes en Motril de todos los ciclos educativos, desde la ense\u00f1anza infantil a la universitaria,\u2026","rel":"","context":"En \u00abEST\u00c1 PASANDO\u00bb","block_context":{"text":"EST\u00c1 PASANDO","link":"https:\/\/iumotril.org\/sitio\/category\/esta-pasando\/"},"img":{"alt_text":"","src":"https:\/\/i0.wp.com\/iumotril.org\/sitio\/wp-content\/uploads\/2018\/03\/Christina-e-Inma_febrero-225x300.jpg?resize=350%2C200","width":350,"height":200},"classes":[]},{"id":3432,"url":"https:\/\/iumotril.org\/sitio\/defendemos-la-creacion-de-becas-educativas-municipales\/","url_meta":{"origin":3818,"position":4},"title":"Defendemos la creaci\u00f3n de becas educativas municipales","author":"Izquierda Unida Motril","date":"21 marzo, 2018","format":false,"excerpt":"Seg\u00fan Christian Linares ya es hora de que, despu\u00e9s de casi tres a\u00f1os de gobierno municipal del PSOE en la ciudad, se pongan en marcha pol\u00edticas que tengan en cuenta la precarizaci\u00f3n de la econom\u00eda de las familias motrile\u00f1as y el recorte de ayudas y becas que se est\u00e1n llevando\u2026","rel":"","context":"En \u00abEST\u00c1 PASANDO\u00bb","block_context":{"text":"EST\u00c1 PASANDO","link":"https:\/\/iumotril.org\/sitio\/category\/esta-pasando\/"},"img":{"alt_text":"","src":"https:\/\/i0.wp.com\/iumotril.org\/sitio\/wp-content\/uploads\/2018\/03\/grupo-ni%C3%B1as-saliendo-clase-300x219.jpg?resize=350%2C200","width":350,"height":200},"classes":[]},{"id":9633,"url":"https:\/\/iumotril.org\/sitio\/iu-verdes-equo-propone-una-linea-de-ayudas-a-las-familias-para-contribuir-a-sus-gastos-de-educacion-y-formacion\/","url_meta":{"origin":3818,"position":5},"title":"IU Verdes Equo propone una l\u00ednea de ayudas a las familias para contribuir a sus gastos de educaci\u00f3n y formaci\u00f3n","author":"Izquierda Unida Motril","date":"27 noviembre, 2023","format":false,"excerpt":"Con motivo de la educaci\u00f3n y de la formaci\u00f3n acad\u00e9mica de sus hijas e hijos, las familias tienen que afrontar la realizaci\u00f3n de importantes desembolsos econ\u00f3micos relacionados con la adquisici\u00f3n de material escolar, equipamiento, transporte en algunos casos, o la realizaci\u00f3n de actividades formativas complementarias que los las estudiantes pueden\u2026","rel":"","context":"En \u00abAyuntamiento\u00bb","block_context":{"text":"Ayuntamiento","link":"https:\/\/iumotril.org\/sitio\/category\/ayuntamiento\/"},"img":{"alt_text":"","src":"https:\/\/i0.wp.com\/iumotril.org\/sitio\/wp-content\/uploads\/2023\/11\/Imagen-aula-estudiantes.jpg?resize=350%2C200&ssl=1","width":350,"height":200,"srcset":"https:\/\/i0.wp.com\/iumotril.org\/sitio\/wp-content\/uploads\/2023\/11\/Imagen-aula-estudiantes.jpg?resize=350%2C200&ssl=1 1x, https:\/\/i0.wp.com\/iumotril.org\/sitio\/wp-content\/uploads\/2023\/11\/Imagen-aula-estudiantes.jpg?resize=525%2C300&ssl=1 1.5x, https:\/\/i0.wp.com\/iumotril.org\/sitio\/wp-content\/uploads\/2023\/11\/Imagen-aula-estudiantes.jpg?resize=700%2C400&ssl=1 2x, https:\/\/i0.wp.com\/iumotril.org\/sitio\/wp-content\/uploads\/2023\/11\/Imagen-aula-estudiantes.jpg?resize=1050%2C600&ssl=1 3x, https:\/\/i0.wp.com\/iumotril.org\/sitio\/wp-content\/uploads\/2023\/11\/Imagen-aula-estudiantes.jpg?resize=1400%2C800&ssl=1 4x"},"classes":[]}],"jetpack_likes_enabled":true,"_links":{"self":[{"href":"https:\/\/iumotril.org\/sitio\/wp-json\/wp\/v2\/posts\/3818","targetHints":{"allow":["GET"]}}],"collection":[{"href":"https:\/\/iumotril.org\/sitio\/wp-json\/wp\/v2\/posts"}],"about":[{"href":"https:\/\/iumotril.org\/sitio\/wp-json\/wp\/v2\/types\/post"}],"author":[{"embeddable":true,"href":"https:\/\/iumotril.org\/sitio\/wp-json\/wp\/v2\/users\/1"}],"replies":[{"embeddable":true,"href":"https:\/\/iumotril.org\/sitio\/wp-json\/wp\/v2\/comments?post=3818"}],"version-history":[{"count":5,"href":"https:\/\/iumotril.org\/sitio\/wp-json\/wp\/v2\/posts\/3818\/revisions"}],"predecessor-version":[{"id":3845,"href":"https:\/\/iumotril.org\/sitio\/wp-json\/wp\/v2\/posts\/3818\/revisions\/3845"}],"wp:attachment":[{"href":"https:\/\/iumotril.org\/sitio\/wp-json\/wp\/v2\/media?parent=3818"}],"wp:term":[{"taxonomy":"category","embeddable":true,"href":"https:\/\/iumotril.org\/sitio\/wp-json\/wp\/v2\/categories?post=3818"},{"taxonomy":"post_tag","embeddable":true,"href":"https:\/\/iumotril.org\/sitio\/wp-json\/wp\/v2\/tags?post=3818"}],"curies":[{"name":"wp","href":"https:\/\/api.w.org\/{rel}","templated":true}]}}