{"id":3807,"date":"2018-09-10T17:37:21","date_gmt":"2018-09-10T15:37:21","guid":{"rendered":"http:\/\/iumotril.org\/sitio\/?p=3807"},"modified":"2018-09-10T17:37:21","modified_gmt":"2018-09-10T15:37:21","slug":"izquierda-unida-denuncia-la-improvisacion-en-las-obras-de-la-calle-ancha","status":"publish","type":"post","link":"https:\/\/iumotril.org\/sitio\/izquierda-unida-denuncia-la-improvisacion-en-las-obras-de-la-calle-ancha\/","title":{"rendered":"Izquierda Unida denuncia la improvisaci\u00f3n en las obras de la calle Ancha"},"content":{"rendered":"<p class=\"Cuerpo\" style=\"text-align: justify; text-justify: inter-ideograph;\"><strong><span lang=\"ES-TRAD\" style=\"font-family: Arial, sans-serif; color: #993300;\">La rotura de las tuber\u00edas provisionales instaladas y su desbordamiento inundando de aguas fecales cocheras y viviendas ha puesto en evidencia la improvisaci\u00f3n en la realizaci\u00f3n de las obras, lo que ha provocado diversas incidencias que est\u00e1n causando m\u00faltiples molestias e inconvenientes a vecinos, vecinas y comerciantes del barrio.<\/span><\/strong><\/p>\n<p class=\"Cuerpo\" style=\"text-align: justify; text-justify: inter-ideograph;\"><span lang=\"ES-TRAD\" style=\"font-family: 'Arial','sans-serif';\">Daniela Paqu\u00e9, portavoz del Grupo Municipal de Izquierda Unida, ha denunciado que la ejecuci\u00f3n de las obras de la calle Ancha se est\u00e1 acometiendo con improvisaci\u00f3n y falta de previsi\u00f3n con las consecuencias indeseables que las vecinas y vecinas del barrio est\u00e1n padeciendo, como el reciente episodio de la rotura de tuber\u00edas y su desbordamiento inundando de <strong>aguas fecales diversas cocheras y negocios<\/strong>.<\/span><\/p>\n<p class=\"Cuerpo\" style=\"text-align: justify; text-justify: inter-ideograph;\"><span lang=\"ES-TRAD\" style=\"font-family: 'Arial','sans-serif';\"><a href=\"https:\/\/iumotril.org\/sitio\/calle-ancha-arboles-cortados\/\"><img loading=\"lazy\" decoding=\"async\" data-attachment-id=\"3821\" data-permalink=\"https:\/\/iumotril.org\/sitio\/izquierda-unida-denuncia-la-improvisacion-en-las-obras-de-la-calle-ancha\/calle-ancha-arboles-cortados\/\" data-orig-file=\"https:\/\/iumotril.org\/sitio\/wp-content\/uploads\/2018\/09\/calle-ancha-arboles-cortados.jpg\" data-orig-size=\"960,720\" data-comments-opened=\"1\" data-image-meta=\"{&quot;aperture&quot;:&quot;0&quot;,&quot;credit&quot;:&quot;&quot;,&quot;camera&quot;:&quot;&quot;,&quot;caption&quot;:&quot;&quot;,&quot;created_timestamp&quot;:&quot;0&quot;,&quot;copyright&quot;:&quot;&quot;,&quot;focal_length&quot;:&quot;0&quot;,&quot;iso&quot;:&quot;0&quot;,&quot;shutter_speed&quot;:&quot;0&quot;,&quot;title&quot;:&quot;&quot;,&quot;orientation&quot;:&quot;0&quot;}\" data-image-title=\"calle ancha arboles cortados\" data-image-description=\"\" data-image-caption=\"\" data-large-file=\"https:\/\/iumotril.org\/sitio\/wp-content\/uploads\/2018\/09\/calle-ancha-arboles-cortados.jpg\" class=\"alignleft wp-image-3821\" src=\"https:\/\/iumotril.org\/sitio\/wp-content\/uploads\/2018\/09\/calle-ancha-arboles-cortados-300x225.jpg\" alt=\"\" width=\"426\" height=\"320\" srcset=\"https:\/\/iumotril.org\/sitio\/wp-content\/uploads\/2018\/09\/calle-ancha-arboles-cortados-300x225.jpg 300w, https:\/\/iumotril.org\/sitio\/wp-content\/uploads\/2018\/09\/calle-ancha-arboles-cortados-768x576.jpg 768w, https:\/\/iumotril.org\/sitio\/wp-content\/uploads\/2018\/09\/calle-ancha-arboles-cortados.jpg 960w\" sizes=\"auto, (max-width: 426px) 100vw, 426px\" \/><\/a>Adem\u00e1s, ha criticado las deficientes medidas de seguridad y la falta de una adecuada se\u00f1alizaci\u00f3n en las zonas por donde transitan los peatones, lo que ya ha provocado alg\u00fan accidente leve a los viandantes. <\/span><\/p>\n<p class=\"Cuerpo\" style=\"text-align: justify; text-justify: inter-ideograph;\"><span lang=\"ES-TRAD\" style=\"font-family: 'Arial','sans-serif';\">La portavoz de Izquierda Unida se ha hecho eco de las <strong>cr\u00edticas de vecinos, vecinas y comerciantes<\/strong> que, adem\u00e1s de los inconvenientes y molestias que, necesariamente, causan cualquier obra de esta naturaleza, tienen que afrontar otros a\u00f1adidos, como el mal olor que el desbordamiento de aguas fecales produjo durante toda la jornada del s\u00e1bado.<\/span><\/p>\n<p class=\"Cuerpo\" style=\"text-align: justify; text-justify: inter-ideograph;\"><span lang=\"ES-TRAD\" style=\"font-family: 'Arial','sans-serif';\">Ha manifestado que para su formaci\u00f3n <strong>es inaceptable la tala de arbolado<\/strong> que se ha llevado a cabo en la calle, lo que ha provocado el rechazo un\u00e1nime de la ciudadan\u00eda al tratarse de una actuaci\u00f3n que evidencia, una vez m\u00e1s, la falta de sensibilidad medioambiental del equipo de gobierno.<\/span><\/p>\n<p class=\"Cuerpo\" style=\"text-align: justify; text-justify: inter-ideograph;\"><span lang=\"ES-TRAD\" style=\"font-family: 'Arial','sans-serif';\">Daniela Paqu\u00e9 ha reclamado al Ayuntamiento una <strong>mayor presencia de t\u00e9cnicos municipales<\/strong> durante la ejecuci\u00f3n de las tareas que se est\u00e1n llevando a cabo por parte de diferentes empresas, con el objeto de coordinar y supervisar su realizaci\u00f3n y, en su caso, dar respuesta a los problemas e incidencias que pudieran surgir.<\/span><\/p>\n<p class=\"Cuerpo\" style=\"text-align: justify; text-justify: inter-ideograph;\"><span lang=\"ES-TRAD\" style=\"font-family: 'Arial','sans-serif';\">Se ha tardado mucho tiempo en iniciar estas actuaciones y, a pesar de ello, al gobierno local parece preocuparle m\u00e1s su posible rentabilidad en t\u00e9rminos electorales que la <strong>seguridad y el bienestar de los vecinos<\/strong>, vecinas y comerciantes, ha manifestado, exigiendo a los responsables municipales el m\u00e1ximo celo y transparencia para <strong>minimizar las posibles consecuencias negativas de estas obras<\/strong>.<\/span><\/p>\n","protected":false},"excerpt":{"rendered":"<p>La portavoz de Izquierda Unida se ha hecho eco de las cr\u00edticas de vecinos, vecinas y comerciantes que, adem\u00e1s de los inconvenientes y molestias que, necesariamente, causan cualquier obra de esta naturaleza, tienen que afrontar otros a\u00f1adidos, como el mal olor que el desbordamiento de aguas fecales produjo durante toda la jornada del s\u00e1bado.<\/p>\n","protected":false},"author":1,"featured_media":0,"comment_status":"open","ping_status":"open","sticky":false,"template":"","format":"standard","meta":{"cybocfi_hide_featured_image":"","_jetpack_newsletter_access":"","_jetpack_dont_email_post_to_subs":false,"_jetpack_newsletter_tier_id":0,"_jetpack_memberships_contains_paywalled_content":false,"_jetpack_memberships_contains_paid_content":false,"footnotes":""},"categories":[265],"tags":[1042,338,91,335,232,121,1044,1043],"class_list":["post-3807","post","type-post","status-publish","format-standard","hentry","category-esta-pasando","tag-aguas-fecales","tag-aguas-y-servicios","tag-calle-ancha","tag-chapuzas","tag-inundaciones","tag-obras","tag-reditos-electorales","tag-seguridad"],"jetpack_featured_media_url":"","jetpack_sharing_enabled":true,"jetpack_shortlink":"https:\/\/wp.me\/p4QsU5-Zp","jetpack-related-posts":[{"id":3288,"url":"https:\/\/iumotril.org\/sitio\/izquierda-unida-denuncia-la-falta-de-participacion-de-vecinos-y-comerciantes-en-las-obras-de-la-calle-ancha\/","url_meta":{"origin":3807,"position":0},"title":"Izquierda Unida denuncia la falta de participaci\u00f3n de vecinos y comerciantes en las obras de la calle Ancha.","author":"Izquierda Unida Motril","date":"17 enero, 2018","format":false,"excerpt":"Izquierda Unida ha exigido al Ayuntamiento que convoque una reuni\u00f3n con car\u00e1cter urgente con los vecinos y los comerciantes de la calle Ancha para informarles del alcance de las obras y para abrir un proceso de participaci\u00f3n real y efectivo. Mientras que no se conozca la opini\u00f3n y las propuestas\u2026","rel":"","context":"En \u00abEST\u00c1 PASANDO\u00bb","block_context":{"text":"EST\u00c1 PASANDO","link":"https:\/\/iumotril.org\/sitio\/category\/esta-pasando\/"},"img":{"alt_text":"","src":"https:\/\/i0.wp.com\/iumotril.org\/sitio\/wp-content\/uploads\/2018\/01\/IMG_1902-169x300.jpg?resize=350%2C200","width":350,"height":200},"classes":[]},{"id":4626,"url":"https:\/\/iumotril.org\/sitio\/flor-almon-y-antonio-escamez-no-cumplen-sus-compromisos-con-los-vecinos-y-comerciantes-de-motril\/","url_meta":{"origin":3807,"position":1},"title":"Flor Alm\u00f3n y Antonio Esc\u00e1mez no cumplen sus compromisos con los vecinos y comerciantes de Motril","author":"Izquierda Unida Motril","date":"21 enero, 2019","format":false,"excerpt":"La portavoz municipal de Izquierda Unida ha lamentado que la alcaldesa utilice cualquier escenario como plat\u00f3 para sus reportajes fotogr\u00e1ficos y entienda que la actividad pol\u00edtica municipal consiste en dar abrazos y achuchones por doquier a quien se encuentra por las calles, en referencia a la sesi\u00f3n fotogr\u00e1fica que el\u2026","rel":"","context":"En \u00abCiudad\u00bb","block_context":{"text":"Ciudad","link":"https:\/\/iumotril.org\/sitio\/category\/ciudad\/"},"img":{"alt_text":"","src":"https:\/\/i0.wp.com\/iumotril.org\/sitio\/wp-content\/uploads\/2019\/01\/IMG-9718-e1548072786749-176x176.jpg?resize=350%2C200&ssl=1","width":350,"height":200,"srcset":"https:\/\/i0.wp.com\/iumotril.org\/sitio\/wp-content\/uploads\/2019\/01\/IMG-9718-e1548072786749-176x176.jpg?resize=350%2C200&ssl=1 1x, https:\/\/i0.wp.com\/iumotril.org\/sitio\/wp-content\/uploads\/2019\/01\/IMG-9718-e1548072786749-176x176.jpg?resize=525%2C300&ssl=1 1.5x, https:\/\/i0.wp.com\/iumotril.org\/sitio\/wp-content\/uploads\/2019\/01\/IMG-9718-e1548072786749-176x176.jpg?resize=700%2C400&ssl=1 2x, https:\/\/i0.wp.com\/iumotril.org\/sitio\/wp-content\/uploads\/2019\/01\/IMG-9718-e1548072786749-176x176.jpg?resize=1050%2C600&ssl=1 3x, https:\/\/i0.wp.com\/iumotril.org\/sitio\/wp-content\/uploads\/2019\/01\/IMG-9718-e1548072786749-176x176.jpg?resize=1400%2C800&ssl=1 4x"},"classes":[]},{"id":1908,"url":"https:\/\/iumotril.org\/sitio\/vecinos-de-la-calle-ancha-exigen-la-solucion-inmediata-de-los-problemas-con-la-presion-de-agua-en-sus-viviendas\/","url_meta":{"origin":3807,"position":2},"title":"VECINOS DE LA CALLE ANCHA EXIGEN LA SOLUCI\u00d3N INMEDIATA DE LOS PROBLEMAS CON LA PRESI\u00d3N DE AGUA EN SUS VIVIENDAS","author":"Izquierda Unida Motril","date":"19 febrero, 2016","format":false,"excerpt":"Tras ser informados de la aprobaci\u00f3n por el Pleno de las propuestas presentadas por Izquierda Unida, los vecinos y vecinas participantes en la reuni\u00f3n exigieron que se acometan con car\u00e1cter urgente las obras de reforma necesarias con cargo al canon de mejora de infraestructuras para dar una soluci\u00f3n definitiva a\u2026","rel":"","context":"En \u00abEST\u00c1 PASANDO\u00bb","block_context":{"text":"EST\u00c1 PASANDO","link":"https:\/\/iumotril.org\/sitio\/category\/esta-pasando\/"},"img":{"alt_text":"negocio agua","src":"https:\/\/i0.wp.com\/iumotril.org\/sitio\/wp-content\/uploads\/2015\/11\/negocio-agua-1024x722.jpg?resize=350%2C200","width":350,"height":200,"srcset":"https:\/\/i0.wp.com\/iumotril.org\/sitio\/wp-content\/uploads\/2015\/11\/negocio-agua-1024x722.jpg?resize=350%2C200 1x, https:\/\/i0.wp.com\/iumotril.org\/sitio\/wp-content\/uploads\/2015\/11\/negocio-agua-1024x722.jpg?resize=525%2C300 1.5x"},"classes":[]},{"id":1607,"url":"https:\/\/iumotril.org\/sitio\/izquierda-unida-denuncia-las-deficiencias-de-las-obras-de-la-calle-ancha\/","url_meta":{"origin":3807,"position":3},"title":"IZQUIERDA UNIDA DENUNCIA LAS DEFICIENCIAS DE LAS OBRAS DE LA CALLE ANCHA","author":"Izquierda Unida Motril","date":"6 noviembre, 2015","format":false,"excerpt":"Las obras que se llevaron a cabo de forma precipitada en los \u00faltimos d\u00edas del gobierno del Partido Popular, adem\u00e1s de insuficientes para resolver las necesidades del barrio, est\u00e1n ocasionando a los vecinos problemas de movilidad, sobre todo a las personas mayores, adem\u00e1s de haber provocado diversos accidentes por su\u2026","rel":"","context":"En \u00abCiudad\u00bb","block_context":{"text":"Ciudad","link":"https:\/\/iumotril.org\/sitio\/category\/ciudad\/"},"img":{"alt_text":"(Foto: El Faro)","src":"https:\/\/i0.wp.com\/iumotril.org\/sitio\/wp-content\/uploads\/2015\/11\/Panor%C3%A1mica-Calle-Ancha-w1289-h1289-1024x859-1024x859.jpg?resize=350%2C200","width":350,"height":200,"srcset":"https:\/\/i0.wp.com\/iumotril.org\/sitio\/wp-content\/uploads\/2015\/11\/Panor%C3%A1mica-Calle-Ancha-w1289-h1289-1024x859-1024x859.jpg?resize=350%2C200 1x, https:\/\/i0.wp.com\/iumotril.org\/sitio\/wp-content\/uploads\/2015\/11\/Panor%C3%A1mica-Calle-Ancha-w1289-h1289-1024x859-1024x859.jpg?resize=525%2C300 1.5x"},"classes":[]},{"id":10968,"url":"https:\/\/iumotril.org\/sitio\/izquierda-unida-exige-una-solucion-urgente-a-las-humedades-en-la-calle-gregorio-maranon\/","url_meta":{"origin":3807,"position":4},"title":"Izquierda Unida exige una soluci\u00f3n urgente a las humedades en la Calle Gregorio Mara\u00f1\u00f3n.","author":"Izquierda Unida Motril","date":"23 febrero, 2026","format":false,"excerpt":"Izquierda Unida quiere dar voz y mostrar su respaldo absoluto a los vecinos de la Calle Gregorio Mara\u00f1\u00f3n, perpendicular a la Calle Ancha, que se enfrentan a una situaci\u00f3n insostenible provocada por la falta de actuaci\u00f3n ante un grave problema de saneamiento. \u00a0 Estas familias llevan tiempo sufriendo un problema\u2026","rel":"","context":"En \u00abAguas y servicios\u00bb","block_context":{"text":"Aguas y servicios","link":"https:\/\/iumotril.org\/sitio\/category\/aguas-y-servicios\/"},"img":{"alt_text":"","src":"https:\/\/i0.wp.com\/iumotril.org\/sitio\/wp-content\/uploads\/2026\/02\/C-linares-1-scaled.jpeg?resize=350%2C200&ssl=1","width":350,"height":200,"srcset":"https:\/\/i0.wp.com\/iumotril.org\/sitio\/wp-content\/uploads\/2026\/02\/C-linares-1-scaled.jpeg?resize=350%2C200&ssl=1 1x, https:\/\/i0.wp.com\/iumotril.org\/sitio\/wp-content\/uploads\/2026\/02\/C-linares-1-scaled.jpeg?resize=525%2C300&ssl=1 1.5x, https:\/\/i0.wp.com\/iumotril.org\/sitio\/wp-content\/uploads\/2026\/02\/C-linares-1-scaled.jpeg?resize=700%2C400&ssl=1 2x, https:\/\/i0.wp.com\/iumotril.org\/sitio\/wp-content\/uploads\/2026\/02\/C-linares-1-scaled.jpeg?resize=1050%2C600&ssl=1 3x, https:\/\/i0.wp.com\/iumotril.org\/sitio\/wp-content\/uploads\/2026\/02\/C-linares-1-scaled.jpeg?resize=1400%2C800&ssl=1 4x"},"classes":[]},{"id":726,"url":"https:\/\/iumotril.org\/sitio\/un-barrio-abandonado-una-calle-ancha-devastada\/","url_meta":{"origin":3807,"position":5},"title":"Un barrio abandonado. Una calle Ancha devastada","author":"Izquierda Unida Motril","date":"14 mayo, 2015","format":false,"excerpt":"Daniela ha denunciado el abandono al que el Partido Popular ha condenado durante sus a\u00f1os de gobierno a este popular barrio de Motril. S\u00f3lo en la obra del puente de la Alcoholera \u2014que apenas se utiliza\u2014, el gobierno municipal de Rojas-Chamorro se ha gastado seis veces m\u00e1s (600 mil euros)\u2026","rel":"","context":"En \u00abMunicipales 2015\u00bb","block_context":{"text":"Municipales 2015","link":"https:\/\/iumotril.org\/sitio\/category\/municipales-2015\/"},"img":{"alt_text":"Calle Ancha Motril","src":"https:\/\/i0.wp.com\/iumotril.org\/sitio\/wp-content\/uploads\/2015\/05\/Calle-ancha-mascarillas-300x225.jpg?resize=350%2C200","width":350,"height":200},"classes":[]}],"jetpack_likes_enabled":true,"_links":{"self":[{"href":"https:\/\/iumotril.org\/sitio\/wp-json\/wp\/v2\/posts\/3807","targetHints":{"allow":["GET"]}}],"collection":[{"href":"https:\/\/iumotril.org\/sitio\/wp-json\/wp\/v2\/posts"}],"about":[{"href":"https:\/\/iumotril.org\/sitio\/wp-json\/wp\/v2\/types\/post"}],"author":[{"embeddable":true,"href":"https:\/\/iumotril.org\/sitio\/wp-json\/wp\/v2\/users\/1"}],"replies":[{"embeddable":true,"href":"https:\/\/iumotril.org\/sitio\/wp-json\/wp\/v2\/comments?post=3807"}],"version-history":[{"count":4,"href":"https:\/\/iumotril.org\/sitio\/wp-json\/wp\/v2\/posts\/3807\/revisions"}],"predecessor-version":[{"id":3823,"href":"https:\/\/iumotril.org\/sitio\/wp-json\/wp\/v2\/posts\/3807\/revisions\/3823"}],"wp:attachment":[{"href":"https:\/\/iumotril.org\/sitio\/wp-json\/wp\/v2\/media?parent=3807"}],"wp:term":[{"taxonomy":"category","embeddable":true,"href":"https:\/\/iumotril.org\/sitio\/wp-json\/wp\/v2\/categories?post=3807"},{"taxonomy":"post_tag","embeddable":true,"href":"https:\/\/iumotril.org\/sitio\/wp-json\/wp\/v2\/tags?post=3807"}],"curies":[{"name":"wp","href":"https:\/\/api.w.org\/{rel}","templated":true}]}}