{"id":3750,"date":"2018-07-27T12:34:40","date_gmt":"2018-07-27T10:34:40","guid":{"rendered":"http:\/\/iumotril.org\/sitio\/?p=3750"},"modified":"2018-08-01T11:48:51","modified_gmt":"2018-08-01T09:48:51","slug":"izquierda-unida-apoya-las-demandas-vecinas-de-diversas-mejoras-en-el-varadero","status":"publish","type":"post","link":"https:\/\/iumotril.org\/sitio\/izquierda-unida-apoya-las-demandas-vecinas-de-diversas-mejoras-en-el-varadero\/","title":{"rendered":"Izquierda Unida apoya las demandas vecinales de diversas mejoras en El Varadero"},"content":{"rendered":"<p><span style=\"color: #993300;\"><strong><a href=\"https:\/\/iumotril.org\/sitio\/izquierda-unida-apoya-las-demandas-vecinas-de-diversas-mejoras-en-el-varadero\/daniela-paque_junio-2018\/\" rel=\"attachment wp-att-3759\"><img loading=\"lazy\" decoding=\"async\" data-attachment-id=\"3759\" data-permalink=\"https:\/\/iumotril.org\/sitio\/izquierda-unida-apoya-las-demandas-vecinas-de-diversas-mejoras-en-el-varadero\/daniela-paque_junio-2018\/\" data-orig-file=\"https:\/\/iumotril.org\/sitio\/wp-content\/uploads\/2018\/07\/Daniela-Paque_junio-2018.bmp\" data-orig-size=\"533,800\" data-comments-opened=\"1\" data-image-meta=\"{&quot;aperture&quot;:&quot;0&quot;,&quot;credit&quot;:&quot;&quot;,&quot;camera&quot;:&quot;&quot;,&quot;caption&quot;:&quot;&quot;,&quot;created_timestamp&quot;:&quot;0&quot;,&quot;copyright&quot;:&quot;&quot;,&quot;focal_length&quot;:&quot;0&quot;,&quot;iso&quot;:&quot;0&quot;,&quot;shutter_speed&quot;:&quot;0&quot;,&quot;title&quot;:&quot;&quot;,&quot;orientation&quot;:&quot;0&quot;}\" data-image-title=\"Daniela Paque_junio 2018\" data-image-description=\"\" data-image-caption=\"\" data-large-file=\"https:\/\/iumotril.org\/sitio\/wp-content\/uploads\/2018\/07\/Daniela-Paque_junio-2018.bmp\" class=\"alignleft wp-image-3759\" src=\"https:\/\/iumotril.org\/sitio\/wp-content\/uploads\/2018\/07\/Daniela-Paque_junio-2018.bmp\" alt=\"\" width=\"236\" height=\"354\" \/><\/a>Presenta una Moci\u00f3n en el pr\u00f3ximo Pleno para la realizaci\u00f3n de diversas mejoras en el barrio reclamadas por sus vecinos y vecinas. Solicita, asimismo, que se aborde de forma definitiva la adecuaci\u00f3n y mejora de la playa de las Azucenas.<\/strong><\/span><\/p>\n<p style=\"text-align: justify;\">Los vecinos y vecinas del barrio llevan solicitando al Ayuntamiento desde el pasado mes de enero la construcci\u00f3n de una v\u00eda de acceso de entrada entre el campo de f\u00fatbol y la carretera del Puerto y la adecuaci\u00f3n de la v\u00eda de salida, que al carecer de visibilidad, supone riesgos para la seguridad vial de quienes la utilizan. A pesar del apoyo vecinal a trav\u00e9s de la presentaci\u00f3n de m\u00e1s 120 firmas, <strong>el Ayuntamiento ha hecho o\u00eddos sordos a esta demanda<\/strong> por lo que Izquierda Unida dar\u00e1 traslado de dicha petici\u00f3n al pr\u00f3ximo Pleno municipal.<\/p>\n<p style=\"text-align: justify;\">A juicio de la formaci\u00f3n de izquierdas la <a href=\"https:\/\/www.caib.es\/sites\/participacio\/es\/que_es_la_participacion_ciudadana-25201\/\" target=\"_blank\" rel=\"noopener\">participaci\u00f3n vecinal<\/a> debe ser el elemento clave en la gesti\u00f3n de los asuntos municipales. Sin ella, se gobierna a espaldas de la gente, de los intereses y necesidades reales de los vecinos y de las vecinas, ha se\u00f1alado la portavoz municipal de IU, Daniela Paqu\u00e9.<\/p>\n<p style=\"text-align: justify;\">En la Moci\u00f3n que se presenta para su consideraci\u00f3n por el Pleno se reclama, tambi\u00e9n, la limpieza, adecuaci\u00f3n y mantenimiento de diversos solares y edificios abandonados que suponen <strong>riesgos higi\u00e9nico sanitarios<\/strong> y el acerado de diferentes calles para facilitar la movilidad de los vecinos, vecinas y de los visitantes.<\/p>\n<p style=\"text-align: justify;\">Por \u00faltimo, Izquierda Unida exige que se aborde de una forma definitiva la adecuaci\u00f3n\u00a0 y mejora de la <strong>playa de las Azucenas<\/strong>, implicando a la Autoridad Portuaria en las <a href=\"https:\/\/iumotril.org\/sitio\/iu-motril-solicita-la-construccion-de-un-paseo-maritimo-blando-en-la-playa-de-las-azucenas\/\" target=\"_blank\" rel=\"noopener\">iniciativas ya aprobadas por el Pleno<\/a> municipal en su momento, como fue la <strong>construcci\u00f3n de un paseo blando que conecte el Puerto de Motril con la poblaci\u00f3n de Torrenueva<\/strong>.<\/p>\n","protected":false},"excerpt":{"rendered":"<p>En la Moci\u00f3n que se presenta para su consideraci\u00f3n por el Pleno se reclama, tambi\u00e9n, la limpieza, adecuaci\u00f3n y mantenimiento de diversos solares y edificios abandonados que suponen diversos riesgos higi\u00e9nico sanitarios y el acerado de diferentes calles para facilitar la movilidad de los vecinos, vecinas y de los visitantes.Izquierda Unida tambi\u00e9n exige que se aborde de una forma definitiva la adecuaci\u00f3n\u00a0 y mejora de la playa de las Azucenas.<\/p>\n","protected":false},"author":1,"featured_media":0,"comment_status":"open","ping_status":"open","sticky":false,"template":"","format":"standard","meta":{"cybocfi_hide_featured_image":"","_jetpack_newsletter_access":"","_jetpack_dont_email_post_to_subs":false,"_jetpack_newsletter_tier_id":0,"_jetpack_memberships_contains_paywalled_content":false,"_jetpack_memberships_contains_paid_content":false,"footnotes":""},"categories":[177,265],"tags":[377,770,564,158,1032,200,1033,157],"class_list":["post-3750","post","type-post","status-publish","format-standard","hentry","category-ciudad","category-esta-pasando","tag-abandono","tag-autoridad-portuaria","tag-deficiencias","tag-el-varadero","tag-mejoras-barrio","tag-mociones","tag-plaza-azucenas","tag-puerto-motril"],"jetpack_featured_media_url":"","jetpack_sharing_enabled":true,"jetpack_shortlink":"https:\/\/wp.me\/p4QsU5-Yu","jetpack-related-posts":[{"id":10564,"url":"https:\/\/iumotril.org\/sitio\/reclamamos-un-plan-de-actuacion-en-el-barrio-de-varadero-para-mejorar-las-condiciones-de-vida-de-sus-vecinos\/","url_meta":{"origin":3750,"position":0},"title":"Reclamamos un plan de actuaci\u00f3n en el barrio de Varadero para mejorar las condiciones de vida de sus vecinos","author":"Izquierda Unida Motril","date":"24 abril, 2025","format":false,"excerpt":"A pesar de su situaci\u00f3n y potencialidades, Varadero es un espacio p\u00fablico deprimido con importantes carencias estructurales, con deficiencias en la limpieza, el mantenimiento y en la adecuaci\u00f3n de sus infraestructuras. Unas circunstancias, \u00e9stas, que suponen importantes inconvenientes en el d\u00eda a d\u00eda de sus residentes. Omiste ha indicado que\u2026","rel":"","context":"En \u00abAyuntamiento\u00bb","block_context":{"text":"Ayuntamiento","link":"https:\/\/iumotril.org\/sitio\/category\/ayuntamiento\/"},"img":{"alt_text":"","src":"https:\/\/i0.wp.com\/iumotril.org\/sitio\/wp-content\/uploads\/2025\/04\/Luisa-y-Conchi.jpeg?resize=350%2C200&ssl=1","width":350,"height":200,"srcset":"https:\/\/i0.wp.com\/iumotril.org\/sitio\/wp-content\/uploads\/2025\/04\/Luisa-y-Conchi.jpeg?resize=350%2C200&ssl=1 1x, https:\/\/i0.wp.com\/iumotril.org\/sitio\/wp-content\/uploads\/2025\/04\/Luisa-y-Conchi.jpeg?resize=525%2C300&ssl=1 1.5x, https:\/\/i0.wp.com\/iumotril.org\/sitio\/wp-content\/uploads\/2025\/04\/Luisa-y-Conchi.jpeg?resize=700%2C400&ssl=1 2x, https:\/\/i0.wp.com\/iumotril.org\/sitio\/wp-content\/uploads\/2025\/04\/Luisa-y-Conchi.jpeg?resize=1050%2C600&ssl=1 3x"},"classes":[]},{"id":9618,"url":"https:\/\/iumotril.org\/sitio\/iu-verdes-equo-reclama-un-plan-de-actuacion-integral-en-los-barrios-de-varadero-y-santa-adela-para-su-impulso-economico-y-mejorar-las-condiciones-de-vida-de-sus-vecinos\/","url_meta":{"origin":3750,"position":1},"title":"IU Verdes Equo reclama un plan de actuaci\u00f3n integral en los barrios de Varadero y Santa Adela para su impulso econ\u00f3mico y mejorar las condiciones de vida de sus vecinos","author":"Izquierda Unida Motril","date":"24 noviembre, 2023","format":false,"excerpt":"Los barrios marineros de Motril no merecen ni han merecido en los \u00faltimos a\u00f1os la atenci\u00f3n necesaria por parte del Ayuntamiento para contribuir a su visibilidad y a mejoras en beneficio de sus vecinos y de sus vecinas, sostienen desde el Grupo municipal de IU Verdes Equo. A pesar de\u2026","rel":"","context":"En \u00abAyuntamiento\u00bb","block_context":{"text":"Ayuntamiento","link":"https:\/\/iumotril.org\/sitio\/category\/ayuntamiento\/"},"img":{"alt_text":"","src":"https:\/\/i0.wp.com\/iumotril.org\/sitio\/wp-content\/uploads\/2023\/11\/Barrios-marineros.jpg?resize=350%2C200&ssl=1","width":350,"height":200,"srcset":"https:\/\/i0.wp.com\/iumotril.org\/sitio\/wp-content\/uploads\/2023\/11\/Barrios-marineros.jpg?resize=350%2C200&ssl=1 1x, https:\/\/i0.wp.com\/iumotril.org\/sitio\/wp-content\/uploads\/2023\/11\/Barrios-marineros.jpg?resize=525%2C300&ssl=1 1.5x, https:\/\/i0.wp.com\/iumotril.org\/sitio\/wp-content\/uploads\/2023\/11\/Barrios-marineros.jpg?resize=700%2C400&ssl=1 2x"},"classes":[]},{"id":4777,"url":"https:\/\/iumotril.org\/sitio\/son-necesarias-actuaciones-urgentes-en-el-barrio-de-el-varadero\/","url_meta":{"origin":3750,"position":2},"title":"Son necesarias actuaciones urgentes en el barrio de El Varadero","author":"Izquierda Unida Motril","date":"21 marzo, 2019","format":false,"excerpt":"Izquierda Unida reclama el cumplimiento de las actuaciones de mejora comprometidas en la moci\u00f3n que present\u00f3 su Grupo Municipal en 2018, entre otras la limpieza de solares y edificios abandonados, como la antigua f\u00e1brica de chocolate y el acerado de diversas calles. El Varadero se juega su futuro en las\u2026","rel":"","context":"En \u00abCiudad\u00bb","block_context":{"text":"Ciudad","link":"https:\/\/iumotril.org\/sitio\/category\/ciudad\/"},"img":{"alt_text":"","src":"https:\/\/i0.wp.com\/iumotril.org\/sitio\/wp-content\/uploads\/2019\/03\/Inma_El-Varadero-1.jpg?resize=350%2C200","width":350,"height":200,"srcset":"https:\/\/i0.wp.com\/iumotril.org\/sitio\/wp-content\/uploads\/2019\/03\/Inma_El-Varadero-1.jpg?resize=350%2C200 1x, https:\/\/i0.wp.com\/iumotril.org\/sitio\/wp-content\/uploads\/2019\/03\/Inma_El-Varadero-1.jpg?resize=525%2C300 1.5x, https:\/\/i0.wp.com\/iumotril.org\/sitio\/wp-content\/uploads\/2019\/03\/Inma_El-Varadero-1.jpg?resize=700%2C400 2x"},"classes":[]},{"id":10045,"url":"https:\/\/iumotril.org\/sitio\/vecinos-de-varadero-y-santa-adela-reclaman-apoyo-para-la-solucion-de-los-problemas-de-polucion-atmosferica-y-acustica-creados-por-el-puerto-de-motril\/","url_meta":{"origin":3750,"position":3},"title":"Vecinos de Varadero y Santa Adela reclaman apoyo para la soluci\u00f3n de los problemas de poluci\u00f3n atmosf\u00e9rica y ac\u00fastica creados por el Puerto de Motril","author":"Izquierda Unida Motril","date":"4 julio, 2024","format":false,"excerpt":"Desde IU Verdes Equo se ha manifestado reiteradamente su apoyo a las demandas vecinales, que se ha concretado con la presentaci\u00f3n de diferentes iniciativas y propuestas al pleno, que han sido rechazadas por la mayor\u00eda absoluta del gobierno municipal. En el \u00faltimo pleno del \u00faltimo d\u00eda 2 de julio, Partido\u2026","rel":"","context":"En \u00abAyuntamiento\u00bb","block_context":{"text":"Ayuntamiento","link":"https:\/\/iumotril.org\/sitio\/category\/ayuntamiento\/"},"img":{"alt_text":"","src":"https:\/\/i0.wp.com\/iumotril.org\/sitio\/wp-content\/uploads\/2024\/07\/Varadero-contaminacion.jpg?resize=350%2C200&ssl=1","width":350,"height":200,"srcset":"https:\/\/i0.wp.com\/iumotril.org\/sitio\/wp-content\/uploads\/2024\/07\/Varadero-contaminacion.jpg?resize=350%2C200&ssl=1 1x, https:\/\/i0.wp.com\/iumotril.org\/sitio\/wp-content\/uploads\/2024\/07\/Varadero-contaminacion.jpg?resize=525%2C300&ssl=1 1.5x"},"classes":[]},{"id":10019,"url":"https:\/\/iumotril.org\/sitio\/iu-verdes-equo-pide-la-paralizacion-del-proyecto-de-instalacion-de-una-planta-de-almacenamiento-de-productos-quimicos-y-aceites-en-el-recinto-portuario\/","url_meta":{"origin":3750,"position":4},"title":"IU VERDES EQUO pide la paralizaci\u00f3n del proyecto de instalaci\u00f3n de una planta de almacenamiento de productos qu\u00edmicos y aceites en el recinto portuario","author":"Izquierda Unida Motril","date":"27 junio, 2024","format":false,"excerpt":"En la moci\u00f3n que presenta al pr\u00f3ximo pleno la coalici\u00f3n de izquierdas considera que est\u00e1 fuera de toda duda el \u201cimpacto negativo de la actividad portuaria sobre la calidad de vida de los residentes del barrio\u201d y de su entorno, y que con la instalaci\u00f3n de la nueva planta de\u2026","rel":"","context":"En \u00abAyuntamiento\u00bb","block_context":{"text":"Ayuntamiento","link":"https:\/\/iumotril.org\/sitio\/category\/ayuntamiento\/"},"img":{"alt_text":"","src":"https:\/\/i0.wp.com\/iumotril.org\/sitio\/wp-content\/uploads\/2024\/06\/Reciento-portuario-Motril.jpg?resize=350%2C200&ssl=1","width":350,"height":200,"srcset":"https:\/\/i0.wp.com\/iumotril.org\/sitio\/wp-content\/uploads\/2024\/06\/Reciento-portuario-Motril.jpg?resize=350%2C200&ssl=1 1x, https:\/\/i0.wp.com\/iumotril.org\/sitio\/wp-content\/uploads\/2024\/06\/Reciento-portuario-Motril.jpg?resize=525%2C300&ssl=1 1.5x, https:\/\/i0.wp.com\/iumotril.org\/sitio\/wp-content\/uploads\/2024\/06\/Reciento-portuario-Motril.jpg?resize=700%2C400&ssl=1 2x"},"classes":[]},{"id":9998,"url":"https:\/\/iumotril.org\/sitio\/apoyamos-a-los-vecinos-en-su-rechazo-a-la-instalacion-de-una-planta-de-almacenamiento-de-productos-quimicos-en-la-proximidad-de-sus-viviendas\/","url_meta":{"origin":3750,"position":5},"title":"Apoyamos a los vecinos en su rechazo a la instalaci\u00f3n de una planta de almacenamiento de productos qu\u00edmicos en la proximidad de sus viviendas","author":"Izquierda Unida Motril","date":"18 junio, 2024","format":false,"excerpt":"Est\u00e1 fuera de toda duda el \u201cimpacto negativo de la actividad portuaria sobre la calidad de vida de los residentes del barrio\u201d y de su entorno \u2013\u2013ha afirmado su portavoz municipal, Jose G. Llorente, acompa\u00f1ado por vecinos y vecinas del barrio en las proximidades del emplazamiento previsto de la planta\u2026","rel":"","context":"En \u00abAyuntamiento\u00bb","block_context":{"text":"Ayuntamiento","link":"https:\/\/iumotril.org\/sitio\/category\/ayuntamiento\/"},"img":{"alt_text":"","src":"https:\/\/i0.wp.com\/iumotril.org\/sitio\/wp-content\/uploads\/2024\/06\/Bidoness-Varadero.jpg?resize=350%2C200&ssl=1","width":350,"height":200},"classes":[]}],"jetpack_likes_enabled":true,"_links":{"self":[{"href":"https:\/\/iumotril.org\/sitio\/wp-json\/wp\/v2\/posts\/3750","targetHints":{"allow":["GET"]}}],"collection":[{"href":"https:\/\/iumotril.org\/sitio\/wp-json\/wp\/v2\/posts"}],"about":[{"href":"https:\/\/iumotril.org\/sitio\/wp-json\/wp\/v2\/types\/post"}],"author":[{"embeddable":true,"href":"https:\/\/iumotril.org\/sitio\/wp-json\/wp\/v2\/users\/1"}],"replies":[{"embeddable":true,"href":"https:\/\/iumotril.org\/sitio\/wp-json\/wp\/v2\/comments?post=3750"}],"version-history":[{"count":7,"href":"https:\/\/iumotril.org\/sitio\/wp-json\/wp\/v2\/posts\/3750\/revisions"}],"predecessor-version":[{"id":3762,"href":"https:\/\/iumotril.org\/sitio\/wp-json\/wp\/v2\/posts\/3750\/revisions\/3762"}],"wp:attachment":[{"href":"https:\/\/iumotril.org\/sitio\/wp-json\/wp\/v2\/media?parent=3750"}],"wp:term":[{"taxonomy":"category","embeddable":true,"href":"https:\/\/iumotril.org\/sitio\/wp-json\/wp\/v2\/categories?post=3750"},{"taxonomy":"post_tag","embeddable":true,"href":"https:\/\/iumotril.org\/sitio\/wp-json\/wp\/v2\/tags?post=3750"}],"curies":[{"name":"wp","href":"https:\/\/api.w.org\/{rel}","templated":true}]}}