{"id":3736,"date":"2018-07-26T17:05:14","date_gmt":"2018-07-26T15:05:14","guid":{"rendered":"http:\/\/iumotril.org\/sitio\/?p=3736"},"modified":"2018-07-27T10:37:27","modified_gmt":"2018-07-27T08:37:27","slug":"motril-demanda-la-apertura-de-una-delegacion-de-la-jefatura-de-trafico","status":"publish","type":"post","link":"https:\/\/iumotril.org\/sitio\/motril-demanda-la-apertura-de-una-delegacion-de-la-jefatura-de-trafico\/","title":{"rendered":"Motril demanda la apertura de una Delegaci\u00f3n de la Jefatura de Tr\u00e1fico"},"content":{"rendered":"<p style=\"text-align: justify;\"><span style=\"color: #993300;\"><strong>Izquierda Unida ha reclamado al gobierno local, a trav\u00e9s de una Moci\u00f3n que presenta al pr\u00f3ximo Pleno, que inicie las gestiones con la DGT para que Motril cuente con una Delegaci\u00f3n de Tr\u00e1fico. Adem\u00e1s, le urge a que implante la administraci\u00f3n electr\u00f3nica para resolver tr\u00e1mites y gestiones municipales.<\/strong><\/span><\/p>\n<p style=\"text-align: justify;\">Seg\u00fan su portavoz municipal, Daniela Paqu\u00e9, el Ayuntamiento de Motril no se lo pone f\u00e1cil a los motrile\u00f1os a la hora de realizar tr\u00e1mites y gestiones municipales, prestando un <strong>servicio deficiente de atenci\u00f3n e informaci\u00f3n al ciudadano<\/strong>.\u00a0La portavoz de IU considera que la adecuada atenci\u00f3n a la ciudadan\u00eda debe ser una prioridad para cualquier ayuntamiento, un servicio que, en su opini\u00f3n, el Ayuntamiento de Motril no lleva a acabo de acuerdo con las necesidades y expectativas de sus vecinos y vecinas.<\/p>\n<p style=\"text-align: justify;\"><a href=\"https:\/\/iumotril.org\/sitio\/colas-mostrador-informacion_julio-2018-2\/\"><img loading=\"lazy\" decoding=\"async\" data-attachment-id=\"3757\" data-permalink=\"https:\/\/iumotril.org\/sitio\/motril-demanda-la-apertura-de-una-delegacion-de-la-jefatura-de-trafico\/colas-mostrador-informacion_julio-2018-2\/\" data-orig-file=\"https:\/\/iumotril.org\/sitio\/wp-content\/uploads\/2018\/07\/colas-mostrador-informaci\u00f3n_julio-2018-1.jpg\" data-orig-size=\"2443,1832\" data-comments-opened=\"1\" data-image-meta=\"{&quot;aperture&quot;:&quot;2.2&quot;,&quot;credit&quot;:&quot;&quot;,&quot;camera&quot;:&quot;iPhone 6&quot;,&quot;caption&quot;:&quot;&quot;,&quot;created_timestamp&quot;:&quot;1532339441&quot;,&quot;copyright&quot;:&quot;&quot;,&quot;focal_length&quot;:&quot;4.15&quot;,&quot;iso&quot;:&quot;160&quot;,&quot;shutter_speed&quot;:&quot;0.03030303030303&quot;,&quot;title&quot;:&quot;&quot;,&quot;orientation&quot;:&quot;6&quot;}\" data-image-title=\"colas mostrador informaci\u00f3n_julio 2018\" data-image-description=\"\" data-image-caption=\"\" data-large-file=\"https:\/\/iumotril.org\/sitio\/wp-content\/uploads\/2018\/07\/colas-mostrador-informaci\u00f3n_julio-2018-1-1024x768.jpg\" class=\"alignleft wp-image-3757\" src=\"https:\/\/iumotril.org\/sitio\/wp-content\/uploads\/2018\/07\/colas-mostrador-informaci\u00f3n_julio-2018-1-300x225.jpg\" alt=\"\" width=\"400\" height=\"300\" srcset=\"https:\/\/iumotril.org\/sitio\/wp-content\/uploads\/2018\/07\/colas-mostrador-informaci\u00f3n_julio-2018-1-300x225.jpg 300w, https:\/\/iumotril.org\/sitio\/wp-content\/uploads\/2018\/07\/colas-mostrador-informaci\u00f3n_julio-2018-1-768x576.jpg 768w, https:\/\/iumotril.org\/sitio\/wp-content\/uploads\/2018\/07\/colas-mostrador-informaci\u00f3n_julio-2018-1-1024x768.jpg 1024w\" sizes=\"auto, (max-width: 400px) 100vw, 400px\" \/><\/a>A juicio de Izquierda Unida la mejora de la <a href=\"https:\/\/iumotril.org\/sitio\/deplorable-servicio-de-atencion-al-publico-en-el-ayuntamiento-de-motril\/\" target=\"_blank\" rel=\"noopener\">Atenci\u00f3n al ciudadano<\/a> pasa, necesariamente, por la i<strong>mplantaci\u00f3n de la Administraci\u00f3n electr\u00f3nica<\/strong>. Seg\u00fan su portavoz, el Ayuntamiento de Motril funciona como una a<strong>dministraci\u00f3n de tiempos pasados,<\/strong> obligando a sus vecinos y vecinas a realizar todas sus gestiones de forma presencial en dependencias municipales, lo que provoca la creaci\u00f3n de colas, tiempos de espera, desplazamientos e incomodidades y dificulta la labor de los empleados municipales que procuran atender a los ciudadanos con la mayor profesionalidad posible, pero sin las condiciones necesarias para ello.<\/p>\n<p style=\"text-align: justify;\">En la <strong>moci\u00f3n que presenta Izquierda Unida<\/strong> al pr\u00f3ximo Pleno municipal, adem\u00e1s de esta mejora de los servicios de atenci\u00f3n al p\u00fablico municipales, se insta al gobierno local a que d\u00e9 inicio a las gestiones necesarias para solicitar la <strong>instalaci\u00f3n y apertura de una Delegaci\u00f3n de la Jefatura Provincial de Tr\u00e1fico en Motril.<\/strong> Una necesidad evidente, a la vista del volumen de tr\u00e1mites y gestiones que se llevan a cabo por parte de empresas, particulares, gestor\u00edas administrativas y otras entidades y del n\u00famero de residentes en nuestra ciudad.<\/p>\n<p style=\"text-align: justify;\">Actualmente, a pesar de ser el segundo municipio de la provincia de Granada por n\u00famero de habitantes, en Motril no se puede obtener informaci\u00f3n o realizar tr\u00e1mites administrativos relacionados con Tr\u00e1fico, al contrario que en <a href=\"https:\/\/iumotril.org\/sitio\/reclamamos-que-se-puedan-realizar-tramites-y-gestiones-de-trafico-en-motril\/\" target=\"_blank\" rel=\"noopener\"><strong>77 municipios de la provincia que disponen de un Convenio<\/strong> <\/a>que permite a sus vecinos resolver estas gestiones sin necesidad de desplazarse personalmente a las oficinas de Granada.<\/p>\n<p style=\"text-align: justify;\">Izquierda Unida solicita al Ayuntamiento que, hasta tanto no se produzca la apertura de esta Delegaci\u00f3n, se formalice el correspondiente Convenio con la Direcci\u00f3n General de Tr\u00e1fico <strong>para facilitar a sus vecinos y vecinas la realizaci\u00f3n de los tr\u00e1mites y gestiones relacionados con ese organismo<\/strong> en las dependencias municipales, tal y como es posible en \u00a0otros municipios de la provincia.<\/p>\n","protected":false},"excerpt":{"rendered":"<p>En una moci\u00f3n que presenta al pr\u00f3ximo Pleno municipal se insta al gobierno local a que d\u00e9 inicio a las gestiones necesarias para solicitar la instalaci\u00f3n y apertura de una Delegaci\u00f3n de la Jefatura Provincial de Tr\u00e1fico en Motril. Una necesidad evidente, a la vista del volumen de tr\u00e1mites y gestiones que se llevan a cabo por parte de empresas, particulares, gestor\u00edas administrativas y otras entidades y del n\u00famero de residentes en nuestra ciudad.<\/p>\n","protected":false},"author":1,"featured_media":0,"comment_status":"open","ping_status":"open","sticky":false,"template":"","format":"standard","meta":{"cybocfi_hide_featured_image":"","_jetpack_newsletter_access":"","_jetpack_dont_email_post_to_subs":false,"_jetpack_newsletter_tier_id":0,"_jetpack_memberships_contains_paywalled_content":false,"_jetpack_memberships_contains_paid_content":false,"footnotes":""},"categories":[265],"tags":[1027,1030,925,200,1025,1031],"class_list":["post-3736","post","type-post","status-publish","format-standard","hentry","category-esta-pasando","tag-administracion-electronica","tag-atencion-a-la-ciudadania","tag-atencion-al-publico","tag-mociones","tag-trafico","tag-tramites-y-gestiones"],"jetpack_featured_media_url":"","jetpack_sharing_enabled":true,"jetpack_shortlink":"https:\/\/wp.me\/p4QsU5-Yg","jetpack-related-posts":[{"id":3727,"url":"https:\/\/iumotril.org\/sitio\/reclamamos-que-se-puedan-realizar-tramites-y-gestiones-de-trafico-en-motril\/","url_meta":{"origin":3736,"position":0},"title":"Reclamamos que se puedan realizar  tr\u00e1mites y gestiones de Tr\u00e1fico en Motril","author":"Izquierda Unida Motril","date":"19 julio, 2018","format":false,"excerpt":"Daniela Paqu\u00e9, portavoz del Grupo Municipal de IU ha reclamado al Ayuntamiento de Motril que d\u00e9 inicio a las gestiones que sean necesarias para que Motril formalice el correspondiente Convenio con la Direcci\u00f3n General de Tr\u00e1fico para facilitar a sus vecinos y vecinas la realizaci\u00f3n de los tr\u00e1mites y gestiones\u2026","rel":"","context":"En \u00abAyuntamiento\u00bb","block_context":{"text":"Ayuntamiento","link":"https:\/\/iumotril.org\/sitio\/category\/ayuntamiento\/"},"img":{"alt_text":"","src":"https:\/\/i0.wp.com\/iumotril.org\/sitio\/wp-content\/uploads\/2018\/07\/jpt-granada.jpg?resize=350%2C200","width":350,"height":200},"classes":[]},{"id":5522,"url":"https:\/\/iumotril.org\/sitio\/iu-equo-propone-la-implantacion-de-una-ventanilla-unica-para-realizar-tramites-municipales\/","url_meta":{"origin":3736,"position":1},"title":"IU-Equo propone la implantaci\u00f3n de una ventanilla \u00fanica para realizar tr\u00e1mites municipales","author":"Izquierda Unida Motril","date":"17 diciembre, 2019","format":false,"excerpt":"Los vecinos y vecinas de Motril no se merecen una Administraci\u00f3n municipal que no les atienda de forma correcta y que, en ocasiones, les trate como si fueran ciudadanos de segunda fila, cuando deber\u00edan estar en el centro de las prioridades municipales en todos sus sentidos, IU-Equo propone abordar organizativamente\u2026","rel":"","context":"En \u00abEST\u00c1 PASANDO\u00bb","block_context":{"text":"EST\u00c1 PASANDO","link":"https:\/\/iumotril.org\/sitio\/category\/esta-pasando\/"},"img":{"alt_text":"","src":"https:\/\/i0.wp.com\/iumotril.org\/sitio\/wp-content\/uploads\/2019\/11\/beb1f2c6-e8a8-4375-a287-68806078de13-300x225.jpg?resize=350%2C200","width":350,"height":200},"classes":[]},{"id":6733,"url":"https:\/\/iumotril.org\/sitio\/iu-equo-denuncia-el-mal-funcionamiento-de-la-atencion-telefonica-y-de-la-cita-previa-en-el-ayuntamiento\/","url_meta":{"origin":3736,"position":2},"title":"IU-Equo denuncia el mal funcionamiento de la atenci\u00f3n telef\u00f3nica y de la cita previa en el Ayuntamiento","author":"Izquierda Unida Motril","date":"9 octubre, 2020","format":false,"excerpt":"Los tel\u00e9fonos facilitados por el Ayuntamiento para la realizaci\u00f3n de diversos tr\u00e1mites se encuentran saturados o no son atendidos al no disponer estos servicios de personal suficiente para ello. Id\u00e9nticas dificultades se encuentran los vecinos y vecinas cuanto tratan de contactar con las diferentes oficinas de distrito. A juicio de\u2026","rel":"","context":"En \u00abAyuntamiento\u00bb","block_context":{"text":"Ayuntamiento","link":"https:\/\/iumotril.org\/sitio\/category\/ayuntamiento\/"},"img":{"alt_text":"","src":"https:\/\/i0.wp.com\/iumotril.org\/sitio\/wp-content\/uploads\/2020\/10\/Oficina-Atencion-Municipal_8-octubre-176x176.jpg?resize=350%2C200","width":350,"height":200},"classes":[]},{"id":3405,"url":"https:\/\/iumotril.org\/sitio\/deplorable-servicio-de-atencion-al-publico-en-el-ayuntamiento-de-motril\/","url_meta":{"origin":3736,"position":3},"title":"Deplorable servicio de atenci\u00f3n al p\u00fablico en el Ayuntamiento de Motril","author":"Izquierda Unida Motril","date":"9 marzo, 2018","format":false,"excerpt":"El gobierno del PSOE-PA mantiene el mismo modelo de relaci\u00f3n con la ciudadan\u00eda que el que implant\u00f3 el Partido Popular, seg\u00fan ha manifestado un portavoz de Izquierda Unida. Un modelo que tiene m\u00e1s que ver con pr\u00e1cticas de tiempos pasados que con la era de Internet y las tecnolog\u00edas de\u2026","rel":"","context":"En \u00abEST\u00c1 PASANDO\u00bb","block_context":{"text":"EST\u00c1 PASANDO","link":"https:\/\/iumotril.org\/sitio\/category\/esta-pasando\/"},"img":{"alt_text":"","src":"https:\/\/i0.wp.com\/iumotril.org\/sitio\/wp-content\/uploads\/2018\/03\/foto-cola-ayto-1024x498.jpg?resize=350%2C200","width":350,"height":200,"srcset":"https:\/\/i0.wp.com\/iumotril.org\/sitio\/wp-content\/uploads\/2018\/03\/foto-cola-ayto-1024x498.jpg?resize=350%2C200 1x, https:\/\/i0.wp.com\/iumotril.org\/sitio\/wp-content\/uploads\/2018\/03\/foto-cola-ayto-1024x498.jpg?resize=525%2C300 1.5x"},"classes":[]},{"id":8403,"url":"https:\/\/iumotril.org\/sitio\/iu-equo-reclama-mejoras-en-la-administracion-electronica-municipal\/","url_meta":{"origin":3736,"position":4},"title":"IU-EQUO reclama mejoras en la administraci\u00f3n electr\u00f3nica municipal","author":"Izquierda Unida Motril","date":"27 septiembre, 2022","format":false,"excerpt":"Por estos motivos, en la moci\u00f3n que presenta IU-Equo al pr\u00f3ximo pleno municipal se demanda que se preste la asistencia y el acompa\u00f1amiento necesarios para facilitar el acceso de las personas que tienen que utilizar los servicios electr\u00f3nicos. Ello implica, necesariamente, el refuerzo de los servicios de informaci\u00f3n y atenci\u00f3n\u2026","rel":"","context":"En \u00abAyuntamiento\u00bb","block_context":{"text":"Ayuntamiento","link":"https:\/\/iumotril.org\/sitio\/category\/ayuntamiento\/"},"img":{"alt_text":"","src":"https:\/\/i0.wp.com\/iumotril.org\/sitio\/wp-content\/uploads\/2022\/09\/Jose-27-sept.jpg?resize=350%2C200","width":350,"height":200,"srcset":"https:\/\/i0.wp.com\/iumotril.org\/sitio\/wp-content\/uploads\/2022\/09\/Jose-27-sept.jpg?resize=350%2C200 1x, https:\/\/i0.wp.com\/iumotril.org\/sitio\/wp-content\/uploads\/2022\/09\/Jose-27-sept.jpg?resize=525%2C300 1.5x, https:\/\/i0.wp.com\/iumotril.org\/sitio\/wp-content\/uploads\/2022\/09\/Jose-27-sept.jpg?resize=700%2C400 2x"},"classes":[]},{"id":7085,"url":"https:\/\/iumotril.org\/sitio\/la-alcaldesa-pide-responsabilidad-a-los-vecinos-pero-ella-no-cumple-con-la-suya\/","url_meta":{"origin":3736,"position":5},"title":"La Alcaldesa pide responsabilidad a los vecinos, pero ella no cumple con la suya","author":"Izquierda Unida Motril","date":"29 enero, 2021","format":false,"excerpt":"IU-Equo ha reprochado a la Alcaldesa de Motril\u00a0 que reclame la actuaci\u00f3n responsable de los vecinos y vecinas para contener la pandemia, mientras que hay dependencias municipales que no cuentan con las necesarias medidas de seguridad y protecci\u00f3n con el consiguiente riesgo para los empleados p\u00fablicos y los usuarios. En\u2026","rel":"","context":"En \u00abAyuntamiento\u00bb","block_context":{"text":"Ayuntamiento","link":"https:\/\/iumotril.org\/sitio\/category\/ayuntamiento\/"},"img":{"alt_text":"","src":"https:\/\/i0.wp.com\/iumotril.org\/sitio\/wp-content\/uploads\/2021\/01\/Oficina-atencion-municipal_29-enero-1024x768.jpg?resize=350%2C200","width":350,"height":200,"srcset":"https:\/\/i0.wp.com\/iumotril.org\/sitio\/wp-content\/uploads\/2021\/01\/Oficina-atencion-municipal_29-enero-1024x768.jpg?resize=350%2C200 1x, https:\/\/i0.wp.com\/iumotril.org\/sitio\/wp-content\/uploads\/2021\/01\/Oficina-atencion-municipal_29-enero-1024x768.jpg?resize=525%2C300 1.5x"},"classes":[]}],"jetpack_likes_enabled":true,"_links":{"self":[{"href":"https:\/\/iumotril.org\/sitio\/wp-json\/wp\/v2\/posts\/3736","targetHints":{"allow":["GET"]}}],"collection":[{"href":"https:\/\/iumotril.org\/sitio\/wp-json\/wp\/v2\/posts"}],"about":[{"href":"https:\/\/iumotril.org\/sitio\/wp-json\/wp\/v2\/types\/post"}],"author":[{"embeddable":true,"href":"https:\/\/iumotril.org\/sitio\/wp-json\/wp\/v2\/users\/1"}],"replies":[{"embeddable":true,"href":"https:\/\/iumotril.org\/sitio\/wp-json\/wp\/v2\/comments?post=3736"}],"version-history":[{"count":8,"href":"https:\/\/iumotril.org\/sitio\/wp-json\/wp\/v2\/posts\/3736\/revisions"}],"predecessor-version":[{"id":3758,"href":"https:\/\/iumotril.org\/sitio\/wp-json\/wp\/v2\/posts\/3736\/revisions\/3758"}],"wp:attachment":[{"href":"https:\/\/iumotril.org\/sitio\/wp-json\/wp\/v2\/media?parent=3736"}],"wp:term":[{"taxonomy":"category","embeddable":true,"href":"https:\/\/iumotril.org\/sitio\/wp-json\/wp\/v2\/categories?post=3736"},{"taxonomy":"post_tag","embeddable":true,"href":"https:\/\/iumotril.org\/sitio\/wp-json\/wp\/v2\/tags?post=3736"}],"curies":[{"name":"wp","href":"https:\/\/api.w.org\/{rel}","templated":true}]}}